{"id":43664,"date":"2022-04-27T03:05:12","date_gmt":"2022-04-27T02:05:12","guid":{"rendered":"https:\/\/www.moyenagepassion.com\/?p=43664"},"modified":"2022-05-28T08:17:49","modified_gmt":"2022-05-28T07:17:49","slug":"en-occitanie-ce-week-end-les-medievales-du-grand-pic-saint-loup","status":"publish","type":"post","link":"https:\/\/www.moyenagepassion.com\/index.php\/2022\/04\/27\/en-occitanie-ce-week-end-les-medievales-du-grand-pic-saint-loup\/","title":{"rendered":"En occitanie, ce week-end, les m\u00e9di\u00e9vales du grand-pic-Saint-loup"},"content":{"rendered":"<div id=\"moyen-3279153253\" class=\"moyen-before-content moyen-entity-placement\"><script async src=\"\/\/pagead2.googlesyndication.com\/pagead\/js\/adsbygoogle.js?client=ca-pub-3035390706780632\" crossorigin=\"anonymous\"><\/script><ins class=\"adsbygoogle\" style=\"display:block;\" data-ad-client=\"ca-pub-3035390706780632\" \ndata-ad-slot=\"\" \ndata-ad-format=\"auto\"><\/ins>\n<script> \n(adsbygoogle = window.adsbygoogle || []).push({}); \n<\/script>\n<\/div>\n<div class=\"wp-block-image\"><figure class=\"alignleft size-large is-resized\"><img decoding=\"async\" src=\"https:\/\/www.moyenagepassion.com\/wp-content\/uploads\/2022\/04\/Armoirie-blason-Teyran-Occitanie.jpg\" alt=\"Blason armoirie de la ville de Teyran en Occitanie\" class=\"wp-image-43666\" width=\"145\" height=\"216\" srcset=\"https:\/\/www.moyenagepassion.com\/wp-content\/uploads\/2022\/04\/Armoirie-blason-Teyran-Occitanie.jpg 226w, https:\/\/www.moyenagepassion.com\/wp-content\/uploads\/2022\/04\/Armoirie-blason-Teyran-Occitanie-201x300.jpg 201w\" sizes=\"(max-width: 145px) 100vw, 145px\" \/><\/figure><\/div>\n\n\n\n<p><strong>Sujet :<\/strong>&nbsp;agenda m\u00e9di\u00e9val, f\u00eates, animations, Moyen \u00c2ge festif, march\u00e9 artisanal, march\u00e9 m\u00e9di\u00e9val, compagnies m\u00e9di\u00e9vales, campements, ateliers, artisanat m\u00e9di\u00e9val.<br><strong>Ev\u00e9nement :<\/strong>&nbsp;Les&nbsp;<em>M\u00e9di\u00e9vales du Grand-Pic-Saint-Loup<\/em><br><strong>Lieu<\/strong>&nbsp;:&nbsp; Teyran, H\u00e9rault, Occitanie.<br><strong>Dates<\/strong>&nbsp;: samedi 30 avril &amp; dimanche 1er mai 2022<\/p>\n\n\n\n<p>Bonjour \u00e0 tous,<\/p>\n\n\n\n<div class=\"wp-block-image\"><figure class=\"alignleft size-large\"><img decoding=\"async\" width=\"84\" height=\"103\" src=\"https:\/\/www.moyenagepassion.com\/wp-content\/uploads\/2018\/10\/S_lettrine_moyen_age_passion.jpg\" alt=\"\" class=\"wp-image-23904\"\/><\/figure><\/div>\n\n\n\n<p class=\"classe text_justify\">ur l&rsquo;agenda de ce week-end du 1er mai, nous avons d\u00e9j\u00e0 mentionn\u00e9 <a href=\"https:\/\/www.moyenagepassion.com\/index.php\/2022\/04\/24\/sur-lagenda-le-moyen-age-festif-de-retour-a-locronan\/\">la M\u00e9di\u00e9vale bretonne de Locronan<\/a>, mais ceux qui sont dans le sud ne seront pas, non plus, en reste. Du cot\u00e9 de l&rsquo;Occitanie, \u00e0 quelques encablures au nord de Montpelier,  de belles animations autour du Moyen \u00c2ge les attendent en la cit\u00e9 de Teyran<em> : les M\u00e9di\u00e9vales du Grand Pic Saint-Loup<\/em>.<\/p>\n\n\n\n<h2 class=\"wp-block-heading\">Au programme des animations<\/h2>\n\n\n\n<div class=\"wp-block-image\"><figure class=\"alignright size-full is-resized\"><a href=\"https:\/\/www.moyenagepassion.com\/wp-content\/uploads\/2022\/04\/agenda-animations-medievales-festivites-2022-compagnies-medievales-jeux-spectacle-occitanie.jpg\"><img decoding=\"async\" src=\"https:\/\/www.moyenagepassion.com\/wp-content\/uploads\/2022\/04\/agenda-animations-medievales-festivites-2022-compagnies-medievales-jeux-spectacle-occitanie.jpg\" alt=\"Affiche des M\u00e9di\u00e9vales du grand pic Saint-Loup 2022\" class=\"wp-image-43667\" width=\"235\" height=\"346\" srcset=\"https:\/\/www.moyenagepassion.com\/wp-content\/uploads\/2022\/04\/agenda-animations-medievales-festivites-2022-compagnies-medievales-jeux-spectacle-occitanie.jpg 360w, https:\/\/www.moyenagepassion.com\/wp-content\/uploads\/2022\/04\/agenda-animations-medievales-festivites-2022-compagnies-medievales-jeux-spectacle-occitanie-204x300.jpg 204w\" sizes=\"(max-width: 235px) 100vw, 235px\" \/><\/a><\/figure><\/div>\n\n\n\n<p class=\"classe text_justify\">Cette ann\u00e9e, l&rsquo;\u00e9v\u00e9nement est organis\u00e9 par la communaut\u00e9 de communes du Grand Pic Saint-Loup, ainsi que la commune de Teyran et son office du Tourisme, le tout en collaboration avec l&rsquo;Association Historique l&rsquo;Oriflamme. Il s&rsquo;\u00e9talera sur deux journ\u00e9es : les samedi 30 avril et dimanche 1er mai. <\/p>\n\n\n\n<p class=\"classe text_justify\">Ces belles festivit\u00e9s m\u00e9di\u00e9vales n&rsquo;en sont plus \u00e0 leur galop d&rsquo;essai puisqu&rsquo;il s&rsquo;agira, l\u00e0, de leur 14e \u00e9dition apr\u00e8s deux ans d&rsquo;absence pour les raisons que l&rsquo;on sait. En dehors de cela, leur formule est originale puisqu&rsquo;elles sont, en r\u00e9alit\u00e9, itin\u00e9rantes et se baladent chaque ann\u00e9e, d&rsquo;un village \u00e0 l&rsquo;autre,  dans la r\u00e9gion de la montagne occitane du<em> Pic Saint<\/em>&#8211;<em>Loup<\/em>. Elles sont habituellement suivies par une audience de 10 \u00e0 15000 visiteurs, qu&rsquo;on leur souhaite de reconqu\u00e9rir et m\u00eame de d\u00e9passer pour cette \u00e9dition 2022.<\/p>\n\n\n\n<h3 class=\"wp-block-heading\">Campement, spectacles, artisanat d&rsquo;antan &amp; march\u00e9 m\u00e9di\u00e9val,&#8230;<\/h3>\n\n\n\n<div class=\"wp-block-image\"><figure class=\"alignleft size-large\"><img decoding=\"async\" width=\"180\" height=\"669\" src=\"https:\/\/www.moyenagepassion.com\/wp-content\/uploads\/2022\/04\/medievales-du-grand-pic-saint-loup-occitanie-animations-moyen-age-02.jpg\" alt=\"Animations des M\u00e9di\u00e9vales du grand pic Saint-Loup 2022\" class=\"wp-image-43681\" srcset=\"https:\/\/www.moyenagepassion.com\/wp-content\/uploads\/2022\/04\/medievales-du-grand-pic-saint-loup-occitanie-animations-moyen-age-02.jpg 180w, https:\/\/www.moyenagepassion.com\/wp-content\/uploads\/2022\/04\/medievales-du-grand-pic-saint-loup-occitanie-animations-moyen-age-02-81x300.jpg 81w\" sizes=\"(max-width: 180px) 100vw, 180px\" \/><figcaption>AA<\/figcaption><\/figure><\/div>\n\n\n\n<p class=\"classe text_justify\">Le programme de ce cru est bien rempli et on pourra y croiser de nombreuses compagnies, com\u00e9diens, bateleurs &amp; musiciens que le Moyen \u00c2ge inspire. Aux sayn\u00e8tes et contes, spectacles comiques, d\u00e9ambulations musicales et visuelles, viendront s&rsquo;ajouter des jeux et animations vari\u00e9s pour les grands comme les plus petits. Dans la ribambelle d&rsquo;artistes et de reconstituteurs venus animer les rues de Teyran, Les<a href=\"https:\/\/www.moyenagepassion.com\/index.php\/2015\/12\/15\/musique-folk-medievale-avec-les-compagnons-du-gras-jambon\/\"> Compagnons du gras jambon<\/a> qu&rsquo;on ne pr\u00e9sente plus, seront aussi de la f\u00eate avec leurs rythmes effr\u00e9n\u00e9s. <\/p>\n\n\n\n<p class=\"classe text_justify\">On pourra encore compter sur la pr\u00e9sence d&rsquo;un campement de nobles chevaliers comme aux temps m\u00e9di\u00e9vaux et assister \u00e0  force d\u00e9monstrations d&rsquo;armes et de combats avec m\u00eame, comme temps fort, une grande m\u00eal\u00e9e de chevaliers pr\u00e9vue sur chacune des journ\u00e9es. Sur les aspects li\u00e9s \u00e0 la vie quotidienne, des ateliers d&rsquo;artisanats comme au Moyen \u00c2ge seront aussi pr\u00e9sent\u00e9s. <\/p>\n\n\n\n<p class=\"classe text_justify\">Enfin, pour les emplettes, la gourmandise et la fl\u00e2nerie, un march\u00e9 artisanal d&rsquo;inspiration m\u00e9di\u00e9vale se tiendra \u00e9galement sur place. Les exposants du cru y seront m\u00eame rejoints par des artisans et commer\u00e7ants  venus de Montelibretti en Italie (ville jumel\u00e9e avec Teyran depuis plus de 5 ans).<\/p>\n\n\n\n<h3 class=\"wp-block-heading\">Compagnies m\u00e9di\u00e9vales et artistes attendus<\/h3>\n\n\n\n<p class=\"classe text_justify\"><em><span class=\"has-inline-color has-green-color\">Battle of color &#8211; Vercoquin- Lanceurs de drapeaux Castiglion Fiorentino &#8211; Crini\u00e8re d&rsquo;Evol &#8211; Armutan &#8211; Caminaire &#8211; Jehan S\u00e9rien &#8211; Compagnie des 4 vents &#8211; Les Compagnons du Gras Jambon &#8211; Compagnie Merces &#8211; Association l&rsquo;Oriflamme.<\/span><\/em><\/p>\n\n\n\n<p class=\"has-text-align-center\"><a href=\"https:\/\/grandpicsaintloup.fr\/evenement\/les-medievales\/\" target=\"_blank\" rel=\"noreferrer noopener nofollow\">Voir le site officiel de l&rsquo;\u00e9v\u00e9nement pour le programme d\u00e9taill\u00e9.<\/a> <\/p>\n\n\n\n<p>En vous souhaitant une excellente journ\u00e9e et de belles m\u00e9di\u00e9vales du Pic du Grand-Loup si vous vous y rendez.<br><br>Frederic F<br>pour moyenagepassion.com<br><em><strong>A la d\u00e9couverte du Moyen \u00c2ge sous toutes ses formes<\/strong><\/em><\/p>\n\n\n\n<p class=\"classe text_justify has-small-font-size\">NB : L&rsquo;image d&rsquo;en-t\u00eate ainsi qu&rsquo;une partie des photos pr\u00e9sentes dans cet article sont tir\u00e9es de l&rsquo;\u00e9dition 2019 des M\u00e9di\u00e9vales du Grand-Pic-Saint-Loup et d&rsquo;une vid\u00e9o faite, \u00e0 cette occasion, par <a href=\"https:\/\/www.youtube.com\/c\/Tvlanguedoc\/featured\" target=\"_blank\" rel=\"noreferrer noopener nofollow\">TV Languedoc<\/a>.<\/p>\n","protected":false},"excerpt":{"rendered":"<p>Sujet :&nbsp;agenda m\u00e9di\u00e9val, f\u00eates, animations, Moyen \u00c2ge festif, march\u00e9 artisanal, march\u00e9 m\u00e9di\u00e9val, compagnies m\u00e9di\u00e9vales, campements, ateliers, artisanat m\u00e9di\u00e9val.Ev\u00e9nement :&nbsp;Les&nbsp;M\u00e9di\u00e9vales du Grand-Pic-Saint-LoupLieu&nbsp;:&nbsp; Teyran, H\u00e9rault, Occitanie.Dates&nbsp;: samedi 30 avril &amp; dimanche 1er mai 2022 Bonjour \u00e0 tous, ur l&rsquo;agenda de ce week-end du 1er mai, nous avons d\u00e9j\u00e0 mentionn\u00e9 la M\u00e9di\u00e9vale bretonne de Locronan, mais ceux qui &hellip; <a href=\"https:\/\/www.moyenagepassion.com\/index.php\/2022\/04\/27\/en-occitanie-ce-week-end-les-medievales-du-grand-pic-saint-loup\/\" class=\"more-link\">Continuer la lecture de <span class=\"screen-reader-text\">En occitanie, ce week-end, les m\u00e9di\u00e9vales du grand-pic-Saint-loup<\/span>  <span class=\"meta-nav\">&rarr;<\/span><\/a><\/p>\n","protected":false},"author":2,"featured_media":43680,"comment_status":"open","ping_status":"open","sticky":false,"template":"","format":"standard","meta":{"_monsterinsights_skip_tracking":false,"_monsterinsights_sitenote_active":false,"_monsterinsights_sitenote_note":"","_monsterinsights_sitenote_category":0,"footnotes":""},"categories":[11],"tags":[1539,2529,2664,4729,3687,212,1380,5500,636,5587,3063],"class_list":["post-43664","post","type-post","status-publish","format-standard","has-post-thumbnail","hentry","category-fetes-medievales-evenement","tag-agenda-medieval","tag-animations-medievales","tag-artisanat-medieval","tag-ateliers","tag-campements","tag-compagnies-medievales","tag-fetes","tag-marche-artisanal-2","tag-marche-medieval","tag-moyen-age-2","tag-moyen-age-festif"],"aioseo_notices":[],"_links":{"self":[{"href":"https:\/\/www.moyenagepassion.com\/index.php\/wp-json\/wp\/v2\/posts\/43664"}],"collection":[{"href":"https:\/\/www.moyenagepassion.com\/index.php\/wp-json\/wp\/v2\/posts"}],"about":[{"href":"https:\/\/www.moyenagepassion.com\/index.php\/wp-json\/wp\/v2\/types\/post"}],"author":[{"embeddable":true,"href":"https:\/\/www.moyenagepassion.com\/index.php\/wp-json\/wp\/v2\/users\/2"}],"replies":[{"embeddable":true,"href":"https:\/\/www.moyenagepassion.com\/index.php\/wp-json\/wp\/v2\/comments?post=43664"}],"version-history":[{"count":18,"href":"https:\/\/www.moyenagepassion.com\/index.php\/wp-json\/wp\/v2\/posts\/43664\/revisions"}],"predecessor-version":[{"id":44249,"href":"https:\/\/www.moyenagepassion.com\/index.php\/wp-json\/wp\/v2\/posts\/43664\/revisions\/44249"}],"wp:featuredmedia":[{"embeddable":true,"href":"https:\/\/www.moyenagepassion.com\/index.php\/wp-json\/wp\/v2\/media\/43680"}],"wp:attachment":[{"href":"https:\/\/www.moyenagepassion.com\/index.php\/wp-json\/wp\/v2\/media?parent=43664"}],"wp:term":[{"taxonomy":"category","embeddable":true,"href":"https:\/\/www.moyenagepassion.com\/index.php\/wp-json\/wp\/v2\/categories?post=43664"},{"taxonomy":"post_tag","embeddable":true,"href":"https:\/\/www.moyenagepassion.com\/index.php\/wp-json\/wp\/v2\/tags?post=43664"}],"curies":[{"name":"wp","href":"https:\/\/api.w.org\/{rel}","templated":true}]}}