{"id":43688,"date":"2022-04-30T22:40:38","date_gmt":"2022-04-30T21:40:38","guid":{"rendered":"https:\/\/www.moyenagepassion.com\/?p=43688"},"modified":"2022-05-28T08:17:58","modified_gmt":"2022-05-28T07:17:58","slug":"agenda-une-grande-premiere-pour-les-medievales-de-bresse-2022","status":"publish","type":"post","link":"https:\/\/www.moyenagepassion.com\/index.php\/2022\/04\/30\/agenda-une-grande-premiere-pour-les-medievales-de-bresse-2022\/","title":{"rendered":"Agenda : une grande premi\u00e8re pour les Medievales de Bresse 2022"},"content":{"rendered":"<div id=\"moyen-385136993\" class=\"moyen-before-content moyen-entity-placement\"><script async src=\"\/\/pagead2.googlesyndication.com\/pagead\/js\/adsbygoogle.js?client=ca-pub-3035390706780632\" crossorigin=\"anonymous\"><\/script><ins class=\"adsbygoogle\" style=\"display:block;\" data-ad-client=\"ca-pub-3035390706780632\" \ndata-ad-slot=\"\" \ndata-ad-format=\"auto\"><\/ins>\n<script> \n(adsbygoogle = window.adsbygoogle || []).push({}); \n<\/script>\n<\/div>\n<div class=\"wp-block-image\"><figure class=\"alignleft size-large is-resized\"><img decoding=\"async\" src=\"https:\/\/www.moyenagepassion.com\/wp-content\/uploads\/2022\/04\/Armoirie-blason-Perronas-Bresse-Auvergne-Rhone-Alpes.jpg\" alt=\"Blason, armoirie de la ville de Bresse\" class=\"wp-image-43689\" width=\"120\" height=\"179\" srcset=\"https:\/\/www.moyenagepassion.com\/wp-content\/uploads\/2022\/04\/Armoirie-blason-Perronas-Bresse-Auvergne-Rhone-Alpes.jpg 226w, https:\/\/www.moyenagepassion.com\/wp-content\/uploads\/2022\/04\/Armoirie-blason-Perronas-Bresse-Auvergne-Rhone-Alpes-201x300.jpg 201w\" sizes=\"(max-width: 120px) 100vw, 120px\" \/><\/figure><\/div>\n\n\n\n<p><strong>Sujet :<\/strong>&nbsp;agenda, m\u00e9di\u00e9val, animations, Moyen \u00c2ge festif, compagnies m\u00e9di\u00e9vales, tournois, ateliers, artisanat m\u00e9di\u00e9val, spectacles historiques, march\u00e9 artisanal.<br><strong>Ev\u00e9nement :<\/strong>&nbsp;Les&nbsp;<em>M\u00e9di\u00e9vales de Bresse<\/em><br><strong>Lieu<\/strong>&nbsp;:&nbsp; P\u00e9ronnas, Auvergne-Rh\u00f4ne-Alpes<br><strong>Dates<\/strong>&nbsp;: samedi 7 &amp; dimanche 8 mai 2022<\/p>\n\n\n\n<p>Bonjour \u00e0 tous,<\/p>\n\n\n\n<div class=\"wp-block-image\"><figure class=\"alignleft size-large\"><img decoding=\"async\" width=\"84\" height=\"103\" src=\"https:\/\/www.moyenagepassion.com\/wp-content\/uploads\/2018\/10\/E_lettrine_moyen_age_passion.jpg\" alt=\"\" class=\"wp-image-23889\"\/><\/figure><\/div>\n\n\n\n<p class=\"classe text_justify\">n suivant le fil de l&rsquo;agenda du Moyen \u00c2ge festif, le week-end prochain nous entra\u00eenera du c\u00f4t\u00e9 de la c\u00e9l\u00e8bre province de Bresse, au nord de Lyon. Ces agapes m\u00e9di\u00e9vales auront lieu au Ch\u00e2teau de Saix, \u00e0 Peronnas, dans la tr\u00e8s proche banlieue de Bourg-en-Bresse. Elles ont pour nom ambitieux <em>Les M\u00e9di\u00e9vales de Bresse<\/em> et il s&rsquo;agira d&rsquo;une premi\u00e8re.<\/p>\n\n\n\n<h2 class=\"wp-block-heading\">Programmation et animations m\u00e9di\u00e9vales<\/h2>\n\n\n\n<p class=\"classe text_justify\">Ces <em>M\u00e9di\u00e9vales de Bresse <\/em>sont organis\u00e9es par les associations <em>Gallina Solaris<\/em> et <em>98 d\u00e9cibels<\/em>. La premi\u00e8re est une joyeuse troupe de reconstituteurs sp\u00e9cialis\u00e9e dans le Moyen \u00c2ge tardif des d\u00e9buts du XVe si\u00e8cle. La seconde est plus g\u00e9n\u00e9raliste et orient\u00e9e sur l&rsquo;\u00e9v\u00e9nementiel. <\/p>\n\n\n\n<div class=\"wp-block-image\"><figure class=\"alignright size-large is-resized\"><a href=\"https:\/\/www.moyenagepassion.com\/wp-content\/uploads\/2022\/04\/animations-medievales-2022-Bresse-Auvergne-Rhone-Alpes.jpg\"><img decoding=\"async\" src=\"https:\/\/www.moyenagepassion.com\/wp-content\/uploads\/2022\/04\/animations-medievales-2022-Bresse-Auvergne-Rhone-Alpes.jpg\" alt=\"Affiche des M\u00e9di\u00e9vales de Bresse\" class=\"wp-image-43691\" width=\"219\" height=\"329\" srcset=\"https:\/\/www.moyenagepassion.com\/wp-content\/uploads\/2022\/04\/animations-medievales-2022-Bresse-Auvergne-Rhone-Alpes.jpg 350w, https:\/\/www.moyenagepassion.com\/wp-content\/uploads\/2022\/04\/animations-medievales-2022-Bresse-Auvergne-Rhone-Alpes-200x300.jpg 200w\" sizes=\"(max-width: 219px) 100vw, 219px\" \/><\/a><\/figure><\/div>\n\n\n\n<p class=\"classe text_justify\">Les r\u00e9jouissances et animations se tiendront \u00e0 sud de P\u00e9ronnas, dans la cour du ch\u00e2teau de Saix, monument historique class\u00e9, qui arbore encore quelques beaux restes du Moyen \u00c2ge tardif. Elles battront leur plein tout au long des journ\u00e9es du samedi 7 mai 2022 et du dimanche 8 mai 2022.<\/p>\n\n\n\n<p class=\"classe text_justify\">Pour l&rsquo;occasion, les organisateurs se sont entour\u00e9s de compagnies m\u00e9di\u00e9vales de reconstituteurs, mais aussi des formations musicales et artisans directement inspir\u00e9s du Moyen \u00c2ge. Les reconstituteurs couvriront un nombre vari\u00e9 de th\u00e8mes historiques entre vikings, guilde marchande et mesnie du XVe si\u00e8cle. Une troupe m\u00e9di\u00e9vale d&rsquo;inspiration plus fantastique est \u00e9galement attendue.  Les animations affichent encore divers concerts de musique m\u00e9di\u00e9vale, des combats et tournois (viking, \u00e9p\u00e9e longue, \u00e9p\u00e9e\/bouclier, etc\u2026) , des tirs au canon et  des spectacles vari\u00e9s. On y fera m\u00eame un d\u00e9tour sur la question des sorci\u00e8res du Moyen \u00c2ge.<\/p>\n\n\n\n<h3 class=\"wp-block-heading\">Ateliers de m\u00e9tier d&rsquo;antan et march\u00e9 artisanal<\/h3>\n\n\n\n<p class=\"classe text_justify\">Des ateliers d&rsquo;artisans d&rsquo;\u00e9poque attendront aussi les visiteurs. Ils permettront de d\u00e9couvrir les monnaies anciennes, la taille de pierre, la corderie, la fonderie m\u00e9rovingienne, la coutellerie ancienne ou la vannerie. Soulignons encore que le programme des r\u00e9jouissances fait une place \u00e0 la musique Bressanne avec une formation locale invit\u00e9e pour l&rsquo;occasion.<br><br>Enfin, un march\u00e9 artisanal viendra compl\u00e9ter cette f\u00eate m\u00e9di\u00e9vale avec une vingtaine d&rsquo;artisans entre travail du cuir, chausses m\u00e9di\u00e9vales, sculpture sur bois, bijouterie, herboristerie, \u2026, mais aussi gourmandises locales.<\/p>\n\n\n\n<div class=\"wp-block-image\"><figure class=\"aligncenter size-large\"><a href=\"https:\/\/www.moyenagepassion.com\/wp-content\/uploads\/2022\/04\/medievale-de-bresse-animations-troupes-medievales-marche-artisanal.jpg\"><img decoding=\"async\" width=\"720\" height=\"540\" src=\"https:\/\/www.moyenagepassion.com\/wp-content\/uploads\/2022\/04\/medievale-de-bresse-animations-troupes-medievales-marche-artisanal.jpg\" alt=\"Affiche des animations et compagnies des m\u00e9di\u00e9vales de Bresse 2022\" class=\"wp-image-43694\" srcset=\"https:\/\/www.moyenagepassion.com\/wp-content\/uploads\/2022\/04\/medievale-de-bresse-animations-troupes-medievales-marche-artisanal.jpg 720w, https:\/\/www.moyenagepassion.com\/wp-content\/uploads\/2022\/04\/medievale-de-bresse-animations-troupes-medievales-marche-artisanal-300x225.jpg 300w\" sizes=\"(max-width: 720px) 100vw, 720px\" \/><\/a><\/figure><\/div>\n\n\n\n<h4 class=\"wp-block-heading\">Compagnies m\u00e9di\u00e9vales, artisans &amp; reconstituteurs<\/h4>\n\n\n\n<p class=\"classe text_justify\"><em><span class=\"has-inline-color has-green-color\">L&rsquo;arbre monde &#8211; La guilde marchande du Bugey &#8211; Gallina Solaris &#8211; Les mercenaires du d\u00e9sert des larmes &#8211; Groupe Bressan de Romenay &#8211; Kalandria &#8211; Maistre Nicodem &#8211; Jura M\u00e9di\u00e9val &#8211; Couteaux Masack &#8211; Mr Tarrare<\/span><\/em><\/p>\n\n\n\n<p class=\"has-text-align-center\"><a href=\"https:\/\/www.facebook.com\/events\/597355184882773\/?active_tab=discussion\" target=\"_blank\" rel=\"noreferrer noopener nofollow\">Voir la page FB officielle de l&rsquo;\u00e9v\u00e9nement<\/a>.<\/p>\n\n\n\n<p class=\"classe text_justify\">En vous souhaitant une excellente journ\u00e9e et de belles m\u00e9di\u00e9vales de Bresse, si vous vous y rendez.<\/p>\n\n\n\n<p>Frederic F<br>pour moyenagepassion.com<br><em><strong>A la d\u00e9couverte du monde m\u00e9di\u00e9val sous toutes ses formes<\/strong><\/em><\/p>\n","protected":false},"excerpt":{"rendered":"<p>Sujet :&nbsp;agenda, m\u00e9di\u00e9val, animations, Moyen \u00c2ge festif, compagnies m\u00e9di\u00e9vales, tournois, ateliers, artisanat m\u00e9di\u00e9val, spectacles historiques, march\u00e9 artisanal.Ev\u00e9nement :&nbsp;Les&nbsp;M\u00e9di\u00e9vales de BresseLieu&nbsp;:&nbsp; P\u00e9ronnas, Auvergne-Rh\u00f4ne-AlpesDates&nbsp;: samedi 7 &amp; dimanche 8 mai 2022 Bonjour \u00e0 tous, n suivant le fil de l&rsquo;agenda du Moyen \u00c2ge festif, le week-end prochain nous entra\u00eenera du c\u00f4t\u00e9 de la c\u00e9l\u00e8bre province de Bresse, &hellip; <a href=\"https:\/\/www.moyenagepassion.com\/index.php\/2022\/04\/30\/agenda-une-grande-premiere-pour-les-medievales-de-bresse-2022\/\" class=\"more-link\">Continuer la lecture de <span class=\"screen-reader-text\">Agenda : une grande premi\u00e8re pour les Medievales de Bresse 2022<\/span>  <span class=\"meta-nav\">&rarr;<\/span><\/a><\/p>\n","protected":false},"author":2,"featured_media":43693,"comment_status":"open","ping_status":"open","sticky":false,"template":"","format":"standard","meta":{"_monsterinsights_skip_tracking":false,"_monsterinsights_sitenote_active":false,"_monsterinsights_sitenote_note":"","_monsterinsights_sitenote_category":0,"footnotes":""},"categories":[11],"tags":[1391,1780,2664,4729,3794,1886,212,5213,5711,182,5587,5034,3063,5712,1833,1212],"class_list":["post-43688","post","type-post","status-publish","format-standard","has-post-thumbnail","hentry","category-fetes-medievales-evenement","tag-agenda","tag-animations","tag-artisanat-medieval","tag-ateliers","tag-auvergne-rhone-alpes","tag-combat-medieval","tag-compagnies-medievales","tag-medieval","tag-medievales-de-bresse","tag-monde-medieval","tag-moyen-age-2","tag-moyen-age-3","tag-moyen-age-festif","tag-peronnas","tag-spectacles-historiques","tag-tournois"],"aioseo_notices":[],"_links":{"self":[{"href":"https:\/\/www.moyenagepassion.com\/index.php\/wp-json\/wp\/v2\/posts\/43688"}],"collection":[{"href":"https:\/\/www.moyenagepassion.com\/index.php\/wp-json\/wp\/v2\/posts"}],"about":[{"href":"https:\/\/www.moyenagepassion.com\/index.php\/wp-json\/wp\/v2\/types\/post"}],"author":[{"embeddable":true,"href":"https:\/\/www.moyenagepassion.com\/index.php\/wp-json\/wp\/v2\/users\/2"}],"replies":[{"embeddable":true,"href":"https:\/\/www.moyenagepassion.com\/index.php\/wp-json\/wp\/v2\/comments?post=43688"}],"version-history":[{"count":26,"href":"https:\/\/www.moyenagepassion.com\/index.php\/wp-json\/wp\/v2\/posts\/43688\/revisions"}],"predecessor-version":[{"id":44248,"href":"https:\/\/www.moyenagepassion.com\/index.php\/wp-json\/wp\/v2\/posts\/43688\/revisions\/44248"}],"wp:featuredmedia":[{"embeddable":true,"href":"https:\/\/www.moyenagepassion.com\/index.php\/wp-json\/wp\/v2\/media\/43693"}],"wp:attachment":[{"href":"https:\/\/www.moyenagepassion.com\/index.php\/wp-json\/wp\/v2\/media?parent=43688"}],"wp:term":[{"taxonomy":"category","embeddable":true,"href":"https:\/\/www.moyenagepassion.com\/index.php\/wp-json\/wp\/v2\/categories?post=43688"},{"taxonomy":"post_tag","embeddable":true,"href":"https:\/\/www.moyenagepassion.com\/index.php\/wp-json\/wp\/v2\/tags?post=43688"}],"curies":[{"name":"wp","href":"https:\/\/api.w.org\/{rel}","templated":true}]}}