{"id":43966,"date":"2022-05-10T13:27:18","date_gmt":"2022-05-10T12:27:18","guid":{"rendered":"https:\/\/www.moyenagepassion.com\/?p=43966"},"modified":"2022-05-28T08:06:32","modified_gmt":"2022-05-28T07:06:32","slug":"en-mai-3-jours-de-fete-medievales-a-toulouse","status":"publish","type":"post","link":"https:\/\/www.moyenagepassion.com\/index.php\/2022\/05\/10\/en-mai-3-jours-de-fete-medievales-a-toulouse\/","title":{"rendered":"En, Mai, 3 jours de f\u00eate m\u00e9di\u00e9vale \u00e0 Toulouse"},"content":{"rendered":"<div id=\"moyen-1637706944\" class=\"moyen-before-content moyen-entity-placement\"><script async src=\"\/\/pagead2.googlesyndication.com\/pagead\/js\/adsbygoogle.js?client=ca-pub-3035390706780632\" crossorigin=\"anonymous\"><\/script><ins class=\"adsbygoogle\" style=\"display:block;\" data-ad-client=\"ca-pub-3035390706780632\" \ndata-ad-slot=\"\" \ndata-ad-format=\"auto\"><\/ins>\n<script> \n(adsbygoogle = window.adsbygoogle || []).push({}); \n<\/script>\n<\/div>\n<div class=\"wp-block-image\"><figure class=\"alignleft size-large is-resized\"><img decoding=\"async\" src=\"https:\/\/www.moyenagepassion.com\/wp-content\/uploads\/2022\/05\/toulouse-armoirie-blason-ecu.jpg\" alt=\"Blason, Armoirie de la Ville de Toulouse.\" class=\"wp-image-43968\" width=\"156\" height=\"233\" srcset=\"https:\/\/www.moyenagepassion.com\/wp-content\/uploads\/2022\/05\/toulouse-armoirie-blason-ecu.jpg 226w, https:\/\/www.moyenagepassion.com\/wp-content\/uploads\/2022\/05\/toulouse-armoirie-blason-ecu-201x300.jpg 201w\" sizes=\"(max-width: 156px) 100vw, 156px\" \/><\/figure><\/div>\n\n\n\n<p><strong>Sujet :<\/strong>&nbsp;agenda, m\u00e9di\u00e9val, animations, Moyen \u00c2ge festif, compagnies m\u00e9di\u00e9vales, campements, ateliers, march\u00e9 m\u00e9di\u00e9val, taverne m\u00e9di\u00e9vale, monde m\u00e9di\u00e9val.<br><strong>Ev\u00e9nement :<\/strong>&nbsp;Les M\u00e9di\u00e9vales  de Toulouse<br><strong>Lieu<\/strong>&nbsp;:&nbsp; Toulouse, Haute-Garonne, Occitanie<br><strong>Dates<\/strong>&nbsp;: du 27 au 29 mai 2022<\/p>\n\n\n\n<p>Bonjour \u00e0 tous,<\/p>\n\n\n\n<div class=\"wp-block-image\"><figure class=\"alignleft size-large\"><img decoding=\"async\" width=\"84\" height=\"103\" src=\"https:\/\/www.moyenagepassion.com\/wp-content\/uploads\/2018\/10\/E_lettrine_moyen_age_passion.jpg\" alt=\"\" class=\"wp-image-23889\"\/><\/figure><\/div>\n\n\n\n<p class=\"classe text_justify\">n route pour l&rsquo;Occitanie et la ville de Toulouse o\u00f9 une grande f\u00eate vous attend \u00e0 la fin de ce mois de mai. A cette l&rsquo;occasion, le centre de la ville rose se drapera de ses plus belles couleurs m\u00e9di\u00e9vales pour 3 jours d&rsquo;agapes et de c\u00e9l\u00e9bration.<\/p>\n\n\n\n<p class=\"classe text_justify\">Il s&rsquo;agit d&rsquo;une grande premi\u00e8re pour cet \u00e9v\u00e9nement organis\u00e9 par le <em>FEDE Toulouse<\/em>, institution locale qui regroupe toutes les associations de commer\u00e7ants, artisans et professionnels de la cit\u00e9.<\/p>\n\n\n\n<h2 class=\"wp-block-heading\">Animations et programme<\/h2>\n\n\n\n<div class=\"wp-block-image\"><figure class=\"alignright size-full is-resized\"><a href=\"https:\/\/www.moyenagepassion.com\/wp-content\/uploads\/2022\/05\/medievales-de-Toulouse-animations-Moyen-Age-festif.jpg\"><img decoding=\"async\" src=\"https:\/\/www.moyenagepassion.com\/wp-content\/uploads\/2022\/05\/medievales-de-Toulouse-animations-Moyen-Age-festif.jpg\" alt=\"Compagnies et animations pr\u00e9sentes aux f\u00eates m\u00e9di\u00e9vales de Toulouse\" class=\"wp-image-43971\" width=\"180\" height=\"662\"\/><\/a><\/figure><\/div>\n\n\n\n<p class=\"classe text_justify\">Ouvert d\u00e8s le vendredi 27 mai \u00e0 10h00, la f\u00eate battra son plein durant tout le week-end  pour se terminer le dimanche 29 mai, en fin d&rsquo;apr\u00e8s-midi. Des nombreuses troupes de reconstituteurs, musiciens et artistes sont attendus pour l&rsquo;animer et le programme promet un grand nombre d&rsquo;animations : spectacles de tir au canon et \u00e0 l&rsquo;arme de si\u00e8ge,  d\u00e9ambulations  en costume dans les rues de la ville, concert de musiques m\u00e9di\u00e9vales ou encore promenades en cal\u00e8che dans le centre.<\/p>\n\n\n\n<p class=\"classe text_justify\">L&rsquo;histoire vivante aura, bien s\u00fbr, sa place et les compagnies et mesnies de chevaliers invit\u00e9s installeront \u00e9galement leurs campements d&rsquo;\u00e9poque au bord de la Garonne. On pourra y assister \u00e0 des d\u00e9monstrations de combats et des revues de troupes, mais encore des sayn\u00e8tes tout droit sorties du Moyen \u00c2ge, sans oublier des ateliers divers refl\u00e9tant le quotidien des troupes aux temps m\u00e9di\u00e9vaux. Les visiteurs pourront m\u00eame y apprendre \u00e0 confectionner une cotte de mailles ou y d\u00e9couvrir des expositions de mat\u00e9riels, de tenues et d&rsquo;armures d&rsquo;\u00e9poque.<\/p>\n\n\n\n<p class=\"classe text_justify\">Pour clore sur cette partie spectacles et animations, ces m\u00e9di\u00e9vales toulousaines se veulent aussi festives que familiales et des activit\u00e9s sp\u00e9ciales y seront propos\u00e9es, tout sp\u00e9cialement, \u00e0 l&rsquo;attention des plus petits : jeux, ateliers, initiation aux principes de la chevalerie, &#8230;<\/p>\n\n\n\n<h3 class=\"wp-block-heading\">Compagnies m\u00e9di\u00e9vales et troupes attendues<\/h3>\n\n\n\n<p class=\"classe text_justify\"><em><span class=\"has-inline-color has-green-color\">La troupe Pescaluna &#8211; Chevaliers de Trincou &#8211; Comit\u00e9 de Toulouse &#8211; Historia Tolosana &#8211; Les chevaliers de la Cailleterie &#8211; Les Lions du Kent &#8211; Les Enguineurs &#8211; Compagnie du Gras Jambon<\/span><\/em>.<\/p>\n\n\n\n<h2 class=\"wp-block-heading\">March\u00e9 m\u00e9di\u00e9val et taverne<\/h2>\n\n\n\n<p class=\"classe text_justify\">C\u00f4t\u00e9 emplettes, on pourra profiter, tout au long de cet \u00e9v\u00e9nement, d&rsquo;un march\u00e9 m\u00e9di\u00e9val, artisanal et gourmand avec ses \u00e9choppes. Enfin, pour les grandes faims, viandes r\u00f4ties au feu et aux \u00e9pices attendront les visiteurs au sein d&rsquo;une taverne m\u00e9di\u00e9vale sp\u00e9cialement mont\u00e9e pour l&rsquo;occasion.  <\/p>\n\n\n\n<p>Pour plus d&rsquo;informations et toute r\u00e9servation, <a href=\"https:\/\/www.medievales-toulouse.fr\/\" target=\"_blank\" rel=\"noreferrer noopener\">consultez le site officiel de  la f\u00eate ici<\/a>.<\/p>\n\n\n\n<p>En vous souhaitant une excellente journ\u00e9e.<\/p>\n\n\n\n<p>Frederic F<br>pour moyenagepassion.com<br><em><strong>A la d\u00e9couverte du monde m\u00e9di\u00e9val sous toutes ses formes<\/strong><\/em><\/p>\n\n\n\n<p class=\"classe text_justify has-small-font-size\">NB : les photos utilis\u00e9e sur l&rsquo;image d&rsquo;en-t\u00eate proviennent de la troupe de reconstitution historique <strong>Historia Tolosana<\/strong> qui sera pr\u00e9sente \u00e0 ces m\u00e9di\u00e9vales.<\/p>\n","protected":false},"excerpt":{"rendered":"<p>Sujet :&nbsp;agenda, m\u00e9di\u00e9val, animations, Moyen \u00c2ge festif, compagnies m\u00e9di\u00e9vales, campements, ateliers, march\u00e9 m\u00e9di\u00e9val, taverne m\u00e9di\u00e9vale, monde m\u00e9di\u00e9val.Ev\u00e9nement :&nbsp;Les M\u00e9di\u00e9vales de ToulouseLieu&nbsp;:&nbsp; Toulouse, Haute-Garonne, OccitanieDates&nbsp;: du 27 au 29 mai 2022 Bonjour \u00e0 tous, n route pour l&rsquo;Occitanie et la ville de Toulouse o\u00f9 une grande f\u00eate vous attend \u00e0 la fin de ce mois de &hellip; <a href=\"https:\/\/www.moyenagepassion.com\/index.php\/2022\/05\/10\/en-mai-3-jours-de-fete-medievales-a-toulouse\/\" class=\"more-link\">Continuer la lecture de <span class=\"screen-reader-text\">En, Mai, 3 jours de f\u00eate m\u00e9di\u00e9vale \u00e0 Toulouse<\/span>  <span class=\"meta-nav\">&rarr;<\/span><\/a><\/p>\n","protected":false},"author":2,"featured_media":43980,"comment_status":"open","ping_status":"open","sticky":false,"template":"","format":"standard","meta":{"_monsterinsights_skip_tracking":false,"_monsterinsights_sitenote_active":false,"_monsterinsights_sitenote_note":"","_monsterinsights_sitenote_category":0,"footnotes":""},"categories":[11],"tags":[1391,1780,4729,3687,212,5732,636,5213,5730,182,5728,1369,497,5731],"class_list":["post-43966","post","type-post","status-publish","format-standard","has-post-thumbnail","hentry","category-fetes-medievales-evenement","tag-agenda","tag-animations","tag-ateliers","tag-campements","tag-compagnies-medievales","tag-haute-garonne","tag-marche-medieval","tag-medieval","tag-medievales-de-toulouse","tag-monde-medieval","tag-moyen-age-festif-2","tag-occitanie","tag-taverne-medievale","tag-toulouse"],"aioseo_notices":[],"_links":{"self":[{"href":"https:\/\/www.moyenagepassion.com\/index.php\/wp-json\/wp\/v2\/posts\/43966"}],"collection":[{"href":"https:\/\/www.moyenagepassion.com\/index.php\/wp-json\/wp\/v2\/posts"}],"about":[{"href":"https:\/\/www.moyenagepassion.com\/index.php\/wp-json\/wp\/v2\/types\/post"}],"author":[{"embeddable":true,"href":"https:\/\/www.moyenagepassion.com\/index.php\/wp-json\/wp\/v2\/users\/2"}],"replies":[{"embeddable":true,"href":"https:\/\/www.moyenagepassion.com\/index.php\/wp-json\/wp\/v2\/comments?post=43966"}],"version-history":[{"count":14,"href":"https:\/\/www.moyenagepassion.com\/index.php\/wp-json\/wp\/v2\/posts\/43966\/revisions"}],"predecessor-version":[{"id":44242,"href":"https:\/\/www.moyenagepassion.com\/index.php\/wp-json\/wp\/v2\/posts\/43966\/revisions\/44242"}],"wp:featuredmedia":[{"embeddable":true,"href":"https:\/\/www.moyenagepassion.com\/index.php\/wp-json\/wp\/v2\/media\/43980"}],"wp:attachment":[{"href":"https:\/\/www.moyenagepassion.com\/index.php\/wp-json\/wp\/v2\/media?parent=43966"}],"wp:term":[{"taxonomy":"category","embeddable":true,"href":"https:\/\/www.moyenagepassion.com\/index.php\/wp-json\/wp\/v2\/categories?post=43966"},{"taxonomy":"post_tag","embeddable":true,"href":"https:\/\/www.moyenagepassion.com\/index.php\/wp-json\/wp\/v2\/tags?post=43966"}],"curies":[{"name":"wp","href":"https:\/\/api.w.org\/{rel}","templated":true}]}}