{"id":44001,"date":"2022-05-12T20:30:51","date_gmt":"2022-05-12T19:30:51","guid":{"rendered":"https:\/\/www.moyenagepassion.com\/?p=44001"},"modified":"2023-04-30T18:57:53","modified_gmt":"2023-04-30T17:57:53","slug":"agenda-le-salon-de-la-passion-medievale-de-montreal","status":"publish","type":"post","link":"https:\/\/www.moyenagepassion.com\/index.php\/2022\/05\/12\/agenda-le-salon-de-la-passion-medievale-de-montreal\/","title":{"rendered":"Agenda : le salon de la passion m\u00e9di\u00e9vale de Montreal"},"content":{"rendered":"<div id=\"moyen-1436698090\" class=\"moyen-before-content moyen-entity-placement\"><script async src=\"\/\/pagead2.googlesyndication.com\/pagead\/js\/adsbygoogle.js?client=ca-pub-3035390706780632\" crossorigin=\"anonymous\"><\/script><ins class=\"adsbygoogle\" style=\"display:block;\" data-ad-client=\"ca-pub-3035390706780632\" \ndata-ad-slot=\"\" \ndata-ad-format=\"auto\"><\/ins>\n<script> \n(adsbygoogle = window.adsbygoogle || []).push({}); \n<\/script>\n<\/div><div class=\"wp-block-image\">\n<figure class=\"alignleft size-full is-resized\"><img decoding=\"async\" src=\"https:\/\/www.moyenagepassion.com\/wp-content\/uploads\/2017\/04\/blason_montreal_salon_passion_historique_medievale_quebeco_moyen-age.jpg\" alt=\"Ecu - Armoirie ville de Montr\u00e9al - Qu\u00e9bec\" class=\"wp-image-12024\" width=\"217\" height=\"238\"\/><\/figure><\/div>\n\n\n<p><strong><a href=\"https:\/\/www.moyenagepassion.com\/wp-content\/uploads\/2018\/05\/evenement_salon_passion_medievale_quebec_montreal_20181.jpg\"><\/a>Sujet<\/strong>&nbsp;: salon m\u00e9di\u00e9val,  festival, \u00e9v\u00e9nement m\u00e9di\u00e9val, Moyen \u00c2ge, animations, compagnies m\u00e9di\u00e9vales, march\u00e9 artisanal, m\u00e9di\u00e9val fantastique<br><strong>Ev\u00e9nement<\/strong>&nbsp;: Salon de la Passion m\u00e9di\u00e9vale<br><strong>Lieu<\/strong>&nbsp;: Montr\u00e9al, Qu\u00e9bec.&nbsp;Centre Pierre-Charbonneau<br><strong>Dates<\/strong>&nbsp;: &nbsp;les 13,&nbsp;14 et&nbsp;15 mai 2022<\/p>\n\n\n\n<p>Bonjour \u00e0 tous,<\/p>\n\n\n<div class=\"wp-block-image\">\n<figure class=\"alignleft size-large\"><img decoding=\"async\" width=\"84\" height=\"103\" src=\"https:\/\/www.moyenagepassion.com\/wp-content\/uploads\/2018\/10\/C_lettrine_moyen_age_passion.jpg\" alt=\"\" class=\"wp-image-23887\"\/><\/figure><\/div>\n\n\n<p class=\"classe text_justify\">e week-end, aux Am\u00e9riques et plus pr\u00e9cis\u00e9ment au Qu\u00e9bec, le Salon de la Passion M\u00e9di\u00e9vale se r\u00e9invitera \u00e0 Montr\u00e9al. Le retour de cet \u00e9v\u00e9nement fait vraiment plaisir \u00e0 voir, apr\u00e8s les al\u00e9as sanitaires des ann\u00e9es pass\u00e9es. Cette nouvelle \u00e9dition nous donne aussi l&rsquo;occasion de saluer chaleureusement nos amis qu\u00e9b\u00e9cois, tout en \u00e9largissant nos vues m\u00e9di\u00e9vales \u00e0 la Francophonie, ce que nous ravit.<\/p>\n\n\n\n<h2 class=\"wp-block-heading\">Combats, musiques, campements, <br>des animations pour tous !<\/h2>\n\n\n<div class=\"wp-block-image\">\n<figure class=\"alignright size-full is-resized\"><a href=\"https:\/\/www.moyenagepassion.com\/wp-content\/uploads\/2022\/05\/agenda-le-salon-de-la-passion-medievale-de-Montreal-Moyen-Age-festif-02.jpg\"><img decoding=\"async\" src=\"https:\/\/www.moyenagepassion.com\/wp-content\/uploads\/2022\/05\/agenda-le-salon-de-la-passion-medievale-de-Montreal-Moyen-Age-festif-02.jpg\" alt=\"Affiche du Salon de la passion m\u00e9di\u00e9vale de Montr\u00e9al\" class=\"wp-image-44007\" width=\"225\" height=\"318\" srcset=\"https:\/\/www.moyenagepassion.com\/wp-content\/uploads\/2022\/05\/agenda-le-salon-de-la-passion-medievale-de-Montreal-Moyen-Age-festif-02.jpg 300w, https:\/\/www.moyenagepassion.com\/wp-content\/uploads\/2022\/05\/agenda-le-salon-de-la-passion-medievale-de-Montreal-Moyen-Age-festif-02-212x300.jpg 212w\" sizes=\"(max-width: 225px) 100vw, 225px\" \/><\/a><\/figure><\/div>\n\n\n<p class=\"classe text_justify\">A l&rsquo;habitude, le Salon de la Passion M\u00e9di\u00e9vale montr\u00e9alais m\u00e9langera animations historiques avec d&rsquo;autres plus librement inspir\u00e9es du Moyen \u00c2ge ou m\u00eame plus folkloriques  et traditionnelles. Dans un esprit de grande f\u00eate ouverte et ludique, le m\u00e9di\u00e9val fantastique y aura aussi sa place. Du c\u00f4t\u00e9 pratique, l&rsquo;\u00e9v\u00e9nement se tiendra, en ext\u00e9rieur et en int\u00e9rieur, au Centre Pierre-Charbonneau de Montr\u00e9al. Il ouvrira ses portes, d\u00e8s le vendredi 13 mai en fin d&rsquo;apr\u00e8s-midi jusqu&rsquo;au milieu de soir\u00e9e pour se prolonger les samedi 14 et dimanche 15 mai en journ\u00e9e.<br><br>Le programme sera bien garni et de nombreuses compagnies de reconstitutions, artistes et groupes locaux y sont invit\u00e9s. On pourra donc compter sur de beaux combats \u00e0 la fa\u00e7on m\u00e9di\u00e9vale et \u00e9changes de B\u00e9hourd. Il y aura aussi des concerts de musique, mais encore des campements et stands \u00e0 la d\u00e9couverte des r\u00e9alit\u00e9s d&rsquo;\u00e9poque.<\/p>\n\n\n\n<h3 class=\"wp-block-heading\">Compagnies et artistes attendus<\/h3>\n\n\n\n<p class=\"classe text_justify\"><em><span class=\"has-inline-color has-green-color\">Bardos &#8211; Dogue de Montreal &#8211; Estreya &#8211; Isa &#8211; Les Mur\u00e8nes &#8211; Les Ramancheurs &#8211; Prunelle et Francince &#8211; Tirs de Canon et mousquets &#8211; Ulfhednar &#8211; Wakinyan Qc &#8211; Les Tambours du patrimoine &#8211; Ethereal Tribal &#8211; Les Habitants de la Nouvelle France &#8211; La Garde du Lys &#8211; Les terres d&rsquo;Eliagoth &#8211; Urwaz &#8211; Le pirates du Sans-quartier &#8211; Valfreya &#8211; Myriam Reid &#8211; La F\u00e9d\u00e9ration des Grandeur Natures du Qu\u00e9bec<\/span><\/em>.<\/p>\n\n\n\n<h2 class=\"wp-block-heading\">Concours, jeux, conf\u00e9rences <br>et une foule d&rsquo;exposants et d&rsquo;artisans<\/h2>\n\n\n<div class=\"wp-block-image\">\n<figure class=\"alignleft size-full is-resized\"><a href=\"https:\/\/www.moyenagepassion.com\/wp-content\/uploads\/2022\/05\/salon-passion-medievale-Montreal-agenda-animations-Moyen-Age-2022.jpg\"><img decoding=\"async\" src=\"https:\/\/www.moyenagepassion.com\/wp-content\/uploads\/2022\/05\/salon-passion-medievale-Montreal-agenda-animations-Moyen-Age-2022.jpg\" alt=\"Compagnies et animations pr\u00e9sentes au Salon de la Passion m\u00e9di\u00e9vale\" class=\"wp-image-44010\" width=\"180\" height=\"662\"\/><\/a><\/figure><\/div>\n\n\n<p class=\"classe text_justify\">Pour compl\u00e9ter sa programmation ludique et divertissante, cette nouvelle \u00e9dition du Salon de la Passion M\u00e9di\u00e9vale sera encore \u00e9maill\u00e9 de jeux concours divers : d\u00e9fil\u00e9s de mode \u00e0 la fa\u00e7on m\u00e9di\u00e9vale, jeux de pistes pour les enfants, mais aussi loteries gratuites avec lots.  Les nourritures pour l&rsquo;esprit n&rsquo;ont pas \u00e9t\u00e9 oubli\u00e9es avec un programme de conf\u00e9rences pr\u00e9vu tout au long de l&rsquo;\u00e9v\u00e9nement. On y parlera en particulier de la pratique des \u00ab\u00a0GN\u00a0\u00bb sous ses diff\u00e9rents aspects. Les GN sont ces jeux de r\u00f4le grandeur nature qui proposent des aventures fantaisie palpitantes en d\u00e9cor r\u00e9el et non autour d&rsquo;un table avec un MJ. Invit\u00e9e pour l&rsquo;occasion, la F\u00e9d\u00e9ration Qu\u00e9b\u00e9coise du Grandeur Nature du Qu\u00e9bec sera largement sollicit\u00e9e pour parler de ses activit\u00e9s sous toutes les coutures.<\/p>\n\n\n\n<p class=\"classe text_justify\">Bien s\u00fbr, comme \u00e0 chaque \u00e9dition, des exposants seront l\u00e0 avec leurs \u00e9choppes, pour proposer aux visiteurs du salon leurs cr\u00e9ations et leurs produits. On en comptera, cette ann\u00e9e, plus de cent. De quoi d\u00e9couvrir, chiner, explorer et se plonger dans un oc\u00e9an d&rsquo;artisanat et de cr\u00e9ativit\u00e9.<\/p>\n\n\n\n<p class=\"has-text-align-center\"><a href=\"https:\/\/salonmedieval.com\/\" target=\"_blank\" rel=\"noreferrer noopener nofollow\">Voir le programme d\u00e9taill\u00e9 du Salon<\/a><br><\/p>\n\n\n\n<p>Voir nos articles sur les \u00e9ditions pr\u00e9c\u00e9dentes de ce salon : <a href=\"https:\/\/www.moyenagepassion.com\/index.php\/2017\/04\/18\/le-salon-de-la-passion-medievale-de-nos-amis-quebecois-la-passion-du-moyen-age-a-lechelle-de-la-francophonie\/\">2017<\/a> &#8211; <a href=\"https:\/\/www.moyenagepassion.com\/index.php\/2018\/05\/04\/le-salon-quebecois-de-la-passion-medievale-2018\/\">2018<\/a><\/p>\n\n\n\n<p>Une excellente &nbsp;journ\u00e9e \u00e0 tous.<\/p>\n\n\n\n<p>Fred<br>Pour moyenagepassion.com<br><strong><em>A la d\u00e9couverte du monde m\u00e9di\u00e9val sous toutes ses formes.<\/em><\/strong><\/p>\n\n\n\n<p class=\"classe text_justify has-small-font-size\">NB : en premier plan sur  la photo d&rsquo;en-t\u00eate le guerrier en armure de cuir provient des Ateliers Nemesis Workshops qui seront pr\u00e9sents au salon de la passion m\u00e9di\u00e9vale de Montr\u00e9al, ce week-end.<\/p>\n","protected":false},"excerpt":{"rendered":"<p>Sujet&nbsp;: salon m\u00e9di\u00e9val, festival, \u00e9v\u00e9nement m\u00e9di\u00e9val, Moyen \u00c2ge, animations, compagnies m\u00e9di\u00e9vales, march\u00e9 artisanal, m\u00e9di\u00e9val fantastiqueEv\u00e9nement&nbsp;: Salon de la Passion m\u00e9di\u00e9valeLieu&nbsp;: Montr\u00e9al, Qu\u00e9bec.&nbsp;Centre Pierre-CharbonneauDates&nbsp;: &nbsp;les 13,&nbsp;14 et&nbsp;15 mai 2022 Bonjour \u00e0 tous, e week-end, aux Am\u00e9riques et plus pr\u00e9cis\u00e9ment au Qu\u00e9bec, le Salon de la Passion M\u00e9di\u00e9vale se r\u00e9invitera \u00e0 Montr\u00e9al. Le retour de cet \u00e9v\u00e9nement &hellip; <a href=\"https:\/\/www.moyenagepassion.com\/index.php\/2022\/05\/12\/agenda-le-salon-de-la-passion-medievale-de-montreal\/\" class=\"more-link\">Continuer la lecture de <span class=\"screen-reader-text\">Agenda : le salon de la passion m\u00e9di\u00e9vale de Montreal<\/span>  <span class=\"meta-nav\">&rarr;<\/span><\/a><\/p>\n","protected":false},"author":2,"featured_media":44012,"comment_status":"open","ping_status":"open","sticky":false,"template":"","format":"standard","meta":{"_monsterinsights_skip_tracking":false,"_monsterinsights_sitenote_active":false,"_monsterinsights_sitenote_note":"","_monsterinsights_sitenote_category":0,"footnotes":""},"categories":[11],"tags":[1780,3521,2529,216,3687,1886,5738,136,1233,5143,1826,5500,636,5213,5022,5734,5587,5733,5737,3309,2558,5739],"class_list":["post-44001","post","type-post","status-publish","format-standard","has-post-thumbnail","hentry","category-fetes-medievales-evenement","tag-animations","tag-animations-historiques","tag-animations-medievales","tag-artisanat","tag-campements","tag-combat-medieval","tag-evenement-medieval","tag-festival","tag-festivites","tag-francophonie","tag-histoire-vivante","tag-marche-artisanal-2","tag-marche-medieval","tag-medieval","tag-medieval-fantastique-2","tag-montreal-2","tag-moyen-age-2","tag-quebec-2","tag-salon-de-la-passion-medievale","tag-salon-medieval","tag-salon-passion-medievale","tag-sortie-historique"],"aioseo_notices":[],"_links":{"self":[{"href":"https:\/\/www.moyenagepassion.com\/index.php\/wp-json\/wp\/v2\/posts\/44001"}],"collection":[{"href":"https:\/\/www.moyenagepassion.com\/index.php\/wp-json\/wp\/v2\/posts"}],"about":[{"href":"https:\/\/www.moyenagepassion.com\/index.php\/wp-json\/wp\/v2\/types\/post"}],"author":[{"embeddable":true,"href":"https:\/\/www.moyenagepassion.com\/index.php\/wp-json\/wp\/v2\/users\/2"}],"replies":[{"embeddable":true,"href":"https:\/\/www.moyenagepassion.com\/index.php\/wp-json\/wp\/v2\/comments?post=44001"}],"version-history":[{"count":29,"href":"https:\/\/www.moyenagepassion.com\/index.php\/wp-json\/wp\/v2\/posts\/44001\/revisions"}],"predecessor-version":[{"id":48023,"href":"https:\/\/www.moyenagepassion.com\/index.php\/wp-json\/wp\/v2\/posts\/44001\/revisions\/48023"}],"wp:featuredmedia":[{"embeddable":true,"href":"https:\/\/www.moyenagepassion.com\/index.php\/wp-json\/wp\/v2\/media\/44012"}],"wp:attachment":[{"href":"https:\/\/www.moyenagepassion.com\/index.php\/wp-json\/wp\/v2\/media?parent=44001"}],"wp:term":[{"taxonomy":"category","embeddable":true,"href":"https:\/\/www.moyenagepassion.com\/index.php\/wp-json\/wp\/v2\/categories?post=44001"},{"taxonomy":"post_tag","embeddable":true,"href":"https:\/\/www.moyenagepassion.com\/index.php\/wp-json\/wp\/v2\/tags?post=44001"}],"curies":[{"name":"wp","href":"https:\/\/api.w.org\/{rel}","templated":true}]}}