{"id":44812,"date":"2022-06-08T17:12:21","date_gmt":"2022-06-08T16:12:21","guid":{"rendered":"https:\/\/www.moyenagepassion.com\/?p=44812"},"modified":"2022-06-10T19:33:42","modified_gmt":"2022-06-10T18:33:42","slug":"deux-ouvrages-historiques-a-paraitre-aux-editions-la-raviniere","status":"publish","type":"post","link":"https:\/\/www.moyenagepassion.com\/index.php\/2022\/06\/08\/deux-ouvrages-historiques-a-paraitre-aux-editions-la-raviniere\/","title":{"rendered":"Deux Nouveaux ouvrages historiques aux \u00e9ditions La Ravini\u00e8re"},"content":{"rendered":"<div id=\"moyen-3242017516\" class=\"moyen-before-content moyen-entity-placement\"><script async src=\"\/\/pagead2.googlesyndication.com\/pagead\/js\/adsbygoogle.js?client=ca-pub-3035390706780632\" crossorigin=\"anonymous\"><\/script><ins class=\"adsbygoogle\" style=\"display:block;\" data-ad-client=\"ca-pub-3035390706780632\" \ndata-ad-slot=\"\" \ndata-ad-format=\"auto\"><\/ins>\n<script> \n(adsbygoogle = window.adsbygoogle || []).push({}); \n<\/script>\n<\/div>\n<div class=\"wp-block-image\"><figure class=\"alignleft\"><img decoding=\"async\" width=\"140\" height=\"183\" src=\"https:\/\/www.moyenagepassion.com\/wp-content\/uploads\/2021\/02\/entretien-rencontre-auteur-moyen-age-monde-medieval.jpg\" alt=\"enluminure m\u00e9di\u00e9val scripte\" class=\"wp-image-37505\"\/><\/figure><\/div>\n\n\n\n<p><strong>Sujet<\/strong>&nbsp;: auteur,&nbsp;romans historiques, \u00e9dition, essai, guerre de cent ans, aventure, saga historique, fiction m\u00e9di\u00e9vale.<br><strong>P\u00e9riode<\/strong>&nbsp;: XVe si\u00e8cle, Moyen \u00c2ge tardif<br><strong>Titre<\/strong>s&nbsp;: <strong>Quentin Durward<\/strong>, Sir Walter Scott (1823-2022), <strong>les grandes dames de la guerre de cent an<\/strong>s, Xavier Leloup, Editions La Ravini\u00e8re (2022)<\/p>\n\n\n\n<p><\/p>\n\n\n\n<p>Bonjour \u00e0 tous,<\/p>\n\n\n\n<div class=\"wp-block-image\"><figure class=\"alignleft size-large\"><img decoding=\"async\" width=\"84\" height=\"103\" src=\"https:\/\/www.moyenagepassion.com\/wp-content\/uploads\/2015\/12\/A_lettrine_moyen_age_passion1.jpg\" alt=\"\" class=\"wp-image-24221\"\/><\/figure><\/div>\n\n\n\n<p class=\"classe text_justify\">ujourd&rsquo;hui, nous avons le plaisir de partager avec vous un nouvel entretien avec l&rsquo;auteur et \u00e9diteur Xavier Leloup. On y parlera de l&rsquo;actualit\u00e9 de  sa maison d&rsquo;\u00e9dition, lanc\u00e9e depuis peu, et de deux ouvrages historiques sur le Moyen \u00c2ge tardif qui sortent aujourd&rsquo;hui m\u00eame.<\/p>\n\n\n\n<p class=\"has-text-align-right\">En vous souhaitant une bonne lecture<\/p>\n\n\n\n<h2 class=\"wp-block-heading\">Nouveaut\u00e9s : deux livres sur le Moyen \u00c2ge, <br>un entretien avec Xavier Leloup<\/h2>\n\n\n\n<p><em>Propos recueillis par Fr\u00e9d\u00e9ric EFFE le 8 juin 2022<\/em><\/p>\n\n\n\n<hr class=\"wp-block-separator\"\/>\n\n\n\n<div class=\"wp-block-image\"><figure class=\"alignright size-full is-resized\"><img decoding=\"async\" src=\"https:\/\/www.moyenagepassion.com\/wp-content\/uploads\/2022\/06\/deco-Louis-XI-b.jpg\" alt=\"\" class=\"wp-image-44822\" width=\"86\" height=\"371\"\/><\/figure><\/div>\n\n\n\n<p class=\"classe text_justify\"><em>\u2014 Bonjour Xavier ! <\/em> <em>Tr\u00e8s heureux de vous retrouver pour un nouvel entretien et pour prendre des nouvelles de cette grande aventure de l&rsquo;\u00e9dition dans laquelle vous vous \u00eates lanc\u00e9 depuis maintenant pr\u00e8s de 10 mois. Entre temps, le troisi\u00e8me tome 3 des Trois Pouvoirs est sorti et, apr\u00e8s quelques salons du livre tr\u00e8s fr\u00e9quent\u00e9s, nous nous retrouvons pour un billet d&rsquo;actualit\u00e9 sur votre activit\u00e9 d&rsquo;\u00e9diteur de romans historiques sur la p\u00e9riode m\u00e9di\u00e9vale. Vous allez bien ? Toujours tr\u00e8s occup\u00e9 entre vos activit\u00e9s d&rsquo;\u00e9criture et d&rsquo;\u00e9dition ? La tension s&rsquo;\u00e9tant lib\u00e9r\u00e9e sur la Covid, vous avez pu reprendre normalement le chemin des salons et des s\u00e9ances de signature ?<\/em><\/p>\n\n\n\n<p class=\"classe text_justify\"><em>\u2014<\/em> Bonjour Fr\u00e9d\u00e9ric. Je suis \u00e9galement tr\u00e8s heureux de vous retrouver. Je me porte d\u2019autant mieux qu&rsquo;en effet, depuis quelques mois, auteurs et \u00e9diteurs ont pu reprendre le chemin des d\u00e9dicaces \u00ab&nbsp;\u00e0 visage d\u00e9couvert&nbsp;\u00bb. Pour faire la connaissance de ses lecteurs, c\u2019est tout de m\u00eame plus agr\u00e9able&nbsp;! Les signatures des <em>Trois Pouvoirs<\/em> m\u2019ont ainsi permis de faire de superbes rencontres avec des passionn\u00e9s de toutes g\u00e9n\u00e9rations. Nombreux d\u2019entre eux m\u2019ont dit combien ils aimaient l\u2019histoire et le Moyen \u00c2ge. Cette p\u00e9riode les fait r\u00eaver. Cela avait toujours \u00e9t\u00e9 mon intuition, mais c\u2019est toujours un grand bonheur de se l\u2019entendre dire.<\/p>\n\n\n\n<h3 class=\"wp-block-heading\"><em>Quentin Durward<\/em>, r\u00e9\u00e9dition du roman historique<br>de Sir Walter Scott<\/h3>\n\n\n\n<div class=\"wp-block-image\"><figure class=\"alignleft size-full is-resized\"><a href=\"https:\/\/www.moyenagepassion.com\/wp-content\/uploads\/2022\/06\/roman-historique-Moyen-Age-fiction-Quentin-Durward-grands-classiques-Nouveaute.jpg\"><img decoding=\"async\" src=\"https:\/\/www.moyenagepassion.com\/wp-content\/uploads\/2022\/06\/roman-historique-Moyen-Age-fiction-Quentin-Durward-grands-classiques-Nouveaute.jpg\" alt=\"Quentin Durward, roman historique de Sir Walter Scott\" class=\"wp-image-44818\" width=\"226\" height=\"319\" srcset=\"https:\/\/www.moyenagepassion.com\/wp-content\/uploads\/2022\/06\/roman-historique-Moyen-Age-fiction-Quentin-Durward-grands-classiques-Nouveaute.jpg 301w, https:\/\/www.moyenagepassion.com\/wp-content\/uploads\/2022\/06\/roman-historique-Moyen-Age-fiction-Quentin-Durward-grands-classiques-Nouveaute-212x300.jpg 212w\" sizes=\"(max-width: 226px) 100vw, 226px\" \/><\/a><\/figure><\/div>\n\n\n\n<p class=\"classe text_justify\"><em>\u2014<\/em> <em>Cela fait plaisir \u00e0 entendre. Nous renverrons les lecteurs d\u00e9sireux de vous rencontrer et de se faire d\u00e9dicacer vos livres \u00e0 la rubrique actualit\u00e9 du site web des <strong>\u00e9ditions La Ravini\u00e8re<\/strong>. Mais revenons \u00e0 l&rsquo;actualit\u00e9 imm\u00e9diate de votre maison d&rsquo;\u00e9dition justement. Nous avons eu, le plaisir de d\u00e9couvrir la sortie prochaine de deux ouvrages dont nous allons pouvoir parler dans l&rsquo;ordre, en commen\u00e7ant par le premier : il s&rsquo;agit du \u00ab\u00a0Quentin Durward\u00a0\u00bb du grand \u00e9crivain et historien \u00e9cossais des XVIIIe, XIXe si\u00e8cles Sir Walter Scott. Il \u00e9tait initialement avocat, d&rsquo;ailleurs. Je ne sais pas si c&rsquo;est une co\u00efncidence totale, vu que vous \u00e9tiez vous-m\u00eame avocat dans une vie pass\u00e9e qui n&rsquo;est pas si loin, du reste ?<\/em><\/p>\n\n\n\n<p class=\"classe text_justify\"><em>\u2014<\/em> Disons que du pr\u00e9toire aux r\u00e9cits romanesques il n\u2019y a qu\u2019un pas que certains avocats n\u2019h\u00e9sitent pas \u00e0 franchir. Mais pour honn\u00eate, je crois que Walter Scott et moi avons surtout en commun de ne pas avoir beaucoup pratiqu\u00e9 la profession&nbsp;!&#8230; Cet illustre personnage s\u2019est <strong>d\u2019abord<\/strong> fait conna\u00eetre comme traducteur et po\u00e8te avant de devenir le p\u00e8re fondateur du roman historique. Et son \u0153uvre est pour moi une in\u00e9puisable source d\u2019inspiration. Non seulement parce que c\u2019est \u00e0 lui qu\u2019on doit d\u2019avoir invent\u00e9 le genre du roman historique mais surtout parce que, mieux que personne, il a su rendre compte des <strong>mentalit\u00e9s qui r\u00e9gnaient au temps de la chevalerie<\/strong>. Avec un art consomm\u00e9 du dialogue, il en fait magistralement revivre les personnages, leur donne du souffle, leur donne du corps. C\u2019est comme si le sang des grandes figures du pass\u00e9 coulait dans ses veines, telles Richard C\u0153ur de Lion ou le ma\u00eetre de l\u2019ordre des Templiers.<\/p>\n\n\n\n<div class=\"wp-block-image\"><figure class=\"alignright size-full is-resized\"><img decoding=\"async\" src=\"https:\/\/www.moyenagepassion.com\/wp-content\/uploads\/2022\/06\/deco-Louis-XI-b.jpg\" alt=\"\" class=\"wp-image-44822\" width=\"86\" height=\"371\"\/><\/figure><\/div>\n\n\n\n<p class=\"classe text_justify\">D\u2019Alexandre Dumas \u00e0 Eugene Sue, nombreux ont d\u2019ailleurs \u00e9t\u00e9 nos auteurs fran\u00e7ais \u00e0 revendiquer son h\u00e9ritage. Son influence demeure si grande qu\u2019aujourd\u2019hui encore, certains sc\u00e9naristes continuent \u00e0 s\u2019en inspirer. Je pense par exemple au film <em>Kingdom of Heaven<\/em>, de Ridley Scott, qui <strong>emprunte certaines de ses sc\u00e8nes<\/strong> au<em> Talisman<\/em>, un captivant r\u00e9cit de chevalerie se d\u00e9roulant au temps des croisades sous le soleil de Palestine.  Il \u00e9tait donc naturel pour moi de vouloir de r\u00e9\u00e9diter <strong>le plus fran\u00e7ais de ses romans historiques<\/strong>, et <strong>qui plus est<\/strong> se d\u00e9roule pour partie en Touraine, ma r\u00e9gion natale : <em>Quentin Durward<\/em>.<\/p>\n\n\n\n<p class=\"classe text_justify\"><strong><em>\u2014<\/em> <\/strong><em>Alors, avec ce roman historique, Walter Scott  nous transporte au c\u0153ur du Moyen \u00c2ge tardif, du temps des intrigues entre Louis XI et le duc de Bourgogne. On y suit le destin d&rsquo;un jeune archer anglais, noble et d\u00e9sargent\u00e9, qui va se retrouver pris dans tout cela. C&rsquo;est un livre qui a connu de nombreuses adaptations au cin\u00e9ma et m\u00eame \u00e0 la t\u00e9l\u00e9vision fran\u00e7aise et qui a \u00e9t\u00e9 longtemps reconnu comme un grand classique de cette p\u00e9riode.<\/em><\/p>\n\n\n\n<p class=\"classe text_justify\"><em>\u2014<\/em> Ce livre a en effet fait l\u2019objet de c\u00e9l\u00e8bres adaptations&nbsp;: d\u2019abord dans les ann\u00e9es 50, par le c\u00e9l\u00e8bre r\u00e9alisateur am\u00e9ricain Richard Thorpe avec Robert Taylor dans le r\u00f4le-titre. Puis dans les ann\u00e9es 70, avec une s\u00e9rie t\u00e9l\u00e9vis\u00e9e franco-allemande qui fit la joie des spectateurs de l\u2019ORTF en m\u00eame temps que des admirateurs de Jacqueline Boyer, l\u2019interpr\u00e8te de son c\u00e9l\u00e8bre g\u00e9n\u00e9rique.  Mais depuis, plus rien. En l\u2019espace de quelques ann\u00e9es, ce <strong>formidable r\u00e9cit d\u2019aventures sur fond de rivalit\u00e9 entre le royaume de France et le duch\u00e9 de Bourgogne<\/strong> semblait \u00eatre tomb\u00e9 dans l\u2019oubli. Et pourtant, quel roman&nbsp;! Walter Scott ne nous y retrace pas seulement l\u2019\u00e9pop\u00e9e de Quentin Durward, ce jeune archer \u00e9cossais d\u00e9barqu\u00e9 en France qui devra surmonter les pires dangers pour conqu\u00e9rir la dame de son c\u0153ur, la comtesse Isabelle de Croye. Il nous brosse \u00e9galement le portrait d\u2019un Louis XI tour \u00e0 tour g\u00e9n\u00e9reux, cynique, superstitieux et surtout, terriblement manipulateur. <\/p>\n\n\n\n<div class=\"wp-block-image\"><figure class=\"alignleft size-full is-resized\"><img decoding=\"async\" src=\"https:\/\/www.moyenagepassion.com\/wp-content\/uploads\/2022\/06\/deco-Louis-XI-b.jpg\" alt=\"\" class=\"wp-image-44822\" width=\"86\" height=\"371\"\/><\/figure><\/div>\n\n\n\n<p class=\"classe text_justify\">Or, en d\u00e9pit de son absence de scrupules et de son indiff\u00e9rence \u00e0 toute forme de piti\u00e9, de son machiav\u00e9lisme, il est difficile pour le lecteur de ne pas s\u2019y attacher. C\u2019est m\u00eame la figure politique de Louis XI qui m\u2019a donn\u00e9 envie de republier ce classique, et qui justifie d\u2019ailleurs toute la place que son portrait occupe sur la couverture du livre. Car ce souverain \u00e9tait aussi un homme d\u2019esprit. Amateur de bons mots et dot\u00e9 d\u2019un humour ravageur, voir scabreux, il se r\u00e9v\u00e8le par moment extraordinairement dr\u00f4le. <\/p>\n\n\n\n<p class=\"classe text_justify\">Dans un <strong>Moyen \u00c2ge finissant<\/strong>, son m\u00e9pris du protocole et des valeurs chevaleresques semble pr\u00e9figurer notre \u00e9poque moderne. En ce sens, c\u2019est un personnage tr\u00e8s contemporain. C\u2019est pourquoi il \u00e9tait devenu urgent d\u2019offrir une nouvelle jeunesse \u00e0 un roman qui plonge le lecteur dans une \u00e9poque m\u00e9di\u00e9vale, certes, fort \u00e9loign\u00e9e de la n\u00f4tre, mais dont les intrigues politiques et les coups bas ne sont pas sans rappeler les fameux \u00ab&nbsp;coups de billard \u00e0 trois bandes&nbsp;\u00bb si pris\u00e9s par nos dirigeants d\u2019aujourd\u2019hui. Au vu des soubresauts politiques actuels, ce r\u00e9cit ne devrait pas manquer d\u2019int\u00e9resser <strong>les nouvelles g\u00e9n\u00e9rations<\/strong>.<\/p>\n\n\n\n<p class=\"classe text_justify\"><strong><em>\u2014<\/em><\/strong><em> En somme, un ouvrage \u00e0 relire et \u00e0 red\u00e9couvrir pour tous les passionn\u00e9s de Moyen \u00c2ge qui nous lisent et en particulier de son automne, le XVe si\u00e8cle. On vous souhaite beaucoup de succ\u00e8s pour cette r\u00e9\u00e9dition.<\/em><\/p>\n\n\n\n<h3 class=\"wp-block-heading\"><em>Les grandes dames de la guerre de cent ans<\/em>, <br>de Xavier Leloup<\/h3>\n\n\n\n<div class=\"wp-block-image\"><figure class=\"alignright size-full is-resized\"><a href=\"https:\/\/www.moyenagepassion.com\/wp-content\/uploads\/2022\/06\/portraits-de-femmes-pouvoir-feminin-Moyen-Age-grandes-dames-guerre-de-cent-ans.jpg\"><img decoding=\"async\" src=\"https:\/\/www.moyenagepassion.com\/wp-content\/uploads\/2022\/06\/portraits-de-femmes-pouvoir-feminin-Moyen-Age-grandes-dames-guerre-de-cent-ans.jpg\" alt=\"Les grandes dames de la guerre de Cent Ans ; le pouvoir m\u00e9di\u00e9val au f\u00e9minin.\" class=\"wp-image-44819\" width=\"226\" height=\"319\" srcset=\"https:\/\/www.moyenagepassion.com\/wp-content\/uploads\/2022\/06\/portraits-de-femmes-pouvoir-feminin-Moyen-Age-grandes-dames-guerre-de-cent-ans.jpg 301w, https:\/\/www.moyenagepassion.com\/wp-content\/uploads\/2022\/06\/portraits-de-femmes-pouvoir-feminin-Moyen-Age-grandes-dames-guerre-de-cent-ans-212x300.jpg 212w\" sizes=\"(max-width: 226px) 100vw, 226px\" \/><\/a><\/figure><\/div>\n\n\n\n<p class=\"classe text_justify\"><strong><em>\u2014<\/em><\/strong>&#8230;<em> Mais parlons, maintenant, de l&rsquo;autre ouvrage sur lequel nous serions tent\u00e9 de nous \u00e9tendre plus encore et ce, \u00e0 plusieurs titre. Tout d&rsquo;abord, cette fois, c&rsquo;est vous qui le signez. Ensuite, son th\u00e8me nous est familier puisque c&rsquo;est, ici-m\u00eame, sur le site moyenagepassion qu&rsquo;il a vu le jour pour la premi\u00e8re fois. Je veux parler, bien s\u00fbr, du <strong>cycle sur les grandes dames de la guerre de cent ans.  <\/strong>Cette s\u00e9rie d&rsquo;articles  qui revisite le pouvoir m\u00e9di\u00e9val au f\u00e9minin sous ses formes vari\u00e9es dans le courant du XVe si\u00e8cle, <em>a beaucoup plu \u00e0 nos lecteurs<\/em>. Alors, dans cet ouvrage, le concept s&rsquo;est \u00e9toff\u00e9 pour donner naissance \u00e0 un vrai beau livre qui, nous en sommes convaincu, devrait trouver, rapidement, son public. On y pr\u00e9sente plus encore de <strong>portraits de dames du Moyen \u00c2ge tardif<\/strong> et de mani\u00e8re plus d\u00e9taill\u00e9e. Vous pouvez un peu mettre l&rsquo;eau \u00e0 la bouche de nos lecteurs ?<\/em><\/p>\n\n\n\n<p class=\"classe text_justify\"><em>\u2014<\/em> C\u2019est par le biais des femmes que j\u2019ai commenc\u00e9 \u00e0 m\u2019int\u00e9resser \u00e0 la guerre de Cent Ans, ou plus exactement l\u2019une&nbsp;d\u2019entre elles, une certaine Yolande d\u2019Aragon.  Comme beaucoup, j\u2019avais entendu parler de Jeanne d\u2019Arc. Jeanne la Sainte, Jeanne la guerri\u00e8re, Jeanne la fille du peuple qui, suivant le conseil de ses voix, avait fait sacrer le roi Charles VII \u00e0 Reims et d\u00e9livr\u00e9 Orl\u00e9ans. Comme pour beaucoup, la lib\u00e9ratrice d\u2019Orl\u00e9ans constituait pour moi la r\u00e9f\u00e9rence incontournable. Mais celle qui m\u2019intriguait le plus, c\u2019\u00e9tait Yolande d\u2019Aragon&nbsp;: une femme de pouvoir demeur\u00e9e dans l\u2019ombre, mais dont la volont\u00e9 in\u00e9branlable avait permis \u00e0 son gendre, de roi Charles VII, de gagner la guerre de Cent Ans. Cette duchesse d\u2019Anjou me semblait d\u2019autant plus fascinante qu\u2019elle avait secr\u00e8tement soutenu la Pucelle d\u00e8s les premi\u00e8res semaines de son \u00e9pop\u00e9e et que, selon toute vraisemblance, c\u2019\u00e9tait gr\u00e2ce \u00e0 cette aide que cette h\u00e9ro\u00efne avait pu mener \u00e0 bien sa mission\u2026 du moins jusqu\u2019\u00e0 un certain point, comme vous le d\u00e9couvrirez dans le livre. <\/p>\n\n\n\n<div class=\"wp-block-image\"><figure class=\"alignleft size-full is-resized\"><img decoding=\"async\" src=\"https:\/\/www.moyenagepassion.com\/wp-content\/uploads\/2022\/06\/deco-Jeanne-d-Arc.jpg\" alt=\"\" class=\"wp-image-44823\" width=\"86\" height=\"371\"\/><\/figure><\/div>\n\n\n\n<p class=\"classe text_justify\">Deux femmes donc, l\u2019une politique, l\u2019autre guerri\u00e8re, agissant de concert pour sauver le royaume de France. Le tout durant une p\u00e9riode tragique et sanglante&nbsp;: la guerre de Cent Ans. Il y avait l\u00e0 de quoi b\u00e2tir un bon roman, voir m\u00eame une saga. C\u2019est ainsi que je m\u2019attelai \u00e0 la r\u00e9daction des <em>Trois Pouvoirs, <\/em>dont l\u2019intrigue d\u00e9marre sous le r\u00e8gne du roi fou Charles VI, en 1407, c\u2019est-\u00e0-dire 22 ans avant la lib\u00e9ration d\u2019Orl\u00e9ans. Mes recherches me conduisirent naturellement \u00e0 m\u2019int\u00e9resser \u00e0 d\u2019autres personnages f\u00e9minins. Car comment \u00e9voquer le destin tragique du roi fou Charles VI, le p\u00e8re du \u00ab&nbsp;gentil Dauphin&nbsp;\u00bb de Jeanne d\u2019Arc, sans y m\u00ealer celui de son \u00e9pouse Isabelle de Bavi\u00e8re ? Comment retracer le funeste destin du fr\u00e8re du roi, le duc Louis d\u2019Orl\u00e9ans, prince brillant assassin\u00e9 en pleine gloire, sans \u00e9voquer celle qui aura cherch\u00e9 \u00e0 le venger, \u00e0 savoir son \u00e9pouse Valentine Visconti ? Comment, enfin, ne pas faire entrer en sc\u00e8ne la fameuse Christine de Pizan, l\u2019un des esprits les plus brillants de ce d\u00e9but de XVe si\u00e8cle&nbsp;? Je prenais ainsi conscience qu\u2019\u00e0 cette \u00e9poque, les femmes ne constituaient pas un simple \u00e9l\u00e9ment du d\u00e9corum&nbsp;mais qu\u2019elles prenaient une part active \u00e0 la vie publique et que, dans bien des cas, leur histoire s\u2019av\u00e9rait tout aussi passionnante que celle des hommes. <\/p>\n\n\n\n<p class=\"classe text_justify\">Puis c\u2019est gr\u00e2ce \u00e0 vous, Fr\u00e9d\u00e9ric, et \u00e0 moyenagepassion.com, que j\u2019ai pu me lancer dans cette s\u00e9rie de portraits d\u00e9di\u00e9s aux grandes figures f\u00e9minines du Moyen \u00c2ge. Avec le succ\u00e8s de cette chronique, m\u2019est venue l\u2019id\u00e9e d\u2019y consacrer un livre qui permettrait de mettre en avant ces nombreuses femmes qui ont fait l\u2019histoire de France.<\/p>\n\n\n\n<div class=\"wp-block-image\"><figure class=\"alignright size-full is-resized\"><img decoding=\"async\" src=\"https:\/\/www.moyenagepassion.com\/wp-content\/uploads\/2022\/06\/deco-Jeanne-d-Arc.jpg\" alt=\"\" class=\"wp-image-44823\" width=\"86\" height=\"371\"\/><\/figure><\/div>\n\n\n\n<p class=\"classe text_justify\"><em>\u2014 Nous en sommes tr\u00e8s heureux. Mais alors, au sortir, de tous ces portraits de dames du XVe si\u00e8cle voyez-vous un canevas, une constance, dans toutes ces formes de pouvoir f\u00e9minin ou avez-vous plut\u00f4t d\u00e9couvert leurs formes vari\u00e9es ?<\/em><\/p>\n\n\n\n<p class=\"classe text_justify\"><em>\u2014<\/em> Leur point commun est bien s\u00fbr d\u2019avoir v\u00e9cu durant cette p\u00e9riode fort mouvement\u00e9e que fut la guerre de Cent Ans. Mais ce qui les relie plus \u00e9troitement entre elles, c\u2019est leur caract\u00e8re de battante. Qu\u2019elles aient \u00e9t\u00e9 saintes (sainte Jeanne d\u2019Arc, sainte Colette de Corbie), politiques (Yolande d\u2019Aragon, Isabelle de Portugal), guerri\u00e8res (Jeanne de Belleville, Jeanne des Armoises) ou intellectuelles (Christine de Pizan), elles ont toujours fait preuve de r\u00e9solution, elles ont toujours surmont\u00e9 les \u00e9preuves. Elles ne parvinrent pas toujours \u00e0 leurs fins, certes. Mais au fond, peu importe. Ce qui est remarquable <strong>chez elles<\/strong> est d\u2019avoir su se montrer \u00e0 la hauteur des \u00e9v\u00e9nements et de leur id\u00e9al, qu\u2019il s\u2019agisse de l\u2019honneur de leur famille, leur foi ou leur patrie. Notons d\u2019ailleurs que la plupart d\u2019entre elles \u00e9taient tr\u00e8s attach\u00e9es \u00e0 la France. C\u2019\u00e9taient donc des patriotes.<\/p>\n\n\n\n<div class=\"wp-block-image\"><figure class=\"aligncenter size-large\"><a href=\"https:\/\/www.moyenagepassion.com\/wp-content\/uploads\/2022\/06\/Nouveautes-livres-monde-medieval-Moyen-Age-tardif-Roman-historique-2022.jpg\"><img decoding=\"async\" width=\"650\" height=\"396\" src=\"https:\/\/www.moyenagepassion.com\/wp-content\/uploads\/2022\/06\/Nouveautes-livres-monde-medieval-Moyen-Age-tardif-Roman-historique-2022.jpg\" alt=\"Nouveaut\u00e9s parution : deux livres sur la p\u00e9riode m\u00e9di\u00e9vale\" class=\"wp-image-44858\" srcset=\"https:\/\/www.moyenagepassion.com\/wp-content\/uploads\/2022\/06\/Nouveautes-livres-monde-medieval-Moyen-Age-tardif-Roman-historique-2022.jpg 650w, https:\/\/www.moyenagepassion.com\/wp-content\/uploads\/2022\/06\/Nouveautes-livres-monde-medieval-Moyen-Age-tardif-Roman-historique-2022-300x183.jpg 300w\" sizes=\"(max-width: 650px) 100vw, 650px\" \/><\/a><\/figure><\/div>\n\n\n\n<p class=\"classe text_justify\">Autrement dit, je me suis int\u00e9ress\u00e9 \u00e0 ces \u00ab&nbsp;grandes dames&nbsp;\u00bb pour elles-m\u00eames et pas seulement en raison de leurs liens avec leurs \u00e9poux ou de leurs amants. <strong>Certains historiens peuvent avoir eu tendance \u00e0 \u00e9voquer les femmes historiques pour la seule raison qu\u2019elles avaient partag\u00e9 le lit des puissants<\/strong>. Pensez ainsi \u00e0 Diane de Poitiers ou \u00e0 Gabrielle d\u2019Estr\u00e9es, \u00e0 madame de Pompadour, \u00e0 la Montespan. <strong>Dans ce livre, c\u2019est l\u2019inverse&nbsp;: les hommes passent au second plan<\/strong>. Et si j\u2019y ai inclus Agn\u00e8s Sorel, la premi\u00e8re favorite officielle de l\u2019histoire de France, c\u2019est pour mettre en valeur son r\u00f4le politique. D\u2019o\u00f9 le titre du chapitre qui lui est consacr\u00e9&nbsp;: \u00ab&nbsp;Agn\u00e8s Sorel, une femme d\u2019influence&nbsp;\u00bb.<\/p>\n\n\n\n<div class=\"wp-block-image\"><figure class=\"alignleft size-full is-resized\"><img decoding=\"async\" src=\"https:\/\/www.moyenagepassion.com\/wp-content\/uploads\/2022\/06\/deco-Jeanne-d-Arc.jpg\" alt=\"\" class=\"wp-image-44823\" width=\"86\" height=\"371\"\/><\/figure><\/div>\n\n\n\n<p class=\"classe text_justify\">Si le terme de \u00ab&nbsp;f\u00e9minisme&nbsp;\u00bb est sans doute anachronique (\u00e0 l\u2019exception peut-\u00eatre de Christine de Pizan, qui a beaucoup \u00e9crit sur la condition des femmes), votre expression de \u00ab&nbsp;pouvoir m\u00e9di\u00e9val au f\u00e9minin&nbsp;\u00bb me semble <strong>en revanche<\/strong> tr\u00e8s adapt\u00e9e. Ces femmes ont exerc\u00e9 le pouvoir sous toutes ses formes, parfois de mani\u00e8re ostensible, parfois plus cach\u00e9e, mais toujours pleinement.  Notons enfin que ces \u00ab&nbsp;grandes dames&nbsp;\u00bb furent <strong>sans doute plus <\/strong>nombreuses qu\u2019on pourrait le croire. Il s\u2019agissait donc pour moi de retrouver leur trace et de les mettre en valeur quand par le pass\u00e9, avouons-le, justice ne leur avait pas toujours \u00e9t\u00e9 rendu.<\/p>\n\n\n\n<p class=\"classe text_justify\"><strong><em>\u2014<\/em> <\/strong><em>En tout cas, l&rsquo;ouvrage devrait faire merveilleusement \u00e9cho avec l&rsquo;anniversaire des 500 ans d&rsquo;Anne de France et aux diff\u00e9rents colloques et expositions donn\u00e9es cette ann\u00e9e sur le pouvoir f\u00e9minin au Moyen \u00c2ge. Encore une fois, nous sommes certains qu&rsquo;on le verra sans doute sur bien des plages ou des lieux de vacances cette \u00e9t\u00e9 !<\/em><\/p>\n\n\n\n<p class=\"classe text_justify\"><em>\u2014<\/em> Absolument&nbsp;! Le lecteur y trouvera <strong>12 portraits de dames ayant jou\u00e9 un grand r\u00f4le dans l&rsquo;histoire m\u00e9di\u00e9vale<\/strong> et l&rsquo;ouvrage est con\u00e7u pour s&rsquo;adresser au grand nombre, qu\u2019on soit passionn\u00e9 d\u2019histoire ou simplement curieux d\u2019esprit. Je me suis efforc\u00e9 de sc\u00e9nariser le propos et de faire ressortir la psychologie de mes h\u00e9ro\u00efnes. A plus de quatre si\u00e8cles de nous, ces derni\u00e8res  devraient encore parler \u00e0 de nombreuses femmes d&rsquo;aujourd&rsquo;hui. <\/p>\n\n\n\n<p class=\"classe text_justify\"><em>\u2014<\/em> <em>Nous en sommes certain aussi. Avant de nous s\u00e9parer, profitons-en pour rappeler que ces deux livres historiques viennent tout juste de para\u00eetre. Et une autre bonne nouvelle pour nos lecteurs, je crois que d\u00e9sormais vos ouvrages sont disponibles dans certains points de grande distribution, c&rsquo;est bien cela ? Il devrait donc \u00eatre encore plus simple de les obtenir.<\/em><\/p>\n\n\n\n<p class=\"classe text_justify\"><em>\u2014<\/em> Vous pourrez non seulement <a href=\"http:\/\/www.laraviniere.fr\/\">retrouver ces livres en librairies ou sur le site de la Ravini\u00e8re<\/a>  mais aussi sur Amazon ou dans les boutiques de grands monuments historiques tel que le ch\u00e2teau de Vincennes, o\u00f9 la saga des <em>Trois Pouvoirs<\/em> figure d\u00e9j\u00e0 en bonne place. Les \u00e9ditions La Ravini\u00e8re viennent par ailleurs d\u2019int\u00e9grer le catalogue d\u2019ELECTRE, la base de r\u00e9f\u00e9rence et l&rsquo;outil de recherche de toutes les librairies, biblioth\u00e8ques et autres m\u00e9diath\u00e8ques fran\u00e7aises.  J\u2019en profite enfin pour annoncer trois dates de d\u00e9dicaces&nbsp;: le 25 juin \u00e0 la librairie La Bo\u00eete \u00e0 Livres de Tours, le 2 juillet \u00e0 la librairies Les Petits Mots \u00e0 Chatou (Yvelines) et enfin le 5 ao\u00fbt, chez Lu et Approuv\u00e9 \u00e0 Amboise.<\/p>\n\n\n\n<p class=\"classe text_justify\"><strong><em>\u2014<\/em> <\/strong><em>Tr\u00e8s bien. Nous nous assurerons de les transmettre \u00e0 nos lecteurs. En vous remerciant encore de votre temps et en vous souhaitant un tr\u00e8s bel \u00e9t\u00e9 litt\u00e9raire.<\/em><\/p>\n\n\n\n<hr class=\"wp-block-separator\"\/>\n\n\n\n<p>Retrouvez nos autres entretiens avec Xavier Leloup<br><a href=\"https:\/\/www.moyenagepassion.com\/index.php\/2021\/02\/07\/saga-historique-les-trois-pouvoirs-un-entretien-exclusif-avec-xavier-leloup\/\"> F\u00e9vrier 2021<\/a> &#8211;   <a href=\"https:\/\/www.moyenagepassion.com\/index.php\/2021\/12\/04\/entretien-un-nouveau-roman-et-la-grande-aventure-de-ledition-pour-xavier-leloup\/\">D\u00e9cembre 2021<\/a> <br><br>D\u00e9couvrir ses articles sur<strong>&nbsp;Les grandes dames de la guerre de cent ans<\/strong>&nbsp;:&nbsp;<\/p>\n\n\n\n<ul class=\"wp-block-list\"><li><a href=\"https:\/\/www.moyenagepassion.com\/index.php\/2021\/03\/28\/les-grandes-dames-de-la-guerre-de-cent-ans-1-yolande-daragon-la-reine-de-fer\/\"><strong>Yolande d\u2019Aragon<\/strong><\/a><em><a href=\"https:\/\/www.moyenagepassion.com\/index.php\/2021\/03\/28\/les-grandes-dames-de-la-guerre-de-cent-ans-1-yolande-daragon-la-reine-de-fer\/\">, la reine de fer<\/a><\/em>. <\/li><li><a href=\"https:\/\/www.moyenagepassion.com\/index.php\/2021\/05\/02\/les-grandes-dames-de-la-guerre-de-cent-ans-2-isabelle-de-baviere-une-reine-dans-la-tourmente\/\"><strong>Isabelle de Bavi\u00e8re<\/strong><\/a><em><a href=\"https:\/\/www.moyenagepassion.com\/index.php\/2021\/05\/02\/les-grandes-dames-de-la-guerre-de-cent-ans-2-isabelle-de-baviere-une-reine-dans-la-tourmente\/\">, une reine dans la tourmente<\/a><\/em>&nbsp;<\/li><li><a href=\"https:\/\/www.moyenagepassion.com\/index.php\/2021\/05\/26\/les-grandes-dames-de-la-guerre-de-cent-ans-3-christine-de-pizan-la-championne-des-dames\/\"><strong>Christine de Pizan<\/strong>,&nbsp;<em>championne<\/em>&nbsp;<em>des dames<\/em><\/a>&nbsp;<\/li><li><a href=\"https:\/\/www.moyenagepassion.com\/index.php\/2021\/06\/27\/les-illusions-perdues-de-valentine-visconti-la-duchesse-dorleans\/\"><em>Les illusions perdues de<\/em>&nbsp;<strong>Valentine Visconti<\/strong>,&nbsp;<em>duchesse d\u2019Orl\u00e9ans<\/em><\/a>.<\/li><li><em><a href=\"http:\/\/COLETTE DE CORBIE, UNE GRANDE MYSTIQUE AU SERVICE DE LA CAUSE FRAN\u00c7AISE\"><strong>Colette de Corbie<\/strong>, une grande mystique au service de la cause fran\u00e7aise<\/a><\/em><\/li><\/ul>\n\n\n\n<hr class=\"wp-block-separator\"\/>\n\n\n\n<p>En vous souhaitant une excellente journ\u00e9e.<\/p>\n\n\n\n<p>Fr\u00e9d\u00e9ric EFFE<br>Pour moyenagepassion.com<br><em><strong>A la d\u00e9couverte du monde m\u00e9di\u00e9val sous toutes ses formes<\/strong><\/em><\/p>\n","protected":false},"excerpt":{"rendered":"<p>Sujet&nbsp;: auteur,&nbsp;romans historiques, \u00e9dition, essai, guerre de cent ans, aventure, saga historique, fiction m\u00e9di\u00e9vale.P\u00e9riode&nbsp;: XVe si\u00e8cle, Moyen \u00c2ge tardifTitres&nbsp;: Quentin Durward, Sir Walter Scott (1823-2022), les grandes dames de la guerre de cent ans, Xavier Leloup, Editions La Ravini\u00e8re (2022) Bonjour \u00e0 tous, ujourd&rsquo;hui, nous avons le plaisir de partager avec vous un nouvel entretien &hellip; <a href=\"https:\/\/www.moyenagepassion.com\/index.php\/2022\/06\/08\/deux-ouvrages-historiques-a-paraitre-aux-editions-la-raviniere\/\" class=\"more-link\">Continuer la lecture de <span class=\"screen-reader-text\">Deux Nouveaux ouvrages historiques aux \u00e9ditions La Ravini\u00e8re<\/span>  <span class=\"meta-nav\">&rarr;<\/span><\/a><\/p>\n","protected":false},"author":2,"featured_media":44817,"comment_status":"open","ping_status":"open","sticky":false,"template":"","format":"standard","meta":{"_monsterinsights_skip_tracking":false,"_monsterinsights_sitenote_active":false,"_monsterinsights_sitenote_note":"","_monsterinsights_sitenote_category":0,"footnotes":""},"categories":[3],"tags":[188,5790,5794,5584,5789,5316,5315,1146,5727,5795,5796,5791,5792,5788,5793,5259,2168],"class_list":["post-44812","post","type-post","status-publish","format-standard","has-post-thumbnail","hentry","category-livre-moyen-age-medieval-fantaisie","tag-auteur","tag-dames-medievales","tag-editeur","tag-editions-la-raviniere","tag-fiction-medievale","tag-grandes-dames","tag-guerre-de-cent-ans-2","tag-livres","tag-moyen-age-tardif-3","tag-nouveautes","tag-parution","tag-pouvoir-feminin","tag-quentin-durward","tag-romans-historiques","tag-sir-walter-scott","tag-xavier-leloup","tag-xve-siecle"],"aioseo_notices":[],"_links":{"self":[{"href":"https:\/\/www.moyenagepassion.com\/index.php\/wp-json\/wp\/v2\/posts\/44812"}],"collection":[{"href":"https:\/\/www.moyenagepassion.com\/index.php\/wp-json\/wp\/v2\/posts"}],"about":[{"href":"https:\/\/www.moyenagepassion.com\/index.php\/wp-json\/wp\/v2\/types\/post"}],"author":[{"embeddable":true,"href":"https:\/\/www.moyenagepassion.com\/index.php\/wp-json\/wp\/v2\/users\/2"}],"replies":[{"embeddable":true,"href":"https:\/\/www.moyenagepassion.com\/index.php\/wp-json\/wp\/v2\/comments?post=44812"}],"version-history":[{"count":33,"href":"https:\/\/www.moyenagepassion.com\/index.php\/wp-json\/wp\/v2\/posts\/44812\/revisions"}],"predecessor-version":[{"id":44859,"href":"https:\/\/www.moyenagepassion.com\/index.php\/wp-json\/wp\/v2\/posts\/44812\/revisions\/44859"}],"wp:featuredmedia":[{"embeddable":true,"href":"https:\/\/www.moyenagepassion.com\/index.php\/wp-json\/wp\/v2\/media\/44817"}],"wp:attachment":[{"href":"https:\/\/www.moyenagepassion.com\/index.php\/wp-json\/wp\/v2\/media?parent=44812"}],"wp:term":[{"taxonomy":"category","embeddable":true,"href":"https:\/\/www.moyenagepassion.com\/index.php\/wp-json\/wp\/v2\/categories?post=44812"},{"taxonomy":"post_tag","embeddable":true,"href":"https:\/\/www.moyenagepassion.com\/index.php\/wp-json\/wp\/v2\/tags?post=44812"}],"curies":[{"name":"wp","href":"https:\/\/api.w.org\/{rel}","templated":true}]}}