{"id":44972,"date":"2022-06-19T04:50:25","date_gmt":"2022-06-19T03:50:25","guid":{"rendered":"https:\/\/www.moyenagepassion.com\/?p=44972"},"modified":"2022-06-19T04:50:46","modified_gmt":"2022-06-19T03:50:46","slug":"zoom-sur-les-37eme-medievales-de-provins","status":"publish","type":"post","link":"https:\/\/www.moyenagepassion.com\/index.php\/2022\/06\/19\/zoom-sur-les-37eme-medievales-de-provins\/","title":{"rendered":"Zoom sur les 37eme M\u00e9di\u00e9vales de Provins"},"content":{"rendered":"<div id=\"moyen-3150315428\" class=\"moyen-before-content moyen-entity-placement\"><script async src=\"\/\/pagead2.googlesyndication.com\/pagead\/js\/adsbygoogle.js?client=ca-pub-3035390706780632\" crossorigin=\"anonymous\"><\/script><ins class=\"adsbygoogle\" style=\"display:block;\" data-ad-client=\"ca-pub-3035390706780632\" \ndata-ad-slot=\"\" \ndata-ad-format=\"auto\"><\/ins>\n<script> \n(adsbygoogle = window.adsbygoogle || []).push({}); \n<\/script>\n<\/div>\n<div class=\"wp-block-image\"><figure class=\"alignleft size-large is-resized\"><img decoding=\"async\" src=\"https:\/\/www.moyenagepassion.com\/wp-content\/uploads\/2019\/06\/Provins_armoirie_ecu_blason_fetes-medievales.jpg\" alt=\"Blason, armoirie ville de Provins\" class=\"wp-image-27295\" width=\"125\" height=\"186\" srcset=\"https:\/\/www.moyenagepassion.com\/wp-content\/uploads\/2019\/06\/Provins_armoirie_ecu_blason_fetes-medievales.jpg 226w, https:\/\/www.moyenagepassion.com\/wp-content\/uploads\/2019\/06\/Provins_armoirie_ecu_blason_fetes-medievales-201x300.jpg 201w\" sizes=\"(max-width: 125px) 100vw, 125px\" \/><\/figure><\/div>\n\n\n\n<p><strong><a href=\"https:\/\/www.moyenagepassion.com\/wp-content\/uploads\/2019\/06\/Provins_armoirie_ecu_blason_fetes-medievales.jpg\"><\/a>Sujet<\/strong>&nbsp;: f\u00eates, animations m\u00e9di\u00e9vales, compagnies m\u00e9di\u00e9vales, agenda m\u00e9di\u00e9val, reconstituteurs, campements m\u00e9di\u00e9vaux, spectacles \u00e9questres, tournois, fauconnerie<br><strong>Th\u00e8me:<\/strong>&nbsp;Moyen \u00c2ge&nbsp;festif, Moyen \u00c2ge central<br><strong>Lieu<\/strong>&nbsp;: Provins, Seine-et-Marne, Ile de France<br><strong>Ev\u00e9nements<\/strong>:&nbsp;Les 37e m\u00e9di\u00e9vales de Provins.<br><strong>Dates<\/strong>&nbsp;: les&nbsp;25 et&nbsp;26&nbsp; juin 2022<\/p>\n\n\n\n<p>Bonjour \u00e0 tous,<\/p>\n\n\n\n<div class=\"wp-block-image\"><figure class=\"alignleft size-large\"><img decoding=\"async\" width=\"84\" height=\"103\" src=\"https:\/\/www.moyenagepassion.com\/wp-content\/uploads\/2018\/10\/L_lettrine_moyen_age_passion.jpg\" alt=\"\" class=\"wp-image-23896\"\/><\/figure><\/div>\n\n\n\n<p class=\"classe text_justify\">es 25 et 26 juin prochain, le Moyen \u00c2ge festif sera, enfin, de retour en la cit\u00e9 de Provins pour deux grandes journ\u00e9es de f\u00eates. Il s&rsquo;agira de la 37eme f\u00eate m\u00e9di\u00e9vale de la ville et,  pour l&rsquo;occasion, les petits plats ont \u00e9t\u00e9 mis dans les grands comme vous allez pouvoir le d\u00e9couvrir dans cet article.<\/p>\n\n\n\n<h2 class=\"wp-block-heading\">Le programme de la f\u00eate<\/h2>\n\n\n\n<p class=\"classe text_justify\">Apr\u00e8s deux ans d&rsquo;absence, la grande f\u00eate m\u00e9di\u00e9vale de Provins signe  son retour en force avec un programme des plus roboratifs, comme aurait pu le dire le Yvain de Kaamelott. Sur le th\u00e8me des b\u00e2tisseurs m\u00e9di\u00e9vaux, les organisateurs de cette \u00e9dition 2022 sont bien d\u00e9cid\u00e9s \u00e0 vous entra\u00eener dans un grand voyage qui vous m\u00e8nera au c\u0153ur des grandes foires de Champagne et au temps de <a href=\"https:\/\/www.moyenagepassion.com\/index.php\/moyen-age\/musique-medieval-historique-fantaisie-celtique\/thibaut-de-champagne\/\">Thibaut le Chansonnier<\/a>.<\/p>\n\n\n\n<h3 class=\"wp-block-heading\">Des animations m\u00e9di\u00e9vales pleins les yeux<\/h3>\n\n\n\n<div class=\"wp-block-image\"><figure class=\"alignright size-large is-resized\"><a href=\"https:\/\/www.moyenagepassion.com\/wp-content\/uploads\/2022\/06\/animations-medievales-Provins-Ile-de-France-Seine-et-Marne.jpg\"><img decoding=\"async\" src=\"https:\/\/www.moyenagepassion.com\/wp-content\/uploads\/2022\/06\/animations-medievales-Provins-Ile-de-France-Seine-et-Marne.jpg\" alt=\"Animations m\u00e9di\u00e9vales Provins, affiche\" class=\"wp-image-44982\" width=\"234\" height=\"328\" srcset=\"https:\/\/www.moyenagepassion.com\/wp-content\/uploads\/2022\/06\/animations-medievales-Provins-Ile-de-France-Seine-et-Marne.jpg 345w, https:\/\/www.moyenagepassion.com\/wp-content\/uploads\/2022\/06\/animations-medievales-Provins-Ile-de-France-Seine-et-Marne-214x300.jpg 214w\" sizes=\"(max-width: 234px) 100vw, 234px\" \/><\/a><\/figure><\/div>\n\n\n\n<p class=\"classe text_justify\">Des campements m\u00e9di\u00e9vaux ? Il y en aura comme s&rsquo;il en pleuvait les 25 et 26 juin \u00e0 Provins et sur de nombreux th\u00e8mes : danseurs, bretteurs et combattants, chevaliers et artisans du XVe si\u00e8cle, soudards de la guerre de cent-ans, archers, tourmenteur et gueux, et m\u00eame ferme berb\u00e8re. <br><br>Viendront s&rsquo;y ajouter de nombreux ateliers d&rsquo;artisanat pour d\u00e9couvrir les m\u00e9tiers du Moyen \u00c2ge : forge, vannerie, corderie, calligraphie, confection de vitraux, mais encore un grand chantier avec engins de levage et techniques de construction d&rsquo;antan anim\u00e9 par <a href=\"https:\/\/www.moyenagepassion.com\/index.php\/2019\/01\/11\/batisseurs-medievaux-maitres-compagnons-au-service-du-patrimoine-et-de-la-restauration\/\">les b\u00e2tisseurs m\u00e9di\u00e9vaux<\/a>. Ajoutez un grand bal et un concert m\u00e9di\u00e9val, le samedi soir, une parade g\u00e9ante avec plus 700 personnes attendues en costume d&rsquo;\u00e9poque, le dimanche mais encore, tout au long de la f\u00eate, une bonne dose d&rsquo;animations de rue, entre d\u00e9ambulations musicales et festives, th\u00e9\u00e2tre \u00e0 ciel ouvert, farces, sayn\u00e8tes et bonne humeur, vous aurez une id\u00e9e des r\u00e9jouissances qui vous attendront \u00e0 Provins, durant ce week-end de f\u00eates. La liste des artisans, troupes musicales et compagnies m\u00e9di\u00e9vales invit\u00e9s vous donnera une id\u00e9e de la densit\u00e9 du programme.<\/p>\n\n\n\n<h4 class=\"wp-block-heading\">Compagnies m\u00e9di\u00e9vales, artisans et artiste invit\u00e9es<\/h4>\n\n\n\n<p class=\"classe text_justify\"><em><span class=\"has-inline-color has-green-color\">Compagnie Bric \u00e0 Brac &#8211; Os Gambuzinos &#8211; La Compagnie de Cl\u00e9ry &#8211; Compagnie Zoolians &#8211; Sembadelle &#8211; Trybu &#8211; Lanceurs de drapeaux ASTA &#8211; Compagnie Via Cane &#8211; Atelier du Renard Vert &#8211; Les Coll\u00e9giens de Paris &#8211; Les casse-museaux &#8211; Ch\u0153ur du Montois et du Provinois &#8211; Les M\u00e9n\u00e9triers &#8211; Claudio Quadros M\u00e9nestrel &#8211; Myrias &#8211; La Forge de l\u2019Histoire &#8211; La L\u00e9proserie de Close Barbe &#8211; Compagnie de Th\u00e9obaldus &#8211; Les B\u00e2tisseurs M\u00e9di\u00e9vaux &#8211; Les Colporteurs de Couleurs &#8211; So\u00f1j &#8211; Compagnie d\u2019arc de Provins &#8211; Les Forges de la Brume &#8211; Cie Dovahkiin &#8211; Sorga &#8211; Compagnie du Polisson &#8211; A\u2019TE\u2019LIER &#8211; Ensemble Tormis &#8211; La Bet-elgueuse &#8211; Les Danceries Thibaud de Champagne &#8211; La Maisnie du Mont Ferrand &#8211; Les Bretteurs Caudaciens &#8211; L\u2019Ambroisie &#8211; Confr\u00e9rie du Cerb\u00e8re &#8211; Corazon &#8211; Compagnie Crealid &#8211; Les aigles des remparts &#8211; La l\u00e9gende des Chevaliers &#8211; Compagnie Gueule de loup.<\/span><\/em><\/p>\n\n\n\n<figure class=\"wp-block-image size-full is-resized\"><a href=\"https:\/\/www.moyenagepassion.com\/wp-content\/uploads\/2022\/06\/Medievales-de-Provins-animations-spectacles-medievales-Moyen-Age-festif.jpg\"><img decoding=\"async\" src=\"https:\/\/www.moyenagepassion.com\/wp-content\/uploads\/2022\/06\/Medievales-de-Provins-animations-spectacles-medievales-Moyen-Age-festif.jpg\" alt=\"F\u00eate de Provins - \u00cele de France -Animations et compagnies m\u00e9di\u00e9vales\" class=\"wp-image-44990\" width=\"624\" height=\"479\" srcset=\"https:\/\/www.moyenagepassion.com\/wp-content\/uploads\/2022\/06\/Medievales-de-Provins-animations-spectacles-medievales-Moyen-Age-festif.jpg 624w, https:\/\/www.moyenagepassion.com\/wp-content\/uploads\/2022\/06\/Medievales-de-Provins-animations-spectacles-medievales-Moyen-Age-festif-300x230.jpg 300w\" sizes=\"(max-width: 624px) 100vw, 624px\" \/><\/a><\/figure>\n\n\n\n<h3 class=\"wp-block-heading\">Spectacle \u00e9questre, fauconnerie et rock celtique<\/h3>\n\n\n\n<p class=\"classe text_justify\">Temps forts des r\u00e9jouissances, les spectacles seront aussi nombreux, une grande \u00e9pop\u00e9e \u00e9questre \u00e0 l&rsquo;\u00e9vocation des l\u00e9gendes du temps de Thibaut IV de Champagne et de Blanche de Castille, des vols de rapaces et d\u00e9monstrations de fauconnerie, mais encore un festival rock celtique. Pour y assister, il faudra compter un petit suppl\u00e9ment de paiement. Pour plus d&rsquo;informations sur les r\u00e9servations et conditions, nous vous laisserons vous reporter au lien plus bas dans cet article.<\/p>\n\n\n\n<h3 class=\"wp-block-heading\">Village du livre et lectures m\u00e9di\u00e9vales<\/h3>\n\n\n\n<p class=\"classe text_justify\">Une village du livre sera \u00e9galement pr\u00e9sent sur place avec une vingtaine d&rsquo;auteurs, enlumineurs et calligraphes. Et puisque nous en sommes \u00e0 ce th\u00e8me,  une fois dans la cit\u00e9, n&rsquo;h\u00e9sitez pas \u00e0 faire un tour \u00e0 la <a href=\"https:\/\/www.moyenagepassion.com\/index.php\/2018\/11\/15\/la-passion-des-livres-et-du-monde-medieval-la-librairie-du-roi-lyre-a-provins\/\">librairie Le Roy Lire de Provins<\/a>, librairie de charme, dans un cadre unique et dont Max, le tenancier passionn\u00e9 s&rsquo;est fait du Moyen \u00c2ge une vraie sp\u00e9cialit\u00e9.<\/p>\n\n\n\n<p class=\"has-text-align-center\"><a href=\"https:\/\/provins-medieval.com\/\" target=\"_blank\" rel=\"noreferrer noopener\">Voir le programme complet et r\u00e9servez vos billets sur le site officiel<\/a><\/p>\n\n\n\n<p class=\"classe text_justify\">Bien s\u00fbr, pour qui ne conna\u00eetrait pas Provins, cet \u00e9v\u00e9nement pourrait aussi fournir l&rsquo;occasion de d\u00e9couvrir le riche patrimoine m\u00e9di\u00e9val de la cit\u00e9. Des visites sp\u00e9ciales seront d&rsquo;ailleurs organis\u00e9es, \u00e0 cet effet, au mus\u00e9e, au prieur\u00e9 Saint Ayoul, dans les souterrains de la ville, \u00e0 la tour C\u00e9sar et encore d&rsquo;autres lieux historiques c\u00e9l\u00e8bres de la ville.<\/p>\n\n\n\n<p>D\u00e9couvrir nos articles pr\u00e9c\u00e9dents sur les M\u00e9di\u00e9vales de Provins : <br><a href=\"https:\/\/www.moyenagepassion.com\/index.php\/2019\/06\/06\/le-moyen-age-festif-en-grand-aux-36e-medievales-de-provins\/\">Edition 2019<\/a> &#8211; <a href=\"https:\/\/www.moyenagepassion.com\/index.php\/2018\/06\/06\/agenda-des-hommes-et-des-betes-ce-week-end-a-provins-pour-les-35e-medievales\/\" target=\"_blank\" rel=\"noreferrer noopener\">2018<\/a>\u00a0\u2013\u00a0\u00a0<a href=\"https:\/\/www.moyenagepassion.com\/index.php\/2017\/06\/14\/lumieres-couleurs-du-moyen-age-provins-la-champenoise-fete-ses-34e-medievales\/\" target=\"_blank\" rel=\"noreferrer noopener\">2017<\/a>\u00a0\u2013\u00a0\u00a0<a href=\"https:\/\/www.moyenagepassion.com\/index.php\/2016\/06\/10\/festival-medieval-ce-week-end-les-33emes-medievales-de-provins\/\" target=\"_blank\" rel=\"noreferrer noopener\">2016<\/a> &#8211; <\/p>\n\n\n\n<p>Une tr\u00e8s belle journ\u00e9e \u00e0 tous et de belles f\u00eates \u00e0 Provins si vous vous y rendez.<\/p>\n\n\n\n<p><strong>Fr\u00e9d\u00e9ric EFFE<\/strong><br>Pour moyenagepassion.com<br><em><strong>A la d\u00e9couverte du monde m\u00e9di\u00e9val sous toutes ses formes.<\/strong><\/em><\/p>\n\n\n\n<p class=\"classe text_justify has-small-font-size\">NB : les photos utilis\u00e9es dans le cadre de cet article proviennent toutes de compagnies m\u00e9di\u00e9vales pr\u00e9sentes \u00e0 l\u2019occasion de ces m\u00e9di\u00e9vales.\u00a0<\/p>\n","protected":false},"excerpt":{"rendered":"<p>Sujet&nbsp;: f\u00eates, animations m\u00e9di\u00e9vales, compagnies m\u00e9di\u00e9vales, agenda m\u00e9di\u00e9val, reconstituteurs, campements m\u00e9di\u00e9vaux, spectacles \u00e9questres, tournois, fauconnerieTh\u00e8me:&nbsp;Moyen \u00c2ge&nbsp;festif, Moyen \u00c2ge centralLieu&nbsp;: Provins, Seine-et-Marne, Ile de FranceEv\u00e9nements:&nbsp;Les 37e m\u00e9di\u00e9vales de Provins.Dates&nbsp;: les&nbsp;25 et&nbsp;26&nbsp; juin 2022 Bonjour \u00e0 tous, es 25 et 26 juin prochain, le Moyen \u00c2ge festif sera, enfin, de retour en la cit\u00e9 de Provins pour &hellip; <a href=\"https:\/\/www.moyenagepassion.com\/index.php\/2022\/06\/19\/zoom-sur-les-37eme-medievales-de-provins\/\" class=\"more-link\">Continuer la lecture de <span class=\"screen-reader-text\">Zoom sur les 37eme M\u00e9di\u00e9vales de Provins<\/span>  <span class=\"meta-nav\">&rarr;<\/span><\/a><\/p>\n","protected":false},"author":2,"featured_media":44992,"comment_status":"open","ping_status":"open","sticky":false,"template":"","format":"standard","meta":{"_monsterinsights_skip_tracking":false,"_monsterinsights_sitenote_active":false,"_monsterinsights_sitenote_note":"","_monsterinsights_sitenote_category":0,"footnotes":""},"categories":[11],"tags":[1539,2529,2840,2991,212,2743,1380,5803,182,2757,4086,1212],"class_list":["post-44972","post","type-post","status-publish","format-standard","has-post-thumbnail","hentry","category-fetes-medievales-evenement","tag-agenda-medieval","tag-animations-medievales","tag-campements-medievaux","tag-champagne","tag-compagnies-medievales","tag-fauconnerie","tag-fetes","tag-foires-de-champagne","tag-monde-medieval","tag-reconstituteurs","tag-spectacles-equestres","tag-tournois"],"aioseo_notices":[],"_links":{"self":[{"href":"https:\/\/www.moyenagepassion.com\/index.php\/wp-json\/wp\/v2\/posts\/44972"}],"collection":[{"href":"https:\/\/www.moyenagepassion.com\/index.php\/wp-json\/wp\/v2\/posts"}],"about":[{"href":"https:\/\/www.moyenagepassion.com\/index.php\/wp-json\/wp\/v2\/types\/post"}],"author":[{"embeddable":true,"href":"https:\/\/www.moyenagepassion.com\/index.php\/wp-json\/wp\/v2\/users\/2"}],"replies":[{"embeddable":true,"href":"https:\/\/www.moyenagepassion.com\/index.php\/wp-json\/wp\/v2\/comments?post=44972"}],"version-history":[{"count":18,"href":"https:\/\/www.moyenagepassion.com\/index.php\/wp-json\/wp\/v2\/posts\/44972\/revisions"}],"predecessor-version":[{"id":45006,"href":"https:\/\/www.moyenagepassion.com\/index.php\/wp-json\/wp\/v2\/posts\/44972\/revisions\/45006"}],"wp:featuredmedia":[{"embeddable":true,"href":"https:\/\/www.moyenagepassion.com\/index.php\/wp-json\/wp\/v2\/media\/44992"}],"wp:attachment":[{"href":"https:\/\/www.moyenagepassion.com\/index.php\/wp-json\/wp\/v2\/media?parent=44972"}],"wp:term":[{"taxonomy":"category","embeddable":true,"href":"https:\/\/www.moyenagepassion.com\/index.php\/wp-json\/wp\/v2\/categories?post=44972"},{"taxonomy":"post_tag","embeddable":true,"href":"https:\/\/www.moyenagepassion.com\/index.php\/wp-json\/wp\/v2\/tags?post=44972"}],"curies":[{"name":"wp","href":"https:\/\/api.w.org\/{rel}","templated":true}]}}