{"id":45062,"date":"2022-06-25T23:20:42","date_gmt":"2022-06-25T22:20:42","guid":{"rendered":"https:\/\/www.moyenagepassion.com\/?p=45062"},"modified":"2022-07-05T02:03:10","modified_gmt":"2022-07-05T01:03:10","slug":"des-couleurs-et-des-enlumineurs-medievaux-au-kbr-museum","status":"publish","type":"post","link":"https:\/\/www.moyenagepassion.com\/index.php\/2022\/06\/25\/des-couleurs-et-des-enlumineurs-medievaux-au-kbr-museum\/","title":{"rendered":"Des couleurs et des enlumineurs m\u00e9di\u00e9vaux au KBR Mus\u00e9um"},"content":{"rendered":"<div id=\"moyen-1324351484\" class=\"moyen-before-content moyen-entity-placement\"><script async src=\"\/\/pagead2.googlesyndication.com\/pagead\/js\/adsbygoogle.js?client=ca-pub-3035390706780632\" crossorigin=\"anonymous\"><\/script><ins class=\"adsbygoogle\" style=\"display:block;\" data-ad-client=\"ca-pub-3035390706780632\" \ndata-ad-slot=\"\" \ndata-ad-format=\"auto\"><\/ins>\n<script> \n(adsbygoogle = window.adsbygoogle || []).push({}); \n<\/script>\n<\/div>\n<div class=\"wp-block-image\"><figure class=\"alignleft is-resized\"><img decoding=\"async\" src=\"https:\/\/www.moyenagepassion.com\/wp-content\/uploads\/2021\/06\/KBR-Museum-festival-expositions-conferences-ateliers-moyen-age.jpg\" alt=\"\" class=\"wp-image-39914\" width=\"121\" height=\"177\"\/><\/figure><\/div>\n\n\n\n<p><strong>Sujet&nbsp;<\/strong>: mus\u00e9e, conf\u00e9rences, ateliers, manuscrits anciens, enluminures, art m\u00e9di\u00e9val, manuscrits m\u00e9di\u00e9vaux, enlumineurs m\u00e9di\u00e9vaux<br><strong>P\u00e9riode<\/strong>&nbsp;: Moyen \u00c2ge central \u00e0 tardif<br><strong>Lieu<\/strong>&nbsp;: KBR Museum, &nbsp;Mont des Arts 28, Bruxelles. Belgique<br><strong>Dates&nbsp;<\/strong>: samedi 2 et dimanche 3 juillet 2022<\/p>\n\n\n\n<p>Bonjour \u00e0 tous, <\/p>\n\n\n\n<div class=\"wp-block-image\"><figure class=\"alignleft size-large\"><img decoding=\"async\" width=\"84\" height=\"103\" src=\"https:\/\/www.moyenagepassion.com\/wp-content\/uploads\/2018\/10\/S_lettrine_moyen_age_passion.jpg\" alt=\"\" class=\"wp-image-23904\"\/><\/figure><\/div>\n\n\n\n<p class=\"classe text_justify\">ur l&rsquo;agenda du week-end prochain, le <a href=\"https:\/\/www.moyenagepassion.com\/index.php\/tag\/kbr-museum\/\">KBR Museum de Bruxelles<\/a> se mettra aux heures m\u00e9di\u00e9vales, avec un programme sp\u00e9cial autour de l&rsquo;art des couleurs et des enlumineurs du Moyen \u00c2ge, mais aussi de la fabrication de manuscrits anciens. L&rsquo;occasion en est fournie par le retour dans la capitale belge du<em> Brussels Renaissance Festival<\/em>  et ces activit\u00e9s s&rsquo;\u00e9taleront sur les journ\u00e9es du samedi 2 et du dimanche 3 juillet. Elles comprennent des conf\u00e9rences d\u00e9couvertes mais aussi des ateliers participatifs. <\/p>\n\n\n\n<h2 class=\"wp-block-heading\">La fabrication des couleurs au Moyen \u00c2ge<\/h2>\n\n\n\n<p class=\"classe text_justify\">Le samedi, en fin de matin\u00e9e, une premi\u00e8re conf\u00e9rence vous attend sur les enlumineurs m\u00e9di\u00e9vaux et les m\u00e9thodes employ\u00e9es, \u00e0 cette \u00e9poque, pour cr\u00e9er les couleurs.<\/p>\n\n\n\n<p class=\"classe text_justify\"><strong>Titre de la conf\u00e9rence <\/strong>: <em>couleurs et mat\u00e9riaux dans les livres de recettes \u2013 Un \u00ab Rouge \u00bb de Paris ?<\/em><br><strong>Intervenante<\/strong> : Sylvie Neven<br><strong>Horaires <\/strong>: samedi <strong>2 juillet 2022<\/strong> . <span style=\"color:#e03310\" class=\"has-inline-color\">Attention, le mus\u00e9e vient de nous signifier que cette conf\u00e9rence a \u00e9t\u00e9 report\u00e9e \u00e0 une date ult\u00e9rieure. <\/span><\/p>\n\n\n\n<div class=\"wp-block-image\"><figure class=\"alignright size-full is-resized\"><img decoding=\"async\" src=\"https:\/\/www.moyenagepassion.com\/wp-content\/uploads\/2022\/06\/enlumineurs-medievaux-recettes-de-couleurs-Sylvie-Neven-KBR-museum.jpg\" alt=\"Sylvie Neven - coordinatrice du projet Colour ConText\" class=\"wp-image-45071\" width=\"117\" height=\"185\"\/><\/figure><\/div>\n\n\n\n<p class=\"classe text_justify\">Titulaire d&rsquo;un doctorat en Histoire de l&rsquo;art, <strong>Sylvie Neven<\/strong> est \u00e9galement en charge de la coordination du projet <em><strong>Colour ConText<\/strong><\/em> en collaboration avec l&rsquo;<em>Institut Max Planck d&rsquo;histoire des sciences<\/em> de Berlin. Cette initiative a pour objectif la mise en place d&rsquo;une base de donn\u00e9es num\u00e9rique ouverte, recensant les recettes permettant de produire des couleurs  \u00e0 travers l&rsquo;histoire et, ce, dans les domaines les plus vari\u00e9s. Plusieurs milliers de proc\u00e9d\u00e9s\/recettes ont d\u00e9j\u00e0 \u00e9t\u00e9 r\u00e9pertori\u00e9s (6500 \u00e0 date) issus de 600 manuscrits anciens.<\/p>\n\n\n\n<h2 class=\"wp-block-heading\">Un atelier sur les pas des enlumineurs<\/h2>\n\n\n\n<p class=\"classe text_justify\">L&rsquo;apr\u00e8s-midi du m\u00eame samedi un atelier de 3 heures  vous permettra de  passer \u00e0 la pratique, en marchant dans les pas des enlumineurs m\u00e9di\u00e9vaux. Vous y d\u00e9couvrirez concr\u00e8tement comment fabriquer des couleurs et des pigments \u00e0 partir de plantes, de racines et de divers mat\u00e9riaux.<\/p>\n\n\n\n<p><strong>Atelier<\/strong> : <em>dans l\u2019antre des enlumineuses<\/em><br><strong>Horaires <\/strong>: samedi 2 juillet 2022 &#8211; De 14:00 \u00e0 17:00<a href=\"https:\/\/www.kbr.be\/#facebook\" rel=\"noreferrer noopener\" target=\"_blank\"><\/a><\/p>\n\n\n\n<div class=\"wp-block-image\"><figure class=\"aligncenter size-full is-resized\"><a href=\"https:\/\/www.moyenagepassion.com\/wp-content\/uploads\/2022\/06\/enluminure-medievale-enlumineur-et-ses-couleurs-manuscrit-ancien-Royal-6-British-library-1.jpg\"><img decoding=\"async\" src=\"https:\/\/www.moyenagepassion.com\/wp-content\/uploads\/2022\/06\/enluminure-medievale-enlumineur-et-ses-couleurs-manuscrit-ancien-Royal-6-British-library-1.jpg\" alt=\"Enluminure m\u00e9di\u00e9val : enlumineur du Moyen \u00e2ge fabricant ses couleurs\" class=\"wp-image-45092\" width=\"705\" height=\"488\" srcset=\"https:\/\/www.moyenagepassion.com\/wp-content\/uploads\/2022\/06\/enluminure-medievale-enlumineur-et-ses-couleurs-manuscrit-ancien-Royal-6-British-library-1.jpg 705w, https:\/\/www.moyenagepassion.com\/wp-content\/uploads\/2022\/06\/enluminure-medievale-enlumineur-et-ses-couleurs-manuscrit-ancien-Royal-6-British-library-1-300x208.jpg 300w\" sizes=\"(max-width: 705px) 100vw, 705px\" \/><\/a><figcaption>Enlumineur m\u00e9di\u00e9val et ses couleurs : enluminure du <a href=\"http:\/\/www.bl.uk\/manuscripts\/Viewer.aspx?ref=royal_ms_6_e_vi!2_f329r\">Royal 6 E. VI de la British Library<\/a> (XIVe s)<\/figcaption><\/figure><\/div>\n\n\n\n<h2 class=\"wp-block-heading\">La fabrication des manuscrits anciens<\/h2>\n\n\n\n<p>Le dimanche, une visite guid\u00e9e sp\u00e9ciale vous permettra de vous initier aux secrets de la fabrication des manuscrits anciens. Elle vous fournira \u00e9galement l&rsquo;occasion de d\u00e9couvrir une partie des collections du KBR.<\/p>\n\n\n\n<p class=\"classe text_justify\"><strong>Visite guid\u00e9e<\/strong> : <em>d\u00e9couvrez les secrets de fabrication des manuscrits<\/em><br><strong>Horaires <\/strong>: dimanche 3 juillet 2022 &#8211; De 11h00 \u00e0 12h30<br><br>Enfin, l&rsquo;apr\u00e8s-midi du dimanche, le m\u00eame atelier que le samedi sera propos\u00e9 sur la cr\u00e9ation de couleurs au temps m\u00e9di\u00e9vaux.<\/p>\n\n\n\n<p><strong>Atelier<\/strong> : <em>dans l\u2019antre des enlumineuses<\/em><br><strong>Horaires <\/strong>: dimanche 3 juillet 2022 &#8211; De 14:00 \u00e0 17:00<\/p>\n\n\n\n<hr class=\"wp-block-separator\"\/>\n\n\n\n<p class=\"has-text-align-left classe text_justify\">Pour les r\u00e9servations et tarifs de ces activit\u00e9s, nous vous invitons <br>\u00e0 <a href=\"https:\/\/www.kbr.be\/fr\/\" target=\"_blank\" rel=\"noreferrer noopener\">consulter le site officiel du KBR museum<\/a>. Une fois sur place vous pourrez, bien s\u00fbr, en profiter pour d\u00e9couvrir les autres tr\u00e9sors du mus\u00e9e.<\/p>\n\n\n\n<hr class=\"wp-block-separator classe text_justify\"\/>\n\n\n\n<p><a href=\"https:\/\/www.moyenagepassion.com\/index.php\/2021\/06\/19\/lancement-du-brussels-renaissance-festival-au-kbr-museum-de-bruxelles\/\">Voir notre article sur le Brussel Renaissance Festival 2021.<\/a><\/p>\n\n\n\n<p>En vous souhaitant une belle journ\u00e9e.<\/p>\n\n\n\n<p>Fr\u00e9d\u00e9ric EFFE<br>Pour moyenagepassion.com<br><em><strong>A la d\u00e9couverte du monde m\u00e9di\u00e9val sous toutes ses formes<\/strong><\/em><\/p>\n","protected":false},"excerpt":{"rendered":"<p>Sujet&nbsp;: mus\u00e9e, conf\u00e9rences, ateliers, manuscrits anciens, enluminures, art m\u00e9di\u00e9val, manuscrits m\u00e9di\u00e9vaux, enlumineurs m\u00e9di\u00e9vauxP\u00e9riode&nbsp;: Moyen \u00c2ge central \u00e0 tardifLieu&nbsp;: KBR Museum, &nbsp;Mont des Arts 28, Bruxelles. BelgiqueDates&nbsp;: samedi 2 et dimanche 3 juillet 2022 Bonjour \u00e0 tous, ur l&rsquo;agenda du week-end prochain, le KBR Museum de Bruxelles se mettra aux heures m\u00e9di\u00e9vales, avec un programme sp\u00e9cial &hellip; <a href=\"https:\/\/www.moyenagepassion.com\/index.php\/2022\/06\/25\/des-couleurs-et-des-enlumineurs-medievaux-au-kbr-museum\/\" class=\"more-link\">Continuer la lecture de <span class=\"screen-reader-text\">Des couleurs et des enlumineurs m\u00e9di\u00e9vaux au KBR Mus\u00e9um<\/span>  <span class=\"meta-nav\">&rarr;<\/span><\/a><\/p>\n","protected":false},"author":2,"featured_media":45076,"comment_status":"open","ping_status":"open","sticky":false,"template":"","format":"standard","meta":{"_monsterinsights_skip_tracking":false,"_monsterinsights_sitenote_active":false,"_monsterinsights_sitenote_note":"","_monsterinsights_sitenote_category":0,"footnotes":""},"categories":[11],"tags":[2237,4729,5813,5439,5811,2227,5436,5178,5205,5587,2629,5812,2432],"class_list":["post-45062","post","type-post","status-publish","format-standard","has-post-thumbnail","hentry","category-fetes-medievales-evenement","tag-art-medieval","tag-ateliers","tag-colour-context","tag-conferences","tag-enlumineurs-medievaux","tag-enluminures","tag-kbr-museum","tag-manuscrits-anciens","tag-manuscrits-medievaux","tag-moyen-age-2","tag-musee","tag-sylvie-neven","tag-visite-guidee"],"aioseo_notices":[],"_links":{"self":[{"href":"https:\/\/www.moyenagepassion.com\/index.php\/wp-json\/wp\/v2\/posts\/45062"}],"collection":[{"href":"https:\/\/www.moyenagepassion.com\/index.php\/wp-json\/wp\/v2\/posts"}],"about":[{"href":"https:\/\/www.moyenagepassion.com\/index.php\/wp-json\/wp\/v2\/types\/post"}],"author":[{"embeddable":true,"href":"https:\/\/www.moyenagepassion.com\/index.php\/wp-json\/wp\/v2\/users\/2"}],"replies":[{"embeddable":true,"href":"https:\/\/www.moyenagepassion.com\/index.php\/wp-json\/wp\/v2\/comments?post=45062"}],"version-history":[{"count":34,"href":"https:\/\/www.moyenagepassion.com\/index.php\/wp-json\/wp\/v2\/posts\/45062\/revisions"}],"predecessor-version":[{"id":45103,"href":"https:\/\/www.moyenagepassion.com\/index.php\/wp-json\/wp\/v2\/posts\/45062\/revisions\/45103"}],"wp:featuredmedia":[{"embeddable":true,"href":"https:\/\/www.moyenagepassion.com\/index.php\/wp-json\/wp\/v2\/media\/45076"}],"wp:attachment":[{"href":"https:\/\/www.moyenagepassion.com\/index.php\/wp-json\/wp\/v2\/media?parent=45062"}],"wp:term":[{"taxonomy":"category","embeddable":true,"href":"https:\/\/www.moyenagepassion.com\/index.php\/wp-json\/wp\/v2\/categories?post=45062"},{"taxonomy":"post_tag","embeddable":true,"href":"https:\/\/www.moyenagepassion.com\/index.php\/wp-json\/wp\/v2\/tags?post=45062"}],"curies":[{"name":"wp","href":"https:\/\/api.w.org\/{rel}","templated":true}]}}