{"id":45180,"date":"2022-07-08T01:45:01","date_gmt":"2022-07-08T00:45:01","guid":{"rendered":"https:\/\/www.moyenagepassion.com\/?p=45180"},"modified":"2022-07-08T04:19:10","modified_gmt":"2022-07-08T03:19:10","slug":"exposition-tout-sur-la-medecine-medievale-a-la-tour-jean-sans-peur","status":"publish","type":"post","link":"https:\/\/www.moyenagepassion.com\/index.php\/2022\/07\/08\/exposition-tout-sur-la-medecine-medievale-a-la-tour-jean-sans-peur\/","title":{"rendered":"Exposition : tout sur la m\u00e9decine m\u00e9di\u00e9vale \u00e0 la tour Jean-Sans-Peur"},"content":{"rendered":"<div id=\"moyen-521569703\" class=\"moyen-before-content moyen-entity-placement\"><script async src=\"\/\/pagead2.googlesyndication.com\/pagead\/js\/adsbygoogle.js?client=ca-pub-3035390706780632\" crossorigin=\"anonymous\"><\/script><ins class=\"adsbygoogle\" style=\"display:block;\" data-ad-client=\"ca-pub-3035390706780632\" \ndata-ad-slot=\"\" \ndata-ad-format=\"auto\"><\/ins>\n<script> \n(adsbygoogle = window.adsbygoogle || []).push({}); \n<\/script>\n<\/div>\n<div class=\"wp-block-image\"><figure class=\"alignleft size-large is-resized\"><a href=\"https:\/\/www.moyenagepassion.com\/wp-content\/uploads\/2022\/07\/exposition-medecine-medievale-Paris-Tour-Jean-Sans-Peur.jpg\"><img decoding=\"async\" src=\"https:\/\/www.moyenagepassion.com\/wp-content\/uploads\/2022\/07\/exposition-medecine-medievale-Paris-Tour-Jean-Sans-Peur.jpg\" alt=\"\" class=\"wp-image-45183\" width=\"152\" height=\"254\"\/><\/a><\/figure><\/div>\n\n\n\n<p><strong>Sujet<\/strong>&nbsp;: science m\u00e9di\u00e9vale, savant,  m\u00e9decine m\u00e9di\u00e9vale, sant\u00e9,  m\u00e9decin m\u00e9di\u00e9val, pratique m\u00e9dicales, pratiques chirurgicales, diagnostic, posologie, pharmacop\u00e9e, sant\u00e9 publique.<br><strong>P\u00e9riode&nbsp;<\/strong>: Moyen \u00c2ge central \u00e0 tardif<br><strong>Exposition :<\/strong>&nbsp;<em>La Sant\u00e9 au Moyen-\u00e2ge<\/em><br><strong>Lieu :<\/strong>&nbsp;Tour Jean-Sans-Peur,&nbsp;20 Rue \u00c9tienne Marcel, 75002 Paris<br><strong>Dates:&nbsp;<\/strong>de juin 2022 au 12 mars 2023<\/p>\n\n\n\n<p>Bonjour \u00e0 tous,<\/p>\n\n\n\n<div class=\"wp-block-image\"><figure class=\"alignleft size-large\"><img decoding=\"async\" width=\"84\" height=\"103\" src=\"https:\/\/www.moyenagepassion.com\/wp-content\/uploads\/2018\/10\/S_lettrine_moyen_age_passion.jpg\" alt=\"\" class=\"wp-image-23904\"\/><\/figure><\/div>\n\n\n\n<p class=\"classe text_justify\">ur l&rsquo;agenda des \u00e9v\u00e9nements d&rsquo;int\u00e9r\u00eat, si vous \u00eates sur Paris ou que vous y passez, ne manquez pas de faire un crochet par la Tour Jean-Sans-Peur pour y d\u00e9couvrir une belle exposition sur la sant\u00e9 et sur la m\u00e9decine au Moyen \u00c2ge. Lanc\u00e9e depuis le 22 juin, elle y restera visible jusqu&rsquo;au 12 mars 2023. <\/p>\n\n\n\n<h2 class=\"wp-block-heading\">Sant\u00e9, m\u00e9decine et chirurgie m\u00e9di\u00e9vales <br>sous toutes les coutures<\/h2>\n\n\n\n<p class=\"classe text_justify\">Avec pr\u00e8s de cent documents expos\u00e9s, cette exposition sur la m\u00e9decine m\u00e9di\u00e9vale propose aux visiteurs de se glisser tant\u00f4t dans la peau du praticien ou du malade. Son programme se d\u00e9cline aussi en des th\u00e8mes vari\u00e9s, favorisant une large balayage du sujet. <\/p>\n\n\n\n<h3 class=\"wp-block-heading\">Principes de sant\u00e9 &amp; pratiques m\u00e9dicales<\/h3>\n\n\n\n<div class=\"wp-block-image\"><figure class=\"alignright size-full is-resized\"><a href=\"https:\/\/www.moyenagepassion.com\/wp-content\/uploads\/2022\/07\/agenda-exposition-medecine-medievale-sante-Moyen-Age.jpg\"><img decoding=\"async\" src=\"https:\/\/www.moyenagepassion.com\/wp-content\/uploads\/2022\/07\/agenda-exposition-medecine-medievale-sante-Moyen-Age.jpg\" alt=\"La Sant\u00e9 au Moyen \u00c2ge - Exposition sur la m\u00e9decine m\u00e9di\u00e9vale - Paris\" class=\"wp-image-45185\" width=\"239\" height=\"336\" srcset=\"https:\/\/www.moyenagepassion.com\/wp-content\/uploads\/2022\/07\/agenda-exposition-medecine-medievale-sante-Moyen-Age.jpg 380w, https:\/\/www.moyenagepassion.com\/wp-content\/uploads\/2022\/07\/agenda-exposition-medecine-medievale-sante-Moyen-Age-213x300.jpg 213w\" sizes=\"(max-width: 239px) 100vw, 239px\" \/><\/a><\/figure><\/div>\n\n\n\n<p class=\"classe text_justify\">Th\u00e9orie des humeurs, principes des analogies (couleur, formes) et des signatures, ou encore pr\u00e9vention et r\u00e9gime di\u00e9t\u00e9tique dans la droite ligne d&rsquo;Avicenne ou de l&rsquo;<a href=\"https:\/\/www.moyenagepassion.com\/index.php\/2016\/12\/07\/la-sagesse-de-lecole-de-salerne-et-la-medecine-du-moyen-age-central-heritiere-des-civilisations-mediterraneennes\/\">Ecole de Salerne<\/a>, venez d\u00e9couvrir les dessous th\u00e9oriques des pratiques m\u00e9dicales m\u00e9di\u00e9vales, ainsi que leur diffusion de la fin du haut moyen-\u00e2ge au moyen \u00c2ge tardif. <\/p>\n\n\n\n<p class=\"classe text_justify\">On y verra aussi comment la religion, l&rsquo;astrologie, mais aussi des principes magiques restaient alors \u00e9troitement intriqu\u00e9s aux pratiques m\u00e9dicales du c\u00f4t\u00e9 du praticien comme du patient (sur la partie religieuse, on pourra se r\u00e9f\u00e9rer, par exemple, aux pri\u00e8res de gu\u00e9rison pr\u00e9conis\u00e9es par Hildegarde de Bingen). Quant \u00e0 l&rsquo;exp\u00e9rimentation, la m\u00e9decine m\u00e9di\u00e9vale ouvre de nouveaux espaces de recherche en mati\u00e8re d&rsquo;anatomie comme en mati\u00e8re de traitements exp\u00e9rimentaux d&rsquo;une fa\u00e7on que n&rsquo;aurait sans doute pas d\u00e9savou\u00e9 Roger Bacon ( tous ces aspects devraient rappeler des souvenirs \u00e0 ceux qui ont lu notre roman <em><a href=\"https:\/\/www.moyenagepassion.com\/index.php\/2019\/03\/14\/roman-aventure-medievale-frere-devant-dieu-ou-la-tentation-de-lalchimiste-moyen-age\/\">Fr\u00e8res devant Dieu ou la tentation de l&rsquo;Alchimiste <\/a><\/em><a href=\"https:\/\/www.moyenagepassion.com\/index.php\/2019\/03\/14\/roman-aventure-medievale-frere-devant-dieu-ou-la-tentation-de-lalchimiste-moyen-age\/\">)<\/a>. L&rsquo;exposition fera \u00e9galement la lumi\u00e8re sur le corps humain au Moyen \u00c2ge et une vision de son fonctionnement souvent attach\u00e9e \u00e0 de nombreuses analogies : le foie alambic, la panse chaudron, etc\u2026<\/p>\n\n\n\n<h3 class=\"wp-block-heading\">Trousse du m\u00e9decin m\u00e9di\u00e9val &amp; chirurgie<\/h3>\n\n\n\n<p class=\"classe text_justify\">Comment le m\u00e9decin m\u00e9di\u00e9val \u00e9tablit-il un diagnostic et, une fois ce dernier pos\u00e9, comment engage-t-il l&rsquo;acte m\u00e9dical ? Mais encore que transporte-t-il avec lui dans sa trousse \u00e0 outils ? Pansements, traitements d&rsquo;urgence, m\u00e9dicaments, dosages\u2026  Cette partie de l&rsquo;exposition approche toutes ces questions et s&rsquo;y ajoute un large crochet par la chirurgie au Moyen-\u00e2ge : diagnostic, examens, intervention, convalescence, etc&#8230;  Autant de pratiques fascinantes et \u00e9labor\u00e9es, dont certaines vont vous faire adorer, encore plus, le monde moderne (effet garantie !).<\/p>\n\n\n\n<div class=\"wp-block-image\"><figure class=\"aligncenter size-full\"><a href=\"https:\/\/www.moyenagepassion.com\/wp-content\/uploads\/2022\/07\/medecine-medievale-pharmacopee-diagnostique-pratiques-medicales.jpg\"><img decoding=\"async\" width=\"650\" height=\"375\" src=\"https:\/\/www.moyenagepassion.com\/wp-content\/uploads\/2022\/07\/medecine-medievale-pharmacopee-diagnostique-pratiques-medicales.jpg\" alt=\"\" class=\"wp-image-45189\" srcset=\"https:\/\/www.moyenagepassion.com\/wp-content\/uploads\/2022\/07\/medecine-medievale-pharmacopee-diagnostique-pratiques-medicales.jpg 650w, https:\/\/www.moyenagepassion.com\/wp-content\/uploads\/2022\/07\/medecine-medievale-pharmacopee-diagnostique-pratiques-medicales-300x173.jpg 300w\" sizes=\"(max-width: 650px) 100vw, 650px\" \/><\/a><figcaption>Os de Seiche, Poudre de Momie : d\u00e9tail d&rsquo;enluminures du MS Fran\u00e7ais 12322, <strong>\u00ab\u00a0Platearius<\/strong>,Livre des simples m\u00e9decines, ou l&rsquo;Herboriste.\u00a0\u00bb , BnF d\u00e9partements des manuscrits.<\/figcaption><\/figure><\/div>\n\n\n\n<h3 class=\"wp-block-heading\">Sant\u00e9 publique &amp; profession m\u00e9dicale<\/h3>\n\n\n\n<p class=\"classe text_justify\">Gare aux miasmes et \u00e0 l&rsquo;air vici\u00e9, sus aux vapeurs m\u00e9phitiques et perfides qui contiennent assur\u00e9ment les promesses de maladies prochaines ! Peste, l\u00e8pre, mal des ardents, maux inconnus, durant la p\u00e9riode m\u00e9di\u00e9vales, la sant\u00e9 publique sera mise au d\u00e9fi bien des fois. L&rsquo;exposition vous proposera, ici, une incursion du c\u00f4t\u00e9 du d\u00e9veloppement de la profession m\u00e9dicale (r\u00e9seaux, implantation, universit\u00e9s et dipl\u00f4mes, contr\u00f4le de la pratique), mais aussi des \u00e9tablissements hospitaliers au Moyen-\u00e2ge central.<\/p>\n\n\n\n<h3 class=\"wp-block-heading\">Les maladies au Moyen \u00c2ge<\/h3>\n\n\n\n<div class=\"wp-block-image\"><figure class=\"aligncenter size-large\"><a href=\"https:\/\/www.moyenagepassion.com\/wp-content\/uploads\/2022\/07\/boutique-apothicaire-sante-Moyen-Age-posologie-medicaments-medecine-medivale.jpg\"><img decoding=\"async\" width=\"600\" height=\"391\" src=\"https:\/\/www.moyenagepassion.com\/wp-content\/uploads\/2022\/07\/boutique-apothicaire-sante-Moyen-Age-posologie-medicaments-medecine-medivale.jpg\" alt=\"\" class=\"wp-image-45191\" srcset=\"https:\/\/www.moyenagepassion.com\/wp-content\/uploads\/2022\/07\/boutique-apothicaire-sante-Moyen-Age-posologie-medicaments-medecine-medivale.jpg 600w, https:\/\/www.moyenagepassion.com\/wp-content\/uploads\/2022\/07\/boutique-apothicaire-sante-Moyen-Age-posologie-medicaments-medecine-medivale-300x196.jpg 300w\" sizes=\"(max-width: 600px) 100vw, 600px\" \/><\/a><figcaption>Apothicaire, Fran\u00e7ais 218, Barth\u00e9l\u00e9my l&rsquo;Anglais, Livre des propri\u00e9t\u00e9s des choses, traduit du latin par Jean Corbechon, (1485) BnF, D\u00e9partement des Manuscrits<\/figcaption><\/figure><\/div>\n\n\n\n<p class=\"classe text_justify\">Enfin c&rsquo;est un des derniers grands th\u00e8mes de cet \u00e9v\u00e9nement \u00e0 la Tour Jean-Sans-Peur, vous serez invit\u00e9 \u00e0 un d\u00e9tour sur les maladies et leur d\u00e9finition au Moyen-\u00c2ge :  une longue liste \u00e0 la Pr\u00e9vert un peu sp\u00e9ciale, du petit bobo au grand fl\u00e9au pour une m\u00e9decine qui tente d\u00e9j\u00e0 d&rsquo;apporter des r\u00e9ponses sur tous les terrains avec des pharmacop\u00e9es diverses et pas toujours conventionnelles : vous allez me prendre deux cuill\u00e9r\u00e9es \u00e0 caf\u00e9 de poudre de momie et une pinc\u00e9e d&rsquo;Os de Seiche et vous verrez qu&rsquo;apr\u00e8s une saign\u00e9e ou deux, vous irez tout de suite mieux. <\/p>\n\n\n\n<p class=\"classe text_justify\"><strong>Commissaire de l&rsquo;Exposition<\/strong> : Dani\u00e8le Alexandre Bidon. Les \u00e9crits de cette imminente, historienne et m\u00e9di\u00e9viste de L&rsquo;EHESS nous avait d\u00e9j\u00e0 servi de guide \u00e0 l&rsquo;occasion d&rsquo;un article sur <a href=\"https:\/\/www.moyenagepassion.com\/index.php\/2018\/01\/10\/mort-medievale-mort-moderne-idees-recues-approche-comparees-et-systeme-de-representations-1\/\">le statut de la mort et ses repr\u00e9sentations au Moyen \u00c2ge<\/a>. <\/p>\n\n\n\n<p>Pour plus d&rsquo;informations, d\u00e9tail, horaires sur cette exposition, <a href=\"https:\/\/tourjeansanspeursite.wordpress.com\/\">rendez-vous sur le site web de la Tour Jean-Sans-Peur<\/a> <\/p>\n\n\n\n<p>En vous souhaitant une belle journ\u00e9e.<\/p>\n\n\n\n<p>Fred<br>Pour moyenagepassion.com<br><em><strong>A la d\u00e9couverte du Moyen-\u00e2ge sous toutes ses formes.<\/strong><\/em><\/p>\n\n\n\n<p class=\"has-small-font-size\">NB : l&rsquo;enluminure en-t\u00eate d&rsquo;article est tir\u00e9e du \u00ab\u00a0<em>Livre des propri\u00e9t\u00e9s des choses de Bath\u00e9lemy l&rsquo;Anglais<\/em>\u00a0\u00bb , traduit du latin par Jean Corbichon. Ce manuscrit m\u00e9di\u00e9val du XVe si\u00e8cle est conserv\u00e9 au D\u00e9partement des manuscrits de la Bnf sous la cote Fran\u00e7ais 22534.<\/p>\n","protected":false},"excerpt":{"rendered":"<p>Sujet&nbsp;: science m\u00e9di\u00e9vale, savant, m\u00e9decine m\u00e9di\u00e9vale, sant\u00e9, m\u00e9decin m\u00e9di\u00e9val, pratique m\u00e9dicales, pratiques chirurgicales, diagnostic, posologie, pharmacop\u00e9e, sant\u00e9 publique.P\u00e9riode&nbsp;: Moyen \u00c2ge central \u00e0 tardifExposition :&nbsp;La Sant\u00e9 au Moyen-\u00e2geLieu :&nbsp;Tour Jean-Sans-Peur,&nbsp;20 Rue \u00c9tienne Marcel, 75002 ParisDates:&nbsp;de juin 2022 au 12 mars 2023 Bonjour \u00e0 tous, ur l&rsquo;agenda des \u00e9v\u00e9nements d&rsquo;int\u00e9r\u00eat, si vous \u00eates sur Paris ou que &hellip; <a href=\"https:\/\/www.moyenagepassion.com\/index.php\/2022\/07\/08\/exposition-tout-sur-la-medecine-medievale-a-la-tour-jean-sans-peur\/\" class=\"more-link\">Continuer la lecture de <span class=\"screen-reader-text\">Exposition : tout sur la m\u00e9decine m\u00e9di\u00e9vale \u00e0 la tour Jean-Sans-Peur<\/span>  <span class=\"meta-nav\">&rarr;<\/span><\/a><\/p>\n","protected":false},"author":2,"featured_media":45188,"comment_status":"open","ping_status":"open","sticky":false,"template":"","format":"standard","meta":{"_monsterinsights_skip_tracking":false,"_monsterinsights_sitenote_active":false,"_monsterinsights_sitenote_note":"","_monsterinsights_sitenote_category":0,"footnotes":""},"categories":[11,2174],"tags":[5820,2417,4377,5822,182,5587,5729,5727,4307,5824,5823,5821,2105,5825,510,2069,3823],"class_list":["post-45180","post","type-post","status-publish","format-standard","has-post-thumbnail","hentry","category-fetes-medievales-evenement","category-medecine-medievale","tag-diagnostic","tag-exposition","tag-medecin-medieval","tag-medecine-medievale-sante-medieval","tag-monde-medieval","tag-moyen-age-2","tag-moyen-age-central-2","tag-moyen-age-tardif-3","tag-pharmacopee","tag-posologie","tag-pratique-medicales","tag-pratiques-chirurgicales","tag-sante","tag-sante-publique","tag-savant","tag-science-medievale","tag-tour-jean-sans-peur"],"aioseo_notices":[],"_links":{"self":[{"href":"https:\/\/www.moyenagepassion.com\/index.php\/wp-json\/wp\/v2\/posts\/45180"}],"collection":[{"href":"https:\/\/www.moyenagepassion.com\/index.php\/wp-json\/wp\/v2\/posts"}],"about":[{"href":"https:\/\/www.moyenagepassion.com\/index.php\/wp-json\/wp\/v2\/types\/post"}],"author":[{"embeddable":true,"href":"https:\/\/www.moyenagepassion.com\/index.php\/wp-json\/wp\/v2\/users\/2"}],"replies":[{"embeddable":true,"href":"https:\/\/www.moyenagepassion.com\/index.php\/wp-json\/wp\/v2\/comments?post=45180"}],"version-history":[{"count":17,"href":"https:\/\/www.moyenagepassion.com\/index.php\/wp-json\/wp\/v2\/posts\/45180\/revisions"}],"predecessor-version":[{"id":45205,"href":"https:\/\/www.moyenagepassion.com\/index.php\/wp-json\/wp\/v2\/posts\/45180\/revisions\/45205"}],"wp:featuredmedia":[{"embeddable":true,"href":"https:\/\/www.moyenagepassion.com\/index.php\/wp-json\/wp\/v2\/media\/45188"}],"wp:attachment":[{"href":"https:\/\/www.moyenagepassion.com\/index.php\/wp-json\/wp\/v2\/media?parent=45180"}],"wp:term":[{"taxonomy":"category","embeddable":true,"href":"https:\/\/www.moyenagepassion.com\/index.php\/wp-json\/wp\/v2\/categories?post=45180"},{"taxonomy":"post_tag","embeddable":true,"href":"https:\/\/www.moyenagepassion.com\/index.php\/wp-json\/wp\/v2\/tags?post=45180"}],"curies":[{"name":"wp","href":"https:\/\/api.w.org\/{rel}","templated":true}]}}