{"id":4522,"date":"2016-06-10T21:35:22","date_gmt":"2016-06-10T20:35:22","guid":{"rendered":"http:\/\/www.moyenagepassion.com\/?p=4522"},"modified":"2020-10-04T21:22:42","modified_gmt":"2020-10-04T20:22:42","slug":"festival-medieval-ce-week-end-les-33emes-medievales-de-provins","status":"publish","type":"post","link":"https:\/\/www.moyenagepassion.com\/index.php\/2016\/06\/10\/festival-medieval-ce-week-end-les-33emes-medievales-de-provins\/","title":{"rendered":"Festival m\u00e9di\u00e9val  ce week end: les 33\u00e8mes m\u00e9di\u00e9vales de Provins"},"content":{"rendered":"<div id=\"moyen-2227510628\" class=\"moyen-before-content moyen-entity-placement\"><script async src=\"\/\/pagead2.googlesyndication.com\/pagead\/js\/adsbygoogle.js?client=ca-pub-3035390706780632\" crossorigin=\"anonymous\"><\/script><ins class=\"adsbygoogle\" style=\"display:block;\" data-ad-client=\"ca-pub-3035390706780632\" \ndata-ad-slot=\"\" \ndata-ad-format=\"auto\"><\/ins>\n<script> \n(adsbygoogle = window.adsbygoogle || []).push({}); \n<\/script>\n<\/div><p><strong><a href=\"https:\/\/www.moyenagepassion.com\/wp-content\/uploads\/2016\/06\/proving_ville-historique_histoire_medievale_festival_festivites_moyen-age.jpg\"><img decoding=\"async\" class=\"alignleft wp-image-4544\" src=\"https:\/\/www.moyenagepassion.com\/wp-content\/uploads\/2016\/06\/proving_ville-historique_histoire_medievale_festival_festivites_moyen-age-264x300.jpg\" alt=\"proving_ville-historique_histoire_medievale_festival_festivites_moyen-age\" width=\"131\" height=\"149\" srcset=\"https:\/\/www.moyenagepassion.com\/wp-content\/uploads\/2016\/06\/proving_ville-historique_histoire_medievale_festival_festivites_moyen-age-264x300.jpg 264w, https:\/\/www.moyenagepassion.com\/wp-content\/uploads\/2016\/06\/proving_ville-historique_histoire_medievale_festival_festivites_moyen-age.jpg 600w\" sizes=\"(max-width: 131px) 100vw, 131px\" \/><\/a><br \/>\nSujet : <\/strong>\u00a0festival, les \u00a0m\u00e9di\u00e9vales de Provins, divertissement sortie, lieux d\u2019int\u00e9r\u00eat,<br \/>\n<strong>Lieu : <\/strong>\u00a0Provins, haut site historique, patrimoine mondial de l&rsquo;UNESCO<br \/>\n<strong>Dates <\/strong>: Samedi 11 et Dimanche \u00a012 juin 2016<\/p>\n<p><code><iframe src=\"https:\/\/www.youtube.com\/embed\/qqsuHzAygZE\" width=\"560\" height=\"315\" frameborder=\"0\" allowfullscreen=\"allowfullscreen\"><\/iframe><\/code><\/p>\n<p>Bonjour \u00e0 tous!<\/p>\n<p style=\"text-align: justify;\"><img decoding=\"async\" class=\"alignleft size-full wp-image-128\" src=\"https:\/\/www.moyenagepassion.com\/wp-content\/uploads\/2015\/12\/S_lettrine_moyen_age_passion.jpg\" alt=\"S_lettrine_moyen_age_passion\" width=\"84\" height=\"103\" \/>i vous avez un peu de temps pour vous d\u00e9tendre cette fin de semaine\u00a0et que vous \u00eates autour de Paris, la cit\u00e9 de Provins vous propose ses 33e m\u00e9di\u00e9vales, un festival de taille \u00e0 ne pas manquer pour c\u00e9l\u00e9brer le monde m\u00e9di\u00e9val \u00e0 moins d&rsquo;une heure de distance de la Capitale.<\/p>\n<p><a href=\"https:\/\/www.moyenagepassion.com\/wp-content\/uploads\/2016\/06\/festival_medieval_provins_lieu_d-intere_patrimoine_historique_moyen-age.jpg\"><img decoding=\"async\" class=\"alignnone size-full wp-image-4536\" src=\"https:\/\/www.moyenagepassion.com\/wp-content\/uploads\/2016\/06\/festival_medieval_provins_lieu_d-intere_patrimoine_historique_moyen-age.jpg\" alt=\"festival_medieval_provins_lieu_d-intere_patrimoine_historique_moyen-age\" width=\"660\" height=\"330\" srcset=\"https:\/\/www.moyenagepassion.com\/wp-content\/uploads\/2016\/06\/festival_medieval_provins_lieu_d-intere_patrimoine_historique_moyen-age.jpg 660w, https:\/\/www.moyenagepassion.com\/wp-content\/uploads\/2016\/06\/festival_medieval_provins_lieu_d-intere_patrimoine_historique_moyen-age-300x150.jpg 300w\" sizes=\"(max-width: 660px) 100vw, 660px\" \/><\/a><\/p>\n<h2>Les 33e M\u00e9di\u00e9vales de Provins :<br \/>\nUn festival intense et ambitieux<\/h2>\n<p style=\"text-align: justify;\"><img decoding=\"async\" class=\"alignleft size-full wp-image-59\" src=\"https:\/\/www.moyenagepassion.com\/wp-content\/uploads\/2015\/12\/A_lettrine_moyen_age_passion.jpg\" alt=\"A_lettrine_moyen_age_passion\" width=\"84\" height=\"103\" \/>u programme: f\u00eate dans la joie et immersion dans le moyen-\u00e2ge r\u00e9aliste ou imaginaire r\u00e9cr\u00e9e par la ville de provins pour deux jours pleins de festival: concerts et ripailles, reconstitutions historiques, jeux, gastronomie, d\u00e9couverte de la vie quotidienne m\u00e9di\u00e9vale, ateliers participatifs (forge, cuisine, tissage, cuir, etc). art du rue, danses m\u00e9di\u00e9vales et animations \u00e0 ne plus les compter.\u00a0Il y aura m\u00eame de nombreux campements \u00e0 th\u00e8me (tir \u00e0 l&rsquo;arc, escrime m\u00e9di\u00e9vale, enluminure, cuir, vikings,&#8230;) dont un\u00a0sur le th\u00e8me de\u00a0Thibaut IV de <a href=\"https:\/\/www.moyenagepassion.com\/wp-content\/uploads\/2016\/06\/festival_medieval_voyage_patrimoine_france_historique_medievales_provins.jpg\"><img decoding=\"async\" class=\"wp-image-4535 alignright\" src=\"https:\/\/www.moyenagepassion.com\/wp-content\/uploads\/2016\/06\/festival_medieval_voyage_patrimoine_france_historique_medievales_provins.jpg\" alt=\"festival_medieval_voyage_patrimoine_france_historique_medievales_provins\" width=\"204\" height=\"291\" srcset=\"https:\/\/www.moyenagepassion.com\/wp-content\/uploads\/2016\/06\/festival_medieval_voyage_patrimoine_france_historique_medievales_provins.jpg 450w, https:\/\/www.moyenagepassion.com\/wp-content\/uploads\/2016\/06\/festival_medieval_voyage_patrimoine_france_historique_medievales_provins-211x300.jpg 211w\" sizes=\"(max-width: 204px) 100vw, 204px\" \/><\/a>Champagne ou <a href=\"https:\/\/www.moyenagepassion.com\/index.php\/2016\/06\/05\/au-temps-plein-de-felonie-thibaut-de-champagne\/\" target=\"_blank\" rel=\"noopener noreferrer\">Thibaut le chansonnier<\/a>, roi troubadour de Navarre et comte de Champagne dont nous avons d\u00e9j\u00e0 eu l&rsquo;occasion de vous parler \u00e0 plusieurs reprises sur ce site.<\/p>\n<p style=\"text-align: justify;\">Du c\u00f4t\u00e9 spectacles de rue et animations, le festival vous r\u00e9galera encore de th\u00e9\u00e2tre comique autour de la l\u00e9gende d&rsquo;Arthur et des chevaliers de la table ronde (Compagnie Crealid), de spectacles \u00e9questres \u00e0 la poursuite de la l\u00e9gende des chevaliers et bien s\u00fbr de nombreux troubadours, jongleurs, \u00e9quilibristes et autres saltimbanques venus pour ravir vos sens et vous transporter quelques sept ou huit si\u00e8cles en arri\u00e8re.\u00a0La tr\u00e8s joyeuse et dynamique compagnie\u00a0\u00a0Gueule de Loup sera aussi sur place et il y aura encore, <a href=\"https:\/\/www.moyenagepassion.com\/wp-content\/uploads\/2016\/06\/provins_festival_medievales_33_lieux_interets_moyen-age.jpg\"><img decoding=\"async\" class=\"alignleft wp-image-4547\" src=\"https:\/\/www.moyenagepassion.com\/wp-content\/uploads\/2016\/06\/provins_festival_medievales_33_lieux_interets_moyen-age-247x300.jpg\" alt=\"provins_festival_medievales_33_lieux_interets_moyen-age\" width=\"214\" height=\"259\" srcset=\"https:\/\/www.moyenagepassion.com\/wp-content\/uploads\/2016\/06\/provins_festival_medievales_33_lieux_interets_moyen-age-247x300.jpg 247w, https:\/\/www.moyenagepassion.com\/wp-content\/uploads\/2016\/06\/provins_festival_medievales_33_lieux_interets_moyen-age.jpg 280w\" sizes=\"(max-width: 214px) 100vw, 214px\" \/><\/a>des\u00a0 caravanes de marchands venues de pays lointains qui d\u00e9ambuleront dans la ville; vous pourrez m\u00eame d&rsquo;ailleurs vous essayer \u00e0 des balades \u00e0 dos de chameaux\u00a0\u00a0si le coeur vous en dit!<\/p>\n<p style=\"text-align: justify;\">Bref, j&rsquo;en passe, mais une chose est s\u00fbre quand Provins se met \u00e0 l&rsquo;\u00e2ge m\u00e9di\u00e9val, tout est fait pour que vous y trouviez votre plaisir et votre divertissement. Sachez encore que des navettes gratuites sont organis\u00e9es\u00a0dans la ville, tout au long des deux jours du festival pour vous faciliter les acc\u00e8s \u00e0 toutes ces r\u00e9jouissances. Pour plus de d\u00e9tail le <a href=\"http:\/\/www.provins-medieval.com\/wp-content\/uploads\/2016\/05\/PROVINS_PROGRAMME_FR_2016_12p_web.pdf\" target=\"_blank\" rel=\"noopener noreferrer\">programme des festivit\u00e9s des 33e m\u00e9di\u00e9vales de Provins <\/a>est ici. Vous pouvez aussi consulter <a href=\"http:\/\/www.provins-medieval.com\/\" target=\"_blank\" rel=\"noopener noreferrer\">le site web des 33e m\u00e9di\u00e9vales ici.<\/a><\/p>\n<p style=\"text-align: justify;\"><a href=\"https:\/\/www.moyenagepassion.com\/wp-content\/uploads\/2016\/06\/festival_medievales_provins_patrimoine_histoire_medievale_moyen_age.jpg\"><img decoding=\"async\" class=\"alignnone size-full wp-image-4542\" src=\"https:\/\/www.moyenagepassion.com\/wp-content\/uploads\/2016\/06\/festival_medievales_provins_patrimoine_histoire_medievale_moyen_age.jpg\" alt=\"festival_medievales_provins_patrimoine_histoire_medievale_moyen_age\" width=\"595\" height=\"406\" srcset=\"https:\/\/www.moyenagepassion.com\/wp-content\/uploads\/2016\/06\/festival_medievales_provins_patrimoine_histoire_medievale_moyen_age.jpg 595w, https:\/\/www.moyenagepassion.com\/wp-content\/uploads\/2016\/06\/festival_medievales_provins_patrimoine_histoire_medievale_moyen_age-300x205.jpg 300w\" sizes=\"(max-width: 595px) 100vw, 595px\" \/><\/a><\/p>\n<h2>La ville de Provins<br \/>\nAu coeur de l&rsquo;histoire m\u00e9di\u00e9vale<\/h2>\n<p style=\"text-align: justify;\"><img decoding=\"async\" class=\"alignleft size-full wp-image-50\" src=\"https:\/\/www.moyenagepassion.com\/wp-content\/uploads\/2015\/12\/D_lettrine_moyen_age_passion.jpg\" alt=\"D_lettrine_moyen_age_passion\" width=\"84\" height=\"103\" \/>ot\u00e9e d&rsquo;un tr\u00e8s beau patrimoine historique et m\u00e9di\u00e9val, la ville de Provins a conserv\u00e9, \u00e0 ce jour, pr\u00e8s de soixante monuments historiques class\u00e9s ou inscrits au registre du patrimoine. Elle peut \u00eatre, \u00e0 juste titre, consid\u00e9r\u00e9e comme une v\u00e9ritable t\u00e9moin de l&rsquo;histoire de l\u2019architecture militaire, civile et religieuse et de l&rsquo;Histoire de France mais aussi de l&rsquo;Europe commerciale et marchande. De fait, en 2001, la valeur historique de <img decoding=\"async\" class=\"alignright wp-image-4548\" src=\"https:\/\/www.moyenagepassion.com\/wp-content\/uploads\/2016\/06\/monde_medieval_provins_moyen-age_ville_patrimoine_mondial_unesco-300x166.jpg\" alt=\"monde_medieval_provins_moyen-age_ville_patrimoine_mondial_unesco\" width=\"188\" height=\"103\" srcset=\"https:\/\/www.moyenagepassion.com\/wp-content\/uploads\/2016\/06\/monde_medieval_provins_moyen-age_ville_patrimoine_mondial_unesco-300x166.jpg 300w, https:\/\/www.moyenagepassion.com\/wp-content\/uploads\/2016\/06\/monde_medieval_provins_moyen-age_ville_patrimoine_mondial_unesco.jpg 350w\" sizes=\"(max-width: 188px) 100vw, 188px\" \/>la ville \u00e0 \u00e9t\u00e9 reconnue mondialement puisqu&rsquo;elle a \u00e9t\u00e9 class\u00e9e sur la liste du Patrimoine Mondial de l&rsquo;UNESCO.<\/p>\n<p style=\"text-align: justify;\">Provins a vu passer plus d&rsquo;un personnage illustre de l&rsquo;Histoire de France. Clovis \u00a0s&#8217;empara de son Castrum Romain \u00e0 la fin du Ve si\u00e8cle et plus tard, on sait que Charlemagne y envoya ses \u00ab\u00a0missi dominici\u00a0\u00bb, hauts fonctionnaires royaux tr\u00e8s proches du roi que ce dernier mandait dans les points les plus importants du royaume afin d&rsquo;en contr\u00f4ler la bonne marche.<\/p>\n<figure id=\"attachment_4538\" aria-describedby=\"caption-attachment-4538\" style=\"width: 600px\" class=\"wp-caption alignleft\"><a href=\"https:\/\/www.moyenagepassion.com\/wp-content\/uploads\/2016\/06\/provins_ville_medievale_patrimoine_historique_donjon_tour_cesar.jpg\"><img decoding=\"async\" class=\"size-full wp-image-4538\" src=\"https:\/\/www.moyenagepassion.com\/wp-content\/uploads\/2016\/06\/provins_ville_medievale_patrimoine_historique_donjon_tour_cesar.jpg\" alt=\"La majestueuse tour C\u00e9sar de Provins, \u00e9lev\u00e9e sur une motte artificielle et datant du XIIe si\u00e8cle\" width=\"600\" height=\"412\" srcset=\"https:\/\/www.moyenagepassion.com\/wp-content\/uploads\/2016\/06\/provins_ville_medievale_patrimoine_historique_donjon_tour_cesar.jpg 600w, https:\/\/www.moyenagepassion.com\/wp-content\/uploads\/2016\/06\/provins_ville_medievale_patrimoine_historique_donjon_tour_cesar-300x206.jpg 300w\" sizes=\"(max-width: 600px) 100vw, 600px\" \/><\/a><figcaption id=\"caption-attachment-4538\" class=\"wp-caption-text\">La majestueuse tour C\u00e9sar de Provins, \u00e9lev\u00e9e sur une motte artificielle et datant du XIIe si\u00e8cle<\/figcaption><\/figure>\n<p style=\"text-align: justify;\">Plus tard et d\u00e8s l&rsquo;an mille, la ville s&rsquo;impose comme un carrefour commercial de premi\u00e8re importance.\u00a0L&rsquo;\u00e9conomie y sera florissante et elle attirera alors \u00e0 elle de nombreux habitants et marchands.\u00a0Durant le\u00a0XIIIe si\u00e8cle, on fortifiera la ville en y faisant construire\u00a0des remparts de plus de cinq kilom\u00e8tres de long pour prot\u00e9ger ses gens et ses richesses.\u00a0B\u00e9n\u00e9ficiant \u00a0de la protection des comtes de Champagne, la ville conna\u00eetra \u00e9galement le tr\u00e8s c\u00e9l\u00e8bre roi guerrier troubadour, <a href=\"https:\/\/www.moyenagepassion.com\/index.php\/2016\/02\/09\/le-chant-de-croisade-de-thibaut-de-champagne-troubadour-du-xiiie-siecle\/\" target=\"_blank\" rel=\"noopener noreferrer\">Thibaud le Chansonnier<\/a> ou<a href=\"https:\/\/www.moyenagepassion.com\/index.php\/2016\/06\/05\/au-temps-plein-de-felonie-thibaut-de-champagne\/\">\u00a0Thibaud IV de<\/a><br \/>\n<a href=\"https:\/\/www.moyenagepassion.com\/index.php\/2016\/06\/05\/au-temps-plein-de-felonie-thibaut-de-champagne\/\"> Champagne<\/a>, vassal de Philippe Auguste et de Saint Louis, dont nous vous parlions \u00a0plus haut\u00a0\u00a0dans cet article..<\/p>\n<figure id=\"attachment_4540\" aria-describedby=\"caption-attachment-4540\" style=\"width: 600px\" class=\"wp-caption aligncenter\"><img decoding=\"async\" class=\"wp-image-4540 size-full\" src=\"https:\/\/www.moyenagepassion.com\/wp-content\/uploads\/2016\/06\/festival_monde_medieval_provins_histoire_moyen-age_remparts_fortifications.jpg\" alt=\"festival_monde_medieval_provins_histoire_moyen-age_remparts_fortifications\" width=\"600\" height=\"377\" srcset=\"https:\/\/www.moyenagepassion.com\/wp-content\/uploads\/2016\/06\/festival_monde_medieval_provins_histoire_moyen-age_remparts_fortifications.jpg 600w, https:\/\/www.moyenagepassion.com\/wp-content\/uploads\/2016\/06\/festival_monde_medieval_provins_histoire_moyen-age_remparts_fortifications-300x189.jpg 300w\" sizes=\"(max-width: 600px) 100vw, 600px\" \/><figcaption id=\"caption-attachment-4540\" class=\"wp-caption-text\">Les Hauts remparts de la ville, t\u00e9moin de l&rsquo;opulence \u00e9conomique de Provins au XIIIe si\u00e8cle<\/figcaption><\/figure>\n<p style=\"text-align: justify;\">Provins\u00a0sera alors devenue une ville de majeure importance avec plus de 80 000 habitants ce qui en fera la troisi\u00e8me ville de France et les c\u00e9l\u00e8bres foires de Champagne du XIIe et XIIIe si\u00e8cles consacreront encore son grand renom. \u00a0En 1429, la ville verra aussi Charles VII et sa cour, en compagnie de\u00a0Jeanne d&rsquo;Arc, communier ensemble autour <a href=\"https:\/\/www.moyenagepassion.com\/wp-content\/uploads\/2016\/06\/provins_patrimoine_histoire_france_medievale_Coll\u00e9giale_Saint_Quiriace.jpg\"><img decoding=\"async\" class=\"size-medium wp-image-4545 alignright\" src=\"https:\/\/www.moyenagepassion.com\/wp-content\/uploads\/2016\/06\/provins_patrimoine_histoire_france_medievale_Coll\u00e9giale_Saint_Quiriace-263x300.jpg\" alt=\"provins_patrimoine_histoire_france_medievale_Coll\u00e9giale_Saint_Quiriace\" width=\"263\" height=\"300\" srcset=\"https:\/\/www.moyenagepassion.com\/wp-content\/uploads\/2016\/06\/provins_patrimoine_histoire_france_medievale_Coll\u00e9giale_Saint_Quiriace-263x300.jpg 263w, https:\/\/www.moyenagepassion.com\/wp-content\/uploads\/2016\/06\/provins_patrimoine_histoire_france_medievale_Coll\u00e9giale_Saint_Quiriace.jpg 746w\" sizes=\"(max-width: 263px) 100vw, 263px\" \/><\/a>d&rsquo;une messe dans son \u00e9glise du XIIe si\u00e8cle,\u00a0la\u00a0coll\u00e9giale Saint-Quiriace <span style=\"color: #808080;\">(photo \u00e0 droite)<\/span>.\u00a0\u00a0A\u00a0la fin du XVe si\u00e8cle, le roi\u00a0Louis XI dit le Prudent, visitera m\u00eame la ville.<\/p>\n<p style=\"text-align: justify;\">Quand il s&rsquo;agit de faire revivre et d&rsquo;animer sa propre Histoire.\u00a0la ville de Provins n&rsquo;en est pas \u00e0 son galop d&rsquo;essai et loin de l\u00e0. Elle propose en effet, tout au long de l&rsquo;ann\u00e9e, de nombreux \u00e9v\u00e9nements et visites de ses monuments ou de ses rues, \u00e0 la d\u00e9couverte de son patrimoine et, pour ce qui nous int\u00e9resse, de la p\u00e9riode m\u00e9di\u00e9vale de son Histoire. Avec les 33e m\u00e9di\u00e9vales, l&rsquo;ambition est clairement de faire de cet \u00e9v\u00e9nement l&rsquo;un des plus grand festival de France sur le moyen-\u00e2ge.\u00a0Nul doute qu&rsquo;avec l&rsquo;exp\u00e9rience acquise, les efforts fournis, la qualit\u00e9 patrimoniale et monumentale de cette belle ville, et encore l&rsquo;exceptionnel programme des festivit\u00e9s, le pari sera r\u00e9ussi. Alors, encore une fois, si le coeur vous en dit, voil\u00e0 une tr\u00e8s belle sortie pour \u00e9gayer cette fin de semaine et la finir dans la joie!<\/p>\n<p style=\"text-align: justify;\">Une merveilleuse journ\u00e9e \u00e0 tous et, par dessus tout, joie et longue vie!<\/p>\n<p>Fred<br \/>\nPour moyenagepassion.com<br \/>\n<em><strong>\u00ab\u00a0A la d\u00e9couverte du monde m\u00e9di\u00e9val sous toutes ses formes\u00a0\u00bb<\/strong><\/em><\/p>\n","protected":false},"excerpt":{"rendered":"<p>Sujet : \u00a0festival, les \u00a0m\u00e9di\u00e9vales de Provins, divertissement sortie, lieux d\u2019int\u00e9r\u00eat, Lieu : \u00a0Provins, haut site historique, patrimoine mondial de l&rsquo;UNESCO Dates : Samedi 11 et Dimanche \u00a012 juin 2016 Bonjour \u00e0 tous! i vous avez un peu de temps pour vous d\u00e9tendre cette fin de semaine\u00a0et que vous \u00eates autour de Paris, la cit\u00e9 &hellip; <a href=\"https:\/\/www.moyenagepassion.com\/index.php\/2016\/06\/10\/festival-medieval-ce-week-end-les-33emes-medievales-de-provins\/\" class=\"more-link\">Continuer la lecture de <span class=\"screen-reader-text\">Festival m\u00e9di\u00e9val  ce week end: les 33\u00e8mes m\u00e9di\u00e9vales de Provins<\/span>  <span class=\"meta-nav\">&rarr;<\/span><\/a><\/p>\n","protected":false},"author":2,"featured_media":0,"comment_status":"open","ping_status":"open","sticky":false,"template":"","format":"standard","meta":{"_monsterinsights_skip_tracking":false,"_monsterinsights_sitenote_active":false,"_monsterinsights_sitenote_note":"","_monsterinsights_sitenote_category":0,"footnotes":""},"categories":[11,13],"tags":[1226,1225,125,1230,136,632,1233,189,520,1382,1221,1228,1231,22,1227,182,1224,18,391,1220,261,1836,1222,1223,1428,514,518,138],"class_list":["post-4522","post","type-post","status-publish","format-standard","hentry","category-fetes-medievales-evenement","category-lieux-moyen-age-medievaux","tag-33e-medievales","tag-blason-provins","tag-chevalier","tag-detente","tag-festival","tag-festival-medieval","tag-festivites","tag-histoire","tag-histoire-medievale","tag-idees-sorties","tag-jongleurs","tag-les-medievales-de-provins","tag-loisir","tag-medievale","tag-medievales","tag-monde-medieval","tag-monuments-classes","tag-moyen-age","tag-patrimoine-historique","tag-provins","tag-reconstitution-historique","tag-sorties-week-end","tag-thibaud-de-champagne","tag-thibaud-de-navarre","tag-thibault-de-navarre","tag-thibaut-de-champagne","tag-thibaut-le-chansonnier","tag-troubadour"],"aioseo_notices":[],"_links":{"self":[{"href":"https:\/\/www.moyenagepassion.com\/index.php\/wp-json\/wp\/v2\/posts\/4522"}],"collection":[{"href":"https:\/\/www.moyenagepassion.com\/index.php\/wp-json\/wp\/v2\/posts"}],"about":[{"href":"https:\/\/www.moyenagepassion.com\/index.php\/wp-json\/wp\/v2\/types\/post"}],"author":[{"embeddable":true,"href":"https:\/\/www.moyenagepassion.com\/index.php\/wp-json\/wp\/v2\/users\/2"}],"replies":[{"embeddable":true,"href":"https:\/\/www.moyenagepassion.com\/index.php\/wp-json\/wp\/v2\/comments?post=4522"}],"version-history":[{"count":1,"href":"https:\/\/www.moyenagepassion.com\/index.php\/wp-json\/wp\/v2\/posts\/4522\/revisions"}],"predecessor-version":[{"id":34129,"href":"https:\/\/www.moyenagepassion.com\/index.php\/wp-json\/wp\/v2\/posts\/4522\/revisions\/34129"}],"wp:attachment":[{"href":"https:\/\/www.moyenagepassion.com\/index.php\/wp-json\/wp\/v2\/media?parent=4522"}],"wp:term":[{"taxonomy":"category","embeddable":true,"href":"https:\/\/www.moyenagepassion.com\/index.php\/wp-json\/wp\/v2\/categories?post=4522"},{"taxonomy":"post_tag","embeddable":true,"href":"https:\/\/www.moyenagepassion.com\/index.php\/wp-json\/wp\/v2\/tags?post=4522"}],"curies":[{"name":"wp","href":"https:\/\/api.w.org\/{rel}","templated":true}]}}