{"id":45221,"date":"2022-07-17T18:36:58","date_gmt":"2022-07-17T17:36:58","guid":{"rendered":"https:\/\/www.moyenagepassion.com\/?p=45221"},"modified":"2022-08-13T18:29:34","modified_gmt":"2022-08-13T17:29:34","slug":"de-ma-dame-vient-un-motet-medieval-dadam-de-la-halle","status":"publish","type":"post","link":"https:\/\/www.moyenagepassion.com\/index.php\/2022\/07\/17\/de-ma-dame-vient-un-motet-medieval-dadam-de-la-halle\/","title":{"rendered":"\u00ab\u00a0De ma Dame vient\u00a0\u00bb, un motet m\u00e9di\u00e9val d&rsquo;Adam de la Halle"},"content":{"rendered":"<div id=\"moyen-1471504525\" class=\"moyen-before-content moyen-entity-placement\"><script async src=\"\/\/pagead2.googlesyndication.com\/pagead\/js\/adsbygoogle.js?client=ca-pub-3035390706780632\" crossorigin=\"anonymous\"><\/script><ins class=\"adsbygoogle\" style=\"display:block;\" data-ad-client=\"ca-pub-3035390706780632\" \ndata-ad-slot=\"\" \ndata-ad-format=\"auto\"><\/ins>\n<script> \n(adsbygoogle = window.adsbygoogle || []).push({}); \n<\/script>\n<\/div>\n<div class=\"wp-block-image\"><figure class=\"alignleft size-large is-resized\"><img decoding=\"async\" src=\"https:\/\/www.moyenagepassion.com\/wp-content\/uploads\/2016\/07\/trouveres_troubadours_musique_poesie_medievale_musique_ancienne.jpg\" alt=\"\" class=\"wp-image-5064\" width=\"129\" height=\"201\"\/><\/figure><\/div>\n\n\n\n<p><strong><a href=\"https:\/\/www.moyenagepassion.com\/wp-content\/uploads\/2016\/07\/trouveres_troubadours_musique_poesie_medievale_musique_ancienne.jpg\"><\/a>Sujet :&nbsp; &nbsp;<\/strong>&nbsp;musique, chanson, m\u00e9di\u00e9vale, vieux fran\u00e7ais, trouv\u00e8res d\u2019Arras,&nbsp; motet, chant polyphonique, ars nova, amour courtois, langue d\u2019o\u00efl, courtoisie.<br><strong>P\u00e9riode :<\/strong>&nbsp; Moyen \u00c2ge central, XIIIe si\u00e8cle<br><strong>Auteur :&nbsp; &nbsp;<\/strong>Adam de la Halle (1235-1285)<br><strong>Titre :<\/strong><em> De ma Dame vient<\/em><br><strong>Interpr\u00e8te&nbsp;<\/strong>&nbsp;:&nbsp; Early Music Consort Of London<br><strong>Album&nbsp;<\/strong>&nbsp;:&nbsp;<em>Music of the Gothic Era<\/em> (1975)<\/p>\n\n\n\n<p>Bonjour \u00e0 tous,<\/p>\n\n\n\n<div class=\"wp-block-image\"><figure class=\"alignleft size-large\"><img decoding=\"async\" width=\"84\" height=\"103\" src=\"https:\/\/www.moyenagepassion.com\/wp-content\/uploads\/2015\/12\/A_lettrine_moyen_age_passion1.jpg\" alt=\"\" class=\"wp-image-24221\"\/><\/figure><\/div>\n\n\n\n<p class=\"classe text_justify\">ujourd&rsquo;hui, nous embarquons pour le Moyen \u00c2ge central et la fin du XIIIe si\u00e8cle pour y d\u00e9couvrir une composition  du trouv\u00e8re Adam de la Halle. Il s&rsquo;agit d&rsquo;un motet courtois qui met en sc\u00e8ne deux amants diff\u00e9rents, un homme et une femme. <\/p>\n\n\n\n<h2 class=\"wp-block-heading\">A la d\u00e9couverte d&rsquo;un motet courtois \u00e0 3 voix<\/h2>\n\n\n\n<p class=\"classe text_justify\">Le premier protagoniste est un amoureux \u00e9conduit. Victime des m\u00e9disants, il a, semble-t-il, perdu les faveurs de sa belle, mais il ne renonce pas pour autant \u00e0 son amour pour elle. Quant \u00e0 la jeune femme \u00e9prise, elle est dans l&rsquo;attente de son amant, un peu \u00e0 la fa\u00e7on d&rsquo;une chanson de toile ou d&rsquo;une cantiga de amigo. Pour tromper son attente, elle d\u00e9cide de renvoyer \u00e0 ce dernier un objet qu&rsquo;elle tenait de lui, esp\u00e9rant que le la sorte, il reviendra  plus vite vers elle. Comme on le verra, elle aura du mal \u00e0 se s\u00e9parer de l&rsquo;objet auquel elle s&rsquo;est attach\u00e9e en ce qu&rsquo;il lui rappelle son doux ami et lui permet de combler son absence.<\/p>\n\n\n\n<div class=\"wp-block-image\"><figure class=\"aligncenter size-full\"><a href=\"https:\/\/www.moyenagepassion.com\/wp-content\/uploads\/2022\/07\/chanson-medievale-motets-adam-de-la-halle-chansonnier-francais-25566.jpg\"><img decoding=\"async\" width=\"650\" height=\"593\" src=\"https:\/\/www.moyenagepassion.com\/wp-content\/uploads\/2022\/07\/chanson-medievale-motets-adam-de-la-halle-chansonnier-francais-25566-es.jpg\" alt=\"Le motet d'Adam de la Halle dans le manuscrit m\u00e9di\u00e9val MS Fran\u00e7ais 25566 de la BnF\" class=\"wp-image-45223\" srcset=\"https:\/\/www.moyenagepassion.com\/wp-content\/uploads\/2022\/07\/chanson-medievale-motets-adam-de-la-halle-chansonnier-francais-25566-es.jpg 650w, https:\/\/www.moyenagepassion.com\/wp-content\/uploads\/2022\/07\/chanson-medievale-motets-adam-de-la-halle-chansonnier-francais-25566-es-300x274.jpg 300w\" sizes=\"(max-width: 650px) 100vw, 650px\" \/><\/a><figcaption>Le motet d&rsquo;Adam de la Halle dans le  MS Fran\u00e7ais 25566 de la BnF<\/figcaption><\/figure><\/div>\n\n\n\n<h3 class=\"wp-block-heading\">Sources manuscrites m\u00e9di\u00e9vales <\/h3>\n\n\n\n<p class=\"classe text_justify\">Du point de vue des sources, on citera ici le <strong>manuscrit m\u00e9di\u00e9val Fran\u00e7ais 25566<\/strong>. Ce chansonnier contient un nombre vari\u00e9 de pi\u00e8ces et chansons de po\u00e8tes et trouv\u00e8res d&rsquo;Arras. Adam de la Halle y c\u00f4toie <a href=\"https:\/\/www.moyenagepassion.com\/index.php\/2016\/10\/06\/fabliau-medieval-et-conte-satirique-un-vilain-credule-et-un-pretre-cupide-sous-la-plume-de-jean-bodel\/\">Jean Bodel<\/a>, Jehan Petit d&rsquo;Arras, Richard de Fournival, Huon de M\u00e9ri et d&rsquo;autres auteurs de la m\u00eame p\u00e9riode. Cet ouvrage de la fin du XIIIe si\u00e8cle est conserv\u00e9 au d\u00e9partement des manuscrits de la BnF et il peut \u00eatre, \u00e9galement, <a href=\"https:\/\/gallica.bnf.fr\/view3if\/ga\/ark:\/12148\/btv1b54002413d\/f2\" target=\"_blank\" rel=\"noreferrer noopener\">consult\u00e9 en ligne sur Gallica<\/a>.  <\/p>\n\n\n\n<p class=\"classe text_justify\">On trouve une version de cette chanson d&rsquo;Adam de la halle dans le manuscrit ancien H196, dit codex ou <a href=\"https:\/\/www.moyenagepassion.com\/index.php\/tag\/codex-de-montpellier\/\">chansonnier de Montpellier<\/a>, actuellement conserv\u00e9 \u00e0 la Biblioth\u00e8que Inter-Universitaire de Montpellier.<\/p>\n\n\n\n<figure class=\"wp-block-embed-youtube wp-block-embed is-type-video is-provider-youtube wp-embed-aspect-4-3 wp-has-aspect-ratio\"><div class=\"wp-block-embed__wrapper\">\n<iframe title=\"Adam de la Halle: De ma dame vient\" width=\"474\" height=\"356\" src=\"https:\/\/www.youtube.com\/embed\/K8NuAJomSkY?feature=oembed\" frameborder=\"0\" allow=\"accelerometer; autoplay; clipboard-write; encrypted-media; gyroscope; picture-in-picture; web-share\" referrerpolicy=\"strict-origin-when-cross-origin\" allowfullscreen><\/iframe>\n<\/div><\/figure>\n\n\n\n<h2 class=\"wp-block-heading\">Le trouv\u00e8re Adam de la Halle par<br>le Early Music Consort Of London<\/h2>\n\n\n\n<p class=\"classe text_justify\">Nous avons d\u00e9j\u00e0 eu l&rsquo;occasion de partager sur le site, plusieurs pi\u00e8ces de musiques m\u00e9di\u00e9vales et anciennes interpr\u00e9t\u00e9es par le <strong>Early Music Consort Of London<\/strong>. Fond\u00e9 en 1967 par le talentueux et pr\u00e9coce David Munrow, la formation musicale produisit de nombreux albums jusqu&rsquo;\u00e0 son arr\u00eat brutal, en 1976, suite au d\u00e9c\u00e8s pr\u00e9matur\u00e9 de son jeune directeur (vous pourrez retrouver un <a href=\"https:\/\/www.moyenagepassion.com\/index.php\/2018\/06\/15\/danse-medievale-la-quinte-estampie-royale-par-le-early-music-consort-de-londres\/\">portrait de l&rsquo;ensemble m\u00e9di\u00e9val ici<\/a>). <\/p>\n\n\n\n<h3 class=\"wp-block-heading\">L&rsquo;album Music of the Gothic Era<\/h3>\n\n\n\n<div class=\"wp-block-image\"><figure class=\"alignleft size-large is-resized\"><a href=\"https:\/\/amzn.to\/3zek8q9\" target=\"_blank\" rel=\"noopener noreferrer\"><img decoding=\"async\" src=\"https:\/\/www.moyenagepassion.com\/wp-content\/uploads\/2022\/07\/musique-medievale-ars-nova-ars-antigua-album-Early-Music-Consort-Of-London.jpg\" alt=\"\" class=\"wp-image-45222\" width=\"228\" height=\"193\" srcset=\"https:\/\/www.moyenagepassion.com\/wp-content\/uploads\/2022\/07\/musique-medievale-ars-nova-ars-antigua-album-Early-Music-Consort-Of-London.jpg 367w, https:\/\/www.moyenagepassion.com\/wp-content\/uploads\/2022\/07\/musique-medievale-ars-nova-ars-antigua-album-Early-Music-Consort-Of-London-300x253.jpg 300w\" sizes=\"(max-width: 228px) 100vw, 228px\" \/><\/a><\/figure><\/div>\n\n\n\n<p class=\"classe text_justify\">En 1975, le Early Music Consort of London revisitait de mani\u00e8re tr\u00e8s large, la musique polyphonique des Moyen \u00c2ge central \u00e0 tardif avec un double album g\u00e9n\u00e9reux de pr\u00e8s de 140 minutes de dur\u00e9e pour 59 pi\u00e8ces. Ces derni\u00e8res vont de l&rsquo;ars antiqua \u00e0 l&rsquo;ars nova, et l&rsquo;ensemble londonien y gratifiait encore l&rsquo;auditeur de six pi\u00e8ces de l&rsquo;Ecole Notre dame, compos\u00e9es par les ma\u00eetres de musique L\u00e9onin et Perrotin.<\/p>\n\n\n\n<p class=\"classe text_justify\">Ce bel album a connu un deuxi\u00e8me souffle en 1997 avec une r\u00e9\u00e9dition compl\u00e8te au format CD. Aux derni\u00e8res nouvelles, on peut toujours le trouver chez tout bon disquaire ou \u00e0 la vente en ligne. <a href=\"https:\/\/www.amazon.fr\/Music-Gothic-Era-Geoffrey-Shaw\/dp\/B0000057CL?_mk_fr_FR=%C3%85M%C3%85%C5%BD%C3%95%C3%91&amp;crid=PTUHZC063TNM&amp;keywords=Music+of+the+Gothic+Era&amp;qid=1658016486&amp;sprefix=music+of+the+gothic+era%2Caps%2C312&amp;sr=8-2&amp;linkCode=ll1&amp;tag=f1266-21&amp;linkId=2e27fc03349925757f8afedcffbf630c&amp;language=fr_FR&amp;ref=as_li_ss_tl\">Voici un lien utile pour plus d&rsquo;informations<\/a>. <\/p>\n\n\n\n<h4 class=\"wp-block-heading\"> Artistes ayant particip\u00e9 \u00e0 cet album<\/h4>\n\n\n\n<ul class=\"classe text_justify wp-block-list\"><li><strong>Contre-t\u00e9nors<\/strong> : James Bowman, Charles Brett, David James<\/li><li><strong>T\u00e9nor<\/strong> : Rogers Covey-Crump, Paul Elliott, Martyn Hill, John Nixon, John Potter<\/li><li><strong>Instrumentistes <\/strong>:  Geoffrey Shaw (basse), Oliver Brookes (violon), Eleanor Sloan (rebec, violon), Nigel North (rebec), James Tyler (luth, mandole), Gillian Reid (cloches, psalt\u00e9rion), Christopher Hogwood (harpe, orgue), David Corkhill (cloches, orgue, timbal ), Michael Laird (cornet), Iaan Wilson (cornet), Alan Lumsden (cornet \u00e0 piston, trompette \u00e0 coulisse), David Munrow (fl\u00fbtes \u00e0 bec, chalemie, cornemuse)<\/li><\/ul>\n\n\n\n<div class=\"wp-block-image\"><figure class=\"aligncenter size-full is-resized\"><a href=\"https:\/\/www.moyenagepassion.com\/wp-content\/uploads\/2022\/07\/Adam-de-la-Halle-motet-musique-medievale-partition-de-ma-dame-vient.jpg\"><img decoding=\"async\" src=\"https:\/\/www.moyenagepassion.com\/wp-content\/uploads\/2022\/07\/Adam-de-la-Halle-motet-musique-medievale-partition-de-ma-dame-vient-s.jpg\" alt=\"\" class=\"wp-image-45244\" width=\"600\" height=\"359\" srcset=\"https:\/\/www.moyenagepassion.com\/wp-content\/uploads\/2022\/07\/Adam-de-la-Halle-motet-musique-medievale-partition-de-ma-dame-vient-s.jpg 600w, https:\/\/www.moyenagepassion.com\/wp-content\/uploads\/2022\/07\/Adam-de-la-Halle-motet-musique-medievale-partition-de-ma-dame-vient-s-300x180.jpg 300w\" sizes=\"(max-width: 600px) 100vw, 600px\" \/><\/a><\/figure><\/div>\n\n\n\n<h2 class=\"wp-block-heading\"><em>De ma Dame vient <\/em>en langue d&rsquo;o\u00efl <br>avec traduction en fran\u00e7ais actuel<\/h2>\n\n\n\n<p class=\"classe text_justify\">Le vieux fran\u00e7ais d&rsquo;Adam de la Halle n&rsquo;est pas toujours simple \u00e0 d\u00e9crypter. Pour cette fois, nous l&rsquo;avons donc abondement not\u00e9. Cela complique un peu la lecture de l&rsquo;original mais le code couleur (o\u00efl en vert et en gras) devrait venir \u00e0 la rescousse pour vous la faciliter. Veuillez  noter qu&rsquo;il s&rsquo;agit d&rsquo;une version de travail qui n\u00e9cessitera quelques ajustements ult\u00e9rieurs. Une adaptation suivra.<\/p>\n\n\n\n<hr class=\"wp-block-separator\"\/>\n\n\n\n<p class=\"has-text-align-center\"><em><strong><span class=\"has-inline-color has-green-color\">De ma Dame vient<br>Li dous maus que je trai <\/span><\/strong><span class=\"has-inline-color has-medium-gray-color\">(de traire, ici endurer souffrir)<\/span><strong><span class=\"has-inline-color has-green-color\"><br>Dont je morrai<br>S&rsquo;esperanche <\/span><\/strong><span class=\"has-inline-color has-medium-gray-color\">(esp\u00e9rance)<\/span><strong><span class=\"has-inline-color has-green-color\"> ne me retient.<br>Et la grans joie que j&rsquo;ai.<br>Car j&rsquo;aperchoi bien et sai<br>Con m&rsquo;a grev\u00e9<\/span><\/strong><span class=\"has-inline-color has-medium-gray-color\"> (faire du tord)<\/span><strong><span class=\"has-inline-color has-green-color\"> et mell\u00e9 <\/span><\/strong><span class=\"has-inline-color has-medium-gray-color\">(de mesler, troubler, rendu confus)<\/span><strong><span class=\"has-inline-color has-green-color\"><br>Si (si bien) qu&rsquo;elle  m&rsquo;a tout ensi qu&rsquo;entrouvlli\u00e9<\/span><\/strong><span class=\"has-inline-color has-medium-gray-color\"> (oubli\u00e9)<\/span><strong><span class=\"has-inline-color has-green-color\"><br>Qui en soloie <\/span><\/strong><span class=\"has-inline-color has-medium-gray-color\">(avait l&rsquo;habitude)<\/span><strong><span class=\"has-inline-color has-green-color\"> estre au deseure <\/span><\/strong><span class=\"has-inline-color has-medium-gray-color\">(au dessus)<\/span><strong><span class=\"has-inline-color has-green-color\">.<br>Diex, quant venra l&rsquo;eure<br>Qu&rsquo;aie a li parl\u00e9,<br>Et de chou <\/span><\/strong><span class=\"has-inline-color has-medium-gray-color\">(ce)<\/span><strong><span class=\"has-inline-color has-green-color\"> qu&rsquo;on m&rsquo;a mis seure <\/span><\/strong><span class=\"has-inline-color has-medium-gray-color\">(dont on m&rsquo;a accus\u00e9)<\/span><strong><span class=\"has-inline-color has-green-color\"><br>Mi escus\u00e9 !<br>Tr\u00e8s douche amie,<br>Ay\u00e9s de moi pit\u00e9 ,<br>Pour Dieu merchi I<br>Onques n&rsquo;ama qui<br>Pour si pau ha\u00efne d\u00e9servi. <\/span><\/strong><span class=\"has-inline-color has-medium-gray-color\">(jamais nul n&rsquo;aima qui pour si peu m\u00e9rita la haine)<\/span><strong><span class=\"has-inline-color has-green-color\"><br>Ne l&rsquo;ai mie <\/span><\/strong><span class=\"has-inline-color has-medium-gray-color\">(je ne l&rsquo;ai nullement m\u00e9rit\u00e9)<\/span><strong><span class=\"has-inline-color has-green-color\">,<br>Ains est par envie<br>Con en a mesdist,<br>Et en leur despit <\/span><\/strong><span class=\"has-inline-color has-medium-gray-color\">(m\u00e9pris)<\/span><strong><span class=\"has-inline-color has-green-color\"><br>Maintenant irai,<br>Et pour euls crever <\/span><\/strong><span class=\"has-inline-color has-medium-gray-color\">(les faire p\u00e9rir, enrager)<\/span><strong><span class=\"has-inline-color has-green-color\">, ferai<br>Meilleur sanlant <\/span><\/strong><span class=\"has-inline-color has-medium-gray-color\">(figure)<\/span><strong><span class=\"has-inline-color has-green-color\"> que je ne deveroie.<br>Fui te, gaite, fais me voie ! <\/span><\/strong><span class=\"has-inline-color has-medium-gray-color\">(arri\u00e8re, garde, laisse-moi passer)<\/span><strong><span class=\"has-inline-color has-green-color\"><br>Par chi passe gent de joie ;<br>Tart m&rsquo;est que g&rsquo;i soie ; <\/span><\/strong><span class=\"has-inline-color has-medium-gray-color\">(il est bien tant que j&rsquo;y sois, il me tarde d&rsquo;y \u00eatre)<\/span><strong><span class=\"has-inline-color has-green-color\"><br>Encore  m&rsquo;i avez vous musi <\/span><\/strong><span class=\"has-inline-color has-medium-gray-color\">(quoique vous m&rsquo;ayez faire perdre du temps<\/span><\/em><span class=\"has-inline-color has-black-color\">(1)<\/span><span class=\"has-inline-color has-medium-gray-color\">)<\/span><em><strong><span class=\"has-inline-color has-green-color\">.<br>Si serai-je miex de li <\/span><\/strong><span class=\"has-inline-color has-medium-gray-color\">(car je serais mieux avec elle)<\/span><strong><span class=\"has-inline-color has-green-color\"><br>C&rsquo;onques ne fui, se seulete <\/span><\/strong><span class=\"has-inline-color has-medium-gray-color\">(car jamais je ne fus si seul)<\/span><strong><span class=\"has-inline-color has-green-color\"><br>Ancui<\/span><\/strong><span class=\"has-inline-color has-medium-gray-color\"> (encore aujourd&rsquo;hui) <\/span><strong><span class=\"has-inline-color has-green-color\">en un destour <\/span><\/strong><span class=\"has-inline-color has-medium-gray-color\">(d\u00e9tour)<\/span><strong><span class=\"has-inline-color has-green-color\"><br>Truis m&rsquo;amiete, <\/span><\/strong><span class=\"has-inline-color has-medium-gray-color\">(je trouvais ma petite amie)<\/span><strong><span class=\"has-inline-color has-green-color\"><br>La douchete,<\/span><\/strong><span class=\"has-inline-color has-medium-gray-color\"> (la douce)<\/span><strong><span class=\"has-inline-color has-green-color\"><br>La sadete,<\/span><\/strong><span class=\"has-inline-color has-medium-gray-color\"> (la gracieuse)<\/span><strong><span class=\"has-inline-color has-green-color\"><br>Blondete, <\/span><\/strong><span class=\"has-inline-color has-medium-gray-color\">(belle pleine de gr\u00e2ce, de bonne mine)<\/span><strong><span class=\"has-inline-color has-green-color\"><br>Saverousete <\/span><\/strong><span class=\"has-inline-color has-medium-gray-color\">(d\u00e9licate)<\/span><strong><span class=\"has-inline-color has-green-color\"> ,<br>Que Diez doint bonjour.<\/span><\/strong><span class=\"has-inline-color has-medium-gray-color\">(que Dieu vous salue)<\/span><\/em><\/p>\n\n\n\n<p class=\"has-text-align-center\"><em><strong><span class=\"has-inline-color has-green-color\">2.<br>Diex coment porroie<br>Trover voie<br>D&rsquo;aler a celi<\/span><\/strong><span class=\"has-inline-color has-medium-gray-color\"> (celui)<\/span><strong><span class=\"has-inline-color has-green-color\"><br>Cui amiete je sui, <\/span><\/strong><span class=\"has-inline-color has-medium-gray-color\">(dont je suis l&rsquo;amie)<\/span><strong><span class=\"has-inline-color has-green-color\"><br>Chainturele <\/span><\/strong><span class=\"has-inline-color has-medium-gray-color\">(petite ceinture)<\/span><strong><span class=\"has-inline-color has-green-color\">, va i<br>En lieu de mi <\/span><\/strong><span class=\"has-inline-color has-medium-gray-color\">(\u00e0 ma place)<\/span><strong><span class=\"has-inline-color has-green-color\">,<br>Car tu fus sieve <\/span><\/strong><span class=\"has-inline-color has-medium-gray-color\">(sienne) <\/span><strong><span class=\"has-inline-color has-green-color\">aussi.<br>Si m&rsquo;en conquerra miex.<\/span><\/strong><span class=\"has-inline-color has-medium-gray-color\"> (Ainsi il me conquerra mieux)<\/span><strong><span class=\"has-inline-color has-green-color\"><br>Mais comment serai sans ti ? <\/span><\/strong><span class=\"has-inline-color has-medium-gray-color\">(comment me passerais-je de toi petite ceinture)<\/span><strong><span class=\"has-inline-color has-green-color\"><br>Dieus, chainturele mar vous vi <\/span><\/strong><span class=\"has-inline-color has-medium-gray-color\">(le malheur est en vous)<\/span><strong><span class=\"has-inline-color has-green-color\"><br>Au deschaindre m&rsquo;ochi\u00e9s <\/span><\/strong><span class=\"has-inline-color has-medium-gray-color\">(en te d\u00e9bouclant, je m&rsquo;occis moi-m\u00eame)<\/span><strong><span class=\"has-inline-color has-green-color\"><br>De mes gri\u00e9tes<\/span><\/strong><span class=\"has-inline-color has-medium-gray-color\"> (peines, difficult\u00e9s)<\/span><strong><span class=\"has-inline-color has-green-color\"> \u00e0 vous me confortoie,<br>Quant je vous sentoie<br>Aimi ! <\/span><\/strong><span class=\"has-inline-color has-medium-gray-color\">(h\u00e9las, aie-mi, interjection de douleur)<\/span><strong><span class=\"has-inline-color has-green-color\"><br>A le saveur de mon ami.<br>Ne pour quant d&rsquo;autres en ai <\/span><\/strong><span class=\"has-inline-color has-medium-gray-color\">(mais j&rsquo;ai d&rsquo;autres ceintures)<\/span><strong><span class=\"has-inline-color has-green-color\"><br>A cleus <\/span><\/strong><span class=\"has-inline-color has-medium-gray-color\">(fermoirs)<\/span><strong><span class=\"has-inline-color has-green-color\"> d&rsquo;argent et de soie<br>Pour m&rsquo;en user;<br>Moi, lasse! comment porroie<br>Sans cheli durer <\/span><\/strong><span class=\"has-inline-color has-medium-gray-color\">(endurer sans celui)<\/span><strong><span class=\"has-inline-color has-green-color\"><br>Qui me tient en joie ?<br>Canchonete<\/span><\/strong><span class=\"has-inline-color has-medium-gray-color\"> (chanson)<\/span><strong><span class=\"has-inline-color has-green-color\"> chelui proie <\/span><\/strong><span class=\"has-inline-color has-medium-gray-color\">(de proier, prie)<\/span><strong><span class=\"has-inline-color has-green-color\"><br>Qui le m&rsquo;envoia<\/span><\/strong><span class=\"has-inline-color has-medium-gray-color\"> (la ceinture)<\/span><strong><span class=\"has-inline-color has-green-color\"><br>Puisque jou (je) ne puis aler l\u00e0<br>Qu&rsquo;il enviengne \u00e0 moi<br>Chi droit, \u00e0 jour failli <\/span><\/strong><span class=\"has-inline-color has-medium-gray-color\">(au jour tomb\u00e9)<\/span><strong><span class=\"has-inline-color has-green-color\">,<br>Pour faire tous ses bons <\/span><\/strong><span class=\"has-inline-color has-medium-gray-color\">(pour accomplir tous ses d\u00e9sirs)<\/span><strong><span class=\"has-inline-color has-green-color\"><br>Et il m&rsquo;orra <\/span><\/strong><span class=\"has-inline-color has-medium-gray-color\">(de o\u00efr, m&rsquo;entendra)<\/span><strong><span class=\"has-inline-color has-green-color\"> quant il ert poins<\/span><\/strong><span class=\"has-inline-color has-medium-gray-color\">  (il sera proche)<\/span><strong><span class=\"has-inline-color has-green-color\"><br>Canter \u00e0\u00a0\u00bb haute vois :<br>Par chi <\/span><\/strong><span class=\"has-inline-color has-medium-gray-color\">(ici) <\/span><strong><span class=\"has-inline-color has-green-color\">va la mignotise <\/span><\/strong><span class=\"has-inline-color has-medium-gray-color\">(douceur, coquetterie, gentillesse aimable)<\/span><strong><span class=\"has-inline-color has-green-color\">, <br>Par chi ou je vois <\/span><\/strong><span class=\"has-inline-color has-medium-gray-color\">(par ici o\u00f9 je vais)<\/span><strong><span class=\"has-inline-color has-green-color\">.<\/span><\/strong><\/em><\/p>\n\n\n\n<p class=\"has-text-align-center\"><strong><em><span class=\"has-inline-color has-green-color\">3. Omnes<\/span><\/em><\/strong><\/p>\n\n\n\n<p><strong>(1)<\/strong> <span class=\"has-inline-color has-medium-gray-color\">Dans une autre version, on trouve, \u00ab\u00a0<em>encore que vous ne m&rsquo;ayez pas nui<\/em>\u00ab\u00a0<\/span><\/p>\n\n\n\n<hr class=\"wp-block-separator\"\/>\n\n\n\n<p>En vous souhaitant une belle journ\u00e9e.<\/p>\n\n\n\n<p>Fred<br>Pour moyenagepassion.com<br>A la d\u00e9couverte du monde m\u00e9di\u00e9val sous toutes ses formes.<\/p>\n","protected":false},"excerpt":{"rendered":"<p>Sujet :&nbsp; &nbsp;&nbsp;musique, chanson, m\u00e9di\u00e9vale, vieux fran\u00e7ais, trouv\u00e8res d\u2019Arras,&nbsp; motet, chant polyphonique, ars nova, amour courtois, langue d\u2019o\u00efl, courtoisie.P\u00e9riode :&nbsp; Moyen \u00c2ge central, XIIIe si\u00e8cleAuteur :&nbsp; &nbsp;Adam de la Halle (1235-1285)Titre : De ma Dame vientInterpr\u00e8te&nbsp;&nbsp;:&nbsp; Early Music Consort Of LondonAlbum&nbsp;&nbsp;:&nbsp;Music of the Gothic Era (1975) Bonjour \u00e0 tous, ujourd&rsquo;hui, nous embarquons pour le Moyen &hellip; <a href=\"https:\/\/www.moyenagepassion.com\/index.php\/2022\/07\/17\/de-ma-dame-vient-un-motet-medieval-dadam-de-la-halle\/\" class=\"more-link\">Continuer la lecture de <span class=\"screen-reader-text\">\u00ab\u00a0De ma Dame vient\u00a0\u00bb, un motet m\u00e9di\u00e9val d&rsquo;Adam de la Halle<\/span>  <span class=\"meta-nav\">&rarr;<\/span><\/a><\/p>\n","protected":false},"author":2,"featured_media":45233,"comment_status":"open","ping_status":"open","sticky":false,"template":"","format":"standard","meta":{"_monsterinsights_skip_tracking":false,"_monsterinsights_sitenote_active":false,"_monsterinsights_sitenote_note":"","_monsterinsights_sitenote_category":0,"footnotes":""},"categories":[3220,9],"tags":[1401,298,2694,169,5504,3865,3866,4839,5402,2222,22,3238,5729,78,5148,883,139,5827,617,595],"class_list":["post-45221","post","type-post","status-publish","format-standard","has-post-thumbnail","hentry","category-adam-de-la-halle","category-musique-medieval-historique-fantaisie-celtique","tag-album","tag-amour-courtois","tag-ars-nova","tag-chanson","tag-chant-polyphonique","tag-david-munrow","tag-early-music-consort-of-london","tag-francais-25566","tag-langue-doil-3","tag-manuscrit-medieval","tag-medievale","tag-motet","tag-moyen-age-central-2","tag-musique","tag-musique-ancienne","tag-musiques-anciennes","tag-trouvere","tag-trouveres-darras-2","tag-vieux-francais","tag-xiiie-siecle"],"aioseo_notices":[],"_links":{"self":[{"href":"https:\/\/www.moyenagepassion.com\/index.php\/wp-json\/wp\/v2\/posts\/45221"}],"collection":[{"href":"https:\/\/www.moyenagepassion.com\/index.php\/wp-json\/wp\/v2\/posts"}],"about":[{"href":"https:\/\/www.moyenagepassion.com\/index.php\/wp-json\/wp\/v2\/types\/post"}],"author":[{"embeddable":true,"href":"https:\/\/www.moyenagepassion.com\/index.php\/wp-json\/wp\/v2\/users\/2"}],"replies":[{"embeddable":true,"href":"https:\/\/www.moyenagepassion.com\/index.php\/wp-json\/wp\/v2\/comments?post=45221"}],"version-history":[{"count":23,"href":"https:\/\/www.moyenagepassion.com\/index.php\/wp-json\/wp\/v2\/posts\/45221\/revisions"}],"predecessor-version":[{"id":45250,"href":"https:\/\/www.moyenagepassion.com\/index.php\/wp-json\/wp\/v2\/posts\/45221\/revisions\/45250"}],"wp:featuredmedia":[{"embeddable":true,"href":"https:\/\/www.moyenagepassion.com\/index.php\/wp-json\/wp\/v2\/media\/45233"}],"wp:attachment":[{"href":"https:\/\/www.moyenagepassion.com\/index.php\/wp-json\/wp\/v2\/media?parent=45221"}],"wp:term":[{"taxonomy":"category","embeddable":true,"href":"https:\/\/www.moyenagepassion.com\/index.php\/wp-json\/wp\/v2\/categories?post=45221"},{"taxonomy":"post_tag","embeddable":true,"href":"https:\/\/www.moyenagepassion.com\/index.php\/wp-json\/wp\/v2\/tags?post=45221"}],"curies":[{"name":"wp","href":"https:\/\/api.w.org\/{rel}","templated":true}]}}