{"id":45275,"date":"2022-07-23T21:16:59","date_gmt":"2022-07-23T20:16:59","guid":{"rendered":"https:\/\/www.moyenagepassion.com\/?p=45275"},"modified":"2023-07-26T21:06:15","modified_gmt":"2023-07-26T20:06:15","slug":"8-jours-de-grande-fete-au-27e-festival-des-troubadours-et-saltimbanques-de-souvigny","status":"publish","type":"post","link":"https:\/\/www.moyenagepassion.com\/index.php\/2022\/07\/23\/8-jours-de-grande-fete-au-27e-festival-des-troubadours-et-saltimbanques-de-souvigny\/","title":{"rendered":"9 jours de f\u00eate m\u00e9di\u00e9vale au 27e festival des troubadours et saltimbanques de Souvigny"},"content":{"rendered":"<div id=\"moyen-1533633497\" class=\"moyen-before-content moyen-entity-placement\"><script async src=\"\/\/pagead2.googlesyndication.com\/pagead\/js\/adsbygoogle.js?client=ca-pub-3035390706780632\" crossorigin=\"anonymous\"><\/script><ins class=\"adsbygoogle\" style=\"display:block;\" data-ad-client=\"ca-pub-3035390706780632\" \ndata-ad-slot=\"\" \ndata-ad-format=\"auto\"><\/ins>\n<script> \n(adsbygoogle = window.adsbygoogle || []).push({}); \n<\/script>\n<\/div><div class=\"wp-block-image\">\n<figure class=\"alignleft size-large is-resized\"><img decoding=\"async\" src=\"https:\/\/www.moyenagepassion.com\/wp-content\/uploads\/2019\/07\/souvigny_allier_armoirie_ecu_blason_fete_festival-medieval.jpg\" alt=\"\" class=\"wp-image-27737\" width=\"148\" height=\"220\" srcset=\"https:\/\/www.moyenagepassion.com\/wp-content\/uploads\/2019\/07\/souvigny_allier_armoirie_ecu_blason_fete_festival-medieval.jpg 226w, https:\/\/www.moyenagepassion.com\/wp-content\/uploads\/2019\/07\/souvigny_allier_armoirie_ecu_blason_fete_festival-medieval-201x300.jpg 201w\" sizes=\"(max-width: 148px) 100vw, 148px\" \/><\/figure><\/div>\n\n\n<p><strong><a href=\"https:\/\/www.moyenagepassion.com\/wp-content\/uploads\/2019\/07\/souvigny_allier_armoirie_ecu_blason_fete_festival-medieval.jpg\"><\/a>Sujet :<\/strong>&nbsp;f\u00eates, festival, animations m\u00e9di\u00e9vales, troubadours, &nbsp;m\u00e9di\u00e9val fantastique, compagnies m\u00e9di\u00e9vales, march\u00e9, foire m\u00e9di\u00e9vale,<br><strong>Ev\u00e9nement :<\/strong><em> le 27e festival des troubadours et saltimbanques de Souvigny.&nbsp;<\/em><strong><br>Lieu :<\/strong>&nbsp;Souvigny, Allier, Rh\u00f4ne-Alpes-Auvergne<br><strong>Dates :<\/strong>&nbsp;du 30 juillet au&nbsp;7 ao\u00fbt 2022<\/p>\n\n\n\n<p>Bonjour \u00e0 tous,<\/p>\n\n\n<div class=\"wp-block-image\">\n<figure class=\"alignleft size-large\"><img decoding=\"async\" width=\"84\" height=\"103\" src=\"https:\/\/www.moyenagepassion.com\/wp-content\/uploads\/2018\/10\/S_lettrine_moyen_age_passion.jpg\" alt=\"\" class=\"wp-image-23904\"\/><\/figure><\/div>\n\n\n<p class=\"classe text_justify\">ur l&rsquo;agenda m\u00e9di\u00e9val du week-end prochain et de toute la semaine suivante, la r\u00e9gion Auvergne-Rh\u00f4ne-Alpes et le d\u00e9partement de l&rsquo;Allier seront \u00e0 la f\u00eate avec le grand retour de la <em>Foire m\u00e9di\u00e9vale de Souvigny<\/em> et de son <em>Festival de troubadours et saltimbanques<\/em>. Du samedi 30 juillet au dimanche 7 ao\u00fbt, cet \u00e9v\u00e9nement aux couleurs du Moyen \u00c2ge proposera 9 jours pleins de c\u00e9l\u00e9bration avec un beau programme de r\u00e9jouissances et d&rsquo;animations.<\/p>\n\n\n\n<h2 class=\"wp-block-heading\">Au programme des animations m\u00e9di\u00e9vales<\/h2>\n\n\n<div class=\"wp-block-image\">\n<figure class=\"alignright size-full is-resized\"><a href=\"https:\/\/www.moyenagepassion.com\/wp-content\/uploads\/2022\/07\/afffiche-souvigny-foire-animations-medievales-compagnies-musique-moyen-age-festif-2022-02.jpg\"><img decoding=\"async\" src=\"https:\/\/www.moyenagepassion.com\/wp-content\/uploads\/2022\/07\/afffiche-souvigny-foire-animations-medievales-compagnies-musique-moyen-age-festif-2022-02.jpg\" alt=\"Foire m\u00e9di\u00e9vale et festival des troubadours \u00e0 Souvigny - affiche\" class=\"wp-image-45281\" width=\"239\" height=\"329\" srcset=\"https:\/\/www.moyenagepassion.com\/wp-content\/uploads\/2022\/07\/afffiche-souvigny-foire-animations-medievales-compagnies-musique-moyen-age-festif-2022-02.jpg 350w, https:\/\/www.moyenagepassion.com\/wp-content\/uploads\/2022\/07\/afffiche-souvigny-foire-animations-medievales-compagnies-musique-moyen-age-festif-2022-02-218x300.jpg 218w\" sizes=\"(max-width: 239px) 100vw, 239px\" \/><\/a><\/figure><\/div>\n\n\n<p class=\"classe text_justify\">Apr\u00e8s deux ans d&rsquo;interruption, la grande Foire M\u00e9di\u00e9vale de Souvigny vient, donc, \u00e0 nouveau enchanter l&rsquo;\u00e9t\u00e9 de sa pr\u00e9sence. Cette \u00e9dition 2022 propose une programmation qui renoue totalement avec la tradition de l&rsquo;\u00e9v\u00e9nement et ce que ses visiteurs avaient le plaisir d&rsquo;y trouver avant les restrictions sanitaires.  A l&rsquo;habitude, cette f\u00eate est organis\u00e9e par l&rsquo;<em>Association Souvigny Grand Site<\/em> Fond\u00e9e en 1992, cette structure associative \u0153uvre, depuis, \u00e0 la mise en valeur du patrimoine local et \u00e0 l&rsquo;organisation d&rsquo;\u00e9v\u00e9nements historiques dont celui du jour qui attire, toujours, de nombreux visiteurs.<\/p>\n\n\n\n<p class=\"classe text_justify\">Festival de troubadours et saltimbanques, oblige,  en plus du march\u00e9 artisanal diurne et nocturne et ses \u00e9choppes, on retrouvera \u00e0 Souvigny, durant ces 9 jours d&rsquo;animations inspir\u00e9es du Moyen \u00c2ge,  une foule de concerts de musique m\u00e9di\u00e9vale. Ils se tiendront dans les rues, sur les places mais aussi dans certaines tavernes et restaurants de la ville et, ce, jusqu&rsquo;\u00e0 la nuit. D&rsquo;autres compagnies m\u00e9di\u00e9vales, bateleurs, et mesnies seront encore l\u00e0 pour r\u00e9galer le public de leurs fac\u00e9ties, leurs sc\u00e9nettes, ou m\u00eame encore leurs d\u00e9monstrations de combat et d&rsquo;escrime m\u00e9di\u00e9vale. Un campement sera \u00e9galement install\u00e9 sur place, proposant des jeux anciens et divertissements d&rsquo;\u00e9poque pour petits et grands.<\/p>\n\n\n<div class=\"wp-block-image\">\n<figure class=\"aligncenter size-large\"><a href=\"https:\/\/www.moyenagepassion.com\/wp-content\/uploads\/2022\/07\/festival-saltimbanques-troubadour-de-Souvigny-animations-medievales-1.jpg\"><img decoding=\"async\" width=\"624\" height=\"479\" src=\"https:\/\/www.moyenagepassion.com\/wp-content\/uploads\/2022\/07\/festival-saltimbanques-troubadour-de-Souvigny-animations-medievales-1.jpg\" alt=\"Animations et compagnies m\u00e9di\u00e9vales \u00e0 la grande foire de Souvigny\" class=\"wp-image-45309\" srcset=\"https:\/\/www.moyenagepassion.com\/wp-content\/uploads\/2022\/07\/festival-saltimbanques-troubadour-de-Souvigny-animations-medievales-1.jpg 624w, https:\/\/www.moyenagepassion.com\/wp-content\/uploads\/2022\/07\/festival-saltimbanques-troubadour-de-Souvigny-animations-medievales-1-300x230.jpg 300w\" sizes=\"(max-width: 624px) 100vw, 624px\" \/><\/a><\/figure><\/div>\n\n\n<h3 class=\"wp-block-heading\">Compagnies m\u00e9di\u00e9vales attendues<\/h3>\n\n\n\n<p class=\"classe text_justify\"><em><span class=\"has-inline-color has-green-color\">Les coupeurs de bourses &#8211; Entr\u2019act &#8211; Les baladeux &#8211; Vrehnd &#8211; Les tritons ripailleurs &#8211; La garde du cerf ail\u00e9 &#8211; Edena Ruh &#8211; Tempradura &#8211; Merwenn &#8211; Al Cantara &#8211; So\u00f1j &#8211; Cradem aventure &#8211; Compagnie Lutka &#8211; Graoulish barden &#8211; Opale de Lune &#8211; Aouta <\/span><\/em><\/p>\n\n\n\n<p class=\"classe text_justify\">En plus de cette ambiance de f\u00eate permanente qui r\u00e9gnera dans le centre de la cit\u00e9, la grande foire de Souvigny conna\u00eetra aussi ses temps forts, avec ses spectacles de feu et banquets m\u00e9di\u00e9vaux en soir\u00e9e ou encore son grand bal m\u00e9di\u00e9val de cl\u00f4ture.  Les visiteurs pourront louer leurs costumes sur place ou venir costum\u00e9s pour une immersion assur\u00e9e. Enfin, pour \u00eatre certains que le voyage soit complet, ils seront invit\u00e9s \u00e0 changer leur denier contre des sou(s)-vigny, monnaie m\u00e9di\u00e9vale locale, de rigueur pendant cette f\u00eate. Bien entendu, comme chaque ann\u00e9e, de nombreux b\u00e9n\u00e9voles costum\u00e9s seront l\u00e0 tout au long de cet \u00e9v\u00e9nement festif qui, sans eux, ne pourrait avoir lieu.<\/p>\n\n\n\n<p class=\"has-text-align-center\"><a href=\"https:\/\/souvigny.com\/\" target=\"_blank\" rel=\"noreferrer noopener\">Voir le programme d\u00e9taill\u00e9 sur le site officiel de l&rsquo;\u00e9v\u00e9nement <\/a><\/p>\n\n\n\n<p class=\"classe text_justify\">Revoir nos articles sur les \u00e9ditions pr\u00e9c\u00e9dentes du Festival et de la grande  foire m\u00e9di\u00e9vale de Souvigny  <a href=\"https:\/\/www.moyenagepassion.com\/index.php\/2019\/07\/23\/ce-week-end-lancement-de-la-26e-edition-du-festival-des-troubadours-et-saltimbanques-de-souvigny\/\">2019<\/a> &#8211; <a href=\"https:\/\/www.moyenagepassion.com\/index.php\/2018\/07\/25\/ce-week-end-a-souvigny-le-grand-retour-de-la-festival-medieval-des-troubadours-saltimbanques\/\">2018<\/a> &#8211; <a href=\"https:\/\/www.moyenagepassion.com\/index.php\/2017\/07\/27\/24eme-foire-medievale-et-festival-des-troubadours-et-des-saltimbanques-de-souvigny\/\">2017<\/a> &#8211; <a href=\"https:\/\/www.moyenagepassion.com\/index.php\/2016\/08\/02\/idee-sortie-le-festival-medieval-des-troubadours-et-saltimbanques-de-souvigny\/\">2016<\/a>.<\/p>\n\n\n\n<p>En vous souhaitant une belle journ\u00e9e.<br>Fred<br>Pour Moyenagepassion.com<br><em>A la d\u00e9couverte du monde m\u00e9di\u00e9val sous toutes ses formes<\/em>.<\/p>\n","protected":false},"excerpt":{"rendered":"<p>Sujet :&nbsp;f\u00eates, festival, animations m\u00e9di\u00e9vales, troubadours, &nbsp;m\u00e9di\u00e9val fantastique, compagnies m\u00e9di\u00e9vales, march\u00e9, foire m\u00e9di\u00e9vale,Ev\u00e9nement : le 27e festival des troubadours et saltimbanques de Souvigny.&nbsp;Lieu :&nbsp;Souvigny, Allier, Rh\u00f4ne-Alpes-AuvergneDates :&nbsp;du 30 juillet au&nbsp;7 ao\u00fbt 2022 Bonjour \u00e0 tous, ur l&rsquo;agenda m\u00e9di\u00e9val du week-end prochain et de toute la semaine suivante, la r\u00e9gion Auvergne-Rh\u00f4ne-Alpes et le d\u00e9partement de l&rsquo;Allier &hellip; <a href=\"https:\/\/www.moyenagepassion.com\/index.php\/2022\/07\/23\/8-jours-de-grande-fete-au-27e-festival-des-troubadours-et-saltimbanques-de-souvigny\/\" class=\"more-link\">Continuer la lecture de <span class=\"screen-reader-text\">9 jours de f\u00eate m\u00e9di\u00e9vale au 27e festival des troubadours et saltimbanques de Souvigny<\/span>  <span class=\"meta-nav\">&rarr;<\/span><\/a><\/p>\n","protected":false},"author":2,"featured_media":45280,"comment_status":"open","ping_status":"open","sticky":false,"template":"","format":"standard","meta":{"_monsterinsights_skip_tracking":false,"_monsterinsights_sitenote_active":false,"_monsterinsights_sitenote_note":"","_monsterinsights_sitenote_category":0,"footnotes":""},"categories":[11],"tags":[4625,2529,5759,1534,212,136,643,1438,5500,5213,5022,182,1396],"class_list":["post-45275","post","type-post","status-publish","format-standard","has-post-thumbnail","hentry","category-fetes-medievales-evenement","tag-allier","tag-animations-medievales","tag-auvergne-rhone-alpes-2","tag-banquet-medieval","tag-compagnies-medievales","tag-festival","tag-foire-medievale","tag-marche","tag-marche-artisanal-2","tag-medieval","tag-medieval-fantastique-2","tag-monde-medieval","tag-saltimbanques"],"aioseo_notices":[],"_links":{"self":[{"href":"https:\/\/www.moyenagepassion.com\/index.php\/wp-json\/wp\/v2\/posts\/45275"}],"collection":[{"href":"https:\/\/www.moyenagepassion.com\/index.php\/wp-json\/wp\/v2\/posts"}],"about":[{"href":"https:\/\/www.moyenagepassion.com\/index.php\/wp-json\/wp\/v2\/types\/post"}],"author":[{"embeddable":true,"href":"https:\/\/www.moyenagepassion.com\/index.php\/wp-json\/wp\/v2\/users\/2"}],"replies":[{"embeddable":true,"href":"https:\/\/www.moyenagepassion.com\/index.php\/wp-json\/wp\/v2\/comments?post=45275"}],"version-history":[{"count":32,"href":"https:\/\/www.moyenagepassion.com\/index.php\/wp-json\/wp\/v2\/posts\/45275\/revisions"}],"predecessor-version":[{"id":48804,"href":"https:\/\/www.moyenagepassion.com\/index.php\/wp-json\/wp\/v2\/posts\/45275\/revisions\/48804"}],"wp:featuredmedia":[{"embeddable":true,"href":"https:\/\/www.moyenagepassion.com\/index.php\/wp-json\/wp\/v2\/media\/45280"}],"wp:attachment":[{"href":"https:\/\/www.moyenagepassion.com\/index.php\/wp-json\/wp\/v2\/media?parent=45275"}],"wp:term":[{"taxonomy":"category","embeddable":true,"href":"https:\/\/www.moyenagepassion.com\/index.php\/wp-json\/wp\/v2\/categories?post=45275"},{"taxonomy":"post_tag","embeddable":true,"href":"https:\/\/www.moyenagepassion.com\/index.php\/wp-json\/wp\/v2\/tags?post=45275"}],"curies":[{"name":"wp","href":"https:\/\/api.w.org\/{rel}","templated":true}]}}