{"id":45314,"date":"2022-08-01T01:46:00","date_gmt":"2022-08-01T00:46:00","guid":{"rendered":"https:\/\/www.moyenagepassion.com\/?p=45314"},"modified":"2022-08-01T01:56:33","modified_gmt":"2022-08-01T00:56:33","slug":"en-route-pour-la-garde-et-ses-nocturnes-medievales","status":"publish","type":"post","link":"https:\/\/www.moyenagepassion.com\/index.php\/2022\/08\/01\/en-route-pour-la-garde-et-ses-nocturnes-medievales\/","title":{"rendered":"En route pour La garde et ses nocturnes m\u00e9di\u00e9vales"},"content":{"rendered":"<div id=\"moyen-782771831\" class=\"moyen-before-content moyen-entity-placement\"><script async src=\"\/\/pagead2.googlesyndication.com\/pagead\/js\/adsbygoogle.js?client=ca-pub-3035390706780632\" crossorigin=\"anonymous\"><\/script><ins class=\"adsbygoogle\" style=\"display:block;\" data-ad-client=\"ca-pub-3035390706780632\" \ndata-ad-slot=\"\" \ndata-ad-format=\"auto\"><\/ins>\n<script> \n(adsbygoogle = window.adsbygoogle || []).push({}); \n<\/script>\n<\/div>\n<div class=\"wp-block-image\"><figure class=\"alignleft size-full is-resized\"><img decoding=\"async\" src=\"https:\/\/www.moyenagepassion.com\/wp-content\/uploads\/2022\/08\/blason-Ecu-Armoirie-La-Garde-Var.jpg\" alt=\"\" class=\"wp-image-45323\" width=\"143\" height=\"214\" srcset=\"https:\/\/www.moyenagepassion.com\/wp-content\/uploads\/2022\/08\/blason-Ecu-Armoirie-La-Garde-Var.jpg 226w, https:\/\/www.moyenagepassion.com\/wp-content\/uploads\/2022\/08\/blason-Ecu-Armoirie-La-Garde-Var-201x300.jpg 201w\" sizes=\"(max-width: 143px) 100vw, 143px\" \/><\/figure><\/div>\n\n\n\n<p><strong>Sujet :<\/strong>&nbsp;animations m\u00e9di\u00e9vales, nocturnes, march\u00e9 artisanal, monde m\u00e9di\u00e9val, march\u00e9 m\u00e9di\u00e9val, compagnies m\u00e9di\u00e9vales, fauconnerie, tournois, campement.<br><strong>Ev\u00e9nement :<\/strong><em>&nbsp;les Nocturnes M\u00e9di\u00e9vales <\/em><strong><br>Lieu :<\/strong>&nbsp;La Garde, Var, Provence-Alpes-C\u00f4te d&rsquo;Azur<br><strong>Dates :<\/strong>&nbsp;du 5 juillet au&nbsp;7 ao\u00fbt 2022<\/p>\n\n\n\n<p>Bonjour \u00e0 tous,<\/p>\n\n\n\n<div class=\"wp-block-image\"><figure class=\"alignleft size-large\"><img decoding=\"async\" width=\"96\" height=\"103\" src=\"https:\/\/www.moyenagepassion.com\/wp-content\/uploads\/2018\/10\/P_lettrine_moyen_age_passion-copia.jpg\" alt=\"\" class=\"wp-image-23901\"\/><\/figure><\/div>\n\n\n\n<p class=\"classe text_justify\">our ceux qui sont d\u00e9j\u00e0 ou qui seront sur la c\u00f4t\u00e9 d&rsquo;Azur en fin de semaine prochaine, \u00e0 quelques lieues \u00e0 l&rsquo;ouest de Toulon, la cit\u00e9 de La Garde vous r\u00e9serve de belles surprises avec 3 jours de r\u00e9jouissances nocturnes aux couleurs du Moyen \u00c2ge.<\/p>\n\n\n\n<h2 class=\"wp-block-heading\">Au programme des nocturnes m\u00e9di\u00e9vales<\/h2>\n\n\n\n<div class=\"wp-block-image\"><figure class=\"alignright size-full is-resized\"><a href=\"https:\/\/www.moyenagepassion.com\/wp-content\/uploads\/2022\/08\/les-nocturnes-medievales-La-Garde-animations-medievales-campement-et-marche.jpg\"><img decoding=\"async\" src=\"https:\/\/www.moyenagepassion.com\/wp-content\/uploads\/2022\/08\/les-nocturnes-medievales-La-Garde-animations-medievales-campement-et-marche.jpg\" alt=\"Animations et f\u00eates m\u00e9di\u00e9vales - Affiche nocturnes La Garde, Var\" class=\"wp-image-45319\" width=\"244\" height=\"348\" srcset=\"https:\/\/www.moyenagepassion.com\/wp-content\/uploads\/2022\/08\/les-nocturnes-medievales-La-Garde-animations-medievales-campement-et-marche.jpg 394w, https:\/\/www.moyenagepassion.com\/wp-content\/uploads\/2022\/08\/les-nocturnes-medievales-La-Garde-animations-medievales-campement-et-marche-210x300.jpg 210w\" sizes=\"(max-width: 244px) 100vw, 244px\" \/><\/a><\/figure><\/div>\n\n\n\n<p class=\"classe text_justify\">Organis\u00e9es par la municipalit\u00e9 et sa maison du tourisme, ces <strong>Nocturnes M\u00e9di\u00e9vales<\/strong> <strong>de La Garde<\/strong> qui sont devenues une tradition locale tr\u00e8s attendue avaient d\u00fb \u00eatre annul\u00e9es en 2021 pour les raisons sanitaires, mais elles reprennent du service  cette ann\u00e9e pour le plus grand plaisir de leurs visiteurs.  Du vendredi 05\/08\/2022 au dimanche 07\/08\/2022, elles tiendront donc place tous les soirs dans la cit\u00e9, de 19h \u00e0 minuit. <\/p>\n\n\n\n<p class=\"classe text_justify\">Pour l&rsquo;occasion, toutes les rues du centre  seront \u00e0 la f\u00eate avec des animations nombreuses et vari\u00e9es. D\u00e9ambulations, danses et musiques, th\u00e9\u00e2tres de rue seront au rendez-vous mais aussi projections et march\u00e9 artisanal d&rsquo;inspiration m\u00e9di\u00e9vale. Des ateliers de m\u00e9tiers anciens vous y attendent aussi avec de nombreux postes d&rsquo;artisanat sortis tout droit du moyen-\u00e2ge : calligraphie, frappe de monnaie, cuisine m\u00e9di\u00e9vale, travail du cuir, soufflage du verre, etc&#8230; Sur les campements install\u00e9s, un m\u00e9di\u00e9val et un sarrazin, vous assisterez aussi \u00e0 des animations, des danses, des d\u00e9monstrations de combats et des jeux divers. Vous pourrez m\u00eame tester votre habilit\u00e9 \u00e0 l&rsquo;arc.<\/p>\n\n\n\n<div class=\"wp-block-image\"><figure class=\"aligncenter size-full\"><a href=\"https:\/\/www.moyenagepassion.com\/wp-content\/uploads\/2022\/08\/les-nocturnes-medievales-de-La-Garde-Var-3-soirees-pleines-d-animations.jpg\"><img decoding=\"async\" width=\"624\" height=\"479\" src=\"https:\/\/www.moyenagepassion.com\/wp-content\/uploads\/2022\/08\/les-nocturnes-medievales-de-La-Garde-Var-3-soirees-pleines-d-animations.jpg\" alt=\"Animations - compagnies m\u00e9di\u00e9vales - Format Carte postale\" class=\"wp-image-45326\" srcset=\"https:\/\/www.moyenagepassion.com\/wp-content\/uploads\/2022\/08\/les-nocturnes-medievales-de-La-Garde-Var-3-soirees-pleines-d-animations.jpg 624w, https:\/\/www.moyenagepassion.com\/wp-content\/uploads\/2022\/08\/les-nocturnes-medievales-de-La-Garde-Var-3-soirees-pleines-d-animations-300x230.jpg 300w\" sizes=\"(max-width: 624px) 100vw, 624px\" \/><\/a><\/figure><\/div>\n\n\n\n<p class=\"classe text_justify\">De grands spectacles seront aussi de la f\u00eate avec d\u00e9monstrations de fauconnerie, tournois de chevaliers, et encore spectacles de feu. Sur place, vous pourrez m\u00eame participer activement \u00e0 la cr\u00e9ation d&rsquo;une \u0153uvre monumentale sous la houlette de l&rsquo;artiste Olivier Grosset\u00eate qui s&rsquo;est fait une sp\u00e9cialit\u00e9 de la r\u00e9alisation d&rsquo;\u0153uvres d&rsquo;art spectaculaires dans un mat\u00e9riau plut\u00f4t inattendu : le carton. <\/p>\n\n\n\n<h3 class=\"wp-block-heading\">Compagnies m\u00e9di\u00e9vales attendues<\/h3>\n\n\n\n<p class=\"classe text_justify\"><em><span class=\"has-inline-color has-green-color\">Les Sables d&rsquo;Or &#8211; Le mage Mirzine &#8211; Compagnie Equid\u2019events <em>Cie Aouta &#8211;<\/em><\/span><\/em> <em><span class=\"has-inline-color has-green-color\"> Esprit Fauconnerie &#8211; le Camp des r\u00eaves &#8211; Les 2Z &#8211; Compagnie les M\u00e9dio Evo &#8211; Compagnie La Petite Flambe &#8211; Les Caraques &#8211; La Paroisse de La Garde &#8211; L\u2019association des Amis de la Vieille Garde &#8211; Les Gard\u00e9ens de souche et de c\u0153ur &#8211; Cie Fou des Jeux &#8211; Cirque Pouce<\/span><\/em><\/p>\n\n\n\n<p><a href=\"https:\/\/www.ville-lagarde.fr\/nocturnes-medievales\/\" target=\"_blank\" rel=\"noreferrer noopener nofollow\">Voir le programme d\u00e9taill\u00e9 <\/a>&#8211; <a href=\"https:\/\/www.moyenagepassion.com\/wp-content\/uploads\/2022\/08\/Agenda-programme-nocturnes-medievales-animations-aux-couleurs-du-Moyen-Age.pdf\" target=\"_blank\" rel=\"noreferrer noopener\">Lien alternatif de t\u00e9l\u00e9chargement<\/a><\/p>\n\n\n\n<p>En vous souhaitant une tr\u00e8s belle journ\u00e9e et de belles nocturnes m\u00e9di\u00e9vales \u00e0 La Garde, si vous vous y rendez.<br><br>Fr\u00e9d\u00e9ric EFFE<br>Pour moyenagepassion.com<br>A la d\u00e9couverte du monde m\u00e9di\u00e9val sous toutes ses formes.<\/p>\n\n\n\n<p class=\"classe-text_justify has-small-font-size\">NB : sur les photos de cet article, vous pouvez retrouver des compagnies pr\u00e9sentes \u00e0 cet \u00e9v\u00e9nement m\u00e9di\u00e9val cette fin de semaine et notamment : la compagnie Equid&rsquo;events, la compagnie Medio-Evo, la compagnie Aouta et Esprit-Fauconnerie.<\/p>\n","protected":false},"excerpt":{"rendered":"<p>Sujet :&nbsp;animations m\u00e9di\u00e9vales, nocturnes, march\u00e9 artisanal, monde m\u00e9di\u00e9val, march\u00e9 m\u00e9di\u00e9val, compagnies m\u00e9di\u00e9vales, fauconnerie, tournois, campement.Ev\u00e9nement :&nbsp;les Nocturnes M\u00e9di\u00e9vales Lieu :&nbsp;La Garde, Var, Provence-Alpes-C\u00f4te d&rsquo;AzurDates :&nbsp;du 5 juillet au&nbsp;7 ao\u00fbt 2022 Bonjour \u00e0 tous, our ceux qui sont d\u00e9j\u00e0 ou qui seront sur la c\u00f4t\u00e9 d&rsquo;Azur en fin de semaine prochaine, \u00e0 quelques lieues \u00e0 l&rsquo;ouest &hellip; <a href=\"https:\/\/www.moyenagepassion.com\/index.php\/2022\/08\/01\/en-route-pour-la-garde-et-ses-nocturnes-medievales\/\" class=\"more-link\">Continuer la lecture de <span class=\"screen-reader-text\">En route pour La garde et ses nocturnes m\u00e9di\u00e9vales<\/span>  <span class=\"meta-nav\">&rarr;<\/span><\/a><\/p>\n","protected":false},"author":2,"featured_media":45328,"comment_status":"open","ping_status":"open","sticky":false,"template":"","format":"standard","meta":{"_monsterinsights_skip_tracking":false,"_monsterinsights_sitenote_active":false,"_monsterinsights_sitenote_note":"","_monsterinsights_sitenote_category":0,"footnotes":""},"categories":[11],"tags":[2529,5828,212,2743,5831,5500,636,182,5832,4077,1212,3018],"class_list":["post-45314","post","type-post","status-publish","format-standard","has-post-thumbnail","hentry","category-fetes-medievales-evenement","tag-animations-medievales","tag-campement","tag-compagnies-medievales","tag-fauconnerie","tag-la-garde","tag-marche-artisanal-2","tag-marche-medieval","tag-monde-medieval","tag-nocturnes-medievales","tag-paca","tag-tournois","tag-var"],"aioseo_notices":[],"_links":{"self":[{"href":"https:\/\/www.moyenagepassion.com\/index.php\/wp-json\/wp\/v2\/posts\/45314"}],"collection":[{"href":"https:\/\/www.moyenagepassion.com\/index.php\/wp-json\/wp\/v2\/posts"}],"about":[{"href":"https:\/\/www.moyenagepassion.com\/index.php\/wp-json\/wp\/v2\/types\/post"}],"author":[{"embeddable":true,"href":"https:\/\/www.moyenagepassion.com\/index.php\/wp-json\/wp\/v2\/users\/2"}],"replies":[{"embeddable":true,"href":"https:\/\/www.moyenagepassion.com\/index.php\/wp-json\/wp\/v2\/comments?post=45314"}],"version-history":[{"count":23,"href":"https:\/\/www.moyenagepassion.com\/index.php\/wp-json\/wp\/v2\/posts\/45314\/revisions"}],"predecessor-version":[{"id":45342,"href":"https:\/\/www.moyenagepassion.com\/index.php\/wp-json\/wp\/v2\/posts\/45314\/revisions\/45342"}],"wp:featuredmedia":[{"embeddable":true,"href":"https:\/\/www.moyenagepassion.com\/index.php\/wp-json\/wp\/v2\/media\/45328"}],"wp:attachment":[{"href":"https:\/\/www.moyenagepassion.com\/index.php\/wp-json\/wp\/v2\/media?parent=45314"}],"wp:term":[{"taxonomy":"category","embeddable":true,"href":"https:\/\/www.moyenagepassion.com\/index.php\/wp-json\/wp\/v2\/categories?post=45314"},{"taxonomy":"post_tag","embeddable":true,"href":"https:\/\/www.moyenagepassion.com\/index.php\/wp-json\/wp\/v2\/tags?post=45314"}],"curies":[{"name":"wp","href":"https:\/\/api.w.org\/{rel}","templated":true}]}}