{"id":45544,"date":"2022-08-15T00:49:28","date_gmt":"2022-08-14T23:49:28","guid":{"rendered":"https:\/\/www.moyenagepassion.com\/?p=45544"},"modified":"2022-08-17T19:47:01","modified_gmt":"2022-08-17T18:47:01","slug":"bientot-le-30e-festival-voix-et-route-romane-sous-le-signe-de-la-paix","status":"publish","type":"post","link":"https:\/\/www.moyenagepassion.com\/index.php\/2022\/08\/15\/bientot-le-30e-festival-voix-et-route-romane-sous-le-signe-de-la-paix\/","title":{"rendered":"le Festival voix et route romane, une \u00e9dition 2022 sous le signe de la paix"},"content":{"rendered":"<div id=\"moyen-1024758201\" class=\"moyen-before-content moyen-entity-placement\"><script async src=\"\/\/pagead2.googlesyndication.com\/pagead\/js\/adsbygoogle.js?client=ca-pub-3035390706780632\" crossorigin=\"anonymous\"><\/script><ins class=\"adsbygoogle\" style=\"display:block;\" data-ad-client=\"ca-pub-3035390706780632\" \ndata-ad-slot=\"\" \ndata-ad-format=\"auto\"><\/ins>\n<script> \n(adsbygoogle = window.adsbygoogle || []).push({}); \n<\/script>\n<\/div>\n<div class=\"wp-block-image\"><figure class=\"alignleft size-large\"><img decoding=\"async\" width=\"180\" height=\"300\" src=\"https:\/\/www.moyenagepassion.com\/wp-content\/uploads\/2022\/08\/Musiques-medievales-et-patrimoine-roman-le-30e-festival-voix-et-route-romane.jpg\" alt=\"\" class=\"wp-image-45569\"\/><\/figure><\/div>\n\n\n\n<p><strong>Sujet<\/strong>&nbsp;: agenda m\u00e9di\u00e9val, festival&nbsp;de musiques anciennes, musiques m\u00e9di\u00e9vales, patrimoine, \u00e9glises romanes, chants polyphoniques, \u00e9glises m\u00e9di\u00e9vales, art roman, guerre et paix.<br><strong>P\u00e9riode<\/strong>&nbsp;: Moyen \u00c2ge (XIIe au XVe s)<br><strong>Ev\u00e9nement : <em>le 30\u00e8me<\/em>&nbsp;<\/strong><em><strong>Festival Voix et Route Romane<\/strong><\/em>, \u00ab&nbsp;<em><em>Guerres et germes de paix<\/em>&nbsp;\u00bb<\/em><br><strong>Dates<\/strong>&nbsp;: du&nbsp; 26 ao\u00fbt au 11 sept 2022<br><strong>Lieu<\/strong>&nbsp;: Alsace, Grand Est, itin\u00e9rant (route romane)<\/p>\n\n\n\n<p><\/p>\n\n\n\n<p>Bonjour \u00e0 tous,<\/p>\n\n\n\n<div class=\"wp-block-image\"><figure class=\"alignleft size-large\"><img decoding=\"async\" width=\"84\" height=\"103\" src=\"https:\/\/www.moyenagepassion.com\/wp-content\/uploads\/2018\/10\/D_lettrine_moyen_age_passion.jpg\" alt=\"\" class=\"wp-image-23888\"\/><\/figure><\/div>\n\n\n\n<p class=\"classe text_justify\">eux semaines nous s\u00e9parent du lancement de l&rsquo;\u00e9dition 2022 du <em>Festival Voix et Route Romane <\/em>et il est donc grand temps de vous le pr\u00e9senter en d\u00e9tail. Si vous vous trouvez dans la r\u00e9gion Grand Est, entre la derni\u00e8re semaine d&rsquo;ao\u00fbt et la mi-septembre, ce bel \u00e9v\u00e9nement que nous ne manquons pas de relayer chaque ann\u00e9e, vous donnera l&rsquo;occasion de d\u00e9couvrir, en musique, le patrimoine roman alsacien. <\/p>\n\n\n\n<h2 class=\"wp-block-heading\">Une 30e \u00e9dition sous le signe de la paix, <br>de la tol\u00e9rance et du respect<\/h2>\n\n\n\n<div class=\"wp-block-image\"><figure class=\"alignright size-large is-resized\"><a href=\"https:\/\/www.moyenagepassion.com\/wp-content\/uploads\/2022\/08\/Un-Grand-Festival-sur-les-musiques-medievales-et-architecture-romane-du-moyen-age-1.jpg\"><img decoding=\"async\" src=\"https:\/\/www.moyenagepassion.com\/wp-content\/uploads\/2022\/08\/Un-Grand-Festival-sur-les-musiques-medievales-et-architecture-romane-du-moyen-age-1.jpg\" alt=\"Agenda m\u00e9di\u00e9val : Festival Voix et Route Romane (affiche 2022)\" class=\"wp-image-45548\" width=\"210\" height=\"303\" srcset=\"https:\/\/www.moyenagepassion.com\/wp-content\/uploads\/2022\/08\/Un-Grand-Festival-sur-les-musiques-medievales-et-architecture-romane-du-moyen-age-1.jpg 377w, https:\/\/www.moyenagepassion.com\/wp-content\/uploads\/2022\/08\/Un-Grand-Festival-sur-les-musiques-medievales-et-architecture-romane-du-moyen-age-1-208x300.jpg 208w\" sizes=\"(max-width: 210px) 100vw, 210px\" \/><\/a><\/figure><\/div>\n\n\n\n<p class=\"classe text_justify\">Le<em> Festival voix et route romane<\/em> f\u00eatera, cette ann\u00e9e, ses 30 ans, 30 ans de succ\u00e8s avec un public qui est au rendez-vous tous les ans.  La recette est simple, une programmation de haute tenue. L&rsquo;\u00e9dition 2022 n&rsquo;y d\u00e9rogera pas puisqu&rsquo;on retrouvera, pour ce nouveau cru, des formations qui comptent parmi les plus reconnues de la sc\u00e8ne des musiques anciennes et m\u00e9di\u00e9vales fran\u00e7aises et europ\u00e9ennes. <\/p>\n\n\n\n<p class=\"classe text_justify\">Durant les 3 week-ends couverts par le festival, 9 concerts s&rsquo;encha\u00eeneront dans les plus beaux monuments romans d&rsquo;Alsace. L&rsquo;affiche 2022 pr\u00e9sente un th\u00e8me qui croise de tr\u00e8s pr\u00e8s l&rsquo;actualit\u00e9. Elle titre \u00ab\u00a0<em>Guerres et germes de paix<\/em>\u00ab\u00a0.  Si les organisateurs ne peuvent que faire le constat de conflits qui ont \u00e9maill\u00e9 le monde m\u00e9di\u00e9val comme l&rsquo;histoire humaine, le 30e Festival voix et route romane esp\u00e8re semer en chacun, un message et une nouvelle esp\u00e9rance de Paix. <\/p>\n\n\n\n<h3 class=\"wp-block-heading\">Itin\u00e9raire patrimoniale et musical<\/h3>\n\n\n\n<p class=\"classe text_justify\">A l&rsquo;habitude, ce festival restera itin\u00e9rant et il entra\u00eenera ses visiteurs \u00e0 la d\u00e9couverte des plus beaux \u00e9difices religieux de l&rsquo;Alsace m\u00e9di\u00e9vale. Ainsi, du 26 ao\u00fbt au 11 septembre, et au long des 9 dates, l&rsquo;invitation au voyage ira de Saint-Jean-Saverne \u00e0 Feldbach, en croisant des destinations cl\u00e9s du patrimoine roman alsacien. Comme on le verra dans le programme d\u00e9taill\u00e9 ci-dessous, cette ann\u00e9e, une 10eme date vient s&rsquo;ajouter aux autres dans le programme. Elle se situe, cette fois, du c\u00f4t\u00e9 de la fronti\u00e8re allemande, avec un concert de l&rsquo;ensemble m\u00e9di\u00e9val russe <strong>Labyrinthus<\/strong>, un beau symbole pour couronner le th\u00e8me de cette 30eme \u00e9dition.<\/p>\n\n\n\n<h3 class=\"wp-block-heading\">Les concerts de musique m\u00e9di\u00e9vale du festival<\/h3>\n\n\n\n<h4 class=\"wp-block-heading\"><strong>La Fonte Musica<\/strong> &#8211; <em>Le Ray au Soleyl<\/em><\/h4>\n\n\n\n<div class=\"wp-block-image\"><figure class=\"alignleft size-full is-resized\"><img decoding=\"async\" src=\"https:\/\/www.moyenagepassion.com\/wp-content\/uploads\/2022\/08\/festival-musiques-medievales-ensemble-Fonte-Musica-1.jpg\" alt=\"\" class=\"wp-image-45557\" width=\"220\" height=\"150\"\/><\/figure><\/div>\n\n\n\n<p class=\"classe text_justify\">Vendredi 26 ao\u00fbt, \u00e0 20 h<br>Eglise Sainte-Foy, <br>S\u00e9lestat. <br><br>Sous la direction de Michele Pasotti L&rsquo;ensemble la Fonte Musica qui a fait du trecento italien et de la renaissance son r\u00e9pertoire privil\u00e9gi\u00e9 partira sur les traces du compositeur Johannes Ciconia (1370-1412).<\/p>\n\n\n\n<h4 class=\"wp-block-heading\"><strong>Canticum Novum<\/strong> &#8211; <em>Afsaneh, la l\u00e9gende de Zyriab<\/em><\/h4>\n\n\n\n<div class=\"wp-block-image\"><figure class=\"alignleft size-large is-resized\"><img decoding=\"async\" src=\"https:\/\/www.moyenagepassion.com\/wp-content\/uploads\/2021\/06\/ensemble-musique-medievale-Emmanuel-Bardon-Canticum-Novum.jpg\" alt=\"\" class=\"wp-image-39856\" width=\"220\" height=\"149\"\/><\/figure><\/div>\n\n\n\n<p class=\"classe text_justify\">Samedi 27 ao\u00fbt, \u00e0 18 h<br>Abbatiale Saint-Jean-Baptiste, <br>Saint-Jean-Saverne.<br><br>De l&rsquo;Europe m\u00e9di\u00e9vale au bassin m\u00e9diterran\u00e9en, l&rsquo;ensemble Canticum Novum, dirig\u00e9 par Emmanuel Bardon proposera un concert au carrefour des cultures proche-orientales o\u00f9 le oud et sa tradition seront mise \u00e0 la f\u00eate.<\/p>\n\n\n\n<h4 class=\"wp-block-heading\"><strong>De Caelis<\/strong> &#8211; <em>Priez pour Paix<\/em><\/h4>\n\n\n\n<div class=\"wp-block-image\"><figure class=\"alignleft size-large is-resized\"><img decoding=\"async\" src=\"https:\/\/www.moyenagepassion.com\/wp-content\/uploads\/2022\/08\/festival-musiques-medievales-de-caelis-quintet-polyphonie.jpg\" alt=\"\" class=\"wp-image-45555\" width=\"220\" height=\"149\"\/><\/figure><\/div>\n\n\n\n<p class=\"classe text_justify\">Dimanche 28 ao\u00fbt, \u00e0 17h<br>Eglise Saints-Pierre-et-Paul,<br>Sigolsheim.<br><br>Pour ce programme, le quintet vocal f\u00e9minin De Caelis, rejoint par la chanteuse tunisienne Alia Sellami, nous promet un concert o\u00f9 chants orientaux coptes et maronites et chants chr\u00e9tiens et polyphonies m\u00e9di\u00e9vales occidental se rejoindront et entreront en dialogue.<\/p>\n\n\n\n<h4 class=\"wp-block-heading\"><strong>La Peregrina<\/strong> &#8211; <em>Veni de Libano<\/em><\/h4>\n\n\n\n<div class=\"wp-block-image\"><figure class=\"alignleft size-large is-resized\"><img decoding=\"async\" src=\"https:\/\/www.moyenagepassion.com\/wp-content\/uploads\/2022\/08\/festival-musiques-medievales-ensemble-La-Perergrina.jpg\" alt=\"\" class=\"wp-image-45558\" width=\"220\" height=\"150\"\/><\/figure><\/div>\n\n\n\n<p class=\"classe text_justify\">Vendredi 2 septembre, \u00e0 20h<br>Eglise Saint-Trophime, <br>Eschau.<br><br>Form\u00e9 \u00e0 la fin des ann\u00e9es 90 par la chanteuse soprano et musicologue Agnieszka Budzi\u0144ska Bennett, l&rsquo;ensemble La Peregrina s&rsquo;est donn\u00e9 pour objectif d&rsquo;explorer les musiques sacr\u00e9es et profanes de l&rsquo;Europe de la fin du haut moyen-\u00e2ge au XIVe si\u00e8cle. La formation proposera ici une voyage et une revisite originale du <em>Cantique des cantiques<\/em>.<\/p>\n\n\n\n<h4 class=\"wp-block-heading\"><strong>Musica Nova<\/strong> &#8211; <em>Messe de Barcelone<\/em><\/h4>\n\n\n\n<div class=\"wp-block-image\"><figure class=\"alignleft size-large is-resized\"><img decoding=\"async\" src=\"https:\/\/www.moyenagepassion.com\/wp-content\/uploads\/2022\/08\/festival-musiques-medievales-ensemble-Musica-Nova-Lyon.jpg\" alt=\"\" class=\"wp-image-45559\" width=\"220\" height=\"149\"\/><\/figure><\/div>\n\n\n\n<p class=\"classe text_justify\">Samedi 3 septembre, \u00e0 20h<br>Eglise Saint-Pierre-le-Jeune, <br>Strasbourg.<br><br>F\u00e9ru d&rsquo;Ars Nova et de reconstitution musicale au plus pr\u00e8s des manuscrits d&rsquo;\u00e9poque, <a href=\"https:\/\/www.moyenagepassion.com\/index.php\/tag\/musica-nova\/\">l&rsquo;ensemble Musica Nova<\/a> et son directeur Lucien Kandel n&rsquo;en sont pas \u00e0 leur premier Festival Voix et route Romane. A l&rsquo;occasion de cette nouvelle \u00e9dition,  la formation lyonnaise proposera sa version de la Messe de Barcelone (1360), v\u00e9ritable fleuron de la musique liturgique polyphonique du milieu du XIVe si\u00e8cle.<\/p>\n\n\n\n<h4 class=\"wp-block-heading\"><strong>C\u00e9ladon<\/strong> &#8211; <em>Deo Gratias Anglia<\/em><\/h4>\n\n\n\n<div class=\"wp-block-image\"><figure class=\"alignleft size-large is-resized\"><img decoding=\"async\" src=\"https:\/\/www.moyenagepassion.com\/wp-content\/uploads\/2022\/08\/festival-musiques-medievales-ensemble-musique-ancienne-chants-polyphoniques.jpg\" alt=\"\" class=\"wp-image-45561\" width=\"220\" height=\"148\"\/><\/figure><\/div>\n\n\n\n<p class=\"classe text_justify\">Dimanche 4 septembre, \u00e0 16h30<br>Eglise Saints-Pierre-et-Paul, <br>Ottmarsheim.<br><br>Autre formation lyonnaise au programme du festival, <a href=\"https:\/\/www.moyenagepassion.com\/?s=C%C3%A9ladon\">l&rsquo;ensemble C\u00e9ladon<\/a> dirig\u00e9 par le talentueux Paulin B\u00fcndgen explorera, ici, les musiques et les chants de l&rsquo;Angleterre de la fin du XIIIe si\u00e8cle. A l&rsquo;intersection d&rsquo;influences \u00e0 la fois locales, fran\u00e7aises et italiennes, l&rsquo;audience pourra juger de la modernit\u00e9 de ce r\u00e9pertoire qui permettra aussi de relativiser la nettet\u00e9 des fronti\u00e8res entre sacr\u00e9 et profane, \u00e0 cette p\u00e9riode.<\/p>\n\n\n\n<h4 class=\"wp-block-heading\"><strong>La Reverdie <\/strong>&#8211; <em>Il paradiso di Francesco<\/em><\/h4>\n\n\n\n<div class=\"wp-block-image\"><figure class=\"alignleft size-large is-resized\"><img decoding=\"async\" src=\"https:\/\/www.moyenagepassion.com\/wp-content\/uploads\/2022\/08\/festival-musiques-medievales-ensemble-musique-ancienne-la-reverdie.jpg\" alt=\"\" class=\"wp-image-45562\" width=\"220\" height=\"150\"\/><\/figure><\/div>\n\n\n\n<p class=\"classe text_justify\">Vendredi 9 septembre, \u00e0 20h<br>Eglise Saints-Pierre-et-Paul, <br>Rosheim.<br><br>Autre formation de la sc\u00e8ne m\u00e9di\u00e9vale qu&rsquo;on ne pr\u00e9sente plus, <a href=\"https:\/\/www.moyenagepassion.com\/index.php\/tag\/la-reverdie\/\">l&rsquo;ensemble italien La Reverdie<\/a> sera pr\u00e9sent au festival,  \u00e0 l&rsquo;occasion de cette 30eme \u00e9dition. Entour\u00e9s de leurs complices, Claudia Caffagni et Livia Caffagni, les deux s\u0153urs  \u00e0 l&rsquo;origine de La Reverdie, transporteront le public, au c\u0153ur de l&rsquo;ann\u00e9e 1389, \u00e0 Florence, \u00e0 la d\u00e9couverte d&rsquo;une galerie de portraits inspir\u00e9e du \u00ab\u00a0<em>Paradiso degli Alberti<\/em>\u00a0\u00bb de Giovanni Gherardi et dans laquelle l&rsquo;id\u00e9al courtois prendra largement sa place.<\/p>\n\n\n\n<h4 class=\"wp-block-heading\"><strong>Le Miroir de Musique<\/strong> &#8211; <em>Machaut &amp; visages de la mort<\/em><\/h4>\n\n\n\n<div class=\"wp-block-image\"><figure class=\"alignleft size-large is-resized\"><img decoding=\"async\" src=\"https:\/\/www.moyenagepassion.com\/wp-content\/uploads\/2022\/08\/festival-musiques-medievales-ensemble-musique-ancienne-chants-polyphoniques-02.jpg\" alt=\"\" class=\"wp-image-45563\" width=\"220\" height=\"149\"\/><\/figure><\/div>\n\n\n\n<p class=\"classe text_justify\">Samedi 10 septembre, \u00e0 18h<br>Eglise Saint-Jacques, <br>Feldbach.<br><br>Sous la direction de Baptiste Romain, l&rsquo;ensemble <em>Miroir de Musique<\/em> se d\u00e9die depuis sa fondation, \u00e0 un r\u00e9pertoire qui va de l&rsquo;\u00e2ge d&rsquo;or des troubadours jusqu&rsquo;\u00e0 la renaissance et au XVI e si\u00e8cle. Bas\u00e9s en Suisse, ses membres sont issus de la prestigieuse<a href=\"https:\/\/www.moyenagepassion.com\/index.php\/tag\/schola-cantorum-basiliensis\/\"> Schola Cantorum Basiliensis<\/a>. Avec ce concert, ils mettront \u00e0 l&rsquo;honneur Guillaume de Machaut  et les diff\u00e9rentes formes prises par la mort dans l&rsquo;\u0153uvre de ce dernier, dont bien s\u00fbr, la \u00ab\u00a0mort d&rsquo;amour\u00a0\u00bb qui n&rsquo;a de cesse d&rsquo;accompagner et tourmenter le loyal amant courtois.<\/p>\n\n\n\n<h4 class=\"wp-block-heading\"><strong>Diabolus in Musica <\/strong>&#8211; <em>Les Chansonniers du Val-de-Loire<\/em><\/h4>\n\n\n\n<div class=\"wp-block-image\"><figure class=\"alignleft size-large is-resized\"><img decoding=\"async\" src=\"https:\/\/www.moyenagepassion.com\/wp-content\/uploads\/2022\/08\/festival-musiques-medievales-ensemble-musique-ancienne-chants-polyphoniques-03.jpg\" alt=\"\" class=\"wp-image-45564\" width=\"220\" height=\"144\"\/><\/figure><\/div>\n\n\n\n<p class=\"classe text_justify\">Dimanche 11 septembre, \u00e0 18h<br>Eglise Saint-L\u00e9ger, <br>Guebwiller.<br><br><a href=\"https:\/\/www.moyenagepassion.com\/index.php\/tag\/diabolus-in-musica\/\">L&rsquo;ensemble Diabolus in Musica<\/a> est, lui aussi, bien connu de ceux qui s&rsquo;int\u00e9ressent de pr\u00e8s \u00e0 la musique m\u00e9di\u00e9vale et ancienne. La formation s&rsquo;y consacre depuis sa fondation en 1992. D\u00e9sormais sous la houlette de Nicolas Sansarlat qui a succ\u00e9d\u00e9 \u00e0 Antoine Guerber, l&rsquo;ensemble proposera au festival un programme rare \u00e9labor\u00e9 \u00e0 partir de Chansonniers du Moyen \u00c2ge tardif, en provenance particuli\u00e8rement du Tourangeau et du Val de Loire. On y c\u00f4toiera de pr\u00e8s la lyrique courtoise de cette p\u00e9riode.<\/p>\n\n\n\n<hr class=\"wp-block-separator\"\/>\n\n\n\n<h4 class=\"wp-block-heading\"><strong>Labyrinthus<\/strong> &#8211; <em>Chypre m\u00e9di\u00e9val<\/em><\/h4>\n\n\n\n<div class=\"wp-block-image\"><figure class=\"alignleft size-large is-resized\"><img decoding=\"async\" src=\"https:\/\/www.moyenagepassion.com\/wp-content\/uploads\/2022\/08\/festival-musiques-medievales-ensemble-musique-ancienne-Labyrinthus-.jpg\" alt=\"\" class=\"wp-image-45566\" width=\"220\" height=\"148\"\/><\/figure><\/div>\n\n\n\n<p class=\"classe text_justify\">Vendredi 16 septembre, \u00e0 19h30<br>St. Fabianstift, <br>Hornbach.<br><br>Ce concert qui prolongera tout sp\u00e9cialement le festival, cette ann\u00e9e, aura lieu de l&rsquo;autre c\u00f4t\u00e9 de la fronti\u00e8re, en l&rsquo;Allemagne. Il accueillera l&rsquo;<em>Ensemble russe Labyrinthus<\/em> sous la direction de Danil Ryabchikov, musicien et auteur tr\u00e8s actif sur la sc\u00e8ne des musiques anciennes et m\u00e9di\u00e9vales. Depuis sa fondation en 2010, l&rsquo;ensemble Labyrinthus s&rsquo;est sp\u00e9cialis\u00e9 dans la musique du Moyen \u00c2ge central \u00e0 tardif. A l&rsquo;occasion de ce programme, c&rsquo;est Chypre et sa cour aux temps m\u00e9di\u00e9vaux, et plus particuli\u00e8rement au XVe si\u00e8cle, que la formation mettra \u00e0 l&rsquo;honneur. Le public y aura l&rsquo;occasion de d\u00e9couvrir des chants polyphoniques sacr\u00e9s et profanes inspir\u00e9s de l\u2019Ars Subtilior.<\/p>\n\n\n\n<p class=\"classe text_justify\">Pour information, ce concert donn\u00e9 par Labyrinthus fait partie d&rsquo;un autre festival qui se d\u00e9roulera  du 3 au 23 septembre. Baptis\u00e9 le <em>Via M\u00e9diaeval 2022<\/em>, cet \u00e9v\u00e9nement proposera un concept assez similaire au <em>Festival voix et musique romane<\/em>, du c\u00f4t\u00e9 de la <em> <\/em>Rh\u00e9nanie-Palatinat, en Allemagne. <\/p>\n\n\n\n<hr class=\"wp-block-separator\"\/>\n\n\n\n<p class=\"classe text_justify\"><br>Veuillez noter qu&rsquo;\u00e0 c\u00f4t\u00e9 de tous ces concerts de musique m\u00e9di\u00e9vale, <em>le Festival Voix et route romane<\/em> \u00e9largira sa vocation \u00e0 l&rsquo;occasion de cette nouvelle \u00e9dition, en proposant \u00e9galement diverses expositions, ateliers et \u00e9v\u00e9nements connexes, toujours dans l&rsquo;id\u00e9e de prolonger la d\u00e9couverte du patrimoine m\u00e9di\u00e9val Alsacien mais aussi de permettre \u00e0 ses festivaliers de multiplier leurs aventures et leurs \u00e9changes. Le Ch\u00e2teau du Hohlandsbourg de Wintzenheim sera notamment de la f\u00eate.<\/p>\n\n\n\n<p class=\"has-text-align-center\"><a href=\"http:\/\/sur le site officiel https:\/\/www.voix-romane.com\/\" target=\"_blank\" rel=\"noreferrer noopener\">Voir le programme avec tout le d\u00e9tail des lieux et r\u00e9servations<\/a><\/p>\n\n\n\n<p class=\"has-text-align-center\">Voir nos articles sur les \u00e9ditions pr\u00e9c\u00e9dentes de cet \u00e9v\u00e9nement<br><a href=\"https:\/\/www.moyenagepassion.com\/index.php\/2021\/06\/19\/iberica-en-aout-le-grand-retour-du-festival-voix-et-route-romane\/\">Edition 2021 <\/a>&#8211; <a href=\"https:\/\/www.moyenagepassion.com\/index.php\/2021\/06\/19\/iberica-en-aout-le-grand-retour-du-festival-voix-et-route-romane\/\">Edition 2019<\/a> &#8211; <a href=\"https:\/\/www.moyenagepassion.com\/index.php\/2018\/07\/10\/le-festival-voix-et-route-romane-a-la-decouverte-des-musiques-medievales-et-du-patrimoine-roman-alsacien\/\">Edition 2018<\/a> <\/p>\n\n\n\n<p><br>En vous souhaitant une belle journ\u00e9e.<br>Fr\u00e9d\u00e9ric EFFE<br>Pour moyenagepassion.com<br>A la d\u00e9couverte du monde m\u00e9di\u00e9val sous toutes ses formes<\/p>\n\n\n\n<p class=\"classe text_justify has-small-font-size\">NB : sur la photo d&rsquo;en-t\u00eate vous trouverez, en arri\u00e8re plan, une partition extraite de la <em>Messe de Barcelone<\/em> du manuscrit Ms 971 de la Biblioth\u00e8que de Catalogne (\u00e0 Barcelone), dat\u00e9 du XIVe si\u00e8cle (<a href=\"https:\/\/mdc.csuc.cat\/digital\/collection\/partiturBC\/id\/32495\" target=\"_blank\" rel=\"noreferrer noopener\">\u00e0 consulter en ligne ici<\/a>). Cette messe, qui compte parmi les premi\u00e8res messes polyphoniques de la p\u00e9riode m\u00e9di\u00e9vale,  sera jou\u00e9e par l&rsquo;ensemble Musica Nova, \u00e0 l&rsquo;occasion du Festival voix et route romane. Concernant la statue en premier plan de l&rsquo;image, il s&rsquo;agit d&rsquo;une statue de Sainte-Barbe dat\u00e9 du XVe si\u00e8cle et que l&rsquo;on peut actuellement l&rsquo;observer dans l&rsquo;\u00c9glise St Trophime \u00e0 Eschau, \u00e9glise qui se trouve sur l&rsquo;itin\u00e9raire du Festival.<\/p>\n","protected":false},"excerpt":{"rendered":"<p>Sujet&nbsp;: agenda m\u00e9di\u00e9val, festival&nbsp;de musiques anciennes, musiques m\u00e9di\u00e9vales, patrimoine, \u00e9glises romanes, chants polyphoniques, \u00e9glises m\u00e9di\u00e9vales, art roman, guerre et paix.P\u00e9riode&nbsp;: Moyen \u00c2ge (XIIe au XVe s)Ev\u00e9nement : le 30\u00e8me&nbsp;Festival Voix et Route Romane, \u00ab&nbsp;Guerres et germes de paix&nbsp;\u00bbDates&nbsp;: du&nbsp; 26 ao\u00fbt au 11 sept 2022Lieu&nbsp;: Alsace, Grand Est, itin\u00e9rant (route romane) Bonjour \u00e0 tous, eux &hellip; <a href=\"https:\/\/www.moyenagepassion.com\/index.php\/2022\/08\/15\/bientot-le-30e-festival-voix-et-route-romane-sous-le-signe-de-la-paix\/\" class=\"more-link\">Continuer la lecture de <span class=\"screen-reader-text\">le Festival voix et route romane, une \u00e9dition 2022 sous le signe de la paix<\/span>  <span class=\"meta-nav\">&rarr;<\/span><\/a><\/p>\n","protected":false},"author":2,"featured_media":45586,"comment_status":"open","ping_status":"open","sticky":false,"template":"","format":"standard","meta":{"_monsterinsights_skip_tracking":false,"_monsterinsights_sitenote_active":false,"_monsterinsights_sitenote_note":"","_monsterinsights_sitenote_category":0,"footnotes":""},"categories":[11],"tags":[1539,1985,1023,1659,2568,4691,3922,2685,3982,5844,883,5192,1536,4036],"class_list":["post-45544","post","type-post","status-publish","format-standard","has-post-thumbnail","hentry","category-fetes-medievales-evenement","tag-agenda-medieval","tag-alsace","tag-art-roman","tag-chants-polyphoniques","tag-concerts","tag-eglises-medievales","tag-eglises-romanes","tag-ensemble-medieval","tag-grand-est","tag-guerre-et-paix","tag-musiques-anciennes","tag-musiques-medievales","tag-patrimoine","tag-voix-et-route-romane"],"aioseo_notices":[],"_links":{"self":[{"href":"https:\/\/www.moyenagepassion.com\/index.php\/wp-json\/wp\/v2\/posts\/45544"}],"collection":[{"href":"https:\/\/www.moyenagepassion.com\/index.php\/wp-json\/wp\/v2\/posts"}],"about":[{"href":"https:\/\/www.moyenagepassion.com\/index.php\/wp-json\/wp\/v2\/types\/post"}],"author":[{"embeddable":true,"href":"https:\/\/www.moyenagepassion.com\/index.php\/wp-json\/wp\/v2\/users\/2"}],"replies":[{"embeddable":true,"href":"https:\/\/www.moyenagepassion.com\/index.php\/wp-json\/wp\/v2\/comments?post=45544"}],"version-history":[{"count":52,"href":"https:\/\/www.moyenagepassion.com\/index.php\/wp-json\/wp\/v2\/posts\/45544\/revisions"}],"predecessor-version":[{"id":45611,"href":"https:\/\/www.moyenagepassion.com\/index.php\/wp-json\/wp\/v2\/posts\/45544\/revisions\/45611"}],"wp:featuredmedia":[{"embeddable":true,"href":"https:\/\/www.moyenagepassion.com\/index.php\/wp-json\/wp\/v2\/media\/45586"}],"wp:attachment":[{"href":"https:\/\/www.moyenagepassion.com\/index.php\/wp-json\/wp\/v2\/media?parent=45544"}],"wp:term":[{"taxonomy":"category","embeddable":true,"href":"https:\/\/www.moyenagepassion.com\/index.php\/wp-json\/wp\/v2\/categories?post=45544"},{"taxonomy":"post_tag","embeddable":true,"href":"https:\/\/www.moyenagepassion.com\/index.php\/wp-json\/wp\/v2\/tags?post=45544"}],"curies":[{"name":"wp","href":"https:\/\/api.w.org\/{rel}","templated":true}]}}