{"id":45658,"date":"2022-08-21T19:38:01","date_gmt":"2022-08-21T18:38:01","guid":{"rendered":"https:\/\/www.moyenagepassion.com\/?p=45658"},"modified":"2022-08-22T18:16:03","modified_gmt":"2022-08-22T17:16:03","slug":"agenda-aigues-mortes-la-belle-camarguaise-revient-au-temps-de-saint-louis","status":"publish","type":"post","link":"https:\/\/www.moyenagepassion.com\/index.php\/2022\/08\/21\/agenda-aigues-mortes-la-belle-camarguaise-revient-au-temps-de-saint-louis\/","title":{"rendered":"Agenda : Aigues-Mortes la belle camarguaise revient au temps de Saint Louis."},"content":{"rendered":"<div id=\"moyen-801748053\" class=\"moyen-before-content moyen-entity-placement\"><script async src=\"\/\/pagead2.googlesyndication.com\/pagead\/js\/adsbygoogle.js?client=ca-pub-3035390706780632\" crossorigin=\"anonymous\"><\/script><ins class=\"adsbygoogle\" style=\"display:block;\" data-ad-client=\"ca-pub-3035390706780632\" \ndata-ad-slot=\"\" \ndata-ad-format=\"auto\"><\/ins>\n<script> \n(adsbygoogle = window.adsbygoogle || []).push({}); \n<\/script>\n<\/div>\n<div class=\"wp-block-image\"><figure class=\"alignleft size-full\"><img decoding=\"async\" width=\"160\" height=\"239\" src=\"https:\/\/www.moyenagepassion.com\/wp-content\/uploads\/2022\/08\/blason-Aigues-Mortes-Camargue-Occitanie.jpg\" alt=\"\" class=\"wp-image-45659\"\/><\/figure><\/div>\n\n\n\n<p><strong><a href=\"https:\/\/www.moyenagepassion.com\/wp-content\/uploads\/2016\/08\/heraldique_aigues_mortes_camargues_ville_medievale_saint_martin.jpg\"><\/a>Sujet<\/strong>&nbsp; :  animations m\u00e9di\u00e9vales, f\u00eates&nbsp; historiques, compagnies m\u00e9di\u00e9vales, cit\u00e9 m\u00e9di\u00e9vale, march\u00e9 m\u00e9di\u00e9val, march\u00e9 artisanal.<br><strong>Ev\u00e9nement&nbsp;<\/strong>&nbsp;: F\u00eate de la Saint-Louis<br><strong>P\u00e9riode<\/strong>&nbsp;: moyen-\u00e2ge festif, XIIIe si\u00e8cle.<br><strong>Lieu<\/strong>&nbsp; : Aigues-Mortes (Gard, Camargue, Occitanie)<br><strong>Dates&nbsp;<\/strong>: du 27&nbsp; au&nbsp;28 ao\u00fbt 2022<\/p>\n\n\n\n<p>Bonjour \u00e0 tous,<\/p>\n\n\n\n<div class=\"wp-block-image\"><figure class=\"alignleft size-large\"><img decoding=\"async\" width=\"84\" height=\"103\" src=\"https:\/\/www.moyenagepassion.com\/wp-content\/uploads\/2018\/10\/L_lettrine_moyen_age_passion.jpg\" alt=\"\" class=\"wp-image-23896\"\/><\/figure><\/div>\n\n\n\n<p class=\"classe text_justify\">e week-end prochain, comme chaque ann\u00e9e \u00e0 la fin aout, Aigues-Mortes c\u00e9l\u00e9brera sa f\u00eate de la Saint-Louis, en souvenir du bienfaiteur de la cit\u00e9 et des grands am\u00e9nagements qu&rsquo;il y conduit dans le courant du XIIIe si\u00e8cle.  A l&rsquo;\u00e9poque, le port de Marseille n&rsquo;est pas sous la main de Louis IX. Il est contr\u00f4l\u00e9 par Charles d\u2019Anjou, roi de Naples et de Sicile. Or, le souverain fran\u00e7ais avait besoin d&rsquo;un d\u00e9bouch\u00e9 sur la m\u00e9diterran\u00e9e et un port qui permettent d&rsquo;organiser directement les croisades sans avoir \u00e0 d\u00e9pendre d&rsquo;autres provinces, ni de leurs vaisseaux.<\/p>\n\n\n\n<h2 class=\"wp-block-heading\">Au programme de cette nouvelle <br>F\u00eate historique de la Saint-Louis<\/h2>\n\n\n\n<div class=\"wp-block-image\"><figure class=\"alignright size-full is-resized\"><a href=\"https:\/\/www.moyenagepassion.com\/wp-content\/uploads\/2022\/08\/fete-animations-medievales-de-la-Saint-Louis-2022-Aigues-Mortes-Occitanie.jpg\"><img decoding=\"async\" src=\"https:\/\/www.moyenagepassion.com\/wp-content\/uploads\/2022\/08\/fete-animations-medievales-de-la-Saint-Louis-2022-Aigues-Mortes-Occitanie.jpg\" alt=\"Affiche de la F\u00eate de la Saint-Louis d'Aigues-Mortes, Occitanie - r\u00e9alisation Patrick Granier\" class=\"wp-image-45662\" width=\"230\" height=\"345\" srcset=\"https:\/\/www.moyenagepassion.com\/wp-content\/uploads\/2022\/08\/fete-animations-medievales-de-la-Saint-Louis-2022-Aigues-Mortes-Occitanie.jpg 380w, https:\/\/www.moyenagepassion.com\/wp-content\/uploads\/2022\/08\/fete-animations-medievales-de-la-Saint-Louis-2022-Aigues-Mortes-Occitanie-200x300.jpg 200w\" sizes=\"(max-width: 230px) 100vw, 230px\" \/><\/a><\/figure><\/div>\n\n\n\n<p class=\"classe text_justify\">La v\u00e9rit\u00e9 est qu&rsquo;il en faut peu pour voyager dans le temps et au Moyen \u00c2ge quand on se rend \u00e0 Aigues-Mortes. Bord\u00e9e de ses salins aux mille reflets, la belle cit\u00e9 m\u00e9di\u00e9vale avec ses remparts, ses vieilles b\u00e2tisses et ses ruelles pav\u00e9es est, \u00e0 elle seule, une invitation suffisante. Mais que dire quand ce joyau camarguais si bien pr\u00e9serv\u00e9 convoque en ses murs son histoire m\u00e9di\u00e9vale et qui pourrait r\u00e9sister \u00e0 cette invitation ? <\/p>\n\n\n\n<p class=\"classe text_justify\">Apr\u00e8s une annulation due \u00e0 la Covid, la f\u00eate de la Saint-Louis se r\u00e9invite, donc, \u00e0 Aigues Mortes, comme elle l&rsquo;a fait depuis plus de 35 ans. Ces c\u00e9l\u00e9brations tr\u00e8s attendues auront lieu les 27 et 28 ao\u00fbt prochain et on y f\u00eatera dignement le retour de Saint Louis avec quantit\u00e9s d&rsquo;animations m\u00e9di\u00e9vales, dans la ville et au pied de ses remparts.<\/p>\n\n\n\n<h3 class=\"wp-block-heading\">Temps forts : pr\u00e9sence de Saint-Louis et tournois<\/h3>\n\n\n\n<p class=\"classe text_justify\">A Aigues-Mortes, la f\u00eate Saint Louis est prise tr\u00e8s au s\u00e9rieux et les organisateurs font toujours un effort particulier pour privil\u00e9gier le r\u00e9alisme historique et la reconstitution. Pour cette \u00e9dition, on peut encore s&rsquo;attendre \u00e0 ce que cet esprit soit conserv\u00e9. <\/p>\n\n\n\n<div class=\"wp-block-image\"><figure class=\"alignleft size-full is-resized\"><a href=\"https:\/\/www.moyenagepassion.com\/wp-content\/uploads\/2022\/08\/statue-saint-louis-aigues-mortes.jpg\"><img decoding=\"async\" src=\"https:\/\/www.moyenagepassion.com\/wp-content\/uploads\/2022\/08\/statue-saint-louis-aigues-mortes.jpg\" alt=\"Saint-Louis \u00e0 Aigues-Mortes\" class=\"wp-image-45681\" width=\"241\" height=\"365\" srcset=\"https:\/\/www.moyenagepassion.com\/wp-content\/uploads\/2022\/08\/statue-saint-louis-aigues-mortes.jpg 550w, https:\/\/www.moyenagepassion.com\/wp-content\/uploads\/2022\/08\/statue-saint-louis-aigues-mortes-198x300.jpg 198w\" sizes=\"(max-width: 241px) 100vw, 241px\" \/><\/a><\/figure><\/div>\n\n\n\n<p class=\"classe text_justify\">Des mesnies de chevaliers et de reconstituteurs, passionn\u00e9s d&rsquo;histoire vivante, viendront y installer leur camp ; on y croisera des ateliers vari\u00e9s  (calligraphie, tissage, frappe de monnaie, gastronomie m\u00e9di\u00e9vale, jeux vari\u00e9s, \u2026) mais aussi des d\u00e9monstrations de combats en armure, d&rsquo;archerie et des expositions d&rsquo;armures et d&rsquo;armes vari\u00e9s. Tous ces campements devraient fournir l&rsquo;occasion de d\u00e9couvrir la vie quotidienne et militaire au Moyen \u00c2ge central, mais aussi d&rsquo;\u00e9changer avec des f\u00e9rus de cette p\u00e9riodes.<\/p>\n\n\n\n<p class=\"classe text_justify\">Du point de vue des temps forts, les deux jours inviteront les visiteurs \u00e0 revivre le d\u00e9part de Louis IX pour la 7e croisade. Tout au long de ces c\u00e9l\u00e9brations, on le retrouvera donc dans les moments les plus symboliques de sa pr\u00e9sence \u00e0 Aigues-Mortes : d\u00e9fil\u00e9 historique, remise des clefs de la cit\u00e9, grand tournoi donn\u00e9 en sa pr\u00e9sence, et enfin embarquement du roi de France pour les croisades, \u00e0 la fin de la f\u00eate, couronn\u00e9 par un grand spectacle pyrotechnique et symphonique.<\/p>\n\n\n\n<h4 class=\"wp-block-heading\">Tournoi de chevalerie et spectacle \u00e9questre<\/h4>\n\n\n\n<p class=\"classe text_justify\">En ce qui concerne le tournoi de chevalerie, il se tiendra dans l&rsquo;apr\u00e8s-midi du samedi et promet force joutes, cascades et \u00e9motions fortes. Pour qui souhaiterait y assister, son entr\u00e9e est tarif\u00e9e mais ce n&rsquo;est pas non plus tous les jours qu&rsquo;on a l&rsquo;occasion de s&rsquo;asseoir sur les tribunes du roi et en sa pr\u00e9sence. De plus, le spectacle s&rsquo;annonce \u00e9pique. <\/p>\n\n\n\n<div class=\"wp-block-image\"><figure class=\"aligncenter size-large\"><a href=\"https:\/\/www.moyenagepassion.com\/wp-content\/uploads\/2022\/08\/fetes-de-la-Saint-Louis-Aigues-mortes-animations-medievales-tournois-marche.jpg\"><img decoding=\"async\" width=\"624\" height=\"479\" src=\"https:\/\/www.moyenagepassion.com\/wp-content\/uploads\/2022\/08\/fetes-de-la-Saint-Louis-Aigues-mortes-animations-medievales-tournois-marche.jpg\" alt=\"Compagnies et animations m\u00e9di\u00e9vales F\u00eate de la Saint-Louis, Aigues-Mortes, Occitanie\" class=\"wp-image-45667\" srcset=\"https:\/\/www.moyenagepassion.com\/wp-content\/uploads\/2022\/08\/fetes-de-la-Saint-Louis-Aigues-mortes-animations-medievales-tournois-marche.jpg 624w, https:\/\/www.moyenagepassion.com\/wp-content\/uploads\/2022\/08\/fetes-de-la-Saint-Louis-Aigues-mortes-animations-medievales-tournois-marche-300x230.jpg 300w\" sizes=\"(max-width: 624px) 100vw, 624px\" \/><\/a><\/figure><\/div>\n\n\n\n<h3 class=\"wp-block-heading\">Animations de rues et march\u00e9 m\u00e9di\u00e9val<\/h3>\n\n\n\n<p class=\"classe text_justify\">Pour le reste, toute la f\u00eate est gratuite et les animations ne manqueront pas dans les rues d&rsquo;Aigues-Mortes entre sayn\u00e8tes, d\u00e9ambulations costum\u00e9es, festives et musicales, mais encore bateleurs et saltimbanques. On pourra aussi trouver, sur place, un march\u00e9 m\u00e9di\u00e9val et artisanal et, comme on s&rsquo;en doute, les tavernes de la cit\u00e9 se feront un plaisir d&rsquo;accueillir les nobles visiteurs, comme les roturiers, pour y faire ripaille.<\/p>\n\n\n\n<h4 class=\"wp-block-heading\">Compagnies m\u00e9di\u00e9vales et artistes invit\u00e9s<\/h4>\n\n\n\n<p><em><span class=\"has-inline-color has-green-color\">Les blancs manteaux &#8211; Le Chevalier d&rsquo;Algues &#8211;  &#8211; Cie Djinjols &#8211; Douves &amp; Donjons &#8211; Drakonia &#8211; Gruppo Storico Sbandieratori y Musici Ducato di  Parma fornavo taro &#8211; Animal\u00e9a &#8211; Les Gueux de Volonne &#8211; Merces &#8211; Osco Musique &#8211; Les Sans Terre de Regordane &#8211; Turba Musica &#8211; Nostradamus<\/span><\/em>.<\/p>\n\n\n\n<p class=\"classe text_justify\">Pour les passionn\u00e9s d&rsquo;histoire, une exposition sur le th\u00e8me de Saint-Louis est pr\u00e9vu \u00e0 partir du vendredi et tout au long de l&rsquo;\u00e9v\u00e9nement. Une conf\u00e9rence viendra \u00e9galement la compl\u00e9ter le dimanche sur le th\u00e8me de Louis IX sur la route des croisades. <\/p>\n\n\n\n<p class=\"has-text-align-center\"><a href=\"https:\/\/ot-aiguesmortes.com\/\" target=\"_blank\" rel=\"noreferrer noopener\">Voir le programme sur le site officiel<\/a> &#8211; <a href=\"https:\/\/www.moyenagepassion.com\/wp-content\/uploads\/2022\/08\/animations-medievales-Camargue-Aigues-Mortes-2022.pdf\">T\u00e9l\u00e9chargement alternatif<\/a>.<\/p>\n\n\n\n<p class=\"classe text_justify\">Voir nos articles pr\u00e9c\u00e9dents sur les f\u00eates m\u00e9di\u00e9vales d&rsquo;Aigues-Mortes :<br><a href=\"https:\/\/www.moyenagepassion.com\/index.php\/2019\/08\/15\/saint-louis-de-retour-a-aigues-mortes-pour-une-grande-fete-medievale\/\">Edition 2019<\/a>  &#8211; <a href=\"https:\/\/www.moyenagepassion.com\/index.php\/2018\/08\/22\/la-33e-edition-de-la-fete-de-la-saint-louis-daigues-mortes-la-camarguaise\/\">Edition 2018<\/a>  &#8211; <a href=\"https:\/\/www.moyenagepassion.com\/index.php\/2018\/06\/06\/la-5eme-edition-des-grands-tournois-daigues-mortes\/\">Les tournois 2018<\/a>  &#8211; <a href=\"https:\/\/www.moyenagepassion.com\/index.php\/2017\/08\/24\/saint-louis-revient-a-aigues-mortes-pour-la-32e-edition-dune-grande-fete-medievale\/\">Edition 2017 <\/a> &#8211; <a href=\"https:\/\/www.moyenagepassion.com\/index.php\/2017\/04\/28\/reconstitution-historique-chevalerie-et-grands-spectacles-les-grands-tournois-daigues-mortes\/\">Les tournois 2017 <\/a> &#8211; <a href=\"https:\/\/www.moyenagepassion.com\/index.php\/2016\/08\/26\/celebration-et-festivites-medievales-aigues-mortes-fete-saint-louis\/\">Edition 2016 &amp; histoire d\u00e9taill\u00e9e d&rsquo;Aigues-mortes. <\/a><\/p>\n\n\n\n<p>En vous souhaitant une belle journ\u00e9e.<\/p>\n\n\n\n<p>Fr\u00e9d\u00e9ric EFFE<br>Pour moyenagepassion.com<br><em><strong>A la d\u00e9couverte du Moyen&nbsp;<em><strong>\u00c2<\/strong><\/em>ge sous toutes ses formes<\/strong><\/em><\/p>\n","protected":false},"excerpt":{"rendered":"<p>Sujet&nbsp; : animations m\u00e9di\u00e9vales, f\u00eates&nbsp; historiques, compagnies m\u00e9di\u00e9vales, cit\u00e9 m\u00e9di\u00e9vale, march\u00e9 m\u00e9di\u00e9val, march\u00e9 artisanal.Ev\u00e9nement&nbsp;&nbsp;: F\u00eate de la Saint-LouisP\u00e9riode&nbsp;: moyen-\u00e2ge festif, XIIIe si\u00e8cle.Lieu&nbsp; : Aigues-Mortes (Gard, Camargue, Occitanie)Dates&nbsp;: du 27&nbsp; au&nbsp;28 ao\u00fbt 2022 Bonjour \u00e0 tous, e week-end prochain, comme chaque ann\u00e9e \u00e0 la fin aout, Aigues-Mortes c\u00e9l\u00e9brera sa f\u00eate de la Saint-Louis, en souvenir du &hellip; <a href=\"https:\/\/www.moyenagepassion.com\/index.php\/2022\/08\/21\/agenda-aigues-mortes-la-belle-camarguaise-revient-au-temps-de-saint-louis\/\" class=\"more-link\">Continuer la lecture de <span class=\"screen-reader-text\">Agenda : Aigues-Mortes la belle camarguaise revient au temps de Saint Louis.<\/span>  <span class=\"meta-nav\">&rarr;<\/span><\/a><\/p>\n","protected":false},"author":2,"featured_media":45666,"comment_status":"open","ping_status":"open","sticky":false,"template":"","format":"standard","meta":{"_monsterinsights_skip_tracking":false,"_monsterinsights_sitenote_active":false,"_monsterinsights_sitenote_note":"","_monsterinsights_sitenote_category":0,"footnotes":""},"categories":[11],"tags":[1486,2529,2874,212,1487,5500,636,1369,5851],"class_list":["post-45658","post","type-post","status-publish","format-standard","has-post-thumbnail","hentry","category-fetes-medievales-evenement","tag-aigues-mortes","tag-animations-medievales","tag-cite-medievale","tag-compagnies-medievales","tag-fete-de-la-saint-louis","tag-marche-artisanal-2","tag-marche-medieval","tag-occitanie","tag-saint-louis-2"],"aioseo_notices":[],"_links":{"self":[{"href":"https:\/\/www.moyenagepassion.com\/index.php\/wp-json\/wp\/v2\/posts\/45658"}],"collection":[{"href":"https:\/\/www.moyenagepassion.com\/index.php\/wp-json\/wp\/v2\/posts"}],"about":[{"href":"https:\/\/www.moyenagepassion.com\/index.php\/wp-json\/wp\/v2\/types\/post"}],"author":[{"embeddable":true,"href":"https:\/\/www.moyenagepassion.com\/index.php\/wp-json\/wp\/v2\/users\/2"}],"replies":[{"embeddable":true,"href":"https:\/\/www.moyenagepassion.com\/index.php\/wp-json\/wp\/v2\/comments?post=45658"}],"version-history":[{"count":24,"href":"https:\/\/www.moyenagepassion.com\/index.php\/wp-json\/wp\/v2\/posts\/45658\/revisions"}],"predecessor-version":[{"id":45688,"href":"https:\/\/www.moyenagepassion.com\/index.php\/wp-json\/wp\/v2\/posts\/45658\/revisions\/45688"}],"wp:featuredmedia":[{"embeddable":true,"href":"https:\/\/www.moyenagepassion.com\/index.php\/wp-json\/wp\/v2\/media\/45666"}],"wp:attachment":[{"href":"https:\/\/www.moyenagepassion.com\/index.php\/wp-json\/wp\/v2\/media?parent=45658"}],"wp:term":[{"taxonomy":"category","embeddable":true,"href":"https:\/\/www.moyenagepassion.com\/index.php\/wp-json\/wp\/v2\/categories?post=45658"},{"taxonomy":"post_tag","embeddable":true,"href":"https:\/\/www.moyenagepassion.com\/index.php\/wp-json\/wp\/v2\/tags?post=45658"}],"curies":[{"name":"wp","href":"https:\/\/api.w.org\/{rel}","templated":true}]}}