{"id":46268,"date":"2022-10-10T03:02:22","date_gmt":"2022-10-10T02:02:22","guid":{"rendered":"https:\/\/www.moyenagepassion.com\/?p=46268"},"modified":"2022-10-10T07:02:02","modified_gmt":"2022-10-10T06:02:02","slug":"lhistoire-eclairee-de-claire-interview-exclusive-dune-vraie-passionnee-de-patrimoine-et-dhistoire-vivante","status":"publish","type":"post","link":"https:\/\/www.moyenagepassion.com\/index.php\/2022\/10\/10\/lhistoire-eclairee-de-claire-interview-exclusive-dune-vraie-passionnee-de-patrimoine-et-dhistoire-vivante\/","title":{"rendered":"l&rsquo;Histoire \u00ab\u00a0\u00e9clair\u00e9e\u00a0\u00bb de Claire : interview exclusive d&rsquo;une vraie passionn\u00e9e de patrimoine et d&rsquo;histoire vivante"},"content":{"rendered":"<div id=\"moyen-864543152\" class=\"moyen-before-content moyen-entity-placement\"><script async src=\"\/\/pagead2.googlesyndication.com\/pagead\/js\/adsbygoogle.js?client=ca-pub-3035390706780632\" crossorigin=\"anonymous\"><\/script><ins class=\"adsbygoogle\" style=\"display:block;\" data-ad-client=\"ca-pub-3035390706780632\" \ndata-ad-slot=\"\" \ndata-ad-format=\"auto\"><\/ins>\n<script> \n(adsbygoogle = window.adsbygoogle || []).push({}); \n<\/script>\n<\/div><div class=\"wp-block-image\">\n<figure class=\"alignleft size-full is-resized\"><a href=\"https:\/\/www.moyenagepassion.com\/wp-content\/uploads\/2022\/07\/blason-Chartres.jpg\"><img decoding=\"async\" src=\"https:\/\/www.moyenagepassion.com\/wp-content\/uploads\/2022\/07\/blason-Chartres.jpg\" alt=\"\" class=\"wp-image-45260\" width=\"124\" height=\"185\" srcset=\"https:\/\/www.moyenagepassion.com\/wp-content\/uploads\/2022\/07\/blason-Chartres.jpg 226w, https:\/\/www.moyenagepassion.com\/wp-content\/uploads\/2022\/07\/blason-Chartres-201x300.jpg 201w\" sizes=\"(max-width: 124px) 100vw, 124px\" \/><\/a><\/figure><\/div>\n\n\n<p><strong>Sujet<\/strong> : patrimoine, histoire vivante, reconstitution historique, visites guid\u00e9s, interview, conf\u00e9rences, animations m\u00e9di\u00e9vales,  <br><strong>P\u00e9riode<\/strong> : Moyen \u00c2ge central \u00e0 tardif<br><strong>Intervenante<\/strong> : Claire Barbier, conf\u00e9renci\u00e8re, intervenante, guide professionnelle, doctorante en histoire de l&rsquo;Art. <br><strong>Site web<\/strong> : eclairerlhistoire.fr<br><br><\/p>\n\n\n\n<p>Bonjour \u00e0 tous,<\/p>\n\n\n<div class=\"wp-block-image\">\n<figure class=\"alignleft size-full\"><a href=\"https:\/\/www.moyenagepassion.com\/wp-content\/uploads\/2018\/10\/V_lettrine_moyen_age_passion-copia.jpg\"><img decoding=\"async\" width=\"96\" height=\"103\" src=\"https:\/\/www.moyenagepassion.com\/wp-content\/uploads\/2018\/10\/V_lettrine_moyen_age_passion-copia.jpg\" alt=\"\" class=\"wp-image-23907\"\/><\/a><\/figure><\/div>\n\n\n<p class=\"classe text_justify\">oil\u00e0 longtemps que nous n&rsquo;avions eu l&rsquo;occasion de vous proposer un portrait de passionn\u00e9 de Moyen \u00c2ge. Nous en sommes d&rsquo;autant plus heureux que la personne qui fait l&rsquo;objet de ce portrait,  cumule des comp\u00e9tences qu&rsquo;il est rare de trouver r\u00e9unies en un m\u00eame profil. <\/p>\n\n\n\n<p class=\"classe text_justify\">Jugez plut\u00f4t :  chercheuse en histoire de l&rsquo;Art sp\u00e9cialis\u00e9e dans la p\u00e9riode m\u00e9di\u00e9vale (actuellement en doctorat et d\u00e9j\u00e0 mast\u00e9rante de la Sorbonne), guide touristique professionnelle pour le compte de lieux patrimoniaux prestigieux (ville de Chartres, centre historique, cath\u00e9drale, mus\u00e9e et centre du vitrail, ch\u00e2teau de Ch\u00e2teaudun, &#8230;) mais encore conf\u00e9renci\u00e8re et intervenante en pr\u00e9sentiel ou \u00e0 distance en Histoire. Et si cela ne suffisait pas elle est encore reconstitutrice passionn\u00e9e de confection de costumes m\u00e9di\u00e9vaux au plus pr\u00e8s de leur r\u00e9alit\u00e9 et elle n&rsquo;h\u00e9site pas \u00e0 les rev\u00eatir pour donner une touche unique \u00e0 certaines de ses visites ou de ses activit\u00e9s ! Alors, quand le go\u00fbt du patrimoine se met \u00e0 rimer avec Histoire vivante et p\u00e9dagogie, tout en conservant la rigueur de l&rsquo;approche historique, qui pourrait y r\u00e9sister ? Certainement pas nous et c&rsquo;est donc avec grand plaisir nous vous proposons de d\u00e9couvrir ci-dessous, une interview exclusive de la p\u00e9tillante et dynamique Claire Barbier de <em>Eclairer l&rsquo;histoire<\/em>.<\/p>\n\n\n\n<h2 class=\"wp-block-heading\">L&rsquo;interview de Claire Barbier <br>de <em>Eclairer L&rsquo;histoire<\/em><\/h2>\n\n\n<div class=\"wp-block-image\">\n<figure class=\"aligncenter size-full\"><a href=\"https:\/\/www.moyenagepassion.com\/wp-content\/uploads\/2022\/10\/interview-passionnee-Moyen-Age-Claire-Barbier-Eclairer-L-Histoire.jpg\"><img decoding=\"async\" width=\"750\" height=\"416\" src=\"https:\/\/www.moyenagepassion.com\/wp-content\/uploads\/2022\/10\/interview-passionnee-Moyen-Age-Claire-Barbier-Eclairer-L-Histoire.jpg\" alt=\"Claire Barbier, une passionn\u00e9e d'Histoire et de Patrimoine\" class=\"wp-image-46282\" srcset=\"https:\/\/www.moyenagepassion.com\/wp-content\/uploads\/2022\/10\/interview-passionnee-Moyen-Age-Claire-Barbier-Eclairer-L-Histoire.jpg 750w, https:\/\/www.moyenagepassion.com\/wp-content\/uploads\/2022\/10\/interview-passionnee-Moyen-Age-Claire-Barbier-Eclairer-L-Histoire-300x166.jpg 300w, https:\/\/www.moyenagepassion.com\/wp-content\/uploads\/2022\/10\/interview-passionnee-Moyen-Age-Claire-Barbier-Eclairer-L-Histoire-672x372.jpg 672w\" sizes=\"(max-width: 750px) 100vw, 750px\" \/><\/a><\/figure><\/div>\n\n\n<h3 class=\"wp-block-heading\"><em><mark style=\"background-color:rgba(0, 0, 0, 0)\" class=\"has-inline-color has-medium-gray-color\">Itin\u00e9raire &amp; parcours<\/mark><\/em><\/h3>\n\n\n\n<p class=\"classe text_justify\"><strong>Mpassion<\/strong> :<em> Bonjour Claire.  Nous sommes ravis de vous recevoir, aujourd&rsquo;hui, pour parler de vos nombreuses activit\u00e9s dans le domaine du patrimoine, de l&rsquo;enseignement et m\u00eame des animations m\u00e9di\u00e9vales. Ce n&rsquo;est pas si souvent que nous avons l&rsquo;occasion de rencontrer une passionn\u00e9e d&rsquo;histoire aussi active et qui soit \u00e0 l&rsquo;intersection d&rsquo;autant de domaines. <em>Pour commencer<\/em><\/em>, p<em>eut-\u00eatre pourriez-vous pr\u00e9senter un peu votre parcours atypique \u00e0 nos lecteurs  ? <\/em><\/p>\n\n\n\n<p class=\"classe text_justify\"><strong>Claire B<\/strong> : <em>Bonjour, je suis \u00e9galement ravie de partager avec vous les diff\u00e9rents aspects de ma vie qui sont, comme vous l\u2019avez soulign\u00e9, anim\u00e9s par ma passion de l\u2019Histoire et du Patrimoine. Pour moi, tout a commenc\u00e9 lorsque j\u2019avais 6-7 ans : j\u2019allais chez mes grands-parents et je leur posais des questions sur les objets qu\u2019ils avaient rapport\u00e9s de leurs diff\u00e9rents voyages \u00e0 l\u2019\u00e9tranger (notamment les sculptures et papyrus \u00e9gyptiens). De l\u00e0 est n\u00e9e ma passion et mon admiration pour l\u2019Egypte Antique qui m\u2019ont pouss\u00e9e \u00e0 faire l\u2019Ecole du Louvre pour devenir arch\u00e9ologue. Par la suite, diff\u00e9rents \u00e9v\u00e8nements dans ma vie m\u2019ont oblig\u00e9 \u00e0 changer de voie : j\u2019ai donc engag\u00e9 un BTS Tourisme que j\u2019ai obtenu en 2010, en travaillant en m\u00eame temps au Ch\u00e2teau d\u2019Angers et dans les mus\u00e9es de la ville d\u2019Angers. J\u2019y ai alors appris le m\u00e9tier de guide et m\u00e9diateur du patrimoine. J\u2019ai ensuite obtenu une Licence Arts, Lettres et Langues \u00e0 la Sorbonne, en faisant des petits boulots alimentaires pour subvenir \u00e0 mes besoins. <\/em><\/p>\n\n\n<div class=\"wp-block-image\">\n<figure class=\"alignright size-large is-resized\"><a href=\"https:\/\/www.moyenagepassion.com\/wp-content\/uploads\/2022\/10\/Claire-visite-guidees-tourisme-histoire-vivante-reconstitution-historique-Chartres-03.jpg\"><img decoding=\"async\" src=\"https:\/\/www.moyenagepassion.com\/wp-content\/uploads\/2022\/10\/Claire-visite-guidees-tourisme-histoire-vivante-reconstitution-historique-Chartres-03-213x1024.jpg\" alt=\"Visite de lieux patrimoniaux, cath\u00e9drales, mus\u00e9es et ch\u00e2teaux\" class=\"wp-image-46288\" width=\"168\" height=\"802\"\/><\/a><\/figure><\/div>\n\n\n<p class=\"classe text_justify\"><em>A l\u2019\u00e9poque, les Masters \u00e0 distance n\u2019\u00e9taient pas encore tellement d\u00e9velopp\u00e9s, et j\u2019ai d\u00fb abandonner momentan\u00e9ment l\u2019id\u00e9e d\u2019aller plus loin dans mes \u00e9tudes. J\u2019ai travaill\u00e9 plusieurs ann\u00e9es dans un groupe de communication \u00e0 Paris o\u00f9 j\u2019ai appris plusieurs m\u00e9tiers (assistante commerciale, charg\u00e9e de d\u00e9veloppement et de prospection, etc\u2026) mais le sentiment de plaisir, d\u2019\u00e9change, et de passion que j\u2019avais lorsque je faisais des visites guid\u00e9es au ch\u00e2teau d\u2019Angers me manquaient \u00e9norm\u00e9ment. J\u2019ai alors quitt\u00e9 mon travail et, ayant d\u00e9m\u00e9nag\u00e9 \u00e0 Chartres, j\u2019ai commenc\u00e9 \u00e0 travailler en tant que guide avec les visites de la crypte de la cath\u00e9drale, puis les visites de la cath\u00e9drale et de la ville. Apr\u00e8s quelques ann\u00e9es, j\u2019ai d\u00e9velopp\u00e9 de nouveaux th\u00e8mes et on m\u2019a propos\u00e9  \u00e9galement de travailler, ponctuellement, pour le mus\u00e9e du vitrail, le ch\u00e2teau de Villebon, le ch\u00e2teau de Ch\u00e2teaudun, la ville de Bonneval, les tours de la cath\u00e9drale de Chartres\u2026<\/em><\/p>\n\n\n\n<p class=\"classe text_justify\"><strong>Mpassion<\/strong> : <em>Voil\u00e0 de belles r\u00e9f\u00e9rences patrimoniales. Et pour le c\u00f4t\u00e9  histoire vivante ?<\/em><\/p>\n\n\n\n<p class=\"classe text_justify\"><strong>Claire B<\/strong> : <em>En parall\u00e8le, je faisais de la reconstitution historique depuis pr\u00e8s de 10 ans. J\u2019ai tellement d\u2019objets et de v\u00eatements de reconstitution que je pourrais vivre compl\u00e8tement avec mes seules affaires m\u00e9di\u00e9vales ! Avec la crise Covid, les \u00e9coles ne pouvant pas faire de sorties scolaires, j\u2019ai eu l\u2019id\u00e9e de proposer aux \u00e9tablissements de mon d\u00e9partement d\u2019aller en classe pour parler du Moyen Age aux enfants et \u00e9changer avec eux. J\u2019ai eu du succ\u00e8s d\u00e8s la premi\u00e8re ann\u00e9e ! J\u2019ai fait la m\u00eame chose avec les centres de loisirs et je participe \u00e9galement \u00e0 des projets avec des classes de coll\u00e8ge. Je propose aussi des visites de lieux patrimoniaux, v\u00eatue comme au Moyen Age, pour les enfants comme pour les adultes (et m\u00eame en nocturne !). Pour finir, je donne des cours et des conf\u00e9rences pour les adultes sur des th\u00e8mes de l\u2019Histoire et d\u2019Histoire de l\u2019Art. Et lorsque j\u2019ai un peu de temps libre, je travaille sur ma th\u00e8se. J\u2019ai donc r\u00e9ussi \u00e0 lier un travail qui me passionne \u00e0 ma passion pour la reconstitution, ce qui donne cette touche d&rsquo;originalit\u00e9 \u00e0 mon travail.<\/em><\/p>\n\n\n\n<h3 class=\"wp-block-heading\"><em><mark style=\"background-color:rgba(0, 0, 0, 0)\" class=\"has-inline-color has-medium-gray-color\">Pourquoi le Moyen \u00c2ge ?<\/mark><\/em><\/h3>\n\n\n\n<p class=\"classe text_justify\"><strong>Mpassion <\/strong>: <em>A voir votre succ\u00e8s sur les r\u00e9seaux et les retours de vos audiences, tout le monde y trouve son compte<\/em>. <em>Partant de cet int\u00e9r\u00eat g\u00e9n\u00e9ral pour l&rsquo;histoire et le patrimoine, comment en \u00eates-vous venus au Moyen-\u00c2ge ? <\/em><\/p>\n\n\n\n<p class=\"classe text_justify\"><strong>Claire B<\/strong> :  <em>Mon int\u00e9r\u00eat pour l\u2019Histoire et le Patrimoine est li\u00e9 \u00e0 mon histoire personnelle (int\u00e9r\u00eat de mes grands-parents) et mes parents m\u2019emmenaient souvent dans des mus\u00e9es et des expositions. Comme je voulais assez t\u00f4t \u00eatre arch\u00e9ologue ou \u00e9gyptologue, je me suis fortement int\u00e9ress\u00e9e \u00e0 l\u2019Egypte Antique. J\u2019\u00e9tais m\u00eame amoureuse d\u2019un pharaon quasi-inconnu lorsque j\u2019\u00e9tais enfant (Didoufri, fils de Kh\u00e9ops) ! Donc, cette p\u00e9riode \u00e9tait ma favorite. Le Moyen Age est arriv\u00e9 un peu plus tard, il y a 10 ans, lorsque mon compagnon qui faisait partie d\u2019une association de reconstitution m\u00e9di\u00e9vale m\u2019a transmis son int\u00e9r\u00eat pour cette p\u00e9riode. Ensuite, travaillant \u00e0 la cath\u00e9drale de Chartres, on ne peut que tomber en amour devant cet \u00e9difice, et vouloir en apprendre davantage sur la p\u00e9riode qui l\u2019a cr\u00e9\u00e9e ! <\/em><\/p>\n\n\n\n<p class=\"classe text_justify\"><strong>Mpassion<\/strong> : <em>On le comprend ais\u00e9ment. <em> La cath\u00e9drale de Chartres regorge de tr\u00e9sors. <\/em> Dans un autre registre qui touche peut-\u00eatre plus la perception du <em>Moyen \u00c2ge<\/em><\/em> <em>par le grand public, quel est votre point de vue sur la vision actuelle de la p\u00e9riode m\u00e9di\u00e9vale ? Certains pr\u00e9jug\u00e9s continuent-ils d&rsquo;\u00eatre  <em><mark style=\"background-color:#fff\" class=\"has-inline-color\">r\u00e9solument <\/mark><\/em>ancr\u00e9s dans l&rsquo;esprit des gens <em>ou a-t-on un peu avanc\u00e9 ?<\/em><\/em> Je<em> pense \u00e0 des poncifs comme le manque d&rsquo;hygi\u00e8ne ou l&rsquo;ignorance de l&rsquo;homme m\u00e9di\u00e9val, ce genre de choses ou m\u00eame encore la vision d&rsquo;un Moyen \u00c2ge fonci\u00e8rement obscurantiste, etc&#8230;  <\/em><\/p>\n\n\n\n<p class=\"classe text_justify\"><strong>Claire B<\/strong> : <em>J\u2019ai l\u2019impression que toutes les tranches d\u2019\u00e2ges ont encore beaucoup de clich\u00e9s sur le Moyen Age. Mais j\u2019ai tout de m\u00eame le sentiment que \u00e7a va dans le bon sens : avec les vid\u00e9os de vulgarisateurs ou certains reportages \u00e0 la t\u00e9l\u00e9vision, on commence \u00e0 avoir des pans de la population qui s\u2019int\u00e9ressent \u00e0 cette p\u00e9riode, et qui peuvent plus facilement trouver des r\u00e9ponses ou s\u2019informer sur ce qu\u2019ils ont vu dans des s\u00e9ries ou des films qui se veulent \u00abfid\u00e8les historiquement \u00bb<\/em>.<\/p>\n\n\n\n<h3 class=\"wp-block-heading\"><em><mark style=\"background-color:rgba(0, 0, 0, 0)\" class=\"has-inline-color has-medium-gray-color\">Visites anim\u00e9es et histoire vivante<\/mark><\/em><\/h3>\n\n\n\n<p class=\"classe text_justify\"><strong>Mpassion<\/strong> :<em> Pour revenir \u00e0 vos activit\u00e9s sur le terrain patrimonial et touristique, pour l&rsquo;instant un nombre important d&rsquo;entre elles se centre sur Chartres : conf\u00e9rences, enseignement au centre du vitrail, visites des grands lieux historiques de la ville, etc&#8230; Pourquoi cette ville ? C&rsquo;est un coup de c\u0153ur ? Y a-t-il quelque chose qui vous touche particuli\u00e8rement dans son patrimoine et son histoire ?<\/em><\/p>\n\n\n<div class=\"wp-block-image\">\n<figure class=\"alignleft size-large is-resized\"><a href=\"https:\/\/www.moyenagepassion.com\/wp-content\/uploads\/2022\/10\/Claire-visite-guidees-tourisme-histoire-vivante-reconstitution-historique-Chartres.jpg\"><img decoding=\"async\" src=\"https:\/\/www.moyenagepassion.com\/wp-content\/uploads\/2022\/10\/Claire-visite-guidees-tourisme-histoire-vivante-reconstitution-historique-Chartres-213x1024.jpg\" alt=\"Passion reconstitution historique et costumes du Moyen \u00c2ge\" class=\"wp-image-46283\" width=\"167\" height=\"802\" srcset=\"https:\/\/www.moyenagepassion.com\/wp-content\/uploads\/2022\/10\/Claire-visite-guidees-tourisme-histoire-vivante-reconstitution-historique-Chartres-213x1024.jpg 213w, https:\/\/www.moyenagepassion.com\/wp-content\/uploads\/2022\/10\/Claire-visite-guidees-tourisme-histoire-vivante-reconstitution-historique-Chartres.jpg 260w\" sizes=\"(max-width: 167px) 100vw, 167px\" \/><\/a><\/figure><\/div>\n\n\n<p class=\"classe text_justify\"><strong>Claire B <\/strong>: <em>J\u2019ai v\u00e9cu plusieurs ann\u00e9es pr\u00e8s de Chartres (entre 6 ans et 16 ans) en \u00e9tant au coll\u00e8ge et au lyc\u00e9e dans cette ville. J\u2019en suis partie en 2005. La vie a fait que mon conjoint a trouv\u00e9 du travail \u00e0 Chartres en 2015. Nous sommes donc venus nous installer ici. C\u2019est donc un hasard mais heureux. J\u2019ai toujours ador\u00e9 la cath\u00e9drale qui est la mieux conserv\u00e9e de France. Elle n\u2019a pas subi de d\u00e9g\u00e2ts trop importants pendant la R\u00e9volution fran\u00e7aise ou les 2 guerres mondiales et elle a aussi la plus grande collection de vitraux du Moyen Age du monde entier ! C\u2019est une vraie splendeur qui ne finit pas de m\u2019impressionner. Et m\u00eame si je pourrais tenir plusieurs dizaines d\u2019heures de visite (litt\u00e9ralement), j\u2019en apprends encore tous les jours !<\/em><\/p>\n\n\n\n<p class=\"classe text_justify\"><strong>Mpassion<\/strong> : <em>Du fait de vos nombreuses casquettes, vous pourriez \u00eatre ce que l&rsquo;on appelle une \u00ab\u00a0historienne de labo\u00a0\u00bb, puisque vous \u00eates d\u00e9sormais une brillante universitaire, avec un master en poche et un doctorat bien engag\u00e9. Pourtant, vous continuez de cultiver ce v\u00e9ritable int\u00e9r\u00eat pour le tourisme, le patrimoine et l&rsquo;histoire vivante. Vous semblez m\u00eame tenir \u00e0 op\u00e9rer une fusion unique entre transmission, animation et d\u00e9couverte patrimoniale. Parlez nous un peu de ces formules originales que vous \u00eates la seule \u00e0 proposer ? Comment ces id\u00e9es vous sont-elles venues ? Comment le public a-t-il accueilli le concept ? On imagine que certains ont d\u00fb \u00eatre surpris.<\/em><\/p>\n\n\n\n<p class=\"classe text_justify\"><strong>Claire B<\/strong> : <em>Oui ! Alors d\u2019abord, merci pour les compliments. J\u2019ai la chance d\u2019avoir des int\u00e9r\u00eats divers et vari\u00e9s mais qui me passionnent tous ! Comme j\u2019ai la particularit\u00e9 d\u2019\u00eatre la seule guide \u00e0 faire de la reconstitution m\u00e9di\u00e9vale et \u00e0 faire un doctorat, j\u2019ai pu cr\u00e9er des produits touristiques uniques avec un vrai parti pris de qualit\u00e9 ! Et donc me voici<\/em>, <em> \u00e0 pr\u00e9sent, \u00e0 proposer des visites guid\u00e9es en costume (en journ\u00e9e ou la nuit) \u00e0 partir du r\u00e9sultats de mes recherches sur la vie quotidienne au Moyen Age \u00e0 Chartres, ou \u00e0 organiser des visites-enqu\u00eates pour les scolaires comme pour les familles et adultes ! Je suis \u00e9galement la seule \u00e0 ma connaissance qui sois guide professionnelle mais qui propose aux \u00e9tablissements scolaires de me d\u00e9placer en costume m\u00e9di\u00e9val sourc\u00e9 pour faire d\u00e9couvrir le Moyen Age aux enfants, et sous forme d\u2019\u00e9changes et d\u2019interactions.<\/em><br><br><em>Comme je le disais,<\/em> <em>j\u2019ai pens\u00e9 \u00e0 proposer ces interventions m\u00e9di\u00e9vales en \u00e9tablissements scolaires avec la crise Covid, m\u00eame si  j\u2019avais en t\u00eate de faire des visites guid\u00e9es en costume avant cela (sans l\u2019avoir encore mis en place).<\/em> <em>Cette id\u00e9e de visites en tenues m\u00e9di\u00e9vales est venue notamment du fait que parfois, lors d\u2019une visite, j\u2019avais envie de montrer concr\u00e8tement aux gens ce \u00e0 quoi pouvait ressembler une robe au 15e si\u00e8cle par exemple (la forme, la mati\u00e8re, le poids ! etc\u2026) et la diff\u00e9rence entre le sous-v\u00eatement et la robe\u2026 C\u2019est plus parlant lorsqu\u2019on a l\u2019objet sous les yeux ! Idem pour les lanternes, les pi\u00e8ces de monnaie, etc. De nombreux locaux sont habitu\u00e9s maintenant \u00e0 me voir d\u00e9ambuler en ville, mais je croise encore souvent (en visite ou en dehors de visite), des personnes tr\u00e8s interloqu\u00e9es de me voir ainsi v\u00eatue !<\/em> (rires)<\/p>\n\n\n\n<h3 class=\"wp-block-heading\"><em><mark style=\"background-color:rgba(0, 0, 0, 0)\" class=\"has-inline-color has-medium-gray-color\">F\u00eate m\u00e9di\u00e9vales et reconstitution<\/mark><\/em><\/h3>\n\n\n\n<p class=\"classe text_justify\"><strong>Mpassion<\/strong> : <em>Cela n&rsquo;est pas surprenant  !<\/em> (rires) <em>Ce n&rsquo;est pas quelque chose de tr\u00e8s habituel hors des f\u00eates m\u00e9di\u00e9vales<\/em>. <em>Justement en parlant de cela<\/em>, <em>dans vos activit\u00e9s <em>vous semblez tout faire vous-m\u00eame et en solitaire<\/em><\/em> : c<em>onfection de costumes, personnages, \u00e9criture et sc\u00e9narisation de vos visit\u00e9s anim\u00e9es et m\u00eame de vos activit\u00e9s ludiques.  Avez-vous aussi le go\u00fbt des f\u00eates m\u00e9di\u00e9vales ? Est-ce un endroit o\u00f9 on peut vous croiser ? Faites vous \u00e9galement partie d&rsquo;une troupe de reconstituteurs ? <\/em><\/p>\n\n\n<div class=\"wp-block-image\">\n<figure class=\"alignright size-large is-resized\"><a href=\"https:\/\/www.moyenagepassion.com\/wp-content\/uploads\/2022\/10\/Claire-visite-guidees-tourisme-histoire-vivante-reconstitution-historique-Chartres-02.jpg\"><img decoding=\"async\" src=\"https:\/\/www.moyenagepassion.com\/wp-content\/uploads\/2022\/10\/Claire-visite-guidees-tourisme-histoire-vivante-reconstitution-historique-Chartres-02-213x1024.jpg\" alt=\"Visites nocturnes ou en journ\u00e9e de monuments patrimoniaux avec Claire Barbier\" class=\"wp-image-46284\" width=\"169\" height=\"811\" srcset=\"https:\/\/www.moyenagepassion.com\/wp-content\/uploads\/2022\/10\/Claire-visite-guidees-tourisme-histoire-vivante-reconstitution-historique-Chartres-02-213x1024.jpg 213w, https:\/\/www.moyenagepassion.com\/wp-content\/uploads\/2022\/10\/Claire-visite-guidees-tourisme-histoire-vivante-reconstitution-historique-Chartres-02.jpg 260w\" sizes=\"(max-width: 169px) 100vw, 169px\" \/><\/a><\/figure><\/div>\n\n\n<p class=\"classe text_justify\"> <strong>Claire B <\/strong>: <em>C\u2019est justement parce que j\u2019ai commenc\u00e9 \u00e0 appr\u00e9cier le Moyen Age par le biais de la reconstitution historique (et donc temps pass\u00e9 en f\u00eates m\u00e9di\u00e9vales) que j\u2019ai eu l\u2019id\u00e9e d\u2019int\u00e9grer cet aspect dans mes visites. Depuis plusieurs ann\u00e9es, je fais partie de l\u2019association La Massenie Saint Michel 1473 et nous allons dans des ch\u00e2teaux et autres abbayes, sites patrimoniaux de Bretagne en Allemagne, de Dordogne en Belgique. Nous sommes reconnus dans le milieu de la reconstitution par les institutions pour refl\u00e9ter une image de qualit\u00e9 de la soci\u00e9t\u00e9 m\u00e9di\u00e9vale de la fin du 15e si\u00e8cle ! Pour le reste, effectivement, je r\u00e9alise tous mes costumes moi-m\u00eame <em>\u2014<\/em><\/em> <em><em>depuis pr\u00e8s de 10 ans<\/em>, je me suis d\u00e9couvert une passion pour la couture \u00e0 la main ! \u2014 et je cr\u00e9e toutes mes visites moi-m\u00eame \u00e9galement. Pour les livrets des visites-enqu\u00eate, je demande \u00e0 ma meilleure amie qui est infographiste de se charger des visuels et de la mise en page.<\/em><\/p>\n\n\n\n<p class=\"classe text_justify\"><strong>Mpassion<\/strong> : <em>Quand nous disions en pr\u00e9ambule que vous \u00e9tiez une passionn\u00e9e tr\u00e8s active et dynamique dans ses champs d&rsquo;intervention, nos lecteurs doivent, maintenant, bien mesurer \u00e0 quel point<\/em>. <em>Dans ce monde des animations dites m\u00e9di\u00e9vales justement, une des derni\u00e8res questions que j&rsquo;aurais souhait\u00e9 vous poser est votre sentiment sur ce Moyen \u00c2ge un peu fourre-tout qu&rsquo;on voit prendre forme, de plus en plus, y compris dans des f\u00eates qui, auparavant, se voulaient plus historiques.  On pense \u00e0 l&rsquo;ajout de  fantasy, de cosplay, de fantastique, etc\u2026 A votre avis c&rsquo;est un ph\u00e9nom\u00e8ne comme le d\u00e9crivait Georges Duby ?<a href=\"https:\/\/www.moyenagepassion.com\/index.php\/2016\/11\/24\/merveilles-et-attraits-du-moyen-age-selon-georges-duby\/\" title=\"\"> Le Moyen \u00c2ge est devenu ce \u00ab\u00a0western\u00a0\u00bb dont il parlait<\/a> ?  Une sorte de territoire imaginaire o\u00f9 toutes les projections sont permises ? Ou c&rsquo;est plut\u00f4t un ph\u00e9nom\u00e8ne d&rsquo;acculturation permanent sous la pression de la culture anglosaxonne et particuli\u00e8rement am\u00e9ricaine  <em><em>\u2014<\/em><\/em><\/em> <em>litt\u00e9rature, cin\u00e9ma, jeux de r\u00f4les, jeux vid\u00e9o <em><em>\u2014<\/em><\/em>, avec un Moyen \u00c2ge fantastique\/fantasmagorique encore v\u00e9hicul\u00e9 par des \u0153uvres comme celle de Tolkien et d&rsquo;autres auteurs ?  Pour poser la question de mani\u00e8re un peu abrupt, pensez-vous qu&rsquo;on aura, d&rsquo;ici quelques ann\u00e9es, des F\u00eates de Jeanne d&rsquo;Arc \u00ab\u00a0Steampunk\u00a0\u00bb ou des F\u00eates de la Saint Louis avec des nu\u00e9es virevoltantes de costumes de trolls et d&rsquo;elfes ? Dit encore autrement : <em>Moyen \u00c2ge historique, restitu\u00e9, rigoureux d&rsquo;un c\u00f4t\u00e9 et totalement fantaisie et imaginaire de l&rsquo;autre, e<\/em>st-ce que tout cela peut coexister ? Ou est-ce qu&rsquo;il faut \u0153uvrer \u00e0 pr\u00e9server un peu de r\u00e9alisme historique et quelques lignes de d\u00e9marcation ? Et surtout, est-ce que l&rsquo;historien a aussi un r\u00f4le d&rsquo;\u00e9ducation \u00e0 jouer sur ces terrains-l\u00e0 ?<\/em><\/p>\n\n\n\n<p class=\"classe text_justify\"><strong>Claire B<\/strong> : <em>C\u2019est vrai que c\u2019est un sujet un peu compliqu\u00e9\u2026 Comme la barri\u00e8re entre le Moyen Age et l\u2019univers fantasy\/fantastique est tr\u00e8s mince, cela peut cr\u00e9er des clich\u00e9s sur le Moyen Age historique ! Typiquement, on va \u00eatre persuad\u00e9 que les vikings avaient des casques \u00e0 corne ou portaient des manteaux en peaux de b\u00eates, qu\u2019en France on avait des v\u00eatements en cuir ou des capes \u00e0 capuches\u2026 Tout cela vient de ce qu\u2019on a pu voir en BD, films, s\u00e9ries, etc&#8230;, depuis plusieurs dizaines d\u2019ann\u00e9es ! Je dois avouer que c\u2019est un peu mon objectif \u00e9galement (en plus de me faire plaisir dans ce que je fais et de faire passer des bons moments aux gens) : casser les clich\u00e9s qu\u2019on a sur le Moyen Age et expliquer comment trouver les bonnes informations si le sujet nous int\u00e9resse ! Donc oui, ce sera \u00e0 nous, historiens mais surtout guides et m\u00e9diateurs du patrimoine, de profiter de ces instants privil\u00e9gi\u00e9s avec le public pour leur faire entrevoir la r\u00e9alit\u00e9 historique derri\u00e8re l\u2019imaginaire collectif.<\/em><\/p>\n\n\n\n<h2 class=\"wp-block-heading\"><mark style=\"background-color:rgba(0, 0, 0, 0)\" class=\"has-inline-color has-medium-gray-color\">O\u00f9 et comment contacter Claire ?<\/mark><\/h2>\n\n\n<div class=\"wp-block-image\">\n<figure class=\"alignleft size-large is-resized\"><a href=\"https:\/\/www.moyenagepassion.com\/wp-content\/uploads\/2022\/10\/Claire-visite-guidees-tourisme-histoire-vivante-reconstitution-historique-Chartres-04.jpg\"><img decoding=\"async\" src=\"https:\/\/www.moyenagepassion.com\/wp-content\/uploads\/2022\/10\/Claire-visite-guidees-tourisme-histoire-vivante-reconstitution-historique-Chartres-04-213x1024.jpg\" alt=\"Claire Barbier, entre la passion du patrimoine, de l'histoire et de l'histoire vivante\" class=\"wp-image-46303\" width=\"167\" height=\"803\" srcset=\"https:\/\/www.moyenagepassion.com\/wp-content\/uploads\/2022\/10\/Claire-visite-guidees-tourisme-histoire-vivante-reconstitution-historique-Chartres-04-213x1024.jpg 213w, https:\/\/www.moyenagepassion.com\/wp-content\/uploads\/2022\/10\/Claire-visite-guidees-tourisme-histoire-vivante-reconstitution-historique-Chartres-04.jpg 260w\" sizes=\"(max-width: 167px) 100vw, 167px\" \/><\/a><\/figure><\/div>\n\n\n<p class=\"classe text_justify\"><strong>Mpassion<\/strong> : <em>Voil\u00e0 une noble mission et une belle direction pour l&rsquo;avenir ! Pour finir, o\u00f9 est-ce que nos lecteurs peuvent vous contacter pour suivre vos aventures patrimoniales et y participer, voire encore assister \u00e0 vos conf\u00e9rences ou \u00e9tudier avec vous la possibilit\u00e9 d&rsquo;une intervention en milieu scolaire ou autre ? Des nouveaux projets 2022-2023 en vue ?<\/em><\/p>\n\n\n\n<p class=\"classe text_justify\"><strong> Claire B<\/strong> : <em>Oui ! J\u2019ai une page Facebook et Instagram professionnelle \u00ab Eclairer l\u2019Histoire \u00bb (j\u2019ai fait un jeu de mot avec mon pr\u00e9nom) sur laquelle je publie des informations sur l\u2019Histoire, le Moyen Age, la cath\u00e9drale de Chartres, la reconstitution historique, mes visites \u00e0 venir, des photos des lieux que je fais visiter, etc. Depuis peu, j\u2019ai \u00e9galement rajout\u00e9 une billetterie en ligne sur mon site internet <a href=\"https:\/\/www.eclairerlhistoire.fr\/\" target=\"_blank\" rel=\"noopener\" title=\"\">www.eclairerlhistoire.fr <\/a>qui permet \u00e0 qui veut de se rajouter \u00e0 une visite guid\u00e9e ou de suivre mes cours en visio-conf\u00e9rence, par exemple. <\/em><br><br><em>Pour l\u2019ann\u00e9e 2022-2023, j\u2019ai mis en place une nouvelle visite de la cath\u00e9drale et des cryptes \u00ab L\u00e9gendes et secrets de la cath\u00e9drale \u00bb, et je compte en proposer deux nouvelles sur le th\u00e8me \u00ab Codes et symboles m\u00e9di\u00e9vaux dans la cath\u00e9drale \u00bb et \u00ab Anges et D\u00e9mons \u00e0 la cath\u00e9drale \u00bb. Et je vais essayer de prendre quelques jours de vacances \u00e0 l\u2019occasion, \u00e7a ne m\u2019est pas arriv\u00e9 depuis plusieurs ann\u00e9es !<\/em><\/p>\n\n\n\n<p class=\"classe text_justify\"><strong>Mpassion<\/strong> :  <em>C&rsquo;est plut\u00f4t un indicateur de succ\u00e8s m\u00eame si, de temps en temps, il faut savoir lever le pied ! <\/em> <em>Merci beaucoup pour toutes vos r\u00e9ponses, en tout cas, Claire ! De notre c\u00f4t\u00e9, on esp\u00e8re vous retrouver bient\u00f4t, peut-\u00eatre \u00e0 l&rsquo;occasion d&rsquo;une visite \u00e0 Chartres, ou m\u00eame pourquoi pas, \u00e0 l&rsquo;occasion d&rsquo;un article dans nos colonnes ? Ce sera avec grand plaisir.<\/em><\/p>\n\n\n\n<p><strong> Claire B<\/strong> :  <em>Merci \u00e0 vous !<\/em><\/p>\n\n\n\n<hr class=\"wp-block-separator has-alpha-channel-opacity\"\/>\n\n\n\n<p class=\"classe text_justify\">Voil\u00e0 pour cette interview, mes amis. En esp\u00e9rant qu&rsquo;elle vous ait autant plu qu&rsquo;il nous a \u00e9t\u00e9 plaisant de la conduire. En dehors de ses visites guid\u00e9es, de ses activit\u00e9s en milieu scolaire, et des aspects de reconstitution historique de son travail sur lequel nous avons particuli\u00e8rement mis l&rsquo;accent ici,  Claire donne aussi des cours et des conf\u00e9rences. Les th\u00e8mes abord\u00e9s sont aussi vari\u00e9s que le costume civil et militaire du Xe au XVe si\u00e8cle, l&rsquo;hygi\u00e8ne au Moyen \u00c2ge, l&rsquo;histoire et les merveilles de la cath\u00e9drale de Chartres ou encore la repr\u00e9sentation de l&rsquo;Arche d&rsquo;Alliance au Moyen \u00c2ge. Les sujets sont trait\u00e9s sous forme de cycles ou de conf\u00e9rences uniques. Pour suivre ces interventions, vous pouvez retrouver Claire au Centre international du vitrail de Chartres, mais aussi la joindre directement sur son site pour des sessions \u00e0 distance sur internet.<br><\/p>\n\n\n\n<p>En vous souhaitant une belle journ\u00e9e.<\/p>\n\n\n\n<p>Fred<br>Pour moyenagepassion.com<br><em><strong>A la d\u00e9couverte du Moyen \u00c2ge&nbsp; sous toutes ses formes.<\/strong><\/em><\/p>\n\n\n\n<p class=\"classe text_justify has-small-font-size\">NB : toutes les photos de cet article proviennent de la page Facebook de Claire, \u00e0 l&rsquo;adresse : Eclairer l&rsquo;histoire.<\/p>\n","protected":false},"excerpt":{"rendered":"<p>Sujet : patrimoine, histoire vivante, reconstitution historique, visites guid\u00e9s, interview, conf\u00e9rences, animations m\u00e9di\u00e9vales, P\u00e9riode : Moyen \u00c2ge central \u00e0 tardifIntervenante : Claire Barbier, conf\u00e9renci\u00e8re, intervenante, guide professionnelle, doctorante en histoire de l&rsquo;Art. Site web : eclairerlhistoire.fr Bonjour \u00e0 tous, oil\u00e0 longtemps que nous n&rsquo;avions eu l&rsquo;occasion de vous proposer un portrait de passionn\u00e9 de Moyen &hellip; <a href=\"https:\/\/www.moyenagepassion.com\/index.php\/2022\/10\/10\/lhistoire-eclairee-de-claire-interview-exclusive-dune-vraie-passionnee-de-patrimoine-et-dhistoire-vivante\/\" class=\"more-link\">Continuer la lecture de <span class=\"screen-reader-text\">l&rsquo;Histoire \u00ab\u00a0\u00e9clair\u00e9e\u00a0\u00bb de Claire : interview exclusive d&rsquo;une vraie passionn\u00e9e de patrimoine et d&rsquo;histoire vivante<\/span>  <span class=\"meta-nav\">&rarr;<\/span><\/a><\/p>\n","protected":false},"author":2,"featured_media":46281,"comment_status":"open","ping_status":"open","sticky":false,"template":"","format":"standard","meta":{"_monsterinsights_skip_tracking":false,"_monsterinsights_sitenote_active":false,"_monsterinsights_sitenote_note":"","_monsterinsights_sitenote_category":0,"footnotes":""},"categories":[11,13],"tags":[5894,5888,4534,5889,5439,5899,5895,5893,5898,3428,520,1826,1237,182,18,34,2271,1536,5891,1071,5890,261,5896,5897],"class_list":["post-46268","post","type-post","status-publish","format-standard","has-post-thumbnail","hentry","category-fetes-medievales-evenement","category-lieux-moyen-age-medievaux","tag-cathedrale-de-chartres","tag-chartres","tag-chateau-de-chateaudun","tag-claire-barbier","tag-conferences","tag-conferenciere","tag-costumes-medievaux","tag-eclairer-lhistoire","tag-guide-profesionnelle","tag-histoire-de-lart","tag-histoire-medievale","tag-histoire-vivante","tag-interview","tag-monde-medieval","tag-moyen-age","tag-passion","tag-passionne","tag-patrimoine","tag-pedagogie","tag-portrait","tag-realisme-historique","tag-reconstitution-historique","tag-sites-patrimoniaux","tag-visites-guidees"],"aioseo_notices":[],"_links":{"self":[{"href":"https:\/\/www.moyenagepassion.com\/index.php\/wp-json\/wp\/v2\/posts\/46268"}],"collection":[{"href":"https:\/\/www.moyenagepassion.com\/index.php\/wp-json\/wp\/v2\/posts"}],"about":[{"href":"https:\/\/www.moyenagepassion.com\/index.php\/wp-json\/wp\/v2\/types\/post"}],"author":[{"embeddable":true,"href":"https:\/\/www.moyenagepassion.com\/index.php\/wp-json\/wp\/v2\/users\/2"}],"replies":[{"embeddable":true,"href":"https:\/\/www.moyenagepassion.com\/index.php\/wp-json\/wp\/v2\/comments?post=46268"}],"version-history":[{"count":49,"href":"https:\/\/www.moyenagepassion.com\/index.php\/wp-json\/wp\/v2\/posts\/46268\/revisions"}],"predecessor-version":[{"id":46326,"href":"https:\/\/www.moyenagepassion.com\/index.php\/wp-json\/wp\/v2\/posts\/46268\/revisions\/46326"}],"wp:featuredmedia":[{"embeddable":true,"href":"https:\/\/www.moyenagepassion.com\/index.php\/wp-json\/wp\/v2\/media\/46281"}],"wp:attachment":[{"href":"https:\/\/www.moyenagepassion.com\/index.php\/wp-json\/wp\/v2\/media?parent=46268"}],"wp:term":[{"taxonomy":"category","embeddable":true,"href":"https:\/\/www.moyenagepassion.com\/index.php\/wp-json\/wp\/v2\/categories?post=46268"},{"taxonomy":"post_tag","embeddable":true,"href":"https:\/\/www.moyenagepassion.com\/index.php\/wp-json\/wp\/v2\/tags?post=46268"}],"curies":[{"name":"wp","href":"https:\/\/api.w.org\/{rel}","templated":true}]}}