{"id":46327,"date":"2022-10-12T00:45:07","date_gmt":"2022-10-11T23:45:07","guid":{"rendered":"https:\/\/www.moyenagepassion.com\/?p=46327"},"modified":"2022-10-12T05:36:02","modified_gmt":"2022-10-12T04:36:02","slug":"agenda-clichy-sous-bois-un-grande-premiere-pour-la-medievale-des-genettes","status":"publish","type":"post","link":"https:\/\/www.moyenagepassion.com\/index.php\/2022\/10\/12\/agenda-clichy-sous-bois-un-grande-premiere-pour-la-medievale-des-genettes\/","title":{"rendered":"Agenda : Clichy-sous-Bois, un grande premi\u00e8re pour la m\u00e9di\u00e9vale des Genettes"},"content":{"rendered":"<div id=\"moyen-3867141847\" class=\"moyen-before-content moyen-entity-placement\"><script async src=\"\/\/pagead2.googlesyndication.com\/pagead\/js\/adsbygoogle.js?client=ca-pub-3035390706780632\" crossorigin=\"anonymous\"><\/script><ins class=\"adsbygoogle\" style=\"display:block;\" data-ad-client=\"ca-pub-3035390706780632\" \ndata-ad-slot=\"\" \ndata-ad-format=\"auto\"><\/ins>\n<script> \n(adsbygoogle = window.adsbygoogle || []).push({}); \n<\/script>\n<\/div><div class=\"wp-block-image\">\n<figure class=\"alignleft size-full is-resized\"><a href=\"https:\/\/www.moyenagepassion.com\/wp-content\/uploads\/2022\/10\/blason-armoirie-Clichy-sous-Bois-Ile-de-France.jpg\"><img decoding=\"async\" src=\"https:\/\/www.moyenagepassion.com\/wp-content\/uploads\/2022\/10\/blason-armoirie-Clichy-sous-Bois-Ile-de-France.jpg\" alt=\"Blason armoirie ville de Clichy-sous-Bois\" class=\"wp-image-46334\" width=\"138\" height=\"206\" srcset=\"https:\/\/www.moyenagepassion.com\/wp-content\/uploads\/2022\/10\/blason-armoirie-Clichy-sous-Bois-Ile-de-France.jpg 226w, https:\/\/www.moyenagepassion.com\/wp-content\/uploads\/2022\/10\/blason-armoirie-Clichy-sous-Bois-Ile-de-France-201x300.jpg 201w\" sizes=\"(max-width: 138px) 100vw, 138px\" \/><\/a><\/figure><\/div>\n\n\n<p><strong>Sujet<\/strong> : animations m\u00e9di\u00e9vales, f\u00eates, festivit\u00e9s, Moyen \u00c2ge festif, compagnies m\u00e9di\u00e9vales, march\u00e9 artisanal, fauconnerie, campements, monde m\u00e9di\u00e9val.<br><strong>Ev\u00e9nement<\/strong> <em>: Les Genettes de Clichy-sous-Bois<\/em> ou <em>La m\u00e9di\u00e9vale des Genettes<\/em><br><strong>Lieu <\/strong>: Clichy sous bois, Seine-Saint-Denis, \u00cele-de-France<br><strong>Dates<\/strong> : les 15 et 16 octobre 2022<\/p>\n\n\n\n<p>Bonjour \u00e0 tous,<\/p>\n\n\n<div class=\"wp-block-image\">\n<figure class=\"alignleft size-full\"><a href=\"https:\/\/www.moyenagepassion.com\/wp-content\/uploads\/2015\/12\/A_lettrine_moyen_age_passion1.jpg\"><img decoding=\"async\" width=\"84\" height=\"103\" src=\"https:\/\/www.moyenagepassion.com\/wp-content\/uploads\/2015\/12\/A_lettrine_moyen_age_passion1.jpg\" alt=\"\" class=\"wp-image-24221\"\/><\/a><\/figure><\/div>\n\n\n<p class=\"classe text_justify\">vec l&rsquo;avanc\u00e9e vers la saison froide, l&rsquo;agenda des animations m\u00e9di\u00e9vales se clairs\u00e8me quelque peu, mais pour ce week-end, nous avons eu envie de donner un petit coup de pouce \u00e0 une f\u00eate qui sera une premi\u00e8re. Elle se tiendra \u00e0 Clichy sous Bois et a pour nom <em>La M\u00e9di\u00e9vale des Genettes<\/em>.<\/p>\n\n\n\n<h2 class=\"wp-block-heading\">Au programme de cette manifestation<\/h2>\n\n\n<div class=\"wp-block-image\">\n<figure class=\"alignright size-full is-resized\"><a href=\"https:\/\/www.moyenagepassion.com\/wp-content\/uploads\/2022\/10\/medievale-des-Genettes-de-l-histoire-animations-Moyen-Age-festif-affiche-Clichy-sous-Bois.jpg\"><img decoding=\"async\" src=\"https:\/\/www.moyenagepassion.com\/wp-content\/uploads\/2022\/10\/medievale-des-Genettes-de-l-histoire-animations-Moyen-Age-festif-affiche-Clichy-sous-Bois.jpg\" alt=\"Animations et m\u00e9di\u00e9vale de Clichy-sous-Bois, Affiche\" class=\"wp-image-46333\" width=\"228\" height=\"322\" srcset=\"https:\/\/www.moyenagepassion.com\/wp-content\/uploads\/2022\/10\/medievale-des-Genettes-de-l-histoire-animations-Moyen-Age-festif-affiche-Clichy-sous-Bois.jpg 350w, https:\/\/www.moyenagepassion.com\/wp-content\/uploads\/2022\/10\/medievale-des-Genettes-de-l-histoire-animations-Moyen-Age-festif-affiche-Clichy-sous-Bois-212x300.jpg 212w\" sizes=\"(max-width: 228px) 100vw, 228px\" \/><\/a><\/figure><\/div>\n\n\n<p class=\"classe text_justify\">Cette f\u00eate m\u00e9di\u00e9vale se tiendra les 15 et 16 octobre en journ\u00e9e, avec un prolongement jusqu&rsquo;\u00e0 la nuit tomb\u00e9e, le samedi soir. Elle avait \u00e9t\u00e9 programm\u00e9e, depuis 2 ans d\u00e9j\u00e0, par les <em>Genettes de l&rsquo;Histoire<\/em>, en collaboration avec la municipalit\u00e9. Las ! L&rsquo;association organisatrice a jou\u00e9 de malchance du fait des restrictions sanitaires. L&rsquo;\u00e9v\u00e8nement s&rsquo;est donc vu report\u00e9 \u00e0 plusieurs reprises mais, cette fois, le sort sera bel et bien conjur\u00e9 et les animations pourront se d\u00e9rouler tout le week-end, \u00e0 Clichy-sous-Bois.<\/p>\n\n\n\n<hr class=\"wp-block-separator has-alpha-channel-opacity\"\/>\n\n\n<div class=\"wp-block-image\">\n<figure class=\"alignleft size-full is-resized\"><a href=\"https:\/\/www.moyenagepassion.com\/wp-content\/uploads\/2022\/10\/les-genettes-de-Clichy-blason-de-la-ville.jpg\"><img decoding=\"async\" src=\"https:\/\/www.moyenagepassion.com\/wp-content\/uploads\/2022\/10\/les-genettes-de-Clichy-blason-de-la-ville.jpg\" alt=\"\" class=\"wp-image-46338\" width=\"92\" height=\"99\"\/><\/a><\/figure><\/div>\n\n\n<p class=\"classe text_justify has-small-font-size\"><strong>Avant d&rsquo;aller plus loin, pourquoi les genettes ? <\/strong><br><strong><br><\/strong>Si ce joli petit mammif\u00e8re a donn\u00e9 son nom \u00e0 ces animations m\u00e9di\u00e9vales comme \u00e0 l&rsquo;association qui les organisent, c&rsquo;est que deux genettes tr\u00f4nent de part et d&rsquo;autre du blason officiel de la cit\u00e9 de Clichy-sous-Bois et le supportent.<\/p>\n\n\n\n<hr class=\"wp-block-separator has-alpha-channel-opacity\"\/>\n\n\n\n<h3 class=\"wp-block-heading\">Campements, march\u00e9 artisanal &amp; spectacles<\/h3>\n\n\n\n<p class=\"classe text_justify\">Pour ceux qui viendront de l&rsquo;ext\u00e9rieur et d&rsquo;autres coins d&rsquo;\u00cele-de-France, le site choisi pour l&rsquo;\u00e9v\u00e9nement est particuli\u00e8rement spacieux et arbor\u00e9 avec de belles facilit\u00e9s d&rsquo;acc\u00e8s et de parking. Les compagnies invit\u00e9es seront \u00e9galement nombreuses et entre campements, spectacles, et march\u00e9 artisanal, les visiteurs devraient trouver, l\u00e0, de quoi contenter leur envie de voyage temporel en direction du Moyen \u00c2ge. <br><br>Pour d\u00e9tailler encore les animations : d\u00e9ambulations, saltimbanques et bateleurs viendront s&rsquo;ajouter \u00e0 la vie des camps m\u00e9di\u00e9vaux avec leur quotidien, leurs combats en armure et leur artisanat d&rsquo;\u00e9poque. Tout cela sera compl\u00e9t\u00e9 par des jeux, des ateliers de tir \u00e0 l&rsquo;arc, des spectacles de feu ainsi que des d\u00e9monstrations de fauconnerie.<\/p>\n\n\n<div class=\"wp-block-image\">\n<figure class=\"aligncenter size-full\"><a href=\"https:\/\/www.moyenagepassion.com\/wp-content\/uploads\/2022\/10\/Premiere-medievale-des-Genettes-animations-Moyen-Age-en-Ile-de-France-Clichy-s.jpg\"><img decoding=\"async\" width=\"650\" height=\"497\" src=\"https:\/\/www.moyenagepassion.com\/wp-content\/uploads\/2022\/10\/Premiere-medievale-des-Genettes-animations-Moyen-Age-en-Ile-de-France-Clichy-s.jpg\" alt=\"\" class=\"wp-image-46361\" srcset=\"https:\/\/www.moyenagepassion.com\/wp-content\/uploads\/2022\/10\/Premiere-medievale-des-Genettes-animations-Moyen-Age-en-Ile-de-France-Clichy-s.jpg 650w, https:\/\/www.moyenagepassion.com\/wp-content\/uploads\/2022\/10\/Premiere-medievale-des-Genettes-animations-Moyen-Age-en-Ile-de-France-Clichy-s-300x229.jpg 300w\" sizes=\"(max-width: 650px) 100vw, 650px\" \/><\/a><\/figure><\/div>\n\n\n<h4 class=\"wp-block-heading\">Compagnies m\u00e9di\u00e9vales invit\u00e9es <\/h4>\n\n\n\n<p class=\"classe text_justify\"><em><mark style=\"background-color:rgba(0, 0, 0, 0)\" class=\"has-inline-color has-green-color\">Animals and Co &#8211; La meute de Garmr &#8211; La Compagnie m\u00e9di\u00e9vale de Saint-Ouen &#8211; Association histoire \u00e9v\u00e9nement &#8211; La Horde des mondes oubli\u00e9s &#8211; Les Barbiers fous &#8211; Hildeberg le colporteurs &#8211; Fea\u00f1or Clan Cie &#8211; Nun Perentia &#8211; La Compagnie d\u2019arc de Clichy-sous-Bois<\/mark><\/em><\/p>\n\n\n\n<p class=\"classe text_justify\">D&rsquo;un point de vue th\u00e9matique, le positionnement est mixte. Autrement dit certaines mesnies seront l\u00e0 pour vous apporter une certaine rigueur dans l&rsquo;approche historique (campements des XIIe, XIIIe et XIVe si\u00e8cles), mais le week-end comptera aussi son lot d&rsquo;animations inspir\u00e9es d&rsquo;un Moyen Age plus fantaisie ou fantastique.  Pour plus d&rsquo;informations, <a href=\"https:\/\/www.facebook.com\/genettes.histoire.93390\/\" target=\"_blank\" rel=\"noopener nofollow\" title=\"\">voir la page Facebook de l&rsquo;Association<\/a>.<\/p>\n\n\n\n<p class=\"has-text-align-left classe text_justify\">Et puisqu&rsquo;il  s&rsquo;agit d&rsquo;une premi\u00e8re, nous souhaitons longue vie \u00e0 cette nouvelle m\u00e9di\u00e9vale !<\/p>\n\n\n\n<p>Voir nos articles sur d&rsquo;<a href=\"https:\/\/www.moyenagepassion.com\/?s=%C3%8Ele-de-France\" title=\"\">autres festivit\u00e9s m\u00e9di\u00e9vales en \u00cele de France<\/a>.<\/p>\n\n\n\n<p>En vous souhaitant une belle journ\u00e9e.<\/p>\n\n\n\n<p>Fred<br>Pour moyenagepassion.com<br><em><strong>A la d\u00e9couverte du <em><strong>M<\/strong><\/em>onde M\u00e9di\u00e9val\u00a0 sous toutes ses formes.<\/strong><\/em><\/p>\n\n\n\n<p class=\"classe text_justify has-small-font-size\">NB : les photos tir\u00e9es de cet article proviennent des compagnies m\u00e9di\u00e9vales ou artistiques invit\u00e9s pour l&rsquo;\u00e9v\u00e9nement, notamment Animals and Co, La Compagnie m\u00e9di\u00e9vale de Saint-Ouen, l&rsquo;Association histoire \u00e9v\u00e9nement, La Horde des mondes oubli\u00e9s et Les Barbiers fous.<\/p>\n","protected":false},"excerpt":{"rendered":"<p>Sujet : animations m\u00e9di\u00e9vales, f\u00eates, festivit\u00e9s, Moyen \u00c2ge festif, compagnies m\u00e9di\u00e9vales, march\u00e9 artisanal, fauconnerie, campements, monde m\u00e9di\u00e9val.Ev\u00e9nement : Les Genettes de Clichy-sous-Bois ou La m\u00e9di\u00e9vale des GenettesLieu : Clichy sous bois, Seine-Saint-Denis, \u00cele-de-FranceDates : les 15 et 16 octobre 2022 Bonjour \u00e0 tous, vec l&rsquo;avanc\u00e9e vers la saison froide, l&rsquo;agenda des animations m\u00e9di\u00e9vales se clairs\u00e8me &hellip; <a href=\"https:\/\/www.moyenagepassion.com\/index.php\/2022\/10\/12\/agenda-clichy-sous-bois-un-grande-premiere-pour-la-medievale-des-genettes\/\" class=\"more-link\">Continuer la lecture de <span class=\"screen-reader-text\">Agenda : Clichy-sous-Bois, un grande premi\u00e8re pour la m\u00e9di\u00e9vale des Genettes<\/span>  <span class=\"meta-nav\">&rarr;<\/span><\/a><\/p>\n","protected":false},"author":2,"featured_media":46340,"comment_status":"open","ping_status":"open","sticky":false,"template":"","format":"standard","meta":{"_monsterinsights_skip_tracking":false,"_monsterinsights_sitenote_active":false,"_monsterinsights_sitenote_note":"","_monsterinsights_sitenote_category":0,"footnotes":""},"categories":[11],"tags":[2529,3687,5901,212,2743,1233,1380,5591,3845,5500,5903,182,5728,5902],"class_list":["post-46327","post","type-post","status-publish","format-standard","has-post-thumbnail","hentry","category-fetes-medievales-evenement","tag-animations-medievales","tag-campements","tag-clichy-sous-bois","tag-compagnies-medievales","tag-fauconnerie","tag-festivites","tag-fetes","tag-ile-de-france-2","tag-ile-de-france","tag-marche-artisanal-2","tag-medievale-des-genettes","tag-monde-medieval","tag-moyen-age-festif-2","tag-seine-saint-denis"],"aioseo_notices":[],"_links":{"self":[{"href":"https:\/\/www.moyenagepassion.com\/index.php\/wp-json\/wp\/v2\/posts\/46327"}],"collection":[{"href":"https:\/\/www.moyenagepassion.com\/index.php\/wp-json\/wp\/v2\/posts"}],"about":[{"href":"https:\/\/www.moyenagepassion.com\/index.php\/wp-json\/wp\/v2\/types\/post"}],"author":[{"embeddable":true,"href":"https:\/\/www.moyenagepassion.com\/index.php\/wp-json\/wp\/v2\/users\/2"}],"replies":[{"embeddable":true,"href":"https:\/\/www.moyenagepassion.com\/index.php\/wp-json\/wp\/v2\/comments?post=46327"}],"version-history":[{"count":31,"href":"https:\/\/www.moyenagepassion.com\/index.php\/wp-json\/wp\/v2\/posts\/46327\/revisions"}],"predecessor-version":[{"id":46369,"href":"https:\/\/www.moyenagepassion.com\/index.php\/wp-json\/wp\/v2\/posts\/46327\/revisions\/46369"}],"wp:featuredmedia":[{"embeddable":true,"href":"https:\/\/www.moyenagepassion.com\/index.php\/wp-json\/wp\/v2\/media\/46340"}],"wp:attachment":[{"href":"https:\/\/www.moyenagepassion.com\/index.php\/wp-json\/wp\/v2\/media?parent=46327"}],"wp:term":[{"taxonomy":"category","embeddable":true,"href":"https:\/\/www.moyenagepassion.com\/index.php\/wp-json\/wp\/v2\/categories?post=46327"},{"taxonomy":"post_tag","embeddable":true,"href":"https:\/\/www.moyenagepassion.com\/index.php\/wp-json\/wp\/v2\/tags?post=46327"}],"curies":[{"name":"wp","href":"https:\/\/api.w.org\/{rel}","templated":true}]}}