{"id":47105,"date":"2023-01-04T19:00:58","date_gmt":"2023-01-04T18:00:58","guid":{"rendered":"https:\/\/www.moyenagepassion.com\/?p=47105"},"modified":"2023-01-16T05:27:47","modified_gmt":"2023-01-16T04:27:47","slug":"paris-aux-heures-de-la-musique-medievale-espagnole","status":"publish","type":"post","link":"https:\/\/www.moyenagepassion.com\/index.php\/2023\/01\/04\/paris-aux-heures-de-la-musique-medievale-espagnole\/","title":{"rendered":"Paris aux heures de la musique m\u00e9di\u00e9vale espagnole"},"content":{"rendered":"<div id=\"moyen-1940764757\" class=\"moyen-before-content moyen-entity-placement\"><script async src=\"\/\/pagead2.googlesyndication.com\/pagead\/js\/adsbygoogle.js?client=ca-pub-3035390706780632\" crossorigin=\"anonymous\"><\/script><ins class=\"adsbygoogle\" style=\"display:block;\" data-ad-client=\"ca-pub-3035390706780632\" \ndata-ad-slot=\"\" \ndata-ad-format=\"auto\"><\/ins>\n<script> \n(adsbygoogle = window.adsbygoogle || []).push({}); \n<\/script>\n<\/div><div class=\"wp-block-image\">\n<figure class=\"alignleft size-full is-resized\"><a href=\"https:\/\/www.moyenagepassion.com\/wp-content\/uploads\/2023\/01\/concert-de-musique-medievale.jpg\"><img decoding=\"async\" src=\"https:\/\/www.moyenagepassion.com\/wp-content\/uploads\/2023\/01\/concert-de-musique-medievale.jpg\" alt=\"\" class=\"wp-image-47111\" width=\"171\" height=\"226\"\/><\/a><\/figure><\/div>\n\n\n<p><a href=\"https:\/\/www.moyenagepassion.com\/wp-content\/uploads\/2019\/09\/blason-ecu-armoirie-tiffauges.jpg\"><\/a><strong>Sujet<\/strong> :&nbsp;&nbsp;musique m\u00e9di\u00e9vale, cantigas de Santa Maria, livre Vermeil de Montserrat, Espagne m\u00e9di\u00e9vale.<br><strong>P\u00e9riode<\/strong>&nbsp;:&nbsp; moyen-\u00e2ge central \u00e0 tardif<br><strong>Ev\u00e9nement&nbsp;<\/strong>&nbsp;:&nbsp; <em>Concert m\u00e9di\u00e9val espagnol<\/em><br><strong>Interpr\u00e8tes<\/strong> :  Le Choeur Les Or\u00e9ades &amp; Les M\u00e9nestrels de Paris<br><strong>Lieu :&nbsp;&nbsp;<\/strong>Eglise Sainte-Rosalie (Paris 13) &amp; Eglise Saint-Joseph-Artisan (Paris 10).<a href=\"http:\/\/www.cidreetdragon.eu\/\" target=\"_blank\" rel=\"noreferrer noopener\"><br><\/a><strong>Date :<\/strong>&nbsp; 8 &amp;&nbsp; 21 janvier 2023.<\/p>\n\n\n\n<p>Bonjour \u00e0 tous,<\/p>\n\n\n<div class=\"wp-block-image\">\n<figure class=\"alignleft size-full\"><a href=\"https:\/\/www.moyenagepassion.com\/wp-content\/uploads\/2018\/10\/P_lettrine_moyen_age_passion-copia.jpg\"><img decoding=\"async\" width=\"96\" height=\"103\" src=\"https:\/\/www.moyenagepassion.com\/wp-content\/uploads\/2018\/10\/P_lettrine_moyen_age_passion-copia.jpg\" alt=\"\" class=\"wp-image-23901\"\/><\/a><\/figure><\/div>\n\n\n<p class=\"classe text_justify\">our d\u00e9buter cette ann\u00e9e 2023 en musique, la formation vocale <strong>Le Choeur Les Or\u00e9ades<\/strong> vous propose deux dates de concert, en janvier. <\/p>\n\n\n\n<p class=\"classe text_justify\"> Ces deux \u00e9v\u00e9nements se tiendront sur Paris et  auront pour th\u00e8me les musiques de l&rsquo;Espagne m\u00e9di\u00e9vale. Vous pourrez donc y entendre des pi\u00e8ces emprunt\u00e9es au r\u00e9pertoire des<a href=\"https:\/\/www.moyenagepassion.com\/index.php\/2018\/05\/16\/index-les-cantigas-de-santa-maria-par-le-menu\/\" title=\"\"> Cantigas de Santa Maria d&rsquo;Alphonse X de Castille<\/a>, ainsi qu&rsquo;au c\u00e9l\u00e8bre Livre Vermeil de Montserrat.  Cot\u00e9 programmation, le premier concert sera donn\u00e9 le Dimanche 8 janvier, \u00e0 17h00, \u00e0 l&rsquo;\u00e9glise Sainte Rosalie, dans le 13e arrondissement de Paris et le second, le Samedi 21 janvier, \u00e0 20h00, \u00e0 l&rsquo;\u00e9glise Saint-Joseph-Artisan du 10e arrondissement.  La participation est libre.<\/p>\n\n\n\n<h2 class=\"class-text_justify wp-block-heading\">La formation Le Choeur Les Or\u00e9ades<\/h2>\n\n\n<div class=\"wp-block-image\">\n<figure class=\"alignright size-full is-resized\"><a href=\"https:\/\/www.moyenagepassion.com\/wp-content\/uploads\/2023\/01\/concert-musique-medievale-Paris-2023.jpg\"><img decoding=\"async\" src=\"https:\/\/www.moyenagepassion.com\/wp-content\/uploads\/2023\/01\/concert-musique-medievale-Paris-2023.jpg\" alt=\"Affiche du concert de musique m\u00e9di\u00e9vale de la formation Le ch\u0153ur Les Or\u00e9ades \" class=\"wp-image-47109\" width=\"261\" height=\"369\" srcset=\"https:\/\/www.moyenagepassion.com\/wp-content\/uploads\/2023\/01\/concert-musique-medievale-Paris-2023.jpg 400w, https:\/\/www.moyenagepassion.com\/wp-content\/uploads\/2023\/01\/concert-musique-medievale-Paris-2023-212x300.jpg 212w\" sizes=\"(max-width: 261px) 100vw, 261px\" \/><\/a><\/figure><\/div>\n\n\n<p class=\"classe text_justify\">Pour  dire un mot de l&rsquo;ensemble,  le ch\u0153ur Les Or\u00e9ades a \u00e9t\u00e9 fond\u00e9 en 2013 par la directrice Clara Brenier. Cette formation musicale parisienne a ceci d&rsquo;original qu&rsquo;elle se compose, tout \u00e0 la fois, de musiciens professionnels et amateurs, pour un r\u00e9pertoire assez vari\u00e9. Ce dernier ne se limite, en effet, pas au Moyen \u00c2ge et on peut les retrouver sur des musiques anciennes, m\u00e9di\u00e9vales ou renaissantes comme sur des partitions plus folkloriques ou m\u00eame encore des variations plus Jazz ou contemporaines.<\/p>\n\n\n\n<p class=\"classe text_justify\">A l&rsquo;occasion de ces deux concerts qui mettront \u00e0 l&rsquo;honneur les musiques espagnoles du Moyen \u00c2ge central, le Choeur Les O\u00e9rades sera accompagn\u00e9 des M\u00e9nestrels de Paris.<\/p>\n\n\n\n<p>En vous souhaitant une belle journ\u00e9e.<\/p>\n\n\n\n<p>Fred<br>Pour moyenagepassion.com<br><em><strong>A la d\u00e9couverte du monde m\u00e9di\u00e9val sous toutes ses formes<\/strong><\/em><\/p>\n","protected":false},"excerpt":{"rendered":"<p>Sujet :&nbsp;&nbsp;musique m\u00e9di\u00e9vale, cantigas de Santa Maria, livre Vermeil de Montserrat, Espagne m\u00e9di\u00e9vale.P\u00e9riode&nbsp;:&nbsp; moyen-\u00e2ge central \u00e0 tardifEv\u00e9nement&nbsp;&nbsp;:&nbsp; Concert m\u00e9di\u00e9val espagnolInterpr\u00e8tes : Le Choeur Les Or\u00e9ades &amp; Les M\u00e9nestrels de ParisLieu :&nbsp;&nbsp;Eglise Sainte-Rosalie (Paris 13) &amp; Eglise Saint-Joseph-Artisan (Paris 10).Date :&nbsp; 8 &amp;&nbsp; 21 janvier 2023. Bonjour \u00e0 tous, our d\u00e9buter cette ann\u00e9e 2023 en musique, &hellip; <a href=\"https:\/\/www.moyenagepassion.com\/index.php\/2023\/01\/04\/paris-aux-heures-de-la-musique-medievale-espagnole\/\" class=\"more-link\">Continuer la lecture de <span class=\"screen-reader-text\">Paris aux heures de la musique m\u00e9di\u00e9vale espagnole<\/span>  <span class=\"meta-nav\">&rarr;<\/span><\/a><\/p>\n","protected":false},"author":2,"featured_media":47122,"comment_status":"open","ping_status":"open","sticky":false,"template":"","format":"standard","meta":{"_monsterinsights_skip_tracking":false,"_monsterinsights_sitenote_active":false,"_monsterinsights_sitenote_note":"","_monsterinsights_sitenote_category":0,"footnotes":""},"categories":[11],"tags":[1169,1178,1202,2568,3142,5987,5988,1205,5986,5729,5727,5122],"class_list":["post-47105","post","type-post","status-publish","format-standard","has-post-thumbnail","hentry","category-fetes-medievales-evenement","tag-alphonse-x","tag-alphonse-x-de-castille","tag-cantigas-de-santa-maria","tag-concerts","tag-espagne-medievale","tag-le-choeur-les-oreades","tag-les-menestrels-de-paris","tag-livre-vermeil","tag-livre-vermeil-de-montserrat","tag-moyen-age-central-2","tag-moyen-age-tardif-3","tag-musique-medievale-2"],"aioseo_notices":[],"_links":{"self":[{"href":"https:\/\/www.moyenagepassion.com\/index.php\/wp-json\/wp\/v2\/posts\/47105"}],"collection":[{"href":"https:\/\/www.moyenagepassion.com\/index.php\/wp-json\/wp\/v2\/posts"}],"about":[{"href":"https:\/\/www.moyenagepassion.com\/index.php\/wp-json\/wp\/v2\/types\/post"}],"author":[{"embeddable":true,"href":"https:\/\/www.moyenagepassion.com\/index.php\/wp-json\/wp\/v2\/users\/2"}],"replies":[{"embeddable":true,"href":"https:\/\/www.moyenagepassion.com\/index.php\/wp-json\/wp\/v2\/comments?post=47105"}],"version-history":[{"count":15,"href":"https:\/\/www.moyenagepassion.com\/index.php\/wp-json\/wp\/v2\/posts\/47105\/revisions"}],"predecessor-version":[{"id":47216,"href":"https:\/\/www.moyenagepassion.com\/index.php\/wp-json\/wp\/v2\/posts\/47105\/revisions\/47216"}],"wp:featuredmedia":[{"embeddable":true,"href":"https:\/\/www.moyenagepassion.com\/index.php\/wp-json\/wp\/v2\/media\/47122"}],"wp:attachment":[{"href":"https:\/\/www.moyenagepassion.com\/index.php\/wp-json\/wp\/v2\/media?parent=47105"}],"wp:term":[{"taxonomy":"category","embeddable":true,"href":"https:\/\/www.moyenagepassion.com\/index.php\/wp-json\/wp\/v2\/categories?post=47105"},{"taxonomy":"post_tag","embeddable":true,"href":"https:\/\/www.moyenagepassion.com\/index.php\/wp-json\/wp\/v2\/tags?post=47105"}],"curies":[{"name":"wp","href":"https:\/\/api.w.org\/{rel}","templated":true}]}}