{"id":47455,"date":"2023-02-09T20:23:08","date_gmt":"2023-02-09T19:23:08","guid":{"rendered":"https:\/\/www.moyenagepassion.com\/?p=47455"},"modified":"2023-02-11T00:06:14","modified_gmt":"2023-02-10T23:06:14","slug":"la-normandie-aux-heures-du-salon-du-festival-fantastique-normannia","status":"publish","type":"post","link":"https:\/\/www.moyenagepassion.com\/index.php\/2023\/02\/09\/la-normandie-aux-heures-du-salon-du-festival-fantastique-normannia\/","title":{"rendered":"La Normandie aux heures du salon m\u00e9di\u00e9val fantastique Normannia"},"content":{"rendered":"<div id=\"moyen-1141777905\" class=\"moyen-before-content moyen-entity-placement\"><script async src=\"\/\/pagead2.googlesyndication.com\/pagead\/js\/adsbygoogle.js?client=ca-pub-3035390706780632\" crossorigin=\"anonymous\"><\/script><ins class=\"adsbygoogle\" style=\"display:block;\" data-ad-client=\"ca-pub-3035390706780632\" \ndata-ad-slot=\"\" \ndata-ad-format=\"auto\"><\/ins>\n<script> \n(adsbygoogle = window.adsbygoogle || []).push({}); \n<\/script>\n<\/div><div class=\"wp-block-image\">\n<figure class=\"alignleft size-full\"><a href=\"https:\/\/www.moyenagepassion.com\/wp-content\/uploads\/2023\/02\/ecu-blason-festival-fantastique-Normannia.jpg\"><img decoding=\"async\" width=\"200\" height=\"201\" src=\"https:\/\/www.moyenagepassion.com\/wp-content\/uploads\/2023\/02\/ecu-blason-festival-fantastique-Normannia.jpg\" alt=\"\" class=\"wp-image-47456\" srcset=\"https:\/\/www.moyenagepassion.com\/wp-content\/uploads\/2023\/02\/ecu-blason-festival-fantastique-Normannia.jpg 200w, https:\/\/www.moyenagepassion.com\/wp-content\/uploads\/2023\/02\/ecu-blason-festival-fantastique-Normannia-150x150.jpg 150w\" sizes=\"(max-width: 200px) 100vw, 200px\" \/><\/a><\/figure><\/div>\n\n\n<p><strong><a href=\"https:\/\/www.moyenagepassion.com\/wp-content\/uploads\/2018\/02\/agenda_salon_animations_medieval_fantastique_normannia_rouen_normandie.jpg\"><\/a>Sujet<\/strong>&nbsp;:&nbsp;  salon&nbsp; m\u00e9di\u00e9val-fantastique, inspiration m\u00e9di\u00e9vale, animations, march\u00e9 m\u00e9di\u00e9val, compagnies m\u00e9di\u00e9vales, reconstituteurs, Moyen \u00c2ge fantastique<br><strong>Ev\u00e9nement <\/strong>:&nbsp; &nbsp;<strong>Normannia 2023<\/strong><br><strong>Lieu :&nbsp; &nbsp;<\/strong>Parc expo Rouen,<br>Seine-maritime, Normandie,&nbsp;<strong><br>Dates :&nbsp; &nbsp;<\/strong>les&nbsp;11 et&nbsp; 12 f\u00e9vrier 2023<\/p>\n\n\n\n<p>Bonjour \u00e0 tous,<\/p>\n\n\n<div class=\"wp-block-image\">\n<figure class=\"alignleft size-full\"><a href=\"https:\/\/www.moyenagepassion.com\/wp-content\/uploads\/2018\/10\/N_lettrine_moyen_age_passion.jpg\"><img decoding=\"async\" width=\"84\" height=\"103\" src=\"https:\/\/www.moyenagepassion.com\/wp-content\/uploads\/2018\/10\/N_lettrine_moyen_age_passion.jpg\" alt=\"\" class=\"wp-image-23898\"\/><\/a><\/figure><\/div>\n\n\n<p class=\"classe text_justify\">ous lui r\u00e9servions un article par an, depuis sa cr\u00e9ation, avant que les mesures anti-Covid ne viennent compliquer un petit peu tout, y compris l&rsquo;organisation des f\u00eates m\u00e9di\u00e9vales. Fort heureusement, apr\u00e8s une longue absence de deux ans, le voil\u00e0 enfin de retour et les habitants du pays de Rouen et de Normandie jubilent d\u00e9j\u00e0 \u00e0 son annonce. Cette fin de semaine et durant tout le week-end, le Salon Normannia de Roue reviendra, en effet, anim\u00e9 de son grand march\u00e9 et ses fac\u00e9ties m\u00e9di\u00e9val-fantastiques, le parc d&rsquo;Exposition de Rouen.<\/p>\n\n\n\n<h2 class=\"wp-block-heading\">Au programme de Normannia 2023<\/h2>\n\n\n<div class=\"wp-block-image\">\n<figure class=\"alignright size-full is-resized\"><a href=\"https:\/\/www.moyenagepassion.com\/wp-content\/uploads\/2023\/02\/affiche-salon-medieval-Normannia-2023-animations-fantastiques-et-grand-marche.jpg\"><img decoding=\"async\" src=\"https:\/\/www.moyenagepassion.com\/wp-content\/uploads\/2023\/02\/affiche-salon-medieval-Normannia-2023-animations-fantastiques-et-grand-marche.jpg\" alt=\"\" class=\"wp-image-47458\" width=\"231\" height=\"326\" srcset=\"https:\/\/www.moyenagepassion.com\/wp-content\/uploads\/2023\/02\/affiche-salon-medieval-Normannia-2023-animations-fantastiques-et-grand-marche.jpg 380w, https:\/\/www.moyenagepassion.com\/wp-content\/uploads\/2023\/02\/affiche-salon-medieval-Normannia-2023-animations-fantastiques-et-grand-marche-212x300.jpg 212w\" sizes=\"(max-width: 231px) 100vw, 231px\" \/><\/a><\/figure><\/div>\n\n\n<p class=\"classe text_justify\">Il s&rsquo;agira l\u00e0 de la 5eme \u00e9dition de ce Salon M\u00e9di\u00e9val Fantastique, somme tout assez jeune, mais qui a su r\u00e9unir plus de 10000 visiteurs d\u00e8s ses premi\u00e8res apparitions, pour une \u00e9dition pr\u00e9c\u00e9dente (en 2020) culminant \u00e0 14000.  <\/p>\n\n\n\n<p class=\"classe text_justify\">Organis\u00e9 par la <em><strong>F\u00e9d\u00e9ration Fran\u00e7aise m\u00e9di\u00e9vale<\/strong><\/em>, le concept de Normannia est mixte  et l&rsquo;\u00e9v\u00e9nement m\u00eale, \u00e0 la fois, des troupes et maisnies de reconstituteurs \u00e0 des spectacles et animations plus orient\u00e9s sur le m\u00e9di\u00e9val fantastique et les mondes imaginaires, jusqu&rsquo;\u00e0 m\u00eame l&rsquo;esth\u00e9tique steampunk. <\/p>\n\n\n\n<p class=\"classe text_justify\">On ne change pas une formule qui s\u00e9duit ; ce cru Normannia 2023 ne d\u00e9rogera, donc, pas \u00e0 la r\u00e8gle et s&rsquo;il n&rsquo;affiche pas de th\u00e8me particulier, cette ann\u00e9e, c&rsquo;est peut-\u00eatre m\u00eame pour laisser plus de champ libre \u00e0 l&rsquo;imagination de ses participants.<\/p>\n\n\n\n<h3 class=\"wp-block-heading\">Animations : musique, th\u00e9\u00e2tre, tournois, b\u00e9hourd, &#8230; <\/h3>\n\n\n\n<p class=\"classe text_justify\">Cette ann\u00e9e, du point de vue des animations, on pourra compter sur des d\u00e9ambulations joyeuses et en musique mais encore de l&rsquo;humour, du th\u00e9\u00e2tre et des sc\u00e9nettes vari\u00e9es. Incontournables de tout bon salon m\u00e9di\u00e9val r\u00e9ussi,  <a href=\"https:\/\/www.moyenagepassion.com\/?s=b%C3%A9hourd\" title=\"\">b\u00e9hourd<\/a>, combat m\u00e9di\u00e9val et m\u00eal\u00e9es en armure seront aussi de la f\u00eate. Cette ann\u00e9e, un tournoi sp\u00e9cial permettra m\u00eame de voir s&rsquo;affronter les plus grands guerriers de l&rsquo;Histoire.  <\/p>\n\n\n\n<p class=\"classe text_justify\">Pour les amateurs d&rsquo;espaces ludiques,  d\u00e9fis, \u00e9nigmes, jeux anciens et jeux de plateau seront l\u00e9gion sur place. Ils seront compl\u00e9t\u00e9s par la pr\u00e9sence d&rsquo;un terrain permanent de Trollball, sport aussi truculent que plaisant dans lequel le ballon a \u00e9t\u00e9 troqu\u00e9 contre une t\u00eate de Troll (en m\u00eame temps s\u00fbrement qu&rsquo;il l&rsquo;avait bien cherch\u00e9). Pour clore sur ce bref aper\u00e7u des animations, et dans un registre tout aussi ludique, les visiteurs pourront encore participer \u00e0 un grand concours de costumes (r\u00e8glement \u00e0 retrouver sur le site officiel).<\/p>\n\n\n<div class=\"wp-block-image\">\n<figure class=\"aligncenter size-full\"><a href=\"https:\/\/www.moyenagepassion.com\/wp-content\/uploads\/2023\/02\/Normannia-2023-animations-medievales-combats-en-armure-grand-marche.jpg\"><img decoding=\"async\" width=\"958\" height=\"180\" src=\"https:\/\/www.moyenagepassion.com\/wp-content\/uploads\/2023\/02\/Normannia-2023-animations-medievales-combats-en-armure-grand-marche.jpg\" alt=\"Compagnies m\u00e9di\u00e9vales et animations vari\u00e9es pour Normannia 2023\" class=\"wp-image-47466\" srcset=\"https:\/\/www.moyenagepassion.com\/wp-content\/uploads\/2023\/02\/Normannia-2023-animations-medievales-combats-en-armure-grand-marche.jpg 958w, https:\/\/www.moyenagepassion.com\/wp-content\/uploads\/2023\/02\/Normannia-2023-animations-medievales-combats-en-armure-grand-marche-300x56.jpg 300w, https:\/\/www.moyenagepassion.com\/wp-content\/uploads\/2023\/02\/Normannia-2023-animations-medievales-combats-en-armure-grand-marche-768x144.jpg 768w\" sizes=\"(max-width: 958px) 100vw, 958px\" \/><\/a><figcaption>Musique, combats en armure, cr\u00e9atures fantastiques &amp; Animations m\u00e9di\u00e9vales<\/figcaption><\/figure><\/div>\n\n\n<h4 class=\"wp-block-heading\">Compagnies m\u00e9di\u00e9vales et artistes pr\u00e9sents <\/h4>\n\n\n\n<p class=\"classe text_justify\"><em><mark style=\"background-color:rgba(0, 0, 0, 0)\" class=\"has-inline-color has-green-color\">La Maisnie Hellequin &#8211; Compagnie Combin&rsquo;Arts. &#8211; Acus Vacuum &#8211; Atome Th\u00e9\u00e2tre &#8211;  <em><mark style=\"background-color:rgba(0, 0, 0, 0)\" class=\"has-inline-color has-green-color\">Compagn<\/mark><\/em> Faun\u00e9e &#8211; Compagnie Grall &#8211; Diex A\u00efe &#8211; Merwenn &#8211; Gweltaz le File &#8211; Ad tempus &#8211; les Compagnons des Terres Parall\u00e8les &#8211; Le Ragnar\u00f6k des loups &#8211; Les fous de Jeu &#8211; Scalpel et Matula &#8211; Team Clash <\/mark><\/em>&#8211; (liste non exhaustive)<\/p>\n\n\n\n<h3 class=\"wp-block-heading\">Un march\u00e9 m\u00e9di\u00e9val fantastique de 250 exposants<\/h3>\n\n\n\n<p class=\"classe text_justify\">A l&rsquo;habitude, Normannia compl\u00e9tera son offre de divertissement par son grand march\u00e9. Il sera riche, cette ann\u00e9e, de pr\u00e8s de 250 exposants. Autant dire qu&rsquo;il y aura de quoi y faire quelques emplettes entre histoire vivante et mondes imaginaires.  Comme pour toutes les derni\u00e8res \u00e9ditions, un stand d\u00e9p\u00f4t-vente y sera \u00e9galement d\u00e9di\u00e9 aux accessoires et costumes touchant \u00e0 la reconstitution historique ou aux jeu de r\u00f4le Grandeur Nature.<br><br>Pour la liste des exposants du march\u00e9 et pour tout autre d\u00e9tail li\u00e9 aux tarifs et \u00e0 l&rsquo;organisation, nous vous invitons \u00e0 <a href=\"https:\/\/www.federation-francaise-medievale.fr\/normannia-exposants\" target=\"_blank\" rel=\"noopener\" title=\"\">consulter  le site officiel du salon Normannia<\/a>.<\/p>\n\n\n\n<hr class=\"wp-block-separator has-alpha-channel-opacity\"\/>\n\n\n\n<p class=\"classe text_justify\">Retrouvez aussi nos articles pr\u00e9c\u00e9dents sur cet \u00e9v\u00e9nement m\u00e9di\u00e9val :<br><a href=\"https:\/\/www.moyenagepassion.com\/index.php\/2020\/01\/31\/a-la-mi-fevrier-retour-du-salon-medieval-fantastique-normannia-au-parc-expo-de-rouen\/\">Normannia 2020<\/a>  &#8211; <a href=\"https:\/\/www.moyenagepassion.com\/index.php\/2020\/01\/31\/normannia-2020-affiche-dragon-steampunk-pour-le-fun\/\" title=\"\">Normannia 2020 (cr\u00e9ation d&rsquo;un affiche sp\u00e9ciale)<\/a>  <a href=\"https:\/\/www.moyenagepassion.com\/index.php\/2019\/01\/23\/normannia-2019-le-grand-salon-medieval-fantastique-est-de-retour-a-rouen\/\">Normannia 2019 <\/a> &#8211; <a href=\"https:\/\/www.moyenagepassion.com\/index.php\/2018\/02\/21\/salon-normannia-ce-week-end-rouen-se-met-a-lheure-du-medieval-fantastique\/\">Normannia 2018<\/a>.<\/p>\n\n\n\n<p>En vous souhaitant une belle journ\u00e9e.<\/p>\n\n\n\n<p>Fred<br>Pour moyenagepassion.com<br><em><strong>A la d\u00e9couverte du Moyen \u00c2ge sous toutes ses formes.<\/strong><\/em><\/p>\n","protected":false},"excerpt":{"rendered":"<p>Sujet&nbsp;:&nbsp; salon&nbsp; m\u00e9di\u00e9val-fantastique, inspiration m\u00e9di\u00e9vale, animations, march\u00e9 m\u00e9di\u00e9val, compagnies m\u00e9di\u00e9vales, reconstituteurs, Moyen \u00c2ge fantastiqueEv\u00e9nement :&nbsp; &nbsp;Normannia 2023Lieu :&nbsp; &nbsp;Parc expo Rouen,Seine-maritime, Normandie,&nbsp;Dates :&nbsp; &nbsp;les&nbsp;11 et&nbsp; 12 f\u00e9vrier 2023 Bonjour \u00e0 tous, ous lui r\u00e9servions un article par an, depuis sa cr\u00e9ation, avant que les mesures anti-Covid ne viennent compliquer un petit peu tout, y compris &hellip; <a href=\"https:\/\/www.moyenagepassion.com\/index.php\/2023\/02\/09\/la-normandie-aux-heures-du-salon-du-festival-fantastique-normannia\/\" class=\"more-link\">Continuer la lecture de <span class=\"screen-reader-text\">La Normandie aux heures du salon m\u00e9di\u00e9val fantastique Normannia<\/span>  <span class=\"meta-nav\">&rarr;<\/span><\/a><\/p>\n","protected":false},"author":2,"featured_media":47462,"comment_status":"open","ping_status":"open","sticky":false,"template":"","format":"standard","meta":{"_monsterinsights_skip_tracking":false,"_monsterinsights_sitenote_active":false,"_monsterinsights_sitenote_note":"","_monsterinsights_sitenote_category":0,"footnotes":""},"categories":[11],"tags":[1780,212,1353,636,5767,681,3578,6015,3270,6014],"class_list":["post-47455","post","type-post","status-publish","format-standard","has-post-thumbnail","hentry","category-fetes-medievales-evenement","tag-animations","tag-compagnies-medievales","tag-inspiration-medievale","tag-marche-medieval","tag-moyen-age-fantastique-2","tag-normandie","tag-normannia","tag-reconstituteurs-2","tag-salon-fantastique","tag-salon-medieval-fantastique-2"],"aioseo_notices":[],"_links":{"self":[{"href":"https:\/\/www.moyenagepassion.com\/index.php\/wp-json\/wp\/v2\/posts\/47455"}],"collection":[{"href":"https:\/\/www.moyenagepassion.com\/index.php\/wp-json\/wp\/v2\/posts"}],"about":[{"href":"https:\/\/www.moyenagepassion.com\/index.php\/wp-json\/wp\/v2\/types\/post"}],"author":[{"embeddable":true,"href":"https:\/\/www.moyenagepassion.com\/index.php\/wp-json\/wp\/v2\/users\/2"}],"replies":[{"embeddable":true,"href":"https:\/\/www.moyenagepassion.com\/index.php\/wp-json\/wp\/v2\/comments?post=47455"}],"version-history":[{"count":13,"href":"https:\/\/www.moyenagepassion.com\/index.php\/wp-json\/wp\/v2\/posts\/47455\/revisions"}],"predecessor-version":[{"id":47473,"href":"https:\/\/www.moyenagepassion.com\/index.php\/wp-json\/wp\/v2\/posts\/47455\/revisions\/47473"}],"wp:featuredmedia":[{"embeddable":true,"href":"https:\/\/www.moyenagepassion.com\/index.php\/wp-json\/wp\/v2\/media\/47462"}],"wp:attachment":[{"href":"https:\/\/www.moyenagepassion.com\/index.php\/wp-json\/wp\/v2\/media?parent=47455"}],"wp:term":[{"taxonomy":"category","embeddable":true,"href":"https:\/\/www.moyenagepassion.com\/index.php\/wp-json\/wp\/v2\/categories?post=47455"},{"taxonomy":"post_tag","embeddable":true,"href":"https:\/\/www.moyenagepassion.com\/index.php\/wp-json\/wp\/v2\/tags?post=47455"}],"curies":[{"name":"wp","href":"https:\/\/api.w.org\/{rel}","templated":true}]}}