{"id":47475,"date":"2023-02-13T02:11:50","date_gmt":"2023-02-13T01:11:50","guid":{"rendered":"https:\/\/www.moyenagepassion.com\/?p=47475"},"modified":"2023-02-14T19:42:48","modified_gmt":"2023-02-14T18:42:48","slug":"une-belle-elegie-courtoise-de-clement-marot-et-son-sens-de-la-chute","status":"publish","type":"post","link":"https:\/\/www.moyenagepassion.com\/index.php\/2023\/02\/13\/une-belle-elegie-courtoise-de-clement-marot-et-son-sens-de-la-chute\/","title":{"rendered":"Au XVIe s, une belle \u00e9l\u00e9gie courtoise de Cl\u00e9ment Marot et son sens de la chute"},"content":{"rendered":"<div id=\"moyen-1618846745\" class=\"moyen-before-content moyen-entity-placement\"><script async src=\"\/\/pagead2.googlesyndication.com\/pagead\/js\/adsbygoogle.js?client=ca-pub-3035390706780632\" crossorigin=\"anonymous\"><\/script><ins class=\"adsbygoogle\" style=\"display:block;\" data-ad-client=\"ca-pub-3035390706780632\" \ndata-ad-slot=\"\" \ndata-ad-format=\"auto\"><\/ins>\n<script> \n(adsbygoogle = window.adsbygoogle || []).push({}); \n<\/script>\n<\/div><div class=\"wp-block-image\">\n<figure class=\"alignleft size-full is-resized\"><img decoding=\"async\" src=\"https:\/\/www.moyenagepassion.com\/wp-content\/uploads\/2018\/10\/clement_marot_poesie_moyen-age_tardif_renaissance.jpg\" alt=\"Gravure ancienne de Cl\u00e9ment Marot\" class=\"wp-image-24137\" width=\"127\" height=\"183\"\/><\/figure><\/div>\n\n\n<p><strong>Sujet<\/strong>&nbsp;: po\u00e9sie, \u00e9l\u00e9gie, courtoisie, sentiment amoureux,  moyen-fran\u00e7ais, auteur, po\u00e8te m\u00e9di\u00e9val.<br><strong>Auteur<\/strong>&nbsp;: Cl\u00e9ment Marot (1496-1544)<br><strong>P\u00e9riode<\/strong>&nbsp;: Moyen \u00c2ge tardif, Renaissance<br><strong>Titre<\/strong>&nbsp;:&nbsp;\u00ab\u00a0<em>Le plus grand bien qui soit en amiti\u00e9\u00a0\u00bb <\/em><strong>Ouvrage<\/strong>&nbsp;:&nbsp;<em>\u0152uvres compl\u00e8tes de Cl\u00e9ment Marot,<\/em>&nbsp;Tome 2, Pierre Jannet (1873)<\/p>\n\n\n\n<p>Bonjour \u00e0 tous, <\/p>\n\n\n<div class=\"wp-block-image\">\n<figure class=\"alignleft size-full\"><a href=\"https:\/\/www.moyenagepassion.com\/wp-content\/uploads\/2018\/10\/N_lettrine_moyen_age_passion.jpg\"><img decoding=\"async\" width=\"84\" height=\"103\" src=\"https:\/\/www.moyenagepassion.com\/wp-content\/uploads\/2018\/10\/N_lettrine_moyen_age_passion.jpg\" alt=\"\" class=\"wp-image-23898\"\/><\/a><\/figure><\/div>\n\n\n<p class=\"classe text_justify\">ous revenons, aujourd&rsquo;hui, \u00e0 l&rsquo;\u0153uvre po\u00e9tique de Cl\u00e9ment Marot. Au d\u00e9but du XVIe si\u00e8cle, ce po\u00e8te de cour s&rsquo;inscrivit \u00e0 la charni\u00e8re du monde de la renaissance et du Moyen \u00c2ge. S&rsquo;il ne cacha pas son go\u00fbt pour des po\u00e8tes et des textes m\u00e9di\u00e9vaux, comme<em> Le Testament de Villon<\/em> ou m\u00eame <em>Le<\/em> <em>Roman de la rose<\/em> qu&rsquo;il \u00e9dita, il puisa \u00e9galement largement dans les auteurs antiques et on pourra voir en lui, la marque d&rsquo;une certain renouveau litt\u00e9raire propre au XVIe si\u00e8cle. <\/p>\n\n\n\n<p class=\"classe text_justify\">En dehors de cela, Marot se fit conna\u00eetre pour son esprit,  ses traits d&rsquo;humour mais aussi pour son \u0153uvre abondante et plus grave, par endroits, qui comprend la traduction des psaumes. Fils du rh\u00e9toriqueur Jehan Marot, il fut d&rsquo;abord prot\u00e9g\u00e9 de Fran\u00e7ois 1er, mais il eut par la suite quelques d\u00e9boires qui l&rsquo;oblig\u00e8rent \u00e0 l&rsquo;exil, hors de France, et en particulier, pr\u00e8s des cours italiennes (<a href=\"https:\/\/www.moyenagepassion.com\/index.php\/2016\/08\/20\/clement-marot-portrait-dun-esprit-libre-a-la-lisiere-du-monde-medieval-et-de-la-renaissance\/\" title=\"\">voir sa biographie<\/a>). <\/p>\n\n\n<div class=\"wp-block-image\">\n<figure class=\"aligncenter size-full\"><a href=\"https:\/\/www.moyenagepassion.com\/wp-content\/uploads\/2023\/02\/elegies-courtoise-Clement-Marot-poesie-Moyen-Age-renaissance-1.jpg\"><img decoding=\"async\" width=\"650\" height=\"605\" src=\"https:\/\/www.moyenagepassion.com\/wp-content\/uploads\/2023\/02\/elegies-courtoise-Clement-Marot-poesie-Moyen-Age-renaissance-s.jpg\" alt=\"Une \u00e9l\u00e9gie de Cl\u00e9ment Marot en image avec portrait de l'auteur\" class=\"wp-image-47477\" srcset=\"https:\/\/www.moyenagepassion.com\/wp-content\/uploads\/2023\/02\/elegies-courtoise-Clement-Marot-poesie-Moyen-Age-renaissance-s.jpg 650w, https:\/\/www.moyenagepassion.com\/wp-content\/uploads\/2023\/02\/elegies-courtoise-Clement-Marot-poesie-Moyen-Age-renaissance-s-300x279.jpg 300w\" sizes=\"(max-width: 650px) 100vw, 650px\" \/><\/a><\/figure><\/div>\n\n\n<h2 class=\"wp-block-heading\">L&rsquo;\u00e9l\u00e9gie, un genre antique<\/h2>\n\n\n\n<p class=\"classe text_justify\">Nous vous avons pr\u00e9sent\u00e9, jusque l\u00e0, un certain nombre d&rsquo;\u00e9pigrammes, de dizains et de pi\u00e8ces courtes de Cl\u00e9ment Marot. Aujourd&rsquo;hui, nous le retrouvons pour une \u00e9l\u00e9gie, genre qu&rsquo;il contribua \u00e0 cr\u00e9er en fran\u00e7ais, en lui pr\u00eatant sa plume, son talent et son sens des chutes.<\/p>\n\n\n\n<p class=\"classe text_justify\">L&rsquo;\u00e9l\u00e9gie est une forme de po\u00e9sie lyrique, qui avait \u00e9t\u00e9 connue des grecs avant de passer ensuite aux romains. Elle fut favoris\u00e9 par certains po\u00e8tes antiques pour exprimer des th\u00e8mes vari\u00e9s, dont notamment le sentiment amoureux, mais toujours sur une note assez triste et m\u00e9lancolique.<\/p>\n\n\n\n<h3 class=\"wp-block-heading\">De Marot \u00e0 la Pl\u00e9iade<\/h3>\n\n\n<div class=\"wp-block-image\">\n<figure class=\"alignright size-full is-resized\"><a href=\"https:\/\/www.moyenagepassion.com\/wp-content\/uploads\/2018\/04\/deco_medievale_enluminures_clement_marot.jpg\"><img decoding=\"async\" src=\"https:\/\/www.moyenagepassion.com\/wp-content\/uploads\/2018\/04\/deco_medievale_enluminures_clement_marot.jpg\" alt=\"\" class=\"wp-image-20437\" width=\"86\" height=\"371\"\/><\/a><\/figure><\/div>\n\n\n<p class=\"classe text_justify\">A la fin du Moyen-\u00e2ge et aux d\u00e9buts de la renaissance, l&rsquo;\u00e9l\u00e9gie ressurgira donc en langue fran\u00e7aise avec l&rsquo;aide de Cl\u00e9ment Marot qui \u0153uvrera \u00e0 la r\u00e9habiliter, en tant que genre po\u00e9tique \u00e0 part enti\u00e8re <strong>(1)<\/strong>. La Pl\u00e9iade acceptera cet h\u00e9ritage de Marot, mais Joachim du Bellay, soucieux de marquer la diff\u00e9rence entre son \u00e9cole et l&rsquo;\u0153uvre de Marot, entrera bient\u00f4t dans le d\u00e9bat. A la suite du po\u00e8te de Cahors, il reconna\u00eetra l&rsquo;\u00e9l\u00e9gie comme un genre convenable, tout en y mettant la condition qu&rsquo;on revienne \u00e0 la tristesse ou la gravit\u00e9 antique d&rsquo;un Ovide ou d&rsquo;un Horace <strong>(2)<\/strong>. <\/p>\n\n\n\n<p class=\"classe text_justify\">Autrement dit, la l\u00e9g\u00e8ret\u00e9 de Marot, ses traits d&rsquo;esprit et son fr\u00e9quent badinage lui seront, \u00e0 nouveau, reproch\u00e9s. Pour la Pl\u00e9iade, la po\u00e9sie est une affaire s\u00e9rieuse et c&rsquo;est un raison suffisante pour \u00e9carter Marot ou ses h\u00e9ritiers de leur horizon. En relisant les \u00e9l\u00e9gies de Marot pourtant (il nous en a laiss\u00e9 un peu plus d&rsquo;une vingtaine), on notera que si le po\u00e8te de cahors continue d&rsquo;y manier la plume avec talent, l\u00e9g\u00e8ret\u00e9 et esprit, il renoue tout de m\u00eame, par endroits, avec le ton un peu m\u00e9lancolique du genre originel des \u00e9l\u00e9gies.<\/p>\n\n\n\n<p><strong>Notes<\/strong><\/p>\n\n\n\n<p class=\"classe text_justify\" style=\"font-size:15px\"><strong>(1) <\/strong><em>L&rsquo;\u00e9l\u00e9gie au XVIe si\u00e8cle<\/em>, Robert G Mahieu, Revue d&rsquo;histoire litt\u00e9raire de la France, num\u00e9ro 3\/4, 1939.<br><strong>(2)<\/strong> <em>Les \u00e9l\u00e9gies de Cl\u00e9ment Marot<\/em>, V.L Saulnier, \u00e9ditions de la Sorbonne, 1968<\/p>\n\n\n\n<hr class=\"wp-block-separator has-alpha-channel-opacity\"\/>\n\n\n\n<h2 class=\"has-text-align-center wp-block-heading\">El\u00e9gie, Cl\u00e9ment Marot<\/h2>\n\n\n\n<p class=\"has-text-align-center\"><br><strong><em><mark style=\"background-color:rgba(0, 0, 0, 0)\" class=\"has-inline-color has-green-color\">Le plus grand bien qui soit en amiti\u00e9,<br>Apr\u00e8s le don d&rsquo;amoureuse piti\u00e9 ,<br>Est s&rsquo;entr&rsquo;escrire, ou se dire de bouche ,<br>Soit bien , soit dueil , tout ce qui au coeur touche :<br>Car si c&rsquo;est dueil, on s&rsquo;entrereconforte ;<br>Et si c&rsquo;est bien, sa part chacun emporte.<br>Pourtant je veux, mamye, et mon desir,<br>Que vous ayez votre part d&rsquo;un plaisir<br>Qui en dormant l&rsquo;autre nuict me survint.<br><br>Advis me fut que vers moy tont seul vint<br>Le dieu d&rsquo;amours , aussi cler qu&rsquo;une estoille ,<br>Le corps tout nud, sans drap, linge, ne toille,<br>Et si avoit, afin que l&rsquo;entendez,<br>Son arc alors, et ses yeux desbandez,<br>Et en sa main celuy traict bien heureux<br>Lequel nous feit l&rsquo;un de l&rsquo;autre amoureux.<br>En ordre tel, s&rsquo;approche et me va dire :<br>Loyal amant, ce que ton coeur desire<br>Est asseur\u00e9 : celle qui est tant tienne<br>Ne t&rsquo;a rien dit (pour vrai) qu&rsquo;elle ne tienne ;<br>Et, qui plus est, tu es en tel cr\u00e9dit,<br>Qu&rsquo;elle a foy ferme en ce que luy as dit.<br><br>Ainsi amour parloit, et en parlant<br>M&rsquo;asseura fort. Adonc en esbranlant<br>Ses aisles d&rsquo;or, en l&rsquo;air s&rsquo;en est vol\u00e9 : &lsquo;<br>Et au resveil je fus tant consol\u00e9 ,<br>Qu&rsquo;il me sembla que du plus haut des cieux<br>Dieu m&rsquo;envoya ce propos gracieux.<br><br>Lors prins la plume, et par escrit fut mis<br>Ce songe mien, que je vous ay transmis ,<br>Vous suppliant, pour me mettre en grand heur,<br>Ne faire point le dieu d&rsquo;amour menteur.<\/mark><\/em><\/strong><\/p>\n\n\n\n<hr class=\"wp-block-separator has-alpha-channel-opacity\"\/>\n\n\n\n<p>Une belle journ\u00e9e \u00e0 tous.<\/p>\n\n\n\n<p>Fred<br>Pour moyenagepassion.com<br><em><strong>A la d\u00e9couverte du Moyen \u00c2ge sous toutes ses formes<\/strong><\/em><\/p>\n\n\n\n<p class=\"classe text_justify\" style=\"font-size:14px\">NB : sur les illustrations de cet article, vous retrouverez le portrait \u00ab\u00a0suppos\u00e9\u00a0\u00bb de Cl\u00e9ment Marot, en tout cas celui qu&rsquo;on lui associe le plus souvent. Il est tir\u00e9 d&rsquo;un \u0153uvre du peintre italien Giovanni Battista Moroni (1520-1587) et s&rsquo;intitule laconiquement : \u00ab\u00a0<em>Ritratto di un uomo<\/em>\u00a0\u00bb autrement dit \u00ab\u00a0<em>Portrait d&rsquo;un homme<\/em>\u00ab\u00a0.<\/p>\n","protected":false},"excerpt":{"rendered":"<p>Sujet&nbsp;: po\u00e9sie, \u00e9l\u00e9gie, courtoisie, sentiment amoureux, moyen-fran\u00e7ais, auteur, po\u00e8te m\u00e9di\u00e9val.Auteur&nbsp;: Cl\u00e9ment Marot (1496-1544)P\u00e9riode&nbsp;: Moyen \u00c2ge tardif, RenaissanceTitre&nbsp;:&nbsp;\u00ab\u00a0Le plus grand bien qui soit en amiti\u00e9\u00a0\u00bb Ouvrage&nbsp;:&nbsp;\u0152uvres compl\u00e8tes de Cl\u00e9ment Marot,&nbsp;Tome 2, Pierre Jannet (1873) Bonjour \u00e0 tous, ous revenons, aujourd&rsquo;hui, \u00e0 l&rsquo;\u0153uvre po\u00e9tique de Cl\u00e9ment Marot. Au d\u00e9but du XVIe si\u00e8cle, ce po\u00e8te de cour s&rsquo;inscrivit &hellip; <a href=\"https:\/\/www.moyenagepassion.com\/index.php\/2023\/02\/13\/une-belle-elegie-courtoise-de-clement-marot-et-son-sens-de-la-chute\/\" class=\"more-link\">Continuer la lecture de <span class=\"screen-reader-text\">Au XVIe s, une belle \u00e9l\u00e9gie courtoise de Cl\u00e9ment Marot et son sens de la chute<\/span>  <span class=\"meta-nav\">&rarr;<\/span><\/a><\/p>\n","protected":false},"author":2,"featured_media":47481,"comment_status":"open","ping_status":"open","sticky":false,"template":"","format":"standard","meta":{"_monsterinsights_skip_tracking":false,"_monsterinsights_sitenote_active":false,"_monsterinsights_sitenote_note":"","_monsterinsights_sitenote_category":0,"footnotes":""},"categories":[1467,9],"tags":[298,188,6017,6016,1554,5727,5195,3109,80,1013,5682],"class_list":["post-47475","post","type-post","status-publish","format-standard","has-post-thumbnail","hentry","category-clement-marot","category-musique-medieval-historique-fantaisie-celtique","tag-amour-courtois","tag-auteur","tag-badinage","tag-elegie","tag-marot-de-cahors","tag-moyen-age-tardif-3","tag-moyen-francais-2","tag-pierre-jannet","tag-poesie","tag-renaissance","tag-sentiment-amoureux"],"aioseo_notices":[],"_links":{"self":[{"href":"https:\/\/www.moyenagepassion.com\/index.php\/wp-json\/wp\/v2\/posts\/47475"}],"collection":[{"href":"https:\/\/www.moyenagepassion.com\/index.php\/wp-json\/wp\/v2\/posts"}],"about":[{"href":"https:\/\/www.moyenagepassion.com\/index.php\/wp-json\/wp\/v2\/types\/post"}],"author":[{"embeddable":true,"href":"https:\/\/www.moyenagepassion.com\/index.php\/wp-json\/wp\/v2\/users\/2"}],"replies":[{"embeddable":true,"href":"https:\/\/www.moyenagepassion.com\/index.php\/wp-json\/wp\/v2\/comments?post=47475"}],"version-history":[{"count":20,"href":"https:\/\/www.moyenagepassion.com\/index.php\/wp-json\/wp\/v2\/posts\/47475\/revisions"}],"predecessor-version":[{"id":47503,"href":"https:\/\/www.moyenagepassion.com\/index.php\/wp-json\/wp\/v2\/posts\/47475\/revisions\/47503"}],"wp:featuredmedia":[{"embeddable":true,"href":"https:\/\/www.moyenagepassion.com\/index.php\/wp-json\/wp\/v2\/media\/47481"}],"wp:attachment":[{"href":"https:\/\/www.moyenagepassion.com\/index.php\/wp-json\/wp\/v2\/media?parent=47475"}],"wp:term":[{"taxonomy":"category","embeddable":true,"href":"https:\/\/www.moyenagepassion.com\/index.php\/wp-json\/wp\/v2\/categories?post=47475"},{"taxonomy":"post_tag","embeddable":true,"href":"https:\/\/www.moyenagepassion.com\/index.php\/wp-json\/wp\/v2\/tags?post=47475"}],"curies":[{"name":"wp","href":"https:\/\/api.w.org\/{rel}","templated":true}]}}