{"id":47852,"date":"2023-04-05T00:55:24","date_gmt":"2023-04-04T23:55:24","guid":{"rendered":"https:\/\/www.moyenagepassion.com\/?p=47852"},"modified":"2025-04-12T22:24:28","modified_gmt":"2025-04-12T21:24:28","slug":"retour-du-festival-trolls-legendes-de-mons","status":"publish","type":"post","link":"https:\/\/www.moyenagepassion.com\/index.php\/2023\/04\/05\/retour-du-festival-trolls-legendes-de-mons\/","title":{"rendered":"Retour du Festival Trolls &#038; L\u00e9gendes de Mons"},"content":{"rendered":"<div id=\"moyen-538106649\" class=\"moyen-before-content moyen-entity-placement\"><script async src=\"\/\/pagead2.googlesyndication.com\/pagead\/js\/adsbygoogle.js?client=ca-pub-3035390706780632\" crossorigin=\"anonymous\"><\/script><ins class=\"adsbygoogle\" style=\"display:block;\" data-ad-client=\"ca-pub-3035390706780632\" \ndata-ad-slot=\"\" \ndata-ad-format=\"auto\"><\/ins>\n<script> \n(adsbygoogle = window.adsbygoogle || []).push({}); \n<\/script>\n<\/div><div class=\"wp-block-image\">\n<figure class=\"alignleft size-full is-resized\"><a href=\"https:\/\/www.moyenagepassion.com\/wp-content\/uploads\/2019\/04\/ecu_armoiries_blason_Mons_Wallonie_Belgique_festival_medieval-fantatique.jpg\"><img decoding=\"async\" width=\"226\" height=\"337\" src=\"https:\/\/www.moyenagepassion.com\/wp-content\/uploads\/2019\/04\/ecu_armoiries_blason_Mons_Wallonie_Belgique_festival_medieval-fantatique.jpg\" alt=\"Mons, Belgique, Blason et armoirie\" class=\"wp-image-26253\" style=\"width:128px;height:191px\" srcset=\"https:\/\/www.moyenagepassion.com\/wp-content\/uploads\/2019\/04\/ecu_armoiries_blason_Mons_Wallonie_Belgique_festival_medieval-fantatique.jpg 226w, https:\/\/www.moyenagepassion.com\/wp-content\/uploads\/2019\/04\/ecu_armoiries_blason_Mons_Wallonie_Belgique_festival_medieval-fantatique-201x300.jpg 201w\" sizes=\"(max-width: 226px) 100vw, 226px\" \/><\/a><\/figure><\/div>\n\n\n<p class=\"has-text-align-left\"><strong>Sujet<\/strong>\u00a0: festival, m\u00e9di\u00e9val-fantastique, heroic fantasy, mondes imaginaires, salon du livre, concerts folk, pagan folk, animations m\u00e9di\u00e9vales<br><strong>P\u00e9riode<\/strong>\u00a0: moyen-\u00e2ge fantastique, l\u00e9gendes<br><strong>Evenement<\/strong>\u00a0: Festival Trolls &amp; l\u00e9gendes 2023<br><strong>Dates<\/strong>\u00a0: du vendredi 7 au dimanche\u00a0 9 avril.<br><strong>Lieu<\/strong>\u00a0: Parc \u00a0Lotto Mons Expo, Mons, Belgique.<\/p>\n\n\n\n<p>Bonjour \u00e0 tous<\/p>\n\n\n<div class=\"wp-block-image\">\n<figure class=\"alignleft size-full\"><a href=\"https:\/\/www.moyenagepassion.com\/wp-content\/uploads\/2015\/12\/A_lettrine_moyen_age_passion1.jpg\"><img decoding=\"async\" width=\"84\" height=\"103\" src=\"https:\/\/www.moyenagepassion.com\/wp-content\/uploads\/2015\/12\/A_lettrine_moyen_age_passion1.jpg\" alt=\"\" class=\"wp-image-24221\"\/><\/a><\/figure><\/div>\n\n\n<p class=\"classe text_justify\">mateurs de m\u00e9di\u00e9val fantastique et de Moyen \u00c2ge imaginaire, cette fin de semaine, la cit\u00e9 de Mons en Belgique se drapera de ses plus belles couleurs fantaisie, pour le retour de son <strong>festival Trolls &amp; L\u00e9gendes<\/strong>. Organis\u00e9 par l&rsquo;association du m\u00eame nom, cet \u00e9v\u00e9nement festif se tiendra, sur 3 jours, du vendredi 7 au dimanche 9 avril.<\/p>\n\n\n\n<h2 class=\"wp-block-heading\">Un programme 2023  tr\u00e8s complet<\/h2>\n\n\n<div class=\"wp-block-image\">\n<figure class=\"aligncenter size-full\"><a href=\"https:\/\/www.moyenagepassion.com\/wp-content\/uploads\/2023\/04\/Agenda-evenement-medieval-Trolls-et-legendes-2023-affiche.jpg\"><img decoding=\"async\" width=\"636\" height=\"611\" src=\"https:\/\/www.moyenagepassion.com\/wp-content\/uploads\/2023\/04\/Agenda-evenement-medieval-Trolls-et-legendes-2023-affiche.jpg\" alt=\"Festival m\u00e9di\u00e9val fantastique Trolls &amp; L\u00e9gendes 2023 (affiche) \" class=\"wp-image-47854\" srcset=\"https:\/\/www.moyenagepassion.com\/wp-content\/uploads\/2023\/04\/Agenda-evenement-medieval-Trolls-et-legendes-2023-affiche.jpg 636w, https:\/\/www.moyenagepassion.com\/wp-content\/uploads\/2023\/04\/Agenda-evenement-medieval-Trolls-et-legendes-2023-affiche-300x288.jpg 300w\" sizes=\"(max-width: 636px) 100vw, 636px\" \/><\/a><\/figure><\/div>\n\n\n<p class=\"classe text_justify\">A l&rsquo;habitude, cet \u00e9v\u00e9nement prendra les formes riches et vari\u00e9es qui lui ont fait amplement m\u00e9riter ses lettre de noblesse en tant que festival m\u00e9di\u00e9val fantastique.  Concerts, salon du livre et de la BD, jeux de table et JDR grandeur nature, expositions, seront de la f\u00eate. Ses c\u00e9r\u00e9monies des Trolls d&rsquo;Or mais encore son p\u00f4le 7eme Art viendront s&rsquo;y ajouter avec  \u00e0 la cl\u00e9, conf\u00e9rences, rencontres mais aussi s\u00e9ances de d\u00e9dicace, en pr\u00e9sence d&rsquo;acteurs de vos productions cin\u00e9matographiques ou t\u00e9l\u00e9visuelles pr\u00e9f\u00e9r\u00e9es. <br><br>Entre autres invit\u00e9s, l&rsquo;acteur <a href=\"https:\/\/www.moyenagepassion.com\/index.php\/2017\/06\/24\/guillaume-briat-de-kaamelott-et-la-burgondie-a-obelix-et-la-gaule-bretonne\/\" title=\"\">Guillaume Briat  <\/a>(Kaamelott, Asterix, etc) sera \u00e0 nouveau pr\u00e9sent, cette ann\u00e9e. Quant au reste du programme, il sera avantageusement compl\u00e9t\u00e9 par quantit\u00e9 d&rsquo;animations m\u00e9di\u00e9vales, ainsi qu&rsquo;un grand march\u00e9 artisanal sur le th\u00e8me de la f\u00e9\u00e9rie et de l&rsquo;imaginaire.<\/p>\n\n\n\n<h3 class=\"wp-block-heading\">Animations m\u00e9di\u00e9vales &amp; concerts<\/h3>\n\n\n<div class=\"wp-block-image\">\n<figure class=\"alignleft size-large is-resized\"><a href=\"https:\/\/www.moyenagepassion.com\/wp-content\/uploads\/2023\/04\/trolls-et-legendes-2023-concerts-et-animations-medievales.jpg\"><img decoding=\"async\" width=\"171\" height=\"1024\" src=\"https:\/\/www.moyenagepassion.com\/wp-content\/uploads\/2023\/04\/trolls-et-legendes-2023-concerts-et-animations-medievales-171x1024.jpg\" alt=\"Concerts et groupes de musique d'inspiration m\u00e9di\u00e9vale au festival Trolls et L\u00e9gendes 2023\" class=\"wp-image-47861\" style=\"width:116px;height:695px\" srcset=\"https:\/\/www.moyenagepassion.com\/wp-content\/uploads\/2023\/04\/trolls-et-legendes-2023-concerts-et-animations-medievales-171x1024.jpg 171w, https:\/\/www.moyenagepassion.com\/wp-content\/uploads\/2023\/04\/trolls-et-legendes-2023-concerts-et-animations-medievales-50x300.jpg 50w\" sizes=\"(max-width: 171px) 100vw, 171px\" \/><\/a><\/figure><\/div>\n\n\n<p class=\"classe text_justify\">Entre ateliers, campements, d\u00e9ambulations musicales et festives ou encore contes et spectacles, les compagnies et artistes invit\u00e9es pour cette \u00e9dition 2023 de Trolls et L\u00e9gendes feront na\u00eetre, sous les yeux des festivaliers, des animations visuelles, humoristiques ou acoustiques \u00e9tonnantes, pour permettre un plein de cr\u00e9ativit\u00e9 et de fantaisie. Voici la liste des compagnies ou formations annonc\u00e9es : <\/p>\n\n\n\n<p class=\"classe text_justify\"><em><mark style=\"background-color:rgba(0, 0, 0, 0)\" class=\"has-inline-color has-green-color\">Be Larp &#8211; Jenlisisters &#8211; Erlendis &#8211; Et Encore &#8211; Folk Dandies &#8211; Holloenek Hungarcia &#8211; La Maisnie Hellequin &#8211; Les Fausses Celtiques &#8211; Les Menestrolls &#8211; Scurra Band &#8211; Skayrish &#8211; LinnHoff Jean &#8211; Yann Lejeune &#8211; Cie Les couloirs du Temps &#8211; La Tournerie &#8211; La manufactor &#8211; Cie Arteflammes <\/mark><\/em><\/p>\n\n\n\n<p class=\"classe text_justify\">Pour la partie \u00ab\u00a0concerts\u00a0\u00bb du festival, tous les genres seront encore une fois repr\u00e9sent\u00e9s : du plus \u00e9lectro, au plus folk et celtique en passant par les accents plus m\u00e9tal ou m\u00eame plus d\u00e9jant\u00e9s, l&rsquo;inspiration m\u00e9di\u00e9vale sera \u00e0 l&rsquo;honneur. En tout, ce sont 13 concerts qui s&rsquo;\u00e9taleront du vendredi au dimanche. Cette ann\u00e9e, les <a href=\"https:\/\/www.moyenagepassion.com\/index.php\/2016\/08\/02\/medieval-fantastique-en-musique-une-gigue-traditionnelle-irlandaise-revisitee-par-les-joyeux-drilles-de-naheulband\/\" title=\"\">joyeux drilles de Naheulband<\/a> seront, \u00e9galement, de la partie. Voici la liste des groupes attendus pour ces grands concerts :<\/p>\n\n\n\n<p class=\"classe text_justify\"><em><mark style=\"background-color:rgba(0, 0, 0, 0)\" class=\"has-inline-color has-green-color\">Krakin&rsquo; Kellys &#8211; Heidevolk &#8211; Tyr &#8211; Wind Rose &#8211; Skald &#8211; Paddy and the Rates &#8211; Saor Patrol &#8211; Nemuer &#8211; La Horde &#8211; Pyrates! &#8211; The Sidh &#8211; Magoyond &#8211; Naheulband.<\/mark><\/em><\/p>\n\n\n\n<h2 class=\"wp-block-heading\">B\u00e9n\u00e9volat et esprit de famille<\/h2>\n\n\n\n<p class=\"classe text_justify\">Impuls\u00e9 par une \u00e9quipe de passionn\u00e9s b\u00e9n\u00e9voles et dans un bon esprit, le festival Trolls &amp; l\u00e9gendes continue d&rsquo;afficher comme objectif, non pas d&rsquo;engranger des profits mais simplement d&rsquo;atteindre un \u00e9tat d&rsquo;\u00e9quilibre budg\u00e9taire pour que le public en profite au maximum. Dans cette continuit\u00e9, les organisateurs pr\u00e9cisent aussi que l&rsquo;ambiance se veut familiale et qu&rsquo;\u00e0 se titre de nombreuses animations sont aussi pr\u00e9vues pour les plus petits.<\/p>\n\n\n\n<p class=\"classe text_justify\">Pour plus de d\u00e9tail sur le programme, les tarifs et les possibilit\u00e9s de camping et d&rsquo;h\u00e9bergement, <a href=\"https:\/\/trollsetlegendes.be\/programme\" target=\"_blank\" rel=\"noopener\" title=\"\">voir le site officiel de l&rsquo;organisateur<\/a>. <\/p>\n\n\n\n<hr class=\"wp-block-separator has-alpha-channel-opacity\"\/>\n\n\n\n<p class=\"classe text_justify\"><br>Voir \u00e9galement nos articles pr\u00e9c\u00e9dents sur ce festival :  <a href=\"https:\/\/www.moyenagepassion.com\/index.php\/2019\/04\/17\/des-trolls-et-des-legendes-pour-un-festival-en-grand-a-mons-en-belgique\/\">Edition 2019<\/a> &#8211; <a href=\"https:\/\/www.moyenagepassion.com\/index.php\/2017\/04\/13\/agenda-festivals-historiques-et-rejouissances-medievales\/\">Edition 2017<\/a>.<br><\/p>\n\n\n\n<p>En vous souhaitant une belle journ\u00e9e.<br>Fred<br>Pour moyenagepassion.com<br>A la d\u00e9couverte du monde m\u00e9di\u00e9val sous toutes ses formes.<\/p>\n","protected":false},"excerpt":{"rendered":"<p>Sujet\u00a0: festival, m\u00e9di\u00e9val-fantastique, heroic fantasy, mondes imaginaires, salon du livre, concerts folk, pagan folk, animations m\u00e9di\u00e9valesP\u00e9riode\u00a0: moyen-\u00e2ge fantastique, l\u00e9gendesEvenement\u00a0: Festival Trolls &amp; l\u00e9gendes 2023Dates\u00a0: du vendredi 7 au dimanche\u00a0 9 avril.Lieu\u00a0: Parc \u00a0Lotto Mons Expo, Mons, Belgique. Bonjour \u00e0 tous mateurs de m\u00e9di\u00e9val fantastique et de Moyen \u00c2ge imaginaire, cette fin de semaine, la cit\u00e9 &hellip; <a href=\"https:\/\/www.moyenagepassion.com\/index.php\/2023\/04\/05\/retour-du-festival-trolls-legendes-de-mons\/\" class=\"more-link\">Continuer la lecture de <span class=\"screen-reader-text\">Retour du Festival Trolls &#038; L\u00e9gendes de Mons<\/span>  <span class=\"meta-nav\">&rarr;<\/span><\/a><\/p>\n","protected":false},"author":2,"featured_media":47857,"comment_status":"open","ping_status":"open","sticky":false,"template":"","format":"standard","meta":{"_monsterinsights_skip_tracking":false,"_monsterinsights_sitenote_active":false,"_monsterinsights_sitenote_note":"","_monsterinsights_sitenote_category":0,"footnotes":""},"categories":[11],"tags":[2529,4423,212,2568,136,6060,6059,4258,5500,207,5022,182,4422,5587,6364,4421],"class_list":["post-47852","post","type-post","status-publish","format-standard","has-post-thumbnail","hentry","category-fetes-medievales-evenement","tag-animations-medievales","tag-belgique","tag-compagnies-medievales","tag-concerts","tag-festival","tag-festival-fantaisie","tag-jdr","tag-jeux-de-role","tag-marche-artisanal-2","tag-medieval-fantaisie","tag-medieval-fantastique-2","tag-monde-medieval","tag-mons","tag-moyen-age-2","tag-trolls-legendes","tag-trolls-et-legendes"],"aioseo_notices":[],"_links":{"self":[{"href":"https:\/\/www.moyenagepassion.com\/index.php\/wp-json\/wp\/v2\/posts\/47852"}],"collection":[{"href":"https:\/\/www.moyenagepassion.com\/index.php\/wp-json\/wp\/v2\/posts"}],"about":[{"href":"https:\/\/www.moyenagepassion.com\/index.php\/wp-json\/wp\/v2\/types\/post"}],"author":[{"embeddable":true,"href":"https:\/\/www.moyenagepassion.com\/index.php\/wp-json\/wp\/v2\/users\/2"}],"replies":[{"embeddable":true,"href":"https:\/\/www.moyenagepassion.com\/index.php\/wp-json\/wp\/v2\/comments?post=47852"}],"version-history":[{"count":16,"href":"https:\/\/www.moyenagepassion.com\/index.php\/wp-json\/wp\/v2\/posts\/47852\/revisions"}],"predecessor-version":[{"id":51434,"href":"https:\/\/www.moyenagepassion.com\/index.php\/wp-json\/wp\/v2\/posts\/47852\/revisions\/51434"}],"wp:featuredmedia":[{"embeddable":true,"href":"https:\/\/www.moyenagepassion.com\/index.php\/wp-json\/wp\/v2\/media\/47857"}],"wp:attachment":[{"href":"https:\/\/www.moyenagepassion.com\/index.php\/wp-json\/wp\/v2\/media?parent=47852"}],"wp:term":[{"taxonomy":"category","embeddable":true,"href":"https:\/\/www.moyenagepassion.com\/index.php\/wp-json\/wp\/v2\/categories?post=47852"},{"taxonomy":"post_tag","embeddable":true,"href":"https:\/\/www.moyenagepassion.com\/index.php\/wp-json\/wp\/v2\/tags?post=47852"}],"curies":[{"name":"wp","href":"https:\/\/api.w.org\/{rel}","templated":true}]}}