{"id":47993,"date":"2023-04-24T04:41:02","date_gmt":"2023-04-24T03:41:02","guid":{"rendered":"https:\/\/www.moyenagepassion.com\/?p=47993"},"modified":"2023-04-24T18:31:04","modified_gmt":"2023-04-24T17:31:04","slug":"dun-coq-decouvrant-une-gemme-une-fable-de-marie-de-france","status":"publish","type":"post","link":"https:\/\/www.moyenagepassion.com\/index.php\/2023\/04\/24\/dun-coq-decouvrant-une-gemme-une-fable-de-marie-de-france\/","title":{"rendered":"D&rsquo;un coq d\u00e9couvrant une gemme, une fable de Marie de France"},"content":{"rendered":"<div id=\"moyen-2343572248\" class=\"moyen-before-content moyen-entity-placement\"><script async src=\"\/\/pagead2.googlesyndication.com\/pagead\/js\/adsbygoogle.js?client=ca-pub-3035390706780632\" crossorigin=\"anonymous\"><\/script><ins class=\"adsbygoogle\" style=\"display:block;\" data-ad-client=\"ca-pub-3035390706780632\" \ndata-ad-slot=\"\" \ndata-ad-format=\"auto\"><\/ins>\n<script> \n(adsbygoogle = window.adsbygoogle || []).push({}); \n<\/script>\n<\/div><div class=\"wp-block-image\">\n<figure class=\"alignleft is-resized\"><img decoding=\"async\" src=\"https:\/\/www.moyenagepassion.com\/wp-content\/uploads\/2021\/11\/marie-de-france-fables-medievales.jpg\" alt=\"Enluminure de Marie de France\" class=\"wp-image-41814\" width=\"153\" height=\"179\"\/><\/figure><\/div>\n\n\n<p><strong>Sujet<\/strong>&nbsp; : po\u00e9sie m\u00e9di\u00e9vale, fable m\u00e9di\u00e9vale, vieux fran\u00e7ais, anglo-normand, auteur m\u00e9di\u00e9val, ysopets, po\u00e9sie morale, o\u00efl.<br><strong>P\u00e9riode<\/strong>&nbsp;: XIIe si\u00e8cle, Moyen \u00c2ge central.<br><strong>Titre<\/strong>&nbsp;:&nbsp;<em><em>D\u2019un coc qui truva une Gemme&#8230;<\/em><\/em><br><strong>Auteur&nbsp;<\/strong>&nbsp;:&nbsp;<strong>Marie de France&nbsp;<\/strong>(1160-1210)<br><strong>Ouvrage&nbsp;<\/strong>&nbsp;:&nbsp;&nbsp;<em>Po\u00e9sies de Marie de France, T2, B de Roquefort (1820)<\/em><\/p>\n\n\n\n<p>Bonjour \u00e0 tous,<\/p>\n\n\n<div class=\"wp-block-image\">\n<figure class=\"alignleft size-full\"><a href=\"https:\/\/www.moyenagepassion.com\/wp-content\/uploads\/2015\/12\/A_lettrine_moyen_age_passion1.jpg\"><img decoding=\"async\" width=\"84\" height=\"103\" src=\"https:\/\/www.moyenagepassion.com\/wp-content\/uploads\/2015\/12\/A_lettrine_moyen_age_passion1.jpg\" alt=\"\" class=\"wp-image-24221\"\/><\/a><\/figure><\/div>\n\n\n<p class=\"classe text_justify\">ujourd&rsquo;hui, nous irons chercher notre inspiration m\u00e9di\u00e9vale du c\u00f4t\u00e9 de la po\u00e9sie de Marie de France. Cette premi\u00e8re \u00e9crivaine en langue vernaculaire fran\u00e7aise et, plus pr\u00e9cis\u00e9ment, en anglo-normand, nous a laiss\u00e9 une \u0153uvre fournie, connue pour ses lais mais aussi ses fables inspir\u00e9es des auteurs antiques.<\/p>\n\n\n\n<h2 class=\"wp-block-heading\">De l&rsquo;indiff\u00e9rence d&rsquo;un coq face au diamant<\/h2>\n\n\n<div class=\"wp-block-image\">\n<figure class=\"alignright size-full is-resized\"><a href=\"https:\/\/www.moyenagepassion.com\/wp-content\/uploads\/2023\/04\/deco-medieval-coq-enluminure-fable.jpg\"><img decoding=\"async\" src=\"https:\/\/www.moyenagepassion.com\/wp-content\/uploads\/2023\/04\/deco-medieval-coq-enluminure-fable.jpg\" alt=\"\" class=\"wp-image-48003\" width=\"86\" height=\"371\"\/><\/a><\/figure><\/div>\n\n\n<p class=\"classe text_justify\">Une fois de plus, c&rsquo;est donc une fable qui nous donnera l&rsquo;occasion de nous rapprocher de l&rsquo;auteur(e) m\u00e9di\u00e9val. Il y sera question d&rsquo;un coq, d&rsquo;une gemme et, en d\u00e9finitive, pour le dire de mani\u00e8re triviale, d&rsquo;une morale assez voisine du dicton populaire qui parle de \u00ab\u00a0confiture donn\u00e9e aux cochons\u00a0\u00bb. <\/p>\n\n\n\n<p class=\"classe text_justify\">Dans le r\u00e9cit, il ne s&rsquo;agit pas, toutefois, de compl\u00e8te ignorance de la part du coq. Ayant d\u00e9busqu\u00e9 une pierre pr\u00e9cieuse dans un tas de fumier, il ne s&rsquo;int\u00e9resse simplement pas \u00e0 la valeur du tr\u00e9sor exhum\u00e9. Il sait qu&rsquo;il s&rsquo;agit d&rsquo;une gemme. Il est m\u00eame conscient qu&rsquo;entre des mains plus expertes, la pierre pr\u00e9cieuse se trouverait sublim\u00e9e. Sertie d&rsquo;or, elle brillerait alors de mille feux mais cela ne change rien pour lui. Il ne la trouve absolument d&rsquo;aucune utilit\u00e9 et lui pr\u00e9f\u00e9rerait largement un peu de pitance.  <\/p>\n\n\n\n<p class=\"classe text_justify\">Peu vif, l&rsquo;animal passera donc \u00e0 c\u00f4t\u00e9 de la valeur r\u00e9elle de sa trouvaille, ne daignant m\u00eame pas la remuer, et la po\u00e9tesse m\u00e9di\u00e9vale \u00e9tendra la morale de sa fable \u00e0 toute chose de valeur (bien, honneur) que, selon elle, nombre de ses contemporains d\u00e9daignent, pour leur pr\u00e9f\u00e9rer des choses plus triviales ou bien pires.<\/p>\n\n\n<div class=\"wp-block-image\">\n<figure class=\"aligncenter size-full\"><a href=\"https:\/\/www.moyenagepassion.com\/wp-content\/uploads\/2023\/04\/fable-medievale-ysopet-marie-de-france-coq-et-la-perle-Moyen-Age-vieux-francais-.jpg\"><img decoding=\"async\" width=\"650\" height=\"476\" src=\"https:\/\/www.moyenagepassion.com\/wp-content\/uploads\/2023\/04\/fable-medievale-ysopet-marie-de-france-coq-et-la-perle-Moyen-Age-vieux-francais-oil-s.jpg\" alt=\"La fable du coq et de la perle de Marie de France, illustr\u00e9e d'une enluminure. \" class=\"wp-image-48004\" srcset=\"https:\/\/www.moyenagepassion.com\/wp-content\/uploads\/2023\/04\/fable-medievale-ysopet-marie-de-france-coq-et-la-perle-Moyen-Age-vieux-francais-oil-s.jpg 650w, https:\/\/www.moyenagepassion.com\/wp-content\/uploads\/2023\/04\/fable-medievale-ysopet-marie-de-france-coq-et-la-perle-Moyen-Age-vieux-francais-oil-s-300x220.jpg 300w\" sizes=\"(max-width: 650px) 100vw, 650px\" \/><\/a><\/figure><\/div>\n\n\n<h2 class=\"has-text-align-center wp-block-heading\"><em>D\u2019un coc qui truva une Gemme sor un Fomeroi<\/em><br>dans la langue d&rsquo;o\u00efl de Marie de France<\/h2>\n\n\n\n<p class=\"has-text-align-center\"><em><strong><mark style=\"background-color:rgba(0, 0, 0, 0)\" class=\"has-inline-color has-green-color\">Du coc racunte ki munta<br>Sour un f\u00e9mier, \u00e8 si grata<br>Selunc nature purchaceit,<br>Sa viande cum il soleit:<br>Une chi\u00e8re jame truva,<br>Cl\u00e8re la vit, si l\u2019esgarda;<br>Je cuidai, feit-il, purchacier,<br>Ma viande sor cest f\u00e9mier,<br>Or ai ici jame trav\u00e9e,<br>Par moi ne serez remu\u00e9e.<br>S\u2019uns rices hum ci vus travast,<br>Bien sei ke d\u2019or vus \u00e9nurast;<br>Si en creust vustre clartei,<br>Pur l\u2019or ki a mult grant biautei<br>Qant ma vulentei n\u2019ai de tei<br>J\u00e0 nul h\u00e9nor n\u2019auraz par mei.<br><br>Autresi est de meinte gent,<br>Se tut ne vient \u00e0 lur talent,<br>Cume dou Coc \u00e8 de la Jame;<br>V\u00e9u l\u2019avuns d\u2019Ome \u00e8 de Fame:<br>Bien, ne h\u00e9nor, noient ne prisent,<br>Le pis prendent, le mielx despisent.<\/mark><\/strong><\/em><\/p>\n\n\n\n<h3 class=\"has-text-align-center wp-block-heading\">Une adaptation en fran\u00e7ais actuel<\/h3>\n\n\n\n<p class=\"classe text_justify\" style=\"font-size:12px\">NB : cette fois-ci, nous avons choisi d&rsquo;une adaptation plut\u00f4t qu&rsquo;une traduction mot \u00e0 mot. C&rsquo;est un premier jet perfectible mais il a au moins  le m\u00e9rite d&rsquo;\u00eatre maison.<\/p>\n\n\n\n<p class=\"has-text-align-center\"><em>Juch\u00e9 sur un tas de fumier<br>Un coq s&rsquo;affairait \u00e0 gratter<br>Y cherchant, avec insistance,<br>Suivant son instinct, sa pitance.<br>Une belle gemme il exhuma,<br>De grand valeur et l&rsquo;observa :<br>\u00ab\u00a0Je pensais, fit-il, d\u00e9busquer<br>De quoi manger dans ce fumier,<br>Et c&rsquo;est toi, pierre, qui m&rsquo;est \u00e9chu,<br>Pas question que je te remue\u2026<br>Qu&rsquo;un riche homme t&rsquo;ait d\u00e9couvert<br>Et d&rsquo;or il t&rsquo;aurait recouvert.<br>Ton \u00e9clat ressortirait mieux<br>Mis en valeur par l&rsquo;or pr\u00e9cieux.<br>Mais je ne veux rien de tout cela<\/em><br><em>Point d&rsquo;honneur, tu n&rsquo;auras de moi.\u00a0\u00bb<br><br>Il en va ainsi de beaucoup<br>Si tout ne tombe \u00e0 leur go\u00fbt,<br>Comme du coq et son diamant,<br>Hommes et femmes sont ressemblant,<br>ni bien, ni honneur, ils ne prisent,<br>Le pire prennent, le meilleur m\u00e9prisent.<\/em><\/p>\n\n\n\n<h2 class=\"wp-block-heading\">Aux origines de cette fable m\u00e9di\u00e9vale<\/h2>\n\n\n\n<p class=\"classe text_justify\"><br>En remontant le fil de cette fable, on la retrouve chez les fabulistes antiques bien avant Marie de France, Esope d&rsquo;abord puis Ph\u00e8dre dans son sillage. Dans les deux cas, elle y avait d\u00e9j\u00e0, un sens assez voisin que celui que lui donne Marie de France, m\u00eame s&rsquo;il faut reconna\u00eetre que le propos originel de cette fable est si g\u00e9n\u00e9ral que le symbole de la perle peut recouvrir bien des choses suivant le sens qu&rsquo;on veut bien lui donner : valeurs morales, science, savoir, \u00e9ducation, etc&#8230;<\/p>\n\n\n\n<h3 class=\"wp-block-heading\">Le Coq et le diamant d&rsquo;Esope<\/h3>\n\n\n<div class=\"wp-block-image\">\n<figure class=\"alignleft size-full is-resized\"><a href=\"https:\/\/www.moyenagepassion.com\/wp-content\/uploads\/2023\/04\/deco-medieval-coq-enluminure-fable.jpg\"><img decoding=\"async\" src=\"https:\/\/www.moyenagepassion.com\/wp-content\/uploads\/2023\/04\/deco-medieval-coq-enluminure-fable.jpg\" alt=\"\" class=\"wp-image-48003\" width=\"86\" height=\"371\"\/><\/a><\/figure><\/div>\n\n\n<p class=\"classe text_justify\"><em><mark style=\"background-color:rgba(0, 0, 0, 0)\" class=\"has-inline-color has-green-color\">Le coq sur un fumier grattoit , lorsqu&rsquo;\u00e0 ses yeux parut un diamant : \u00ab\u00a0H\u00e9las, dit-il ! Qu&rsquo;en faire ? Moi qui ne suis point lapidaire <\/mark><mark style=\"background-color:rgba(0, 0, 0, 0)\" class=\"has-inline-color has-medium-gray-color\">(artisan joaillier) <\/mark><mark style=\"background-color:rgba(0, 0, 0, 0)\" class=\"has-inline-color has-green-color\">Un grain d&rsquo;orge me convient mieux.\u00a0\u00bb<\/mark><\/em><\/p>\n\n\n\n<p class=\"has-text-align-right\"><em>Les Fables d&rsquo;Esope mises en fran\u00e7ois avec le sens moral <\/em><br><em>en quatre vers <\/em><em>et des figures \u00e0 chaque fable (1775)<\/em>.<\/p>\n\n\n\n<p class=\"has-text-align-left classe text_justify\">On peut trouver un commentaire en vers de cette fable dans l&rsquo;ouvrage en question : <\/p>\n\n\n\n<p class=\"has-text-align-center\"><em><mark style=\"background-color:rgba(0, 0, 0, 0)\" class=\"has-inline-color has-dark-gray-color\">Ce tr\u00e9sor qu&rsquo;un coq mal habile<br>Rebute &amp; vois ici d&rsquo;un \u0153il indiff\u00e9rent<br>C&rsquo;est Hom\u00e8re ou Virgile<br>Entre les mains d&rsquo;un ignorant.<\/mark><\/em><\/p>\n\n\n\n<p class=\"has-text-align-left classe text_justify\">Le contenu de la fable d&rsquo;Esope est assez laconique et succinct mais comme on le voit, l&rsquo;auteur du XVIIIe  si\u00e8cle penchait de son c\u00f4t\u00e9 pour une valeur culturelle, philosophique et \u00e9ducative du symbole quand Marie de France l&rsquo;avait plus r\u00e9solument tir\u00e9 du c\u00f4t\u00e9 des valeurs morales. <\/p>\n\n\n\n<h3 class=\"wp-block-heading\">Le poulet \u00e0  la perle de Ph\u00e8dre<\/h3>\n\n\n<div class=\"wp-block-image\">\n<figure class=\"alignright size-full is-resized\"><a href=\"https:\/\/www.moyenagepassion.com\/wp-content\/uploads\/2023\/04\/deco-medieval-coq-enluminure-fable.jpg\"><img decoding=\"async\" src=\"https:\/\/www.moyenagepassion.com\/wp-content\/uploads\/2023\/04\/deco-medieval-coq-enluminure-fable.jpg\" alt=\"\" class=\"wp-image-48003\" width=\"86\" height=\"371\"\/><\/a><\/figure><\/div>\n\n\n<p class=\"classe text_justify\">Au premier si\u00e8cle de notre \u00e8re et pr\u00e8s de six si\u00e8cles apr\u00e8s Esope, Ph\u00e8dre a repris cette fable \u00e0 son compte, en restant dans un esprit sensiblement identique \u00e0 celui d&rsquo;Esope. <\/p>\n\n\n\n<p class=\"classe text_justify\"><em><mark style=\"background-color:rgba(0, 0, 0, 0)\" class=\"has-inline-color has-green-color\">Pullus ad margaritam : In sterquilino pullus gallinaceus dum quaerit escam, margaritam repperit. \u201cIaces indigno quanta res\u201d, inquit, \u201cloco! Hoc si quis pretii cupidus vidisset tui, olim redisses ad splendorem pristinum. Ego quod te inveni, potior cui multo est cibus, nec tibi prodesse nec mihi quicquam potest.\u201d Hoc illis narro, qui me non intellegunt.<br><\/mark><\/em><br><em>Un jeune Coq, en cherchant sa nourriture sur un tas de fumier, trouva une Perle. \u00a0\u00bb Pr\u00e9cieux objet, dit-il, tu es l\u00e0 dans un lieu indigne de toi ! Si un avide connaisseur t\u2019apercevait, il t\u2019aurait bient\u00f4t rendu ton premier \u00e9clat. Pour moi qui t\u2019ai trouv\u00e9, le moindre aliment me serait meilleur ;  je ne puis t\u2019\u00eatre utile et tu ne peux rien pour moi. \u00ab\u00a0<\/em><br><em>J&rsquo;adresse cette fable \u00e0 tous ceux qui ne peuvent me comprendre.<\/em><\/p>\n\n\n\n<p class=\"has-text-align-right\"><em>Fables de Ph\u00e8dre, traduction nouvelle<\/em> <br>par Ernest Panckoucke (1839).<\/p>\n\n\n\n<p class=\"classe text_justify\">Le coq confesse encore ici son incapacit\u00e9 \u00e0 exploiter le tr\u00e9sor et on y ressent presque une pointe de fatalisme.  Pour le gallinac\u00e9, la pierre pr\u00e9cieuse (devenue au passage une perle) n&rsquo;est d\u00e9finitivement pas \u00e0 sa place dans ce tas de fumier. Sa valeur ne sera pas honor\u00e9e et le volatile restera frustr\u00e9 de ne pas trouver de nourriture. En guise de conclusion, Ph\u00e8dre adresse plus sp\u00e9cifiquement sa morale \u00e0 tous ses d\u00e9tracteurs ou ceux qui ne savent appr\u00e9cier ses \u00e9crits. On est donc, une fois encore, dans la valeur litt\u00e9raire et philosophique ou la connaissance, mais sur une morale un peu plus cibl\u00e9e.<\/p>\n\n\n\n<h2 class=\"wp-block-heading\">Le Coq et la perle de Lafontaine<\/h2>\n\n\n\n<p class=\"classe text_justify\">En faisant un bond dans le temps par dessus le Moyen \u00c2ge, cinq si\u00e8cles apr\u00e8s Marie de France,  on retrouvera encore ce coq et sa perle chez Jean de Lafontaine. Le fabuliste moderne proc\u00e9dera m\u00eame \u00e0 une mise en miroir pour \u00eatre bien certain que ses lecteurs en comprennent le sens qui reste, l\u00e0 encore, litt\u00e9raire, \u00e9ducatif et culturel : <\/p>\n\n\n\n<p class=\"has-text-align-center\"><em><mark style=\"background-color:rgba(0, 0, 0, 0)\" class=\"has-inline-color has-green-color\">Un jour un Coq d\u00e9tourna<br>Une perle qu&rsquo;il donna<br>Au beau premier Lapidaire :<br>\u00ab\u00a0Je la crois fine, dit-il ;<br>Mais le moindre grain de mil<br>Serait bien mieux mon affaire.\u00a0\u00bb<\/mark><\/em><br><em><mark style=\"background-color:rgba(0, 0, 0, 0)\" class=\"has-inline-color has-green-color\"><br>Un ignorant h\u00e9rita<br>D&rsquo;un manuscrit qu&rsquo;il porta<br>Chez son voisin le Libraire.<br>\u00ab\u00a0Je crois, dit-il, qu&rsquo;il est bon ;<br>Mais le moindre ducaton<br>Serait bien mieux mon affaire.\u00a0\u00bb<\/mark><\/em><\/p>\n\n\n\n<hr class=\"wp-block-separator has-alpha-channel-opacity\"\/>\n\n\n<div class=\"wp-block-image\">\n<figure class=\"alignleft size-full is-resized\"><a href=\"https:\/\/www.moyenagepassion.com\/wp-content\/uploads\/2023\/04\/fable-coq-et-perle-Esope.jpg\"><img decoding=\"async\" src=\"https:\/\/www.moyenagepassion.com\/wp-content\/uploads\/2023\/04\/fable-coq-et-perle-Esope.jpg\" alt=\"\" class=\"wp-image-48013\" width=\"137\" height=\"239\" srcset=\"https:\/\/www.moyenagepassion.com\/wp-content\/uploads\/2023\/04\/fable-coq-et-perle-Esope.jpg 180w, https:\/\/www.moyenagepassion.com\/wp-content\/uploads\/2023\/04\/fable-coq-et-perle-Esope-172x300.jpg 172w\" sizes=\"(max-width: 137px) 100vw, 137px\" \/><\/a><\/figure><\/div>\n\n\n<p class=\"classe text_justify\">Pour finir, notons qu&rsquo;en un temps contemporain de Lafontaine, se trouvait dans les jardins de Versailles, une fontaine du coq et du diamant, en hommage \u00e0 cette fable antique d&rsquo;Esope. <br><br>Dat\u00e9 de 1673, ce monument arborait un petit bassin au centre duquel figurait un coq tenant une pierre pr\u00e9cieuse dans une de ses pattes et recrachant l&rsquo;eau de la fontaine par son bec tourn\u00e9 vers le ciel. Cette fontaine \u00e9tait l&rsquo;\u0153uvre de \u00c9tienne Le Hongre (1628-1690). A ce jour, il ne nous en reste plus rien qu&rsquo;une gravure pr\u00e9sente dans un ouvrage dat\u00e9 la fin du XVIIe si\u00e8cle (Labyrinthe de Versailles, Charles Perrault, 1677)<\/p>\n\n\n\n<hr class=\"wp-block-separator has-alpha-channel-opacity\"\/>\n\n\n\n<p>En vous souhaitant une tr\u00e8s belle&nbsp; journ\u00e9e.<\/p>\n\n\n\n<p>Fr\u00e9d\u00e9ric EFFE<br>Pour moyenagepassion.com<br><em><strong>A la d\u00e9couverte du Moyen \u00c2ge sous toutes ses formes.<\/strong><\/em><\/p>\n\n\n\n<p class=\"classe text_justify\" style=\"font-size:14px\">NB : le coq utilis\u00e9 en premier plan de nos illustrations provient du manuscrit m\u00e9di\u00e9val c\u00f4t\u00e9  BM  ms 399, actuellement conserv\u00e9 \u00e0 la Biblioth\u00e8que Municipale d&rsquo;Amiens. Cet ouvrage ancien, dat\u00e9 de la derni\u00e8re partie du XVe si\u00e8cle, contient <em>le Livre des propri\u00e9t\u00e9s des choses<\/em> de Barth\u00e9l\u00e9my l&rsquo;Anglais. Je vous propose de d\u00e9couvrir ce superbe livre ancien sur <a href=\"http:\/\/initiale.irht.cnrs.fr\/codex\/6039\" target=\"_blank\" rel=\"noopener\" title=\"\">le catalogue de manuscrits illumin\u00e9s Initiale<\/a>. Quant au reste de notre enluminure du coq de Marie de France, il s&rsquo;agit d&rsquo;un montage original \u00e0 partir d&rsquo;extraits d&rsquo;autres enluminures et illustrations.<\/p>\n","protected":false},"excerpt":{"rendered":"<p>Sujet&nbsp; : po\u00e9sie m\u00e9di\u00e9vale, fable m\u00e9di\u00e9vale, vieux fran\u00e7ais, anglo-normand, auteur m\u00e9di\u00e9val, ysopets, po\u00e9sie morale, o\u00efl.P\u00e9riode&nbsp;: XIIe si\u00e8cle, Moyen \u00c2ge central.Titre&nbsp;:&nbsp;D\u2019un coc qui truva une Gemme&#8230;Auteur&nbsp;&nbsp;:&nbsp;Marie de France&nbsp;(1160-1210)Ouvrage&nbsp;&nbsp;:&nbsp;&nbsp;Po\u00e9sies de Marie de France, T2, B de Roquefort (1820) Bonjour \u00e0 tous, ujourd&rsquo;hui, nous irons chercher notre inspiration m\u00e9di\u00e9vale du c\u00f4t\u00e9 de la po\u00e9sie de Marie de France. &hellip; <a href=\"https:\/\/www.moyenagepassion.com\/index.php\/2023\/04\/24\/dun-coq-decouvrant-une-gemme-une-fable-de-marie-de-france\/\" class=\"more-link\">Continuer la lecture de <span class=\"screen-reader-text\">D&rsquo;un coq d\u00e9couvrant une gemme, une fable de Marie de France<\/span>  <span class=\"meta-nav\">&rarr;<\/span><\/a><\/p>\n","protected":false},"author":2,"featured_media":48002,"comment_status":"open","ping_status":"open","sticky":false,"template":"","format":"standard","meta":{"_monsterinsights_skip_tracking":false,"_monsterinsights_sitenote_active":false,"_monsterinsights_sitenote_note":"","_monsterinsights_sitenote_category":0,"footnotes":""},"categories":[3518,9],"tags":[3517,728,1422,5690,6075,2461,2951,1098,3467,869,5729,6074,5742,6077,2952,615,1598,617,2064,3516],"class_list":["post-47993","post","type-post","status-publish","format-standard","has-post-thumbnail","hentry","category-marie-de-france","category-musique-medieval-historique-fantaisie-celtique","tag-anglo-normand","tag-auteur-medieval","tag-bestiaire-medieval","tag-bibliotheque-municipale-damiens","tag-coq","tag-enluminure","tag-esope","tag-fable","tag-fable-medievale","tag-jean-de-lafontaine","tag-moyen-age-central-2","tag-ms-399","tag-oil-2","tag-perle","tag-phedre","tag-poesie-medievale","tag-poesie-morale","tag-vieux-francais","tag-xiie-siecle","tag-ysopets"],"aioseo_notices":[],"_links":{"self":[{"href":"https:\/\/www.moyenagepassion.com\/index.php\/wp-json\/wp\/v2\/posts\/47993"}],"collection":[{"href":"https:\/\/www.moyenagepassion.com\/index.php\/wp-json\/wp\/v2\/posts"}],"about":[{"href":"https:\/\/www.moyenagepassion.com\/index.php\/wp-json\/wp\/v2\/types\/post"}],"author":[{"embeddable":true,"href":"https:\/\/www.moyenagepassion.com\/index.php\/wp-json\/wp\/v2\/users\/2"}],"replies":[{"embeddable":true,"href":"https:\/\/www.moyenagepassion.com\/index.php\/wp-json\/wp\/v2\/comments?post=47993"}],"version-history":[{"count":21,"href":"https:\/\/www.moyenagepassion.com\/index.php\/wp-json\/wp\/v2\/posts\/47993\/revisions"}],"predecessor-version":[{"id":48021,"href":"https:\/\/www.moyenagepassion.com\/index.php\/wp-json\/wp\/v2\/posts\/47993\/revisions\/48021"}],"wp:featuredmedia":[{"embeddable":true,"href":"https:\/\/www.moyenagepassion.com\/index.php\/wp-json\/wp\/v2\/media\/48002"}],"wp:attachment":[{"href":"https:\/\/www.moyenagepassion.com\/index.php\/wp-json\/wp\/v2\/media?parent=47993"}],"wp:term":[{"taxonomy":"category","embeddable":true,"href":"https:\/\/www.moyenagepassion.com\/index.php\/wp-json\/wp\/v2\/categories?post=47993"},{"taxonomy":"post_tag","embeddable":true,"href":"https:\/\/www.moyenagepassion.com\/index.php\/wp-json\/wp\/v2\/tags?post=47993"}],"curies":[{"name":"wp","href":"https:\/\/api.w.org\/{rel}","templated":true}]}}