{"id":48024,"date":"2023-04-30T20:04:23","date_gmt":"2023-04-30T19:04:23","guid":{"rendered":"https:\/\/www.moyenagepassion.com\/?p=48024"},"modified":"2023-04-30T21:51:02","modified_gmt":"2023-04-30T20:51:02","slug":"le-salon-de-la-passion-medievale-du-quebec-edition-2023","status":"publish","type":"post","link":"https:\/\/www.moyenagepassion.com\/index.php\/2023\/04\/30\/le-salon-de-la-passion-medievale-du-quebec-edition-2023\/","title":{"rendered":"Le Salon de la Passion M\u00e9di\u00e9vale du Qu\u00e9bec, \u00e9dition 2023"},"content":{"rendered":"<div id=\"moyen-357678989\" class=\"moyen-before-content moyen-entity-placement\"><script async src=\"\/\/pagead2.googlesyndication.com\/pagead\/js\/adsbygoogle.js?client=ca-pub-3035390706780632\" crossorigin=\"anonymous\"><\/script><ins class=\"adsbygoogle\" style=\"display:block;\" data-ad-client=\"ca-pub-3035390706780632\" \ndata-ad-slot=\"\" \ndata-ad-format=\"auto\"><\/ins>\n<script> \n(adsbygoogle = window.adsbygoogle || []).push({}); \n<\/script>\n<\/div><div class=\"wp-block-image\">\n<figure class=\"alignleft is-resized\"><img decoding=\"async\" src=\"https:\/\/www.moyenagepassion.com\/wp-content\/uploads\/2017\/04\/blason_montreal_salon_passion_historique_medievale_quebeco_moyen-age.jpg\" alt=\"Ecu - Armoirie ville de Montr\u00e9al - Qu\u00e9bec\" class=\"wp-image-12024\" width=\"208\" height=\"229\"\/><\/figure><\/div>\n\n\n<p><strong><a href=\"https:\/\/www.moyenagepassion.com\/wp-content\/uploads\/2018\/05\/evenement_salon_passion_medievale_quebec_montreal_20181.jpg\"><\/a>Sujet<\/strong>\u00a0: salon m\u00e9di\u00e9val, \u00e9vocation historique, reconstitution m\u00e9di\u00e9vale, Moyen \u00c2ge, animations, compagnies m\u00e9di\u00e9vales, march\u00e9 artisanal, m\u00e9di\u00e9val fantastique.<br><strong>Ev\u00e9nement<\/strong>\u00a0: Salon de la Passion m\u00e9di\u00e9vale 2023<br><strong>Lieu<\/strong>\u00a0: Place Bell, 1950 rue Claude-Gagn\u00e9, Laval, Qu\u00e9bec, Canada<br><strong>Dates<\/strong>\u00a0: \u00a0les 5,\u00a06 et\u00a07 mai 2023<\/p>\n\n\n\n<p>Bonjour \u00e0 tous,<\/p>\n\n\n<div class=\"wp-block-image\">\n<figure class=\"alignleft size-full\"><a href=\"https:\/\/www.moyenagepassion.com\/wp-content\/uploads\/2018\/10\/C_lettrine_moyen_age_passion.jpg\"><img decoding=\"async\" width=\"84\" height=\"103\" src=\"https:\/\/www.moyenagepassion.com\/wp-content\/uploads\/2018\/10\/C_lettrine_moyen_age_passion.jpg\" alt=\"\" class=\"wp-image-23887\"\/><\/a><\/figure><\/div>\n\n\n<p class=\"classe text_justify\">omme chaque ann\u00e9e, au mois de mai, le<strong> Salon de la Passion M\u00e9di\u00e9vale<\/strong> montr\u00e9alais revient, et nous donne l&rsquo;occasion de faire un nouveau clin d&rsquo;\u0153il \u00e0 nos amis qu\u00e9b\u00e9cois et aux f\u00e9rus de Moyen \u00c2ge qui se tiennent de ce c\u00f4t\u00e9 du monde francophone. <\/p>\n\n\n\n<h2 class=\"wp-block-heading\">Evocation historique &amp; mondes imaginaires<\/h2>\n\n\n<div class=\"wp-block-image\">\n<figure class=\"alignright size-full is-resized\"><a href=\"https:\/\/www.moyenagepassion.com\/wp-content\/uploads\/2023\/04\/salon-de-la-passion-medievale-Quebec-programme-affiche-2023.jpg\"><img decoding=\"async\" src=\"https:\/\/www.moyenagepassion.com\/wp-content\/uploads\/2023\/04\/salon-de-la-passion-medievale-Quebec-programme-affiche-2023.jpg\" alt=\"Affiche et programmation du Salon de la Passion m\u00e9di\u00e9vale 2023\" class=\"wp-image-48033\" width=\"251\" height=\"312\" srcset=\"https:\/\/www.moyenagepassion.com\/wp-content\/uploads\/2023\/04\/salon-de-la-passion-medievale-Quebec-programme-affiche-2023.jpg 325w, https:\/\/www.moyenagepassion.com\/wp-content\/uploads\/2023\/04\/salon-de-la-passion-medievale-Quebec-programme-affiche-2023-241x300.jpg 241w\" sizes=\"(max-width: 251px) 100vw, 251px\" \/><\/a><\/figure><\/div>\n\n\n<p class=\"classe text_justify\">Fond\u00e9 il y a pr\u00e8s d&rsquo;une quinzaine d&rsquo;ann\u00e9es, cet \u00e9v\u00e9nement outre-Atlantique est d\u00e9sormais une institution \u00e0 Montr\u00e9al et il est toujours tr\u00e8s pris\u00e9 des amateurs d&rsquo;\u00e9vocation historique qu\u00e9b\u00e9cois.  Cette ann\u00e9e, il se tiendra  du 5 au 7 mai 2023 durant 3 jours pleins. <\/p>\n\n\n\n<p class=\"classe text_justify\">C<span style=\"font-size: revert;\">omme le veut la tradition de ce Salon de la Passion M\u00e9di\u00e9vale,  les troupes  invit\u00e9s couvriront des p\u00e9riodes historiques plus larges que le Moyen \u00c2ge. On pourra donc y croiser, en plus de compagnies et reconstituteurs en armure m\u00e9di\u00e9vale, des personnages issus de l&rsquo;antiquit\u00e9 romaine, des gladiateurs, des pirates ou m\u00eame des mousquetaires. <\/span> A l&rsquo;habitude, il proposera aussi sa touche de fantastique et de fantaisie. Ses organisateurs ne se cachent pas, en effet, d&rsquo;en \u00eatre fondus.  Au programme,  du loisir historique teint\u00e9 d&rsquo;imaginaire, donc.<\/p>\n\n\n\n<h3 class=\"wp-block-heading\">Animations et activit\u00e9s<\/h3>\n\n\n<div class=\"wp-block-image\">\n<figure class=\"alignleft size-full is-resized\"><a href=\"https:\/\/www.moyenagepassion.com\/wp-content\/uploads\/2023\/04\/salon-de-la-passion-medievale-animations-historiques-evenement-Quebec-2023-02.jpg\"><img decoding=\"async\" src=\"https:\/\/www.moyenagepassion.com\/wp-content\/uploads\/2023\/04\/salon-de-la-passion-medievale-animations-historiques-evenement-Quebec-2023-02.jpg\" alt=\"Animations historiques et m\u00e9di\u00e9vales au Salon de la Passion M\u00e9di\u00e9vale de Montr\u00e9al\" class=\"wp-image-48035\" width=\"167\" height=\"455\" srcset=\"https:\/\/www.moyenagepassion.com\/wp-content\/uploads\/2023\/04\/salon-de-la-passion-medievale-animations-historiques-evenement-Quebec-2023-02.jpg 250w, https:\/\/www.moyenagepassion.com\/wp-content\/uploads\/2023\/04\/salon-de-la-passion-medievale-animations-historiques-evenement-Quebec-2023-02-110x300.jpg 110w\" sizes=\"(max-width: 167px) 100vw, 167px\" \/><\/a><\/figure><\/div>\n\n\n<p class=\"classe text_justify\">Pas de salon m\u00e9di\u00e9val et historique sans animations, comme chaque ann\u00e9e l&rsquo;\u00e9v\u00e9nement montr\u00e9alais ne d\u00e9rogera pas \u00e0 la r\u00e8gle ; .ses visiteurs pourront profiter de multiples activit\u00e9s entre d\u00e9ambulations, musiques, danses fantastiques, num\u00e9ros de bateleurs et saltimbanques mais encore fer crois\u00e9 avec de nombreux combats \u00e0 l&rsquo;ancienne et en armure.  Camps l\u00e9gendaires et combats d&rsquo;archerie seront \u00e9galement de la partie et on pourra encore y apercevoir un bon lot de cr\u00e9atures fantastiques.<\/p>\n\n\n\n<p class=\"classe text_justify\">Pour les visites en famille, les plus petits n&rsquo;ont pas \u00e9t\u00e9 oubli\u00e9s avec un grand nombre d&rsquo;ateliers et activit\u00e9s con\u00e7us tout sp\u00e9cialement pour eux : bataille \u00e0 l&rsquo;\u00e9p\u00e9e en mousse, jeux gonflables, initiation \u00e0 la chevalerie, maquillage, spectacles, qu\u00eate grandeur nature, etc\u2026<\/p>\n\n\n\n<h4 class=\"wp-block-heading\">Compagnies  et troupes invit\u00e9es (hors artisans)<\/h4>\n\n\n\n<p class=\"classe text_justify\"><em><mark style=\"background-color:rgba(0, 0, 0, 0)\" class=\"has-inline-color has-green-color\">Trifolys et Kateya &#8211; Cie Royal T &#8211; Ufhednar &#8211; Estreya &#8211; Entre 2 Jo &#8211; ZenAction &#8211; Scrimicie &#8211; Ecole du Grand Arc &#8211; Cie D\u00e9ferlante &#8211; Cie Ethereal &#8211; Symbiosis &#8211; Isa et ses chants celtiques &#8211; Destreza Nova &#8211; Cie Wakinyan &#8211; Myriam &#8211; \u2026<\/mark><\/em><\/p>\n\n\n\n<h3 class=\"wp-block-heading\">Jeux, concours et grand march\u00e9 artisanal<\/h3>\n\n\n\n<p class=\"classe text_justify\">Ce salon qu\u00e9b\u00e9cois se signe aussi par sa dimension ludique, ses jeux et ses concours. Sur le mode du tirage au sort (roue de la fortune, tombola, &#8230;), certains vous permettront, cette ann\u00e9e, de gagner de jolis lots. D&rsquo;autres concours, \u00e0 destination des plus jeunes, demanderont un peu plus d&rsquo;implication et de jugeotte et il faudra traverser des \u00e9preuves chevaleresques pour esp\u00e9rer les gagner. <\/p>\n\n\n<div class=\"wp-block-image\">\n<figure class=\"alignright size-full is-resized\"><a href=\"https:\/\/www.moyenagepassion.com\/wp-content\/uploads\/2023\/04\/salon-de-la-passion-medievale-animations-historiques-evenement-Quebec-2023.jpg\"><img decoding=\"async\" src=\"https:\/\/www.moyenagepassion.com\/wp-content\/uploads\/2023\/04\/salon-de-la-passion-medievale-animations-historiques-evenement-Quebec-2023.jpg\" alt=\"March\u00e9 historique et artisanal au Salon de la Passion M\u00e9di\u00e9vale de Montr\u00e9al\" class=\"wp-image-48034\" width=\"167\" height=\"454\" srcset=\"https:\/\/www.moyenagepassion.com\/wp-content\/uploads\/2023\/04\/salon-de-la-passion-medievale-animations-historiques-evenement-Quebec-2023.jpg 250w, https:\/\/www.moyenagepassion.com\/wp-content\/uploads\/2023\/04\/salon-de-la-passion-medievale-animations-historiques-evenement-Quebec-2023-110x300.jpg 110w\" sizes=\"(max-width: 167px) 100vw, 167px\" \/><\/a><\/figure><\/div>\n\n\n<p class=\"classe text_justify\">Pour le plus grand plaisir des r\u00f4listes, le jeu de r\u00f4le trouvera aussi sa place sur le salon avec diverses causeries. Comme \u00e0 chaque \u00e9dition, on pourra aussi rencontrer sur place de nombreux repr\u00e9sentants de Jeux de R\u00f4le Grandeur Nature (GN) pour s&rsquo;informer sur le sujet ou s&rsquo;y inscrire.<\/p>\n\n\n\n<p class=\"classe text_justify\">Pour finir, les visiteurs en qu\u00eate d&#8217;emplettes originales ne seront pas en reste puisque le Salon de la Passion M\u00e9di\u00e9vale de Montr\u00e9al h\u00e9berge aussi, traditionnellement, un grand march\u00e9 artisanal. Pour ce cru 2023, avec 80 exposants et artisans vari\u00e9s, il y aura de quoi faire quelques belles d\u00e9couvertes entre travail du cuir (v\u00eatements, accessoires artisanat divers,\u2026) costumes, bijoux, armurerie et coutellerie, etc\u2026<\/p>\n\n\n\n<p class=\"classe text_justify\">Pour tous les d\u00e9tails et r\u00e9servations, nous vous invitons \u00e0 consulter <a href=\"https:\/\/salonmedieval.com\" target=\"_blank\" rel=\"noopener nofollow\" title=\"\">le site officiel du Salon de la passion m\u00e9di\u00e9vale<\/a>.<br><br>Pour consulter des articles sur les \u00e9ditions pr\u00e9c\u00e9dentes de ce salon, c&rsquo;est ici : <a href=\"https:\/\/www.moyenagepassion.com\/index.php\/2022\/05\/12\/agenda-le-salon-de-la-passion-medievale-de-montreal\/\" title=\"\">Edition 2023 <\/a>&#8211; <a href=\"https:\/\/www.moyenagepassion.com\/index.php\/2018\/05\/04\/le-salon-quebecois-de-la-passion-medievale-2018\/\">Edition 2018<\/a> &#8211;  <a href=\"https:\/\/www.moyenagepassion.com\/index.php\/2017\/04\/18\/le-salon-de-la-passion-medievale-de-nos-amis-quebecois-la-passion-du-moyen-age-a-lechelle-de-la-francophonie\/\" title=\"\">Edition 2017<\/a>.<\/p>\n\n\n\n<p class=\"classe text_justify\">En vous souhaitant un beau salon, si vous vous y rendez, et en saluant une nouvelle fois, chaleureusement, nos amis qu\u00e9b\u00e9cois.<\/p>\n\n\n\n<p>Fr\u00e9d\u00e9ric EFFE<br>Pour Moyenagepassion.com<br><em>A la d\u00e9couverte du Monde M\u00e9di\u00e9val sous toutes ses formes.<\/em><\/p>\n","protected":false},"excerpt":{"rendered":"<p>Sujet\u00a0: salon m\u00e9di\u00e9val, \u00e9vocation historique, reconstitution m\u00e9di\u00e9vale, Moyen \u00c2ge, animations, compagnies m\u00e9di\u00e9vales, march\u00e9 artisanal, m\u00e9di\u00e9val fantastique.Ev\u00e9nement\u00a0: Salon de la Passion m\u00e9di\u00e9vale 2023Lieu\u00a0: Place Bell, 1950 rue Claude-Gagn\u00e9, Laval, Qu\u00e9bec, CanadaDates\u00a0: \u00a0les 5,\u00a06 et\u00a07 mai 2023 Bonjour \u00e0 tous, omme chaque ann\u00e9e, au mois de mai, le Salon de la Passion M\u00e9di\u00e9vale montr\u00e9alais revient, et nous &hellip; <a href=\"https:\/\/www.moyenagepassion.com\/index.php\/2023\/04\/30\/le-salon-de-la-passion-medievale-du-quebec-edition-2023\/\" class=\"more-link\">Continuer la lecture de <span class=\"screen-reader-text\">Le Salon de la Passion M\u00e9di\u00e9vale du Qu\u00e9bec, \u00e9dition 2023<\/span>  <span class=\"meta-nav\">&rarr;<\/span><\/a><\/p>\n","protected":false},"author":2,"featured_media":48029,"comment_status":"open","ping_status":"open","sticky":false,"template":"","format":"standard","meta":{"_monsterinsights_skip_tracking":false,"_monsterinsights_sitenote_active":false,"_monsterinsights_sitenote_note":"","_monsterinsights_sitenote_category":0,"footnotes":""},"categories":[11],"tags":[1780,6078,212,136,5500,5022,994,5587,5767,988,5776,3309,2558],"class_list":["post-48024","post","type-post","status-publish","format-standard","has-post-thumbnail","hentry","category-fetes-medievales-evenement","tag-animations","tag-canada","tag-compagnies-medievales","tag-festival","tag-marche-artisanal-2","tag-medieval-fantastique-2","tag-montreal","tag-moyen-age-2","tag-moyen-age-fantastique-2","tag-quebec","tag-salon-historique","tag-salon-medieval","tag-salon-passion-medievale"],"aioseo_notices":[],"_links":{"self":[{"href":"https:\/\/www.moyenagepassion.com\/index.php\/wp-json\/wp\/v2\/posts\/48024"}],"collection":[{"href":"https:\/\/www.moyenagepassion.com\/index.php\/wp-json\/wp\/v2\/posts"}],"about":[{"href":"https:\/\/www.moyenagepassion.com\/index.php\/wp-json\/wp\/v2\/types\/post"}],"author":[{"embeddable":true,"href":"https:\/\/www.moyenagepassion.com\/index.php\/wp-json\/wp\/v2\/users\/2"}],"replies":[{"embeddable":true,"href":"https:\/\/www.moyenagepassion.com\/index.php\/wp-json\/wp\/v2\/comments?post=48024"}],"version-history":[{"count":13,"href":"https:\/\/www.moyenagepassion.com\/index.php\/wp-json\/wp\/v2\/posts\/48024\/revisions"}],"predecessor-version":[{"id":48044,"href":"https:\/\/www.moyenagepassion.com\/index.php\/wp-json\/wp\/v2\/posts\/48024\/revisions\/48044"}],"wp:featuredmedia":[{"embeddable":true,"href":"https:\/\/www.moyenagepassion.com\/index.php\/wp-json\/wp\/v2\/media\/48029"}],"wp:attachment":[{"href":"https:\/\/www.moyenagepassion.com\/index.php\/wp-json\/wp\/v2\/media?parent=48024"}],"wp:term":[{"taxonomy":"category","embeddable":true,"href":"https:\/\/www.moyenagepassion.com\/index.php\/wp-json\/wp\/v2\/categories?post=48024"},{"taxonomy":"post_tag","embeddable":true,"href":"https:\/\/www.moyenagepassion.com\/index.php\/wp-json\/wp\/v2\/tags?post=48024"}],"curies":[{"name":"wp","href":"https:\/\/api.w.org\/{rel}","templated":true}]}}