{"id":48371,"date":"2023-06-08T04:18:16","date_gmt":"2023-06-08T03:18:16","guid":{"rendered":"https:\/\/www.moyenagepassion.com\/?p=48371"},"modified":"2023-06-08T04:22:56","modified_gmt":"2023-06-08T03:22:56","slug":"les-38e-medievales-de-provins-sont-la","status":"publish","type":"post","link":"https:\/\/www.moyenagepassion.com\/index.php\/2023\/06\/08\/les-38e-medievales-de-provins-sont-la\/","title":{"rendered":"Agenda : les 38e m\u00e9di\u00e9vales de Provins sont l\u00e0 !"},"content":{"rendered":"<div id=\"moyen-1395299071\" class=\"moyen-before-content moyen-entity-placement\"><script async src=\"\/\/pagead2.googlesyndication.com\/pagead\/js\/adsbygoogle.js?client=ca-pub-3035390706780632\" crossorigin=\"anonymous\"><\/script><ins class=\"adsbygoogle\" style=\"display:block;\" data-ad-client=\"ca-pub-3035390706780632\" \ndata-ad-slot=\"\" \ndata-ad-format=\"auto\"><\/ins>\n<script> \n(adsbygoogle = window.adsbygoogle || []).push({}); \n<\/script>\n<\/div><div class=\"wp-block-image\">\n<figure class=\"alignleft is-resized\"><img decoding=\"async\" src=\"https:\/\/www.moyenagepassion.com\/wp-content\/uploads\/2019\/06\/Provins_armoirie_ecu_blason_fetes-medievales.jpg\" alt=\"Blason, armoirie ville de Provins\" class=\"wp-image-27295\" width=\"144\" height=\"215\" srcset=\"https:\/\/www.moyenagepassion.com\/wp-content\/uploads\/2019\/06\/Provins_armoirie_ecu_blason_fetes-medievales.jpg 226w, https:\/\/www.moyenagepassion.com\/wp-content\/uploads\/2019\/06\/Provins_armoirie_ecu_blason_fetes-medievales-201x300.jpg 201w\" sizes=\"(max-width: 144px) 100vw, 144px\" \/><\/figure><\/div>\n\n\n<p><strong><a href=\"https:\/\/www.moyenagepassion.com\/wp-content\/uploads\/2019\/06\/Provins_armoirie_ecu_blason_fetes-medievales.jpg\"><\/a>Sujet<\/strong>&nbsp;: f\u00eates, animations m\u00e9di\u00e9vales, compagnies m\u00e9di\u00e9vales, agenda, monde m\u00e9di\u00e9val, reconstituteurs, campements m\u00e9di\u00e9vaux, spectacles \u00e9questres, fauconnerie, animations permanentes, visites patrimoniales.<br><strong>Th\u00e8me :<\/strong>&nbsp;Moyen \u00c2ge&nbsp;festif<br><strong>Lieu<\/strong>&nbsp;: Provins, Seine-et-Marne, Ile de France<br><strong>Ev\u00e9nement<\/strong>:&nbsp;Les 38e m\u00e9di\u00e9vales de Provins.<br><strong>Dates<\/strong>&nbsp;: les&nbsp;10 et&nbsp;11&nbsp; juin 2023<\/p>\n\n\n\n<p>Bonjour \u00e0 tous,<\/p>\n\n\n<div class=\"wp-block-image\">\n<figure class=\"alignleft size-full\"><a href=\"https:\/\/www.moyenagepassion.com\/wp-content\/uploads\/2018\/10\/C_lettrine_moyen_age_passion.jpg\"><img decoding=\"async\" width=\"84\" height=\"103\" src=\"https:\/\/www.moyenagepassion.com\/wp-content\/uploads\/2018\/10\/C_lettrine_moyen_age_passion.jpg\" alt=\"\" class=\"wp-image-23887\"\/><\/a><\/figure><\/div>\n\n\n<p class=\"classe text_justify\">e week-end sur l&rsquo;agenda des f\u00eates aux couleurs du Moyen \u00c2ge,  vous ne pourrez manquer les traditionnelles M\u00e9di\u00e9vales de Provins, si vous vous tenez du c\u00f4t\u00e9 de l&rsquo;\u00cele-de-France et de la Seine-et-Marne. Et si la belle cit\u00e9, class\u00e9e au patrimoine de l&rsquo;Unesco, n&rsquo;attend jamais ses grandes f\u00eates annuelles pour mettre en valeur ses atours historiques, pour qui voudrait la d\u00e9couvrir, ces c\u00e9l\u00e9brations sont toujours une occasion privil\u00e9gi\u00e9e de le faire. Pour vous en donner un avant-go\u00fbt, levons ensemble le voile sur le programme de cette ann\u00e9e.<\/p>\n\n\n\n<h2 class=\"wp-block-heading\">Au programme de ces 38e m\u00e9di\u00e9vales<\/h2>\n\n\n<div class=\"wp-block-image\">\n<figure class=\"alignright size-full is-resized\"><a href=\"https:\/\/www.moyenagepassion.com\/wp-content\/uploads\/2023\/06\/animations-medievales-Provins-2023-affiche.jpg\"><img decoding=\"async\" src=\"https:\/\/www.moyenagepassion.com\/wp-content\/uploads\/2023\/06\/animations-medievales-Provins-2023-affiche.jpg\" alt=\"Les animations m\u00e9di\u00e9vales de Provins 2023 et l'affiche officielle de la f\u00eate\" class=\"wp-image-48373\" width=\"194\" height=\"275\" srcset=\"https:\/\/www.moyenagepassion.com\/wp-content\/uploads\/2023\/06\/animations-medievales-Provins-2023-affiche.jpg 391w, https:\/\/www.moyenagepassion.com\/wp-content\/uploads\/2023\/06\/animations-medievales-Provins-2023-affiche-212x300.jpg 212w\" sizes=\"(max-width: 194px) 100vw, 194px\" \/><\/a><\/figure><\/div>\n\n\n<p class=\"classe text_justify\">Plus que quelques jours avant le top d\u00e9part des M\u00e9di\u00e9vales de Provins 2023. Il s&rsquo;agira l\u00e0 de la 38e \u00e9dition de cette c\u00e9l\u00e9bration historique, toujours organis\u00e9e avec beaucoup de soin par la municipalit\u00e9, entour\u00e9e de nombreux partenaires et volontaires locaux. L&rsquo;affaire est donc bien rod\u00e9e et ce nouveau cru sera, \u00e0 l&rsquo;image des pr\u00e9c\u00e9dents, truff\u00e9 d&rsquo;animations et de belles surprises. Vous pourrez juger de la densit\u00e9 du programme en jetant un simple coup d&rsquo;\u0153il au nombre impressionnant de groupes de musique, de com\u00e9diens et de compagnies m\u00e9di\u00e9vales qui viendront investir les rues de Provins, ce week-end. C&rsquo;est d&rsquo;autant plus prometteur que l&rsquo;on a ici des professionnels et associations pris parmi le fleuron de la sc\u00e8ne du spectacle m\u00e9di\u00e9val ou de la reconstitution.<\/p>\n\n\n\n<hr class=\"wp-block-separator has-alpha-channel-opacity\"\/>\n\n\n\n<h3 class=\"wp-block-heading\">La plus grande f\u00eate m\u00e9di\u00e9vale de France ?<\/h3>\n\n\n\n<p class=\"classe text_justify\">A chaque nouvelle \u00e9dition, les organisateurs se fixent pour ambition de replonger Provins dans l&rsquo;ambiance des grandes Foires de Champagne qui ont fait ses gloires d&rsquo;antan. Au sortir, ce n&rsquo;est pas pour rien que ces r\u00e9jouissances historiques revendiquent le titre de \u00ab\u00a0plus grande f\u00eate m\u00e9di\u00e9vale de France\u00a0\u00bb. On pourra  donner quelques chiffres pour en prendre la mesure : cette ann\u00e9e, 300 professionnels du spectacle y sont attendus, accompagn\u00e9s de quelques 320 artisans auxquels viendront se joindre pr\u00e8s de 1000 provinois en costume d&rsquo;\u00e9poque. Quant \u00e0 la fr\u00e9quentation, l&rsquo;\u00e9dition de l&rsquo;ann\u00e9e derni\u00e8re a gratifi\u00e9 l&rsquo;\u00e9v\u00e9nement de 90000 visiteurs et l&rsquo;on peut s&rsquo;attendre \u00e0 nouveau \u00e0 un franc succ\u00e8s. C&rsquo;est rien moins que m\u00e9rit\u00e9 au vue de la qualit\u00e9 des efforts apport\u00e9s sur ces c\u00e9l\u00e9brations m\u00e9di\u00e9vales et des longs mois de pr\u00e9paration n\u00e9cessaire \u00e0 leur mise en place.<\/p>\n\n\n\n<hr class=\"wp-block-separator has-alpha-channel-opacity\"\/>\n\n\n\n<h3 class=\"wp-block-heading\">Animations permanentes tout le week-end <\/h3>\n\n\n<div class=\"wp-block-image\">\n<figure class=\"alignleft size-full is-resized\"><a href=\"https:\/\/www.moyenagepassion.com\/wp-content\/uploads\/2023\/06\/deco-medieval-tour-Cesar-Provins-.jpg\"><img decoding=\"async\" src=\"https:\/\/www.moyenagepassion.com\/wp-content\/uploads\/2023\/06\/deco-medieval-tour-Cesar-Provins-.jpg\" alt=\"\" class=\"wp-image-48381\" width=\"86\" height=\"371\"\/><\/a><\/figure><\/div>\n\n\n<p class=\"classe text_justify\">Pour dire un mot des divertissements qui vous attendent ce week-end, \u00e0 Provins, ils se partageront entre animations de rues continues, rythm\u00e9es par des temps forts et spectacles plus ponctuels. Citons p\u00eale-m\u00eale au titre des premi\u00e8res : farces, th\u00e9\u00e2tre, musiques et danses, en notant au passage qu&rsquo;un nombre particuli\u00e8rement important de groupes de musique m\u00e9di\u00e9vale s&rsquo;affiche au programme de ce cru 2023. <\/p>\n\n\n\n<p class=\"classe text_justify\">Anim\u00e9s en continu, les campements th\u00e9matiques seront aussi nombreux \u00e0 la d\u00e9couverte de la vie m\u00e9di\u00e9vale, de ses combattants, ses artisans ou ses artistes. Au programme, humour mais aussi voyage historique, \u00e9ducation et d\u00e9couverte. Dans le lot des activit\u00e9s propos\u00e9es durant ces 38e m\u00e9di\u00e9vales, on retrouvera \u00e9galement un bon nombre d&rsquo;ateliers proposant \u00e0 tout public de mettre la main \u00e0 la p\u00e2te : archerie, poterie, teinture v\u00e9g\u00e9tale, \u00ab\u00a0street art\u00a0\u00bb m\u00e9di\u00e9val, danses d&rsquo;\u00e9poque, \u00e9nigmes et jeux divers, campement sp\u00e9cial avec jeux et activit\u00e9s pour les plus petits, etc&#8230; Un Village du livre permettra aussi aux visiteurs de partir \u00e0 la rencontre d&rsquo;auteurs, d&rsquo;illustrateurs et d&rsquo;enlumineurs.<\/p>\n\n\n\n<h3 class=\"wp-block-heading\">Grands spectacles et temps forts de la f\u00eate<\/h3>\n\n\n\n<p class=\"classe text_justify\">A ces animations permanentes viendront encore s&rsquo;ajouter des spectacles plus ponctuels et qui promettent eux-aussi de belles \u00e9motions. On pense par exemple \u00e0 ces d\u00e9monstrations de fauconnerie au th\u00e9\u00e2tre des remparts, ou encore, \u00e0 ce spectacle \u00e9questre \u00e9pique dans lequel <a href=\"https:\/\/www.moyenagepassion.com\/index.php\/moyen-age\/musique-medieval-historique-fantaisie-celtique\/thibaut-de-champagne\/\" title=\"\">Thibaut IV le chansonnier<\/a>, mythique comte de Champagne, se verra r\u00e9incarn\u00e9 pour partir \u00e0 la rescousse de Blanche de Castille. <\/p>\n\n\n\n<p class=\"classe text_justify\">Le Samedi soir sera aussi le th\u00e9\u00e2tre d&rsquo;une grande nocturne avec bal m\u00e9di\u00e9val et concert de musique m\u00e9di\u00e9vale. Quant au dimanche, il vous permettra d&rsquo;assister \u00e0 une parade costum\u00e9e que vous n&rsquo;\u00eates pas pr\u00eat d&rsquo;oublier.<\/p>\n\n\n<div class=\"wp-block-image\">\n<figure class=\"aligncenter size-full\"><a href=\"https:\/\/www.moyenagepassion.com\/wp-content\/uploads\/2023\/06\/medievale-de-Provins-animations-medievales-foire-de-Champagne-2023-02.jpg\"><img decoding=\"async\" width=\"650\" height=\"499\" src=\"https:\/\/www.moyenagepassion.com\/wp-content\/uploads\/2023\/06\/medievale-de-Provins-animations-medievales-foire-de-Champagne-2023-02.jpg\" alt=\"De nombreuses compagnies et animations attendues pour les 38eme m\u00e9di\u00e9vales de Provins 2023.\" class=\"wp-image-48377\" srcset=\"https:\/\/www.moyenagepassion.com\/wp-content\/uploads\/2023\/06\/medievale-de-Provins-animations-medievales-foire-de-Champagne-2023-02.jpg 650w, https:\/\/www.moyenagepassion.com\/wp-content\/uploads\/2023\/06\/medievale-de-Provins-animations-medievales-foire-de-Champagne-2023-02-300x230.jpg 300w\" sizes=\"(max-width: 650px) 100vw, 650px\" \/><\/a><figcaption>Des dizaines de milliers de visiteurs attendus pour une foule de spectacles et animations<\/figcaption><\/figure><\/div>\n\n\n<h4 class=\"wp-block-heading\">Compagnies m\u00e9di\u00e9vales et troupes invit\u00e9es<\/h4>\n\n\n\n<p class=\"classe text_justify\"><em><mark style=\"background-color:rgba(0, 0, 0, 0)\" class=\"has-inline-color has-green-color\">Al Cantara &#8211; Gueule de Loup &#8211; Sorga &#8211; Pescaluna &#8211; Les Danseriess des Lys &#8211; Cie Cr\u00e9alid &#8211; Les Armiers &#8211; Cie Lutka &#8211; Belli Mercator &#8211; Cie Smedelyn &#8211; Les M\u00e9n\u00e9triers &#8211; Cie Lez Accros &#8211; Le clan du Lys &#8211; Les Coll\u00e9giens de Paris &#8211; La Maisnie du Mont Ferrant &#8211; Les Barbiers fous &#8211; Les R\u00f4deurs de l&rsquo;Odan &#8211; Gentes Comitis &#8211; Corazon &#8211; Les Danceries Thibaud de Champagne &#8211; La Mesnie 1415 &#8211; Cie la Chalemie &#8211; AD Tempus &#8211; Approximatores Alchemia &#8211; Cie Dovakhiin &#8211; So\u00f1j &#8211; Confr\u00e9rie du Cerb\u00e8re &#8211; Arc de Provins &#8211; Lilamayi &#8211; les Forges de la Brume &#8211; Sembadelle &#8211; Le th\u00e9\u00e2tre du Laid Cru &#8211; Kervan Cie &#8211; Aouta &#8211; Fiannan Ban &#8211; Cie Karabas &#8211; Th\u00e9obaldus &#8211; Le l\u00e9proserie de Close Barbe &#8211; Ch\u0153ur du Montois et du Provinois &#8211; Equestrio &#8211; Vol Libre Production <\/mark><\/em><\/p>\n\n\n\n<h3 class=\"wp-block-heading\">D\u00e9couverte  des richesses patrimoniales de Provins<\/h3>\n\n\n<div class=\"wp-block-image\">\n<figure class=\"alignright size-full is-resized\"><a href=\"https:\/\/www.moyenagepassion.com\/wp-content\/uploads\/2023\/06\/deco-medieval-tour-Cesar-Provins-.jpg\"><img decoding=\"async\" src=\"https:\/\/www.moyenagepassion.com\/wp-content\/uploads\/2023\/06\/deco-medieval-tour-Cesar-Provins-.jpg\" alt=\"\" class=\"wp-image-48381\" width=\"86\" height=\"371\"\/><\/a><\/figure><\/div>\n\n\n<p class=\"classe text_justify\">A l&rsquo;habitude, la municipalit\u00e9 et ses services culturels et touristiques ne pouvaient pas passer \u00e0 c\u00f4t\u00e9 de cette grande occasion, sans proposer aux plus curieux la d\u00e9couverte de son riche patrimoine. Ainsi, tout au long du week-end, de nombreuses visites des tr\u00e9sors et des monuments historiques de la ville seront organis\u00e9es :  le prieur\u00e9 Saint-Ayoul, le mus\u00e9e de Provins, la Grande aux D\u00eemes, les souterrains, la Tour C\u00e9sar vous ouvriront donc leurs portes pour des visites sp\u00e9ciales. Certaines se feront m\u00eame sous forme th\u00e9\u00e2tralis\u00e9e comme cette visite nocturne des remparts.<\/p>\n\n\n\n<p class=\"classe text_justify\">Pour finir cette petite pr\u00e9sentation, veuillez noter que si la grande majorit\u00e9 des animations mentionn\u00e9es ici sont comprises dans le ticket d&rsquo;entr\u00e9e, d&rsquo;autres ne le sont pas. Aussi, pour profiter \u00e0 plein de ces belles m\u00e9di\u00e9vales, pensez \u00e0 anticiper afin de pouvoir r\u00e9server, \u00e9ventuellement, certaines activit\u00e9s. Vous retrouverez toutes les infos et le <a href=\"https:\/\/provins-medieval.com\/\" target=\"_blank\" rel=\"noopener\" title=\"\">programme d\u00e9taill\u00e9 sur le site officiel des M\u00e9di\u00e9vale de Provins<\/a>. <\/p>\n\n\n\n<p class=\"classe text_justify\">Si vous le souhaitez, vous pouvez aussi d\u00e9couvrir ci-dessous, tous nos articles pr\u00e9c\u00e9dents sur les M\u00e9di\u00e9vales de Provins : <a href=\"https:\/\/www.moyenagepassion.com\/index.php\/2022\/06\/19\/zoom-sur-les-37eme-medievales-de-provins\/\">Edition 2022<\/a>  &#8211;  <a href=\"https:\/\/www.moyenagepassion.com\/index.php\/2022\/06\/19\/zoom-sur-les-37eme-medievales-de-provins\/\">Edition 2019<\/a> &#8211; <a href=\"https:\/\/www.moyenagepassion.com\/index.php\/2018\/06\/06\/agenda-des-hommes-et-des-betes-ce-week-end-a-provins-pour-les-35e-medievales\/\">Edition 2018<\/a> &#8211; <a href=\"https:\/\/www.moyenagepassion.com\/index.php\/2017\/06\/14\/lumieres-couleurs-du-moyen-age-provins-la-champenoise-fete-ses-34e-medievales\/\">Edition 2017<\/a> &#8211; <a href=\"https:\/\/www.moyenagepassion.com\/index.php\/2016\/06\/10\/festival-medieval-ce-week-end-les-33emes-medievales-de-provins\/\">Edition 2016<\/a>.<\/p>\n\n\n\n<p>En vous souhaitant une belle journ\u00e9e.<\/p>\n\n\n\n<p>Fred<br>Pour moyenagepassion.com<br><em><strong>A la d\u00e9couverte du Monde M\u00e9di\u00e9val sous toutes ses formes.<\/strong><\/em><\/p>\n","protected":false},"excerpt":{"rendered":"<p>Sujet&nbsp;: f\u00eates, animations m\u00e9di\u00e9vales, compagnies m\u00e9di\u00e9vales, agenda, monde m\u00e9di\u00e9val, reconstituteurs, campements m\u00e9di\u00e9vaux, spectacles \u00e9questres, fauconnerie, animations permanentes, visites patrimoniales.Th\u00e8me :&nbsp;Moyen \u00c2ge&nbsp;festifLieu&nbsp;: Provins, Seine-et-Marne, Ile de FranceEv\u00e9nement:&nbsp;Les 38e m\u00e9di\u00e9vales de Provins.Dates&nbsp;: les&nbsp;10 et&nbsp;11&nbsp; juin 2023 Bonjour \u00e0 tous, e week-end sur l&rsquo;agenda des f\u00eates aux couleurs du Moyen \u00c2ge, vous ne pourrez manquer les traditionnelles M\u00e9di\u00e9vales &hellip; <a href=\"https:\/\/www.moyenagepassion.com\/index.php\/2023\/06\/08\/les-38e-medievales-de-provins-sont-la\/\" class=\"more-link\">Continuer la lecture de <span class=\"screen-reader-text\">Agenda : les 38e m\u00e9di\u00e9vales de Provins sont l\u00e0 !<\/span>  <span class=\"meta-nav\">&rarr;<\/span><\/a><\/p>\n","protected":false},"author":2,"featured_media":48383,"comment_status":"open","ping_status":"open","sticky":false,"template":"","format":"standard","meta":{"_monsterinsights_skip_tracking":false,"_monsterinsights_sitenote_active":false,"_monsterinsights_sitenote_note":"","_monsterinsights_sitenote_category":0,"footnotes":""},"categories":[11],"tags":[1539,2529,2840,3596,212,2743,6123,1228,182,6121,1220,2757,4219,4086,6122],"class_list":["post-48371","post","type-post","status-publish","format-standard","has-post-thumbnail","hentry","category-fetes-medievales-evenement","tag-agenda-medieval","tag-animations-medievales","tag-campements-medievaux","tag-celebrations-medievales","tag-compagnies-medievales","tag-fauconnerie","tag-ile-de-france-3","tag-les-medievales-de-provins","tag-monde-medieval","tag-moyen-age-festif-4","tag-provins","tag-reconstituteurs","tag-seine-et-marne","tag-spectacles-equestres","tag-visites-patrimoniales"],"aioseo_notices":[],"_links":{"self":[{"href":"https:\/\/www.moyenagepassion.com\/index.php\/wp-json\/wp\/v2\/posts\/48371"}],"collection":[{"href":"https:\/\/www.moyenagepassion.com\/index.php\/wp-json\/wp\/v2\/posts"}],"about":[{"href":"https:\/\/www.moyenagepassion.com\/index.php\/wp-json\/wp\/v2\/types\/post"}],"author":[{"embeddable":true,"href":"https:\/\/www.moyenagepassion.com\/index.php\/wp-json\/wp\/v2\/users\/2"}],"replies":[{"embeddable":true,"href":"https:\/\/www.moyenagepassion.com\/index.php\/wp-json\/wp\/v2\/comments?post=48371"}],"version-history":[{"count":12,"href":"https:\/\/www.moyenagepassion.com\/index.php\/wp-json\/wp\/v2\/posts\/48371\/revisions"}],"predecessor-version":[{"id":48387,"href":"https:\/\/www.moyenagepassion.com\/index.php\/wp-json\/wp\/v2\/posts\/48371\/revisions\/48387"}],"wp:featuredmedia":[{"embeddable":true,"href":"https:\/\/www.moyenagepassion.com\/index.php\/wp-json\/wp\/v2\/media\/48383"}],"wp:attachment":[{"href":"https:\/\/www.moyenagepassion.com\/index.php\/wp-json\/wp\/v2\/media?parent=48371"}],"wp:term":[{"taxonomy":"category","embeddable":true,"href":"https:\/\/www.moyenagepassion.com\/index.php\/wp-json\/wp\/v2\/categories?post=48371"},{"taxonomy":"post_tag","embeddable":true,"href":"https:\/\/www.moyenagepassion.com\/index.php\/wp-json\/wp\/v2\/tags?post=48371"}],"curies":[{"name":"wp","href":"https:\/\/api.w.org\/{rel}","templated":true}]}}