{"id":48702,"date":"2023-07-11T00:17:03","date_gmt":"2023-07-10T23:17:03","guid":{"rendered":"https:\/\/www.moyenagepassion.com\/?p=48702"},"modified":"2023-07-11T00:25:09","modified_gmt":"2023-07-10T23:25:09","slug":"au-xve-siecle-une-ballade-satirique-sur-les-vices-la-folie-des-temps-par-jean-meschinot","status":"publish","type":"post","link":"https:\/\/www.moyenagepassion.com\/index.php\/2023\/07\/11\/au-xve-siecle-une-ballade-satirique-sur-les-vices-la-folie-des-temps-par-jean-meschinot\/","title":{"rendered":"Au XVe si\u00e8cle, une ballade satirique sur les vices &#038; la folie des temps par Jean Meschinot"},"content":{"rendered":"<div id=\"moyen-3602411634\" class=\"moyen-before-content moyen-entity-placement\"><script async src=\"\/\/pagead2.googlesyndication.com\/pagead\/js\/adsbygoogle.js?client=ca-pub-3035390706780632\" crossorigin=\"anonymous\"><\/script><ins class=\"adsbygoogle\" style=\"display:block;\" data-ad-client=\"ca-pub-3035390706780632\" \ndata-ad-slot=\"\" \ndata-ad-format=\"auto\"><\/ins>\n<script> \n(adsbygoogle = window.adsbygoogle || []).push({}); \n<\/script>\n<\/div><div class=\"wp-block-image\">\n<figure class=\"alignleft is-resized\"><img decoding=\"async\" src=\"https:\/\/www.moyenagepassion.com\/wp-content\/uploads\/2017\/09\/manuscrit_24314_jean_Meschinot_poete_breton_medieval_poesie_politique_satirique_moyen-age_tardif.jpg\" alt=\"\" class=\"wp-image-15534\" width=\"118\" height=\"202\" srcset=\"https:\/\/www.moyenagepassion.com\/wp-content\/uploads\/2017\/09\/manuscrit_24314_jean_Meschinot_poete_breton_medieval_poesie_politique_satirique_moyen-age_tardif.jpg 240w, https:\/\/www.moyenagepassion.com\/wp-content\/uploads\/2017\/09\/manuscrit_24314_jean_Meschinot_poete_breton_medieval_poesie_politique_satirique_moyen-age_tardif-176x300.jpg 176w\" sizes=\"(max-width: 118px) 100vw, 118px\" \/><\/figure><\/div>\n\n\n<p><strong>Sujet<\/strong>&nbsp;: po\u00e9sie satirique, po\u00e9sie m\u00e9di\u00e9vale, po\u00e8te breton, ballade m\u00e9di\u00e9vale, ballade satirique, auteur m\u00e9di\u00e9val, Bretagne M\u00e9di\u00e9vale.<br><strong>P\u00e9riode<\/strong>&nbsp;: Moyen \u00c2ge tardif, XVe si\u00e8cle<br><strong>Auteur<\/strong>&nbsp;: Jean (Jehan) Meschinot (1420 \u2013 1491)<br><strong>Titre : <\/strong><em>Tout est perdu par default de raison.<\/em><br><strong>Manuscrit m\u00e9di\u00e9val<\/strong>&nbsp;:&nbsp;MS fran\u00e7ais 24314 BnF<br><strong>Ouvrage<\/strong>&nbsp;:&nbsp;<em> po\u00e9sies et \u0153uvres de<em>&nbsp;Jean MESCHINOT, \u00e9dition 1493 et \u00e9dition 1522.<\/em><\/em><\/p>\n\n\n\n<p>Bonjour \u00e0 tous,<\/p>\n\n\n<div class=\"wp-block-image\">\n<figure class=\"alignleft size-full\"><a href=\"https:\/\/www.moyenagepassion.com\/wp-content\/uploads\/2015\/12\/A_lettrine_moyen_age_passion1.jpg\"><img decoding=\"async\" width=\"84\" height=\"103\" src=\"https:\/\/www.moyenagepassion.com\/wp-content\/uploads\/2015\/12\/A_lettrine_moyen_age_passion1.jpg\" alt=\"\" class=\"wp-image-24221\"\/><\/a><\/figure><\/div>\n\n\n<p class=\"classe text_justify\">u Moyen \u00c2ge tardif, le po\u00e8te et \u00e9cuyer breton Jehan Meschinot s&rsquo;adonne \u00e0 la po\u00e9sie politique et morale. Virtuose du verbe et de la rime,  il a  notamment l\u00e9gu\u00e9 \u00e0 la post\u00e9rit\u00e9 un ouvrage intitul\u00e9 <em><a href=\"https:\/\/www.moyenagepassion.com\/index.php\/2017\/09\/12\/la-poesie-medievale-politique-et-satirique-de-jean-meschinot-poete\/\" title=\"\">Les Lunettes des Princes<\/a><\/em>, petit pr\u00e9cis qui s&rsquo;apparente un peu \u00e0 un miroir des princes et dans lequel il d\u00e9non\u00e7ait les vices de son temps autant qu&rsquo;il partageait certains de ses d\u00e9boires. L&rsquo;ouvrage connut en son temps un beau succ\u00e8s et fut bient\u00f4t relay\u00e9 par les premi\u00e8res imprimeries qui ouvraient alors une nouvelle \u00e8re sans pr\u00e9c\u00e9dent aux \u00e9crits et \u00e0 leurs auteurs.<\/p>\n\n\n<div class=\"wp-block-image\">\n<figure class=\"alignright size-full is-resized\"><a href=\"https:\/\/www.moyenagepassion.com\/wp-content\/uploads\/2021\/03\/deco-medieval-jehan-meschinot.jpg\"><img decoding=\"async\" src=\"https:\/\/www.moyenagepassion.com\/wp-content\/uploads\/2021\/03\/deco-medieval-jehan-meschinot.jpg\" alt=\"\" class=\"wp-image-37887\" width=\"86\" height=\"371\"\/><\/a><\/figure><\/div>\n\n\n<p class=\"classe text_justify\">En plus de divers ballades, rondeaux et autres po\u00e9sies, on peut \u00e9galement ajouter aux productions les plus remarqu\u00e9es  de Jean Meschinot, ses vingt-cinq ballades satiriques contre le pouvoir politique en place.  <\/p>\n\n\n\n<p class=\"classe text_justify\">Pour former ces derni\u00e8res, il emprunta ses envois \u00e0 une longue diatribe de <a href=\"https:\/\/www.moyenagepassion.com\/index.php\/moyen-age\/musique-medieval-historique-fantaisie-celtique\/georges-chastellain-chastelain\/\" title=\"\">Georges Chastelain<\/a>.  Ce po\u00e8te flamand officiant \u00e0 la cour de Bourgogne s&rsquo;y signalait alors pour ses nombreux \u00e9crits et, en particulier, ses chroniques historiques. Mais Chastelain avait aussi r\u00e9dig\u00e9 une po\u00e9sie intitul\u00e9e <em>Le Prince<\/em><a href=\"https:\/\/www.moyenagepassion.com\/index.php\/2022\/05\/16\/poesie-medievale-satirique-le-prince-de-georges-chastellain3\/\" title=\"\"> <\/a>dans laquelle il d\u00e9non\u00e7ait les vices des mauvais gouvernants et surtout le r\u00e8gne de Louis XI. La Bourgogne et la Bretagne trouv\u00e8rent alors cause commune contre la couronne fran\u00e7aise et se rejoignirent en po\u00e9sie sous la plume des deux plus talentueux auteurs de leur province respective.<\/p>\n\n\n<div class=\"wp-block-image\">\n<figure class=\"aligncenter size-full\"><a href=\"https:\/\/www.moyenagepassion.com\/wp-content\/uploads\/2023\/07\/meschinot_ballade-politique-satirique-ronde-des-vices-folie-des-temps-poesie-medievale.jpg\"><img decoding=\"async\" width=\"650\" height=\"450\" src=\"https:\/\/www.moyenagepassion.com\/wp-content\/uploads\/2023\/07\/meschinot_ballade-politique-satirique-ronde-des-vices-folie-des-temps-poesie-medievale-650.jpg\" alt=\"\" class=\"wp-image-48712\" srcset=\"https:\/\/www.moyenagepassion.com\/wp-content\/uploads\/2023\/07\/meschinot_ballade-politique-satirique-ronde-des-vices-folie-des-temps-poesie-medievale-650.jpg 650w, https:\/\/www.moyenagepassion.com\/wp-content\/uploads\/2023\/07\/meschinot_ballade-politique-satirique-ronde-des-vices-folie-des-temps-poesie-medievale-650-300x208.jpg 300w\" sizes=\"(max-width: 650px) 100vw, 650px\" \/><\/a><\/figure><\/div>\n\n\n<h2 class=\"wp-block-heading\">Ronde des vices dans un monde en perdition<\/h2>\n\n\n<div class=\"wp-block-image\">\n<figure class=\"alignright size-full is-resized\"><a href=\"https:\/\/www.moyenagepassion.com\/wp-content\/uploads\/2021\/03\/deco-medieval-jehan-meschinot.jpg\"><img decoding=\"async\" src=\"https:\/\/www.moyenagepassion.com\/wp-content\/uploads\/2021\/03\/deco-medieval-jehan-meschinot.jpg\" alt=\"\" class=\"wp-image-37887\" width=\"86\" height=\"371\"\/><\/a><\/figure><\/div>\n\n\n<p class=\"classe text_justify\">Pour varier un peu, la ballade que nous vous proposons aujourd&rsquo;hui ne fait pas partie du corpus des 25 ballades satirique ; Louis XI et sa couronne y sont donc moins directement cibl\u00e9es.  le po\u00e8te m\u00e9di\u00e9val y adresse plut\u00f4t une certaine folie des temps, accompagn\u00e9e d&rsquo;une ronde incessante des vices. On y retrouvera leur cohorte habituelle entre luxure, gloutonnerie, avarice, envie, orgueil, paresse,&#8230; Face \u00e0 ce tableau dramatique d&rsquo;une d\u00e9pravation  qui lui semble toucher toute chose et dans un monde o\u00f9 guerre, cruaut\u00e9 et pauvret\u00e9 r\u00e8gnent dans l&rsquo;indiff\u00e9rence g\u00e9n\u00e9rale, Meschinot n&rsquo;aura pour seul recours que de s&rsquo;en remettre \u00e0 la seule autorit\u00e9 capable selon lui d&rsquo;y mettre de l&rsquo;ordre : le Tout Puissant.  Hors de lui point de salut, le monde sera d\u00e9finitivement perdu.<\/p>\n\n\n\n<p class=\"classe text_justify\">Notre auteur breton n&rsquo;est, certes, pas le premier po\u00e8te du Moyen \u00c2ge \u00e0 soulever le sujet de valeurs en perdition. Un peu avant lui, Eustache Deschamps y avait d\u00e9di\u00e9 de nombreuses ballades. En remontant quelques si\u00e8cles auparavant, Rutebeuf s&rsquo;y adonnait lui aussi \u00e0 sa mani\u00e8re dans sa po\u00e9sie sur <em>l&rsquo;Estat du monde<\/em>.  A travers tous ces auteurs, comme c&rsquo;est aussi le cas chez Meschinot, il est toujours question, bien s\u00fbr, de valeurs chr\u00e9tiennes en d\u00e9route et les r\u00e9f\u00e9rences \u00e0 la bible et aux \u00e9vangiles sont presque toujours omnipr\u00e9sentes, explicitement, ou entre les lignes. <\/p>\n\n\n<div class=\"wp-block-image\">\n<figure class=\"alignleft size-full is-resized\"><a href=\"https:\/\/www.moyenagepassion.com\/wp-content\/uploads\/2021\/03\/deco-medieval-jehan-meschinot.jpg\"><img decoding=\"async\" src=\"https:\/\/www.moyenagepassion.com\/wp-content\/uploads\/2021\/03\/deco-medieval-jehan-meschinot.jpg\" alt=\"\" class=\"wp-image-37887\" width=\"86\" height=\"371\"\/><\/a><\/figure><\/div>\n\n\n<p class=\"classe text_justify\">Pardon d&rsquo;insister un peu sur cet aspect, cela para\u00eetra une \u00e9vidence \u00e0 tout ceux qui \u00e9tudient un peu s\u00e9rieusement les temps m\u00e9di\u00e9vaux ou ceux qui sont coutumiers de ce site. Dans sa r\u00e9alit\u00e9 politique et sociale, comme dans ses mentalit\u00e9s et sa litt\u00e9rature, le  Moyen \u00c2ge occidental est profond\u00e9ment chr\u00e9tien, n&rsquo;en d\u00e9plaise \u00e0 certains modernes peu \u00e9clair\u00e9s qui soutiennent, quelquefois,  c&rsquo;\u00e9tait  un peu plus \u00ab\u00a0une auberge espagnole\u00a0\u00bb ou n&rsquo;en d\u00e9plaise encore \u00e0 ceux qui pourraient trouver la question religieuse un peu \u00ab\u00a0encombrante\u00a0\u00bb r\u00e9trospectivement, pour des raisons diverses et qui pr\u00e9f\u00e9reraient en faire l&rsquo;\u00e9conomie. En r\u00e9alit\u00e9, si l&rsquo;on veut demeurer un peu s\u00e9rieux intellectuellement, on ne peut pas \u00e9luder la dimension chr\u00e9tienne du Moyen \u00c2ge occidental. On la retrouve partout et c&rsquo;est simplement une donn\u00e9e incontournable. Voil\u00e0, c&rsquo;est dit.<\/p>\n\n\n\n<p class=\"classe text_justify\">Quant aux vices de ses contemporains et la tristesse de son monde, et pour y revenir, Meschinot les d\u00e9non\u00e7a lui-m\u00eame, plus qu&rsquo;\u00e0 son tour, dans d&rsquo;autres textes que celui du jour. On se souvient, par exemple, de ces vers issus de sa <a href=\"https:\/\/www.moyenagepassion.com\/index.php\/2021\/01\/09\/les-miseres-du-monde-au-temps-de-jean-meschinot\/\" title=\"\">ballade des Mis\u00e8res du monde<\/a> :<\/p>\n\n\n\n<p class=\"has-text-align-center\"><em><mark style=\"background-color:rgba(0, 0, 0, 0)\" class=\"has-inline-color has-green-color\">Vertus s\u2019enfuient, p\u00e9ch\u00e9 partout abonde :<br>C\u2019est grant piti\u00e9 des mis\u00e8res du monde !<\/mark><\/em><\/p>\n\n\n\n<p class=\"classe text_justify\">On notera toutefois que dans la po\u00e9sie \u00e9tudi\u00e9e ici, l&rsquo;envoi du po\u00e8te breton prend des accents particuli\u00e8rement d\u00e9sesp\u00e9r\u00e9s m\u00eame s&rsquo;il demeure difficile de savoir s&rsquo;ils se rattachent \u00e0 un contexte historique pr\u00e9cis et auquel, le cas \u00e9ch\u00e9ant. <\/p>\n\n\n\n<h3 class=\"wp-block-heading\">Aux sources m\u00e9di\u00e9vales de cette ballade<\/h3>\n\n\n\n<p class=\"classe text_justify\">Vous pourrez retrouver cette ballade dans le Manuscrit <em>Fran\u00e7ais 24314 <\/em>de la BnF.  Dat\u00e9 du XVe si\u00e8cle, cet ouvrage m\u00e9di\u00e9val est enti\u00e8rement d\u00e9di\u00e9 aux po\u00e9sies de Meschinot. Il est \u00e0 la libre consultation sur gallica.fr.  De notre c\u00f4t\u00e9, pour sa retranscription en graphie moderne, nous nous sommes appuy\u00e9s sur les \u00e9ditions suivantes : <em>Jehan Meschinot, escuier, en son vivant grant maistre d\u2019hostel de la royne de France<\/em>, Nicole Vostre (1522) et<em>\u00a0po\u00e9sies de Jehan de Meschinot<\/em>, Edition \u00c9tienne Larcher,\u00a0Nantes (1493).  <\/p>\n\n\n<div class=\"wp-block-image\">\n<figure class=\"aligncenter size-full\"><a href=\"https:\/\/www.moyenagepassion.com\/wp-content\/uploads\/2023\/07\/ballade-meschinot-24314-manuscrit-medievale-poesite-satirique-XV-siecle-tout-est-perdu-1250.jpg\"><img decoding=\"async\" width=\"650\" height=\"559\" src=\"https:\/\/www.moyenagepassion.com\/wp-content\/uploads\/2023\/07\/ballade-meschinot-24314-manuscrit-medievale-poesite-satirique-XV-siecle-tout-est-perdu-650.jpg\" alt=\"Ballade m\u00e9di\u00e9vale de Jean Meschinot dans le Manuscrit m\u00e9di\u00e9val Fran\u00e7ais 24314\" class=\"wp-image-48716\" srcset=\"https:\/\/www.moyenagepassion.com\/wp-content\/uploads\/2023\/07\/ballade-meschinot-24314-manuscrit-medievale-poesite-satirique-XV-siecle-tout-est-perdu-650.jpg 650w, https:\/\/www.moyenagepassion.com\/wp-content\/uploads\/2023\/07\/ballade-meschinot-24314-manuscrit-medievale-poesite-satirique-XV-siecle-tout-est-perdu-650-300x258.jpg 300w\" sizes=\"(max-width: 650px) 100vw, 650px\" \/><\/a><figcaption class=\"wp-element-caption\">Cette ballade de Meschinot dans le Manuscrit m\u00e9di\u00e9val Fran\u00e7ais 24314<\/figcaption><\/figure><\/div>\n\n\n<h2 class=\"wp-block-heading has-text-align-center\"><em>Tout est perdu par default de raison<\/em><br>dans la langue originale de Jean Meschinot<\/h2>\n\n\n\n<p class=\"classe text_justify\">NB : pour vous aider \u00e0 mieux d\u00e9crypter le moyen fran\u00e7ais de cette ballade, nous vous fournissons quelques cl\u00e9s utiles de vocabulaire.<\/p>\n\n\n\n<p class=\"has-text-align-center\"><em><mark style=\"background-color:rgba(0, 0, 0, 0)\" class=\"has-inline-color has-green-color\"><strong>Orgueil a lieu avecques les humains<br>Envie mect debat en plusieurs lieux<br>Avarice porte dommage a maints<br>Ire a grant bruyt entre jeunes et vieulx<br>Gourtonnie fait excez merveilleux<br>Luxure veult tout mener a la corde<br>Paresse en fin a nul bien ne s&rsquo;acorde<br>Guerre s&rsquo;esmeut a bien peu d&rsquo;achaison <\/strong><\/mark><mark style=\"background-color:rgba(0, 0, 0, 0)\" class=\"has-inline-color has-medium-gray-color\">(occasions)<\/mark><mark style=\"background-color:rgba(0, 0, 0, 0)\" class=\"has-inline-color has-green-color\"><strong><br>Crudelit\u00e9<\/strong><\/mark><mark style=\"background-color:rgba(0, 0, 0, 0)\" class=\"has-inline-color has-medium-gray-color\"> (cruaut\u00e9) <\/mark><mark style=\"background-color:rgba(0, 0, 0, 0)\" class=\"has-inline-color has-green-color\"><strong>chace mis\u00e9ricorde<br>Tout est perdu par default de raison.<br><br>Folie quiert <\/strong><\/mark><mark style=\"background-color:rgba(0, 0, 0, 0)\" class=\"has-inline-color has-medium-gray-color\">(de qu\u00e9rir)<\/mark><mark style=\"background-color:rgba(0, 0, 0, 0)\" class=\"has-inline-color has-green-color\"><strong> tout avoir en ses mains<br>Oultrage ayme son plaisir pour le mieulx<br>Pourete <\/strong><\/mark><mark style=\"background-color:rgba(0, 0, 0, 0)\" class=\"has-inline-color has-medium-gray-color\">(pauvret\u00e9) <\/mark><mark style=\"background-color:rgba(0, 0, 0, 0)\" class=\"has-inline-color has-green-color\"><strong>vient o ses dards inhumains<br>Maleur mettra se dit fin a nos jeux<br>Impatience estonnera les cieulx<br>Iniquit\u00e9 destruict paix et concorde<br>Rigueur n&rsquo;attend fors que toute discorde<br>Exil mettra le feu en la maison<br>Homme ne vault <\/strong><\/mark><mark style=\"background-color:rgba(0, 0, 0, 0)\" class=\"has-inline-color has-medium-gray-color\">(veult)<\/mark><mark style=\"background-color:rgba(0, 0, 0, 0)\" class=\"has-inline-color has-green-color\"><strong> mener vie aultre que orde<\/strong><\/mark><mark style=\"background-color:rgba(0, 0, 0, 0)\" class=\"has-inline-color has-medium-gray-color\"> (mauvaise, laide)<\/mark><mark style=\"background-color:rgba(0, 0, 0, 0)\" class=\"has-inline-color has-green-color\"><strong><br>Tout est perdu par default de raison.<br><br>Confusion nous conduit soirs et mains <\/strong><\/mark><mark style=\"background-color:rgba(0, 0, 0, 0)\" class=\"has-inline-color has-medium-gray-color\">(matins)<\/mark><mark style=\"background-color:rgba(0, 0, 0, 0)\" class=\"has-inline-color has-green-color\"><strong><br>Langueur nos mect la mort devant les yeulx<br>Travail en vain nous fait d&rsquo;angoisse plains<br>Misere accourt qui gette dards mortelz<br>Tourment nous rend comme gens furieux<br>Dangier guyde le mal qui nous aborde<br>Courroux s&rsquo;attend que force est qu&rsquo;il nous morde<br>Necessit\u00e9 fera des maulx foison<br>Estrif <\/strong><\/mark><mark style=\"background-color:rgba(0, 0, 0, 0)\" class=\"has-inline-color has-medium-gray-color\">(conflit, debat, querelle)<\/mark><mark style=\"background-color:rgba(0, 0, 0, 0)\" class=\"has-inline-color has-green-color\"><strong> est prest a saillir de la borde<\/strong><\/mark><mark style=\"background-color:rgba(0, 0, 0, 0)\" class=\"has-inline-color has-medium-gray-color\"> (bord, maison)<\/mark><mark style=\"background-color:rgba(0, 0, 0, 0)\" class=\"has-inline-color has-green-color\"><strong><br>Tout est perdu par default de raison.<br><br>Prince puissant quand bien je me recorde <\/strong><\/mark><mark style=\"background-color:rgba(0, 0, 0, 0)\" class=\"has-inline-color has-medium-gray-color\">(me rem\u00e9more, m&rsquo;en souviens)<\/mark><mark style=\"background-color:rgba(0, 0, 0, 0)\" class=\"has-inline-color has-green-color\"><strong><br>Toute bont\u00e9 se deffait et discorde <\/strong><\/mark><mark style=\"background-color:rgba(0, 0, 0, 0)\" class=\"has-inline-color has-medium-gray-color\">(se d\u00e9truit et diverge)<\/mark><mark style=\"background-color:rgba(0, 0, 0, 0)\" class=\"has-inline-color has-green-color\"><strong><br>Vices regnent par tout ceste saison<br>Se dieu piteux <\/strong><\/mark><mark style=\"background-color:rgba(0, 0, 0, 0)\" class=\"has-inline-color has-medium-gray-color\">(compatissant)<\/mark><mark style=\"background-color:rgba(0, 0, 0, 0)\" class=\"has-inline-color has-green-color\"><strong> a lui ne nous accorde <\/strong><\/mark><mark style=\"background-color:rgba(0, 0, 0, 0)\" class=\"has-inline-color has-medium-gray-color\">(r\u00e9concilie)<\/mark><mark style=\"background-color:rgba(0, 0, 0, 0)\" class=\"has-inline-color has-green-color\"><strong>, <br>Tout est perdu par default de raison.<\/strong><\/mark><\/em><\/p>\n\n\n\n<hr class=\"wp-block-separator has-alpha-channel-opacity\"\/>\n\n\n\n<p>En vous souhaitant une belle journ\u00e9e.<br>Fr\u00e9d\u00e9ric EFFE<br>Pour moyenagepassion.com<br>A la d\u00e9couverte du Moyen \u00c2ge sous toutes ses formes.<\/p>\n\n\n\n<p class=\"classe text_justify\" style=\"font-size:15px\">NB : en t\u00eate d\u2019article, vous trouverez les pages du manuscrit m\u00e9di\u00e9val&nbsp;<a href=\"https:\/\/gallica.bnf.fr\/ark:\/12148\/btv1b90632759\/f2.item\" target=\"_blank\" rel=\"noreferrer noopener\">Ms Fran\u00e7ais 24314<\/a>&nbsp;de la BnF, correspondant \u00e0 la ballade du jour, ainsi que l&rsquo;enluminure repr\u00e9sentant l\u2019auteur breton pr\u00e9sente au d\u00e9but de cet ouvrage du XVe si\u00e8cle.<\/p>\n","protected":false},"excerpt":{"rendered":"<p>Sujet&nbsp;: po\u00e9sie satirique, po\u00e9sie m\u00e9di\u00e9vale, po\u00e8te breton, ballade m\u00e9di\u00e9vale, ballade satirique, auteur m\u00e9di\u00e9val, Bretagne M\u00e9di\u00e9vale.P\u00e9riode&nbsp;: Moyen \u00c2ge tardif, XVe si\u00e8cleAuteur&nbsp;: Jean (Jehan) Meschinot (1420 \u2013 1491)Titre : Tout est perdu par default de raison.Manuscrit m\u00e9di\u00e9val&nbsp;:&nbsp;MS fran\u00e7ais 24314 BnFOuvrage&nbsp;:&nbsp; po\u00e9sies et \u0153uvres de&nbsp;Jean MESCHINOT, \u00e9dition 1493 et \u00e9dition 1522. Bonjour \u00e0 tous, u Moyen \u00c2ge tardif, &hellip; <a href=\"https:\/\/www.moyenagepassion.com\/index.php\/2023\/07\/11\/au-xve-siecle-une-ballade-satirique-sur-les-vices-la-folie-des-temps-par-jean-meschinot\/\" class=\"more-link\">Continuer la lecture de <span class=\"screen-reader-text\">Au XVe si\u00e8cle, une ballade satirique sur les vices &#038; la folie des temps par Jean Meschinot<\/span>  <span class=\"meta-nav\">&rarr;<\/span><\/a><\/p>\n","protected":false},"author":2,"featured_media":48711,"comment_status":"open","ping_status":"open","sticky":false,"template":"","format":"standard","meta":{"_monsterinsights_skip_tracking":false,"_monsterinsights_sitenote_active":false,"_monsterinsights_sitenote_note":"","_monsterinsights_sitenote_category":0,"footnotes":""},"categories":[3081,9],"tags":[728,1086,6012,3777,5203,2222,5688,5727,2747,615,688,3085,2168],"class_list":["post-48702","post","type-post","status-publish","format-standard","has-post-thumbnail","hentry","category-jean-meschinot","category-musique-medieval-historique-fantaisie-celtique","tag-auteur-medieval","tag-ballade-medievale","tag-ballade-satirique","tag-bretagne-medievale","tag-francais-24314","tag-manuscrit-medieval","tag-moyen-age-chretien-2","tag-moyen-age-tardif-3","tag-moyen-francais","tag-poesie-medievale","tag-poesie-satirique","tag-poete-breton","tag-xve-siecle"],"aioseo_notices":[],"_links":{"self":[{"href":"https:\/\/www.moyenagepassion.com\/index.php\/wp-json\/wp\/v2\/posts\/48702"}],"collection":[{"href":"https:\/\/www.moyenagepassion.com\/index.php\/wp-json\/wp\/v2\/posts"}],"about":[{"href":"https:\/\/www.moyenagepassion.com\/index.php\/wp-json\/wp\/v2\/types\/post"}],"author":[{"embeddable":true,"href":"https:\/\/www.moyenagepassion.com\/index.php\/wp-json\/wp\/v2\/users\/2"}],"replies":[{"embeddable":true,"href":"https:\/\/www.moyenagepassion.com\/index.php\/wp-json\/wp\/v2\/comments?post=48702"}],"version-history":[{"count":21,"href":"https:\/\/www.moyenagepassion.com\/index.php\/wp-json\/wp\/v2\/posts\/48702\/revisions"}],"predecessor-version":[{"id":48730,"href":"https:\/\/www.moyenagepassion.com\/index.php\/wp-json\/wp\/v2\/posts\/48702\/revisions\/48730"}],"wp:featuredmedia":[{"embeddable":true,"href":"https:\/\/www.moyenagepassion.com\/index.php\/wp-json\/wp\/v2\/media\/48711"}],"wp:attachment":[{"href":"https:\/\/www.moyenagepassion.com\/index.php\/wp-json\/wp\/v2\/media?parent=48702"}],"wp:term":[{"taxonomy":"category","embeddable":true,"href":"https:\/\/www.moyenagepassion.com\/index.php\/wp-json\/wp\/v2\/categories?post=48702"},{"taxonomy":"post_tag","embeddable":true,"href":"https:\/\/www.moyenagepassion.com\/index.php\/wp-json\/wp\/v2\/tags?post=48702"}],"curies":[{"name":"wp","href":"https:\/\/api.w.org\/{rel}","templated":true}]}}