{"id":48731,"date":"2023-07-13T02:03:11","date_gmt":"2023-07-13T01:03:11","guid":{"rendered":"https:\/\/www.moyenagepassion.com\/?p=48731"},"modified":"2023-07-13T02:15:45","modified_gmt":"2023-07-13T01:15:45","slug":"medievales-2023-le-chateau-de-montaner-aux-heures-de-gaston-febus","status":"publish","type":"post","link":"https:\/\/www.moyenagepassion.com\/index.php\/2023\/07\/13\/medievales-2023-le-chateau-de-montaner-aux-heures-de-gaston-febus\/","title":{"rendered":"M\u00e9di\u00e9vales 2023 : le ch\u00e2teau de Montaner aux heures de Gaston Febus"},"content":{"rendered":"<div id=\"moyen-3638560645\" class=\"moyen-before-content moyen-entity-placement\"><script async src=\"\/\/pagead2.googlesyndication.com\/pagead\/js\/adsbygoogle.js?client=ca-pub-3035390706780632\" crossorigin=\"anonymous\"><\/script><ins class=\"adsbygoogle\" style=\"display:block;\" data-ad-client=\"ca-pub-3035390706780632\" \ndata-ad-slot=\"\" \ndata-ad-format=\"auto\"><\/ins>\n<script> \n(adsbygoogle = window.adsbygoogle || []).push({}); \n<\/script>\n<\/div><div class=\"wp-block-image\">\n<figure class=\"alignleft size-full is-resized\"><a href=\"https:\/\/www.moyenagepassion.com\/wp-content\/uploads\/2019\/07\/montaner-chateau-ecu-armoirie-blason-animations-medievales-aquitaine.jpg\"><img decoding=\"async\" src=\"https:\/\/www.moyenagepassion.com\/wp-content\/uploads\/2019\/07\/montaner-chateau-ecu-armoirie-blason-animations-medievales-aquitaine.jpg\" alt=\"Blason armoirie Gaston de Foix-B\u00e9arn, ch\u00e2teau de Montaner, Nouvelle-Aquitaine\" class=\"wp-image-27545\" width=\"136\" height=\"203\" srcset=\"https:\/\/www.moyenagepassion.com\/wp-content\/uploads\/2019\/07\/montaner-chateau-ecu-armoirie-blason-animations-medievales-aquitaine.jpg 226w, https:\/\/www.moyenagepassion.com\/wp-content\/uploads\/2019\/07\/montaner-chateau-ecu-armoirie-blason-animations-medievales-aquitaine-201x300.jpg 201w\" sizes=\"(max-width: 136px) 100vw, 136px\" \/><\/a><\/figure><\/div>\n\n\n<p><strong><a href=\"https:\/\/www.moyenagepassion.com\/wp-content\/uploads\/2019\/07\/montaner-chateau-ecu-armoirie-blason-animations-medievales-aquitaine.jpg\"><\/a>Sujet<\/strong>&nbsp;: f\u00eate m\u00e9di\u00e9vale, animations, compagnies m\u00e9di\u00e9vales, reconstituteurs, histoire vivante,<br>Moyen \u00c2ge&nbsp;festif, m\u00e9di\u00e9val fantastique.<br><strong>Ev\u00e9nement :&nbsp;<\/strong><em>Les 21e m\u00e9di\u00e9vales de Montaner<\/em><br><strong>Lieu<\/strong>&nbsp;: Ch\u00e2teau de Montaner, Pyr\u00e9n\u00e9es-Atlantiques,&nbsp;Nouvelle Aquitaine, B\u00e9arn.<br><strong>Dates<\/strong>&nbsp;:&nbsp;Les&nbsp;15 au&nbsp;16 juillet 2023<\/p>\n\n\n\n<p>Bonjour \u00e0 tous,<\/p>\n\n\n<div class=\"wp-block-image\">\n<figure class=\"alignleft size-full\"><a href=\"https:\/\/www.moyenagepassion.com\/wp-content\/uploads\/2018\/10\/E_lettrine_moyen_age_passion.jpg\"><img decoding=\"async\" width=\"84\" height=\"103\" src=\"https:\/\/www.moyenagepassion.com\/wp-content\/uploads\/2018\/10\/E_lettrine_moyen_age_passion.jpg\" alt=\"\" class=\"wp-image-23889\"\/><\/a><\/figure><\/div>\n\n\n<p class=\"classe text_justify\">n Nouvelle Aquitaine, on assistera, ce week-end, au retour des M\u00e9di\u00e9vales du Ch\u00e2teau de Montaner. Sur les terres de Gaston III de Foix-B\u00e9arn , on y c\u00e9l\u00e9brera, comme chaque ann\u00e9e, le lion des Pyr\u00e9n\u00e9es avec forces animations et ripailles au go\u00fbt et aux couleurs du Moyen \u00c2ge.<\/p>\n\n\n\n<h2 class=\"wp-block-heading\"><br>Au programme des animations m\u00e9di\u00e9vales<\/h2>\n\n\n<div class=\"wp-block-image\">\n<figure class=\"alignright size-full is-resized\"><a href=\"https:\/\/www.moyenagepassion.com\/wp-content\/uploads\/2023\/07\/animations-medievales-Montaner-2023-chateau-Occitanie-2.jpg\"><img decoding=\"async\" src=\"https:\/\/www.moyenagepassion.com\/wp-content\/uploads\/2023\/07\/animations-medievales-Montaner-2023-chateau-Occitanie-2.jpg\" alt=\"Animations m\u00e9di\u00e9vales au ch\u00e2teau de Montaner (64) sur les traces de Gaston F\u00e9bus\" class=\"wp-image-48735\" width=\"210\" height=\"297\" srcset=\"https:\/\/www.moyenagepassion.com\/wp-content\/uploads\/2023\/07\/animations-medievales-Montaner-2023-chateau-Occitanie-2.jpg 350w, https:\/\/www.moyenagepassion.com\/wp-content\/uploads\/2023\/07\/animations-medievales-Montaner-2023-chateau-Occitanie-2-212x300.jpg 212w\" sizes=\"(max-width: 210px) 100vw, 210px\" \/><\/a><\/figure><\/div>\n\n\n<p class=\"classe text_justify\">A l&rsquo;habitude, c&rsquo;est<strong> l\u2019Association de Amis du Ch\u00e2teau de Montaner<\/strong> qui organise ces r\u00e9jouissances m\u00e9di\u00e9vales qui f\u00eateront, l\u00e0, leur 21eme \u00e9dition. Fond\u00e9e en 1984, cette organisation locale s&rsquo;est donn\u00e9e pour mission la pr\u00e9servation du ch\u00e2teau, de ses abords comme de son patrimoine. Elle a encore en  charge  l&rsquo;animation et la promotion de l&rsquo;\u00e9difice, tout autant que la dynamisation de la vie culturelle de la commune.  <\/p>\n\n\n\n<p class=\"classe text_justify\">Pour ces m\u00e9di\u00e9vales, elle s&rsquo;entoure g\u00e9n\u00e9ralement d&rsquo;un bon nombre de partenaires et de prestataires entre groupes de musiques, com\u00e9diens, compagnies de reconstituteurs, etc&#8230; De fait, l&rsquo;\u00e9v\u00e9nement a trouv\u00e9 son public et on y attend, \u00e0 chaque nouvelle \u00e9dition, plus de 15 000 visiteurs dans une atmosph\u00e8re effervescente qui fait une belle part \u00e0 l&rsquo;histoire vivante. Pour cette \u00e9dition 2023 on y trouvera aussi une dose de m\u00e9di\u00e9val fantastique plus librement inspir\u00e9e. <\/p>\n\n\n\n<h3 class=\"wp-block-heading\">Campements, ateliers et grands spectacles<\/h3>\n\n\n<div class=\"wp-block-image\">\n<figure class=\"alignleft size-full is-resized\"><a href=\"https:\/\/www.moyenagepassion.com\/wp-content\/uploads\/2023\/07\/deco-medieval-chateau-de-montaner.jpg\"><img decoding=\"async\" src=\"https:\/\/www.moyenagepassion.com\/wp-content\/uploads\/2023\/07\/deco-medieval-chateau-de-montaner.jpg\" alt=\"\" class=\"wp-image-48751\" width=\"86\" height=\"371\"\/><\/a><\/figure><\/div>\n\n\n<p class=\"classe text_justify\">Du parvis du ch\u00e2teau \u00e0 ses douves et ses abords,  on pourra profiter ce week-end, \u00e0 Montaner, d&rsquo;une pl\u00e9thore d&rsquo;animations. D\u00e9ambulations joyeuses et en musique sont au programme, auxquelles viendront s&rsquo;ajouter com\u00e9diens et bateleurs mais aussi divers campements m\u00e9di\u00e9vaux d&rsquo;ob\u00e9dience diverses. Bien entendu, on pourra y croiser de nombreux ateliers \u00e0 la d\u00e9couverte des m\u00e9tiers du Moyen \u00c2ge, mais aussi des d\u00e9monstrations de fer crois\u00e9 et des  combats en armure, ou encore des tirs d&rsquo;archers.<\/p>\n\n\n\n<p class=\"classe text_justify\">La f\u00eate conna\u00eetra aussi ses temps forts entre grand d\u00e9fil\u00e9 m\u00e9di\u00e9val de Gaston F\u00e9bus en tenue d&rsquo;\u00e9poque, tournois de chevalerie, \u00e9vocation grandeur nature de la bataille historique de Launac ou spectacles animaliers (fauconnerie, l\u00e9vriers, \u2026). Une nocturne est \u00e9galement pr\u00e9vue le samedi soir avec march\u00e9 artisanal, banquet anim\u00e9, concert et spectacle de feu. Elle culminera par un feu d&rsquo;artifice en toute fin de soir\u00e9e. <\/p>\n\n\n<div class=\"wp-block-image\">\n<figure class=\"aligncenter size-full\"><a href=\"https:\/\/www.moyenagepassion.com\/wp-content\/uploads\/2023\/07\/Animations-Medievales-2023-Moyen-Age-festif-Chateau-de-Montaner-Nouvelle-Aquitaine-650.jpg\"><img decoding=\"async\" width=\"650\" height=\"499\" src=\"https:\/\/www.moyenagepassion.com\/wp-content\/uploads\/2023\/07\/Animations-Medievales-2023-Moyen-Age-festif-Chateau-de-Montaner-Nouvelle-Aquitaine-650.jpg\" alt=\"Animations et compagnies de reconstituteurs aux M\u00e9di\u00e9vales du ch\u00e2teau de Montaner 2023\" class=\"wp-image-48740\" srcset=\"https:\/\/www.moyenagepassion.com\/wp-content\/uploads\/2023\/07\/Animations-Medievales-2023-Moyen-Age-festif-Chateau-de-Montaner-Nouvelle-Aquitaine-650.jpg 650w, https:\/\/www.moyenagepassion.com\/wp-content\/uploads\/2023\/07\/Animations-Medievales-2023-Moyen-Age-festif-Chateau-de-Montaner-Nouvelle-Aquitaine-650-300x230.jpg 300w\" sizes=\"(max-width: 650px) 100vw, 650px\" \/><\/a><\/figure><\/div>\n\n\n<h3 class=\"wp-block-heading\">Compagnies m\u00e9di\u00e9vales et troupes invit\u00e9es<\/h3>\n\n\n<div class=\"wp-block-image\">\n<figure class=\"alignright size-full is-resized\"><a href=\"https:\/\/www.moyenagepassion.com\/wp-content\/uploads\/2023\/07\/deco-medieval-chateau-de-montaner.jpg\"><img decoding=\"async\" src=\"https:\/\/www.moyenagepassion.com\/wp-content\/uploads\/2023\/07\/deco-medieval-chateau-de-montaner.jpg\" alt=\"\" class=\"wp-image-48751\" width=\"86\" height=\"371\"\/><\/a><\/figure><\/div>\n\n\n<p class=\"classe text_justify\"><em><mark style=\"background-color:rgba(0, 0, 0, 0)\" class=\"has-inline-color has-green-color\">Via Cane &#8211; Ballarom &#8211; L&rsquo;arbre \u00e0 f\u00e9es &#8211; Les Maroufles &#8211; La demoiselle aux secrets &#8211; Aouta &#8211; Kabayla Zingary &#8211; Gru\u00dcut &#8211; Saltabraz &#8211; Drakonia &#8211; Fauconnerie Marche &#8211; F\u00e9bus Avan &#8211; La Commanderie de Pyr\u00e8ne &#8211; Qu&#8217;em Biarnes &#8211; Les Ribauds de Pacoy &#8211; La Mesnie de Barbazan &#8211; Les Sentinelles de la Guivre &#8211; Cie <\/mark><\/em><em><mark style=\"background-color:rgba(0, 0, 0, 0)\" class=\"has-inline-color has-green-color\">Vaporium &#8211; Les ours de Bigorre &#8211; Les Blancs Corbeaux &#8211; BerserkrS &#8211; Nordvegir &#8211; Anim&rsquo;ours &#8211; Lunantroll &#8211; Les hommes Livres &#8211; Tan Elleil &#8211; Bric \u00e0 Brac &#8211; La Herpaille &#8211; Les artisans du Moyen \u00c2ge &#8211; Aux trois clefs Arborel &#8211; Les archers de F\u00e9bus \u2026.<\/mark><\/em><\/p>\n\n\n\n<p class=\"classe text_justify\">Sur place, durant ce week-end de f\u00eate, nombreuses seront aussi les \u00e9choppes et tavernes \u00e0 m\u00eame de vous restaurer. <a href=\"https:\/\/medievalesdemontaner.com\/\" target=\"_blank\" rel=\"noopener nofollow\" title=\"\">Retrouver tous les d\u00e9tails sur les conditions d&rsquo;acc\u00e8s sur le site officiel de l&rsquo;Association<\/a>.<\/p>\n\n\n\n<p class=\"classe text_justify\">Voir nos articles pr\u00e9c\u00e9dents sur les M\u00e9di\u00e9vales de Montaner :   <a href=\"https:\/\/www.moyenagepassion.com\/index.php\/2017\/07\/07\/agenda-medieval-du-nord-au-sud-un-week-end-de-juillet-aux-couleurs-du-moyen-age\/\">Edition 2017 <\/a> &#8211; <a href=\"https:\/\/www.moyenagepassion.com\/index.php\/2018\/07\/05\/agenda-les-16e-medievales-de-montaner\/\"> Edition 2018<\/a>  &#8211;  <a href=\"https:\/\/www.moyenagepassion.com\/index.php\/2019\/07\/02\/le-moyen-age-festif-a-lassaut-des-vieilles-pierres-du-chateau-de-montaner\/\">Edition 2019<\/a> <\/p>\n\n\n\n<p>En vous souhaitant une belle&nbsp; journ\u00e9e.<\/p>\n\n\n\n<p>Fr\u00e9d\u00e9ric EFFE.<br>Pour moyenagepassion.com<br><em>A la d\u00e9couverte du Monde m\u00e9di\u00e9val sous toutes ses formes.<\/em><\/p>\n","protected":false},"excerpt":{"rendered":"<p>Sujet&nbsp;: f\u00eate m\u00e9di\u00e9vale, animations, compagnies m\u00e9di\u00e9vales, reconstituteurs, histoire vivante,Moyen \u00c2ge&nbsp;festif, m\u00e9di\u00e9val fantastique.Ev\u00e9nement :&nbsp;Les 21e m\u00e9di\u00e9vales de MontanerLieu&nbsp;: Ch\u00e2teau de Montaner, Pyr\u00e9n\u00e9es-Atlantiques,&nbsp;Nouvelle Aquitaine, B\u00e9arn.Dates&nbsp;:&nbsp;Les&nbsp;15 au&nbsp;16 juillet 2023 Bonjour \u00e0 tous, n Nouvelle Aquitaine, on assistera, ce week-end, au retour des M\u00e9di\u00e9vales du Ch\u00e2teau de Montaner. Sur les terres de Gaston III de Foix-B\u00e9arn , on y &hellip; <a href=\"https:\/\/www.moyenagepassion.com\/index.php\/2023\/07\/13\/medievales-2023-le-chateau-de-montaner-aux-heures-de-gaston-febus\/\" class=\"more-link\">Continuer la lecture de <span class=\"screen-reader-text\">M\u00e9di\u00e9vales 2023 : le ch\u00e2teau de Montaner aux heures de Gaston Febus<\/span>  <span class=\"meta-nav\">&rarr;<\/span><\/a><\/p>\n","protected":false},"author":2,"featured_media":48737,"comment_status":"open","ping_status":"open","sticky":false,"template":"","format":"standard","meta":{"_monsterinsights_skip_tracking":false,"_monsterinsights_sitenote_active":false,"_monsterinsights_sitenote_note":"","_monsterinsights_sitenote_category":0,"footnotes":""},"categories":[11],"tags":[1780,2529,6151,4598,212,5320,1826,5022,1227,182,3912,6121,6150,4597,2757],"class_list":["post-48731","post","type-post","status-publish","format-standard","has-post-thumbnail","hentry","category-fetes-medievales-evenement","tag-animations","tag-animations-medievales","tag-bearn","tag-chateau-de-montaner","tag-compagnies-medievales","tag-fete-medievale","tag-histoire-vivante","tag-medieval-fantastique-2","tag-medievales","tag-monde-medieval","tag-montaner","tag-moyen-age-festif-4","tag-nouvelle-aquitaine-2","tag-pyrenees-atlantiques","tag-reconstituteurs"],"aioseo_notices":[],"_links":{"self":[{"href":"https:\/\/www.moyenagepassion.com\/index.php\/wp-json\/wp\/v2\/posts\/48731"}],"collection":[{"href":"https:\/\/www.moyenagepassion.com\/index.php\/wp-json\/wp\/v2\/posts"}],"about":[{"href":"https:\/\/www.moyenagepassion.com\/index.php\/wp-json\/wp\/v2\/types\/post"}],"author":[{"embeddable":true,"href":"https:\/\/www.moyenagepassion.com\/index.php\/wp-json\/wp\/v2\/users\/2"}],"replies":[{"embeddable":true,"href":"https:\/\/www.moyenagepassion.com\/index.php\/wp-json\/wp\/v2\/comments?post=48731"}],"version-history":[{"count":16,"href":"https:\/\/www.moyenagepassion.com\/index.php\/wp-json\/wp\/v2\/posts\/48731\/revisions"}],"predecessor-version":[{"id":48755,"href":"https:\/\/www.moyenagepassion.com\/index.php\/wp-json\/wp\/v2\/posts\/48731\/revisions\/48755"}],"wp:featuredmedia":[{"embeddable":true,"href":"https:\/\/www.moyenagepassion.com\/index.php\/wp-json\/wp\/v2\/media\/48737"}],"wp:attachment":[{"href":"https:\/\/www.moyenagepassion.com\/index.php\/wp-json\/wp\/v2\/media?parent=48731"}],"wp:term":[{"taxonomy":"category","embeddable":true,"href":"https:\/\/www.moyenagepassion.com\/index.php\/wp-json\/wp\/v2\/categories?post=48731"},{"taxonomy":"post_tag","embeddable":true,"href":"https:\/\/www.moyenagepassion.com\/index.php\/wp-json\/wp\/v2\/tags?post=48731"}],"curies":[{"name":"wp","href":"https:\/\/api.w.org\/{rel}","templated":true}]}}