{"id":48986,"date":"2023-09-07T23:49:43","date_gmt":"2023-09-07T22:49:43","guid":{"rendered":"https:\/\/www.moyenagepassion.com\/?p=48986"},"modified":"2023-09-07T23:49:53","modified_gmt":"2023-09-07T22:49:53","slug":"un-retour-au-moyen-age-pour-la-belle-cite-de-cremieu","status":"publish","type":"post","link":"https:\/\/www.moyenagepassion.com\/index.php\/2023\/09\/07\/un-retour-au-moyen-age-pour-la-belle-cite-de-cremieu\/","title":{"rendered":"Un retour au Moyen \u00c2ge pour la belle cit\u00e9 de Cr\u00e9mieu"},"content":{"rendered":"<div id=\"moyen-1976912810\" class=\"moyen-before-content moyen-entity-placement\"><script async src=\"\/\/pagead2.googlesyndication.com\/pagead\/js\/adsbygoogle.js?client=ca-pub-3035390706780632\" crossorigin=\"anonymous\"><\/script><ins class=\"adsbygoogle\" style=\"display:block;\" data-ad-client=\"ca-pub-3035390706780632\" \ndata-ad-slot=\"\" \ndata-ad-format=\"auto\"><\/ins>\n<script> \n(adsbygoogle = window.adsbygoogle || []).push({}); \n<\/script>\n<\/div><div class=\"wp-block-image\">\n<figure class=\"alignleft size-full is-resized\"><a href=\"https:\/\/www.moyenagepassion.com\/wp-content\/uploads\/2019\/09\/blason-ecu-armoirie-Cremieu-Auvergne-rhone-alpes.jpg\"><img decoding=\"async\" src=\"https:\/\/www.moyenagepassion.com\/wp-content\/uploads\/2019\/09\/blason-ecu-armoirie-Cremieu-Auvergne-rhone-alpes.jpg\" alt=\"\" class=\"wp-image-28362\" width=\"142\" height=\"212\" srcset=\"https:\/\/www.moyenagepassion.com\/wp-content\/uploads\/2019\/09\/blason-ecu-armoirie-Cremieu-Auvergne-rhone-alpes.jpg 226w, https:\/\/www.moyenagepassion.com\/wp-content\/uploads\/2019\/09\/blason-ecu-armoirie-Cremieu-Auvergne-rhone-alpes-201x300.jpg 201w\" sizes=\"(max-width: 142px) 100vw, 142px\" \/><\/a><\/figure><\/div>\n\n\n<p><strong><a href=\"https:\/\/www.moyenagepassion.com\/wp-content\/uploads\/2019\/09\/blason-ecu-armoirie-Cremieu-Auvergne-rhone-alpes.jpg\"><\/a>Sujet<\/strong>\u00a0: agenda, \u00e9v\u00e9nement m\u00e9di\u00e9val, Moyen \u00c2ge festif, animations, campement m\u00e9di\u00e9val, compagnies m\u00e9di\u00e9vales, spectacle \u00e9questres, Luc Arbogast<br><strong>Lieu<\/strong>\u00a0: Cr\u00e9mieu, Is\u00e8re, Auvergne-Rh\u00f4ne-Alpes<br><strong>Ev\u00e9nement<\/strong><strong>: Les 18e\u00a0<em>M\u00e9di\u00e9vales de Cr\u00e9mieu<\/em><\/strong><br><strong>Dates<\/strong>: du\u00a09 au\u00a010 septembre\u00a02023<\/p>\n\n\n\n<p>Bonjour \u00e0 tous,<\/p>\n\n\n<div class=\"wp-block-image\">\n<figure class=\"alignleft size-full\"><a href=\"https:\/\/www.moyenagepassion.com\/wp-content\/uploads\/2015\/12\/A_lettrine_moyen_age_passion1.jpg\"><img decoding=\"async\" width=\"84\" height=\"103\" src=\"https:\/\/www.moyenagepassion.com\/wp-content\/uploads\/2015\/12\/A_lettrine_moyen_age_passion1.jpg\" alt=\"\" class=\"wp-image-24221\"\/><\/a><\/figure><\/div>\n\n\n<p class=\"classe text_justify\"> l&rsquo;approche de la mi-septembre et sur l&rsquo;agenda des \u00e9v\u00e9nements festif autour du Moyen \u00c2ge, nous avons s\u00e9lectionn\u00e9 pour vous, cette semaine, des festivit\u00e9s m\u00e9di\u00e9vales de choix dans un cadre qui s&rsquo;y pr\u00eate particuli\u00e8rement. Aussi, suivez-nous en direction du d\u00e9partement de l&rsquo;Is\u00e8re, \u00e0 quelques encablures \u00e0 l&rsquo;est de l&rsquo;agglom\u00e9ration lyonnaise, pour une vir\u00e9e au c\u0153ur de la cit\u00e9 m\u00e9di\u00e9vale de Cr\u00e9mieu et son beau patrimoine.<\/p>\n\n\n\n<h2 class=\"wp-block-heading\">Au programme des animations m\u00e9di\u00e9vales<\/h2>\n\n\n<div class=\"wp-block-image\">\n<figure class=\"alignright size-full is-resized\"><a href=\"https:\/\/www.moyenagepassion.com\/wp-content\/uploads\/2023\/09\/Fetes-medievales-2023-animations-et-ripailles-a-Cremieu-Isere-Auvegne-Rhone-Alpes-1.jpg\"><img decoding=\"async\" src=\"https:\/\/www.moyenagepassion.com\/wp-content\/uploads\/2023\/09\/Fetes-medievales-2023-animations-et-ripailles-a-Cremieu-Isere-Auvegne-Rhone-Alpes-1.jpg\" alt=\"Animations m\u00e9di\u00e9vales en la cit\u00e9 de Cr\u00e9mieu (Is\u00e8re) - Affiche 2023\" class=\"wp-image-48994\" width=\"255\" height=\"361\" srcset=\"https:\/\/www.moyenagepassion.com\/wp-content\/uploads\/2023\/09\/Fetes-medievales-2023-animations-et-ripailles-a-Cremieu-Isere-Auvegne-Rhone-Alpes-1.jpg 338w, https:\/\/www.moyenagepassion.com\/wp-content\/uploads\/2023\/09\/Fetes-medievales-2023-animations-et-ripailles-a-Cremieu-Isere-Auvegne-Rhone-Alpes-1-212x300.jpg 212w\" sizes=\"(max-width: 255px) 100vw, 255px\" \/><\/a><\/figure><\/div>\n\n\n<p class=\"classe text_justify\">Crise sanitaire oblige, voil\u00e0 trois ans de suite que la cit\u00e9 is\u00e9roise n&rsquo;avait pu c\u00e9l\u00e9brer dignement ses f\u00eates m\u00e9di\u00e9vales. L&rsquo;ann\u00e9e 2023 verra donc leur retour en fanfare. Rappelons que l&rsquo;\u00e9v\u00e9nement est organis\u00e9 par la municipalit\u00e9 avec le soutien de la r\u00e9gion, du d\u00e9partement et de la communaut\u00e9 de communes \u00ab\u00a0Les Balcons du  Dauphin\u00e9\u00a0\u00bb. Pour rentre ces festivit\u00e9s, de nombreux acteurs locaux et b\u00e9n\u00e9voles y sont \u00e9galement associ\u00e9s.<\/p>\n\n\n\n<p class=\"classe text_justify\">Au programme de cette \u00e9dition 2023 des M\u00e9di\u00e9vales de Cr\u00e9mieu, vous  trouverez largement de quoi ripailler et festoyer mais aussi, bien s\u00fbr, de quoi vous divertir au rythme des nombreuses animations concoct\u00e9s par l&rsquo;organisateur. Nombre de compagnies m\u00e9di\u00e9vales, trouv\u00e8res et com\u00e9diens ont \u00e9t\u00e9 invit\u00e9s pour animer diff\u00e9rents endroits du centre-ville, et entre campements m\u00e9di\u00e9vaux (vie militaire, jeux et d\u00e9monstrations de combat en armure), ateliers de m\u00e9tiers anciens, contes et th\u00e9\u00e2tres de rue et, bien s\u00fbr, concerts et d\u00e9ambulations en musique, il y aura de l\u00e0 de quoi en prendre plein les mirettes et vivre de belles \u00e9motions.<\/p>\n\n\n\n<h3 class=\"wp-block-heading\">Compagnies m\u00e9di\u00e9vales, acteurs &amp; musiciens<\/h3>\n\n\n\n<p class=\"classe text_justify\"><em><mark style=\"background-color:rgba(0, 0, 0, 0)\" class=\"has-inline-color has-green-color\">Equid-events -Les l\u00e9preux &#8211; La Petite Flambe &#8211; Ykoz Th\u00e9\u00e2tre &#8211; Marazula &#8211; Caminaire &#8211; Pescaluna &#8211; Merlenchanteuse &#8211; Gaspard le Busard &#8211; Claveson Cantores &#8211; Bao Chorale &#8211; Stephane Olivier &#8211; Philemon fou du roi &#8211; Les Goliards &#8211; Medio Evo &#8211; Les Baladeux &#8211; Les Crapiauds &#8211; Cie Chantelame &#8211; Les Bannis du Languedoc &#8211; La coterie de l&rsquo;Iverel Poquet &#8211; La mini ferme de Noisette &#8211; \u2026<\/mark><\/em><\/p>\n\n\n<div class=\"wp-block-image\">\n<figure class=\"aligncenter size-full\"><a href=\"https:\/\/www.moyenagepassion.com\/wp-content\/uploads\/2023\/09\/Animations-Medievales-2023-la-Medievale-de-Cremieu-est-de-retour-s.jpg\"><img decoding=\"async\" width=\"650\" height=\"499\" src=\"https:\/\/www.moyenagepassion.com\/wp-content\/uploads\/2023\/09\/Animations-Medievales-2023-la-Medievale-de-Cremieu-est-de-retour-s.jpg\" alt=\"Compagnies m\u00e9di\u00e9vales et troupes invit\u00e9es aux M\u00e9di\u00e9vales de Cr\u00e9mieu 2023\" class=\"wp-image-48990\" srcset=\"https:\/\/www.moyenagepassion.com\/wp-content\/uploads\/2023\/09\/Animations-Medievales-2023-la-Medievale-de-Cremieu-est-de-retour-s.jpg 650w, https:\/\/www.moyenagepassion.com\/wp-content\/uploads\/2023\/09\/Animations-Medievales-2023-la-Medievale-de-Cremieu-est-de-retour-s-300x230.jpg 300w\" sizes=\"(max-width: 650px) 100vw, 650px\" \/><\/a><\/figure><\/div>\n\n\n<p class=\"classe text_justify\">A toutes ces animations permanentes, on pourra encore ajouter, \u00e0 chaque jour de la f\u00eate, une grande parade, un tournoi de chevalerie et des banquets sous la belle halle m\u00e9di\u00e9vale de la cit\u00e9, v\u00e9ritable tr\u00e9sor architectural du Moyen \u00c2ge. D\u00e8s le vendredi soir, le contret\u00e9nor Luc Arbogast ouvrira aussi les festivit\u00e9s par un concert \u00e0 l&rsquo;Eglise Jean Baptiste (sur r\u00e9servations) et le samedi soir un grand spectacle \u00e9questre pyrotechnique est \u00e9galement pr\u00e9vu en nocturne. <\/p>\n\n\n\n<p class=\"classe text_justify\">Pas de temps mort donc et quand bien m\u00eame. Entre deux animations et sayn\u00e8tes, les visiteurs auront plaisir \u00e0 d\u00e9couvrir les tr\u00e9sors des ruelles de Cr\u00e9mieu et son patrimoine historique. Quant aux locaux, ils pourront regarder leur cit\u00e9 d&rsquo;un \u0153il neuf et retourner, eux aussi, durant ces deux jours, au temps du Moyen \u00c2ge. Pour plus de d\u00e9tail sur le programme <a href=\"https:\/\/www.facebook.com\/medievalesdecremieu\/\" target=\"_blank\" rel=\"noopener nofollow\" title=\"\">voir la page FB officielle de l&rsquo;\u00e9v\u00e9nement<\/a>.<br><br>Voir nos articles pr\u00e9c\u00e9dents sur ces m\u00e9di\u00e9vales et sur Cr\u00e9mieu :<br><a href=\"https:\/\/www.moyenagepassion.com\/index.php\/2019\/08\/31\/un-week-end-au-moyen-age-avec-les-medievales-2019-de-cremieu\/\">Edition 2019<\/a>  &#8211; <a href=\"https:\/\/www.moyenagepassion.com\/index.php\/2018\/09\/05\/agenda-week-end-les-16e-medievales-de-cremieu\/\">Edition 2018<\/a>  &#8211; <a href=\"https:\/\/www.moyenagepassion.com\/index.php\/2017\/09\/07\/les-medievales-de-cremieu-fetent-leurs-15-ans\/\">Edition 2017<\/a> &#8211; <a href=\"https:\/\/www.moyenagepassion.com\/index.php\/2016\/09\/09\/idees-sortie-les-medievales-de-cremieu-sous-le-signe-du-loup\/\">Edition 2016<\/a> &#8211; <a href=\"https:\/\/www.moyenagepassion.com\/index.php\/2016\/01\/05\/les-halles-de-marche-heritage-de-larchitecture-et-de-la-charpenterie-medievale\/\">Les halles de Cr\u00e9mieu<\/a>. <\/p>\n\n\n\n<p>En vous souhaitant une belle journ\u00e9e.<br>Fred<br>Pour moyenagepassion.com<br>A la d\u00e9couverte du monde m\u00e9di\u00e9val sous toutes ses formes.<\/p>\n","protected":false},"excerpt":{"rendered":"<p>Sujet\u00a0: agenda, \u00e9v\u00e9nement m\u00e9di\u00e9val, Moyen \u00c2ge festif, animations, campement m\u00e9di\u00e9val, compagnies m\u00e9di\u00e9vales, spectacle \u00e9questres, Luc ArbogastLieu\u00a0: Cr\u00e9mieu, Is\u00e8re, Auvergne-Rh\u00f4ne-AlpesEv\u00e9nement: Les 18e\u00a0M\u00e9di\u00e9vales de Cr\u00e9mieuDates: du\u00a09 au\u00a010 septembre\u00a02023 Bonjour \u00e0 tous, l&rsquo;approche de la mi-septembre et sur l&rsquo;agenda des \u00e9v\u00e9nements festif autour du Moyen \u00c2ge, nous avons s\u00e9lectionn\u00e9 pour vous, cette semaine, des festivit\u00e9s m\u00e9di\u00e9vales de choix &hellip; <a href=\"https:\/\/www.moyenagepassion.com\/index.php\/2023\/09\/07\/un-retour-au-moyen-age-pour-la-belle-cite-de-cremieu\/\" class=\"more-link\">Continuer la lecture de <span class=\"screen-reader-text\">Un retour au Moyen \u00c2ge pour la belle cit\u00e9 de Cr\u00e9mieu<\/span>  <span class=\"meta-nav\">&rarr;<\/span><\/a><\/p>\n","protected":false},"author":2,"featured_media":48987,"comment_status":"open","ping_status":"open","sticky":false,"template":"","format":"standard","meta":{"_monsterinsights_skip_tracking":false,"_monsterinsights_sitenote_active":false,"_monsterinsights_sitenote_note":"","_monsterinsights_sitenote_category":0,"footnotes":""},"categories":[11],"tags":[1391,1780,5759,5756,212,1533,5738,1683,1227,182,5728,6167],"class_list":["post-48986","post","type-post","status-publish","format-standard","has-post-thumbnail","hentry","category-fetes-medievales-evenement","tag-agenda","tag-animations","tag-auvergne-rhone-alpes-2","tag-campement-medieval","tag-compagnies-medievales","tag-cremieu","tag-evenement-medieval","tag-isere","tag-medievales","tag-monde-medieval","tag-moyen-age-festif-2","tag-spectacle-equestres"],"aioseo_notices":[],"_links":{"self":[{"href":"https:\/\/www.moyenagepassion.com\/index.php\/wp-json\/wp\/v2\/posts\/48986"}],"collection":[{"href":"https:\/\/www.moyenagepassion.com\/index.php\/wp-json\/wp\/v2\/posts"}],"about":[{"href":"https:\/\/www.moyenagepassion.com\/index.php\/wp-json\/wp\/v2\/types\/post"}],"author":[{"embeddable":true,"href":"https:\/\/www.moyenagepassion.com\/index.php\/wp-json\/wp\/v2\/users\/2"}],"replies":[{"embeddable":true,"href":"https:\/\/www.moyenagepassion.com\/index.php\/wp-json\/wp\/v2\/comments?post=48986"}],"version-history":[{"count":4,"href":"https:\/\/www.moyenagepassion.com\/index.php\/wp-json\/wp\/v2\/posts\/48986\/revisions"}],"predecessor-version":[{"id":48996,"href":"https:\/\/www.moyenagepassion.com\/index.php\/wp-json\/wp\/v2\/posts\/48986\/revisions\/48996"}],"wp:featuredmedia":[{"embeddable":true,"href":"https:\/\/www.moyenagepassion.com\/index.php\/wp-json\/wp\/v2\/media\/48987"}],"wp:attachment":[{"href":"https:\/\/www.moyenagepassion.com\/index.php\/wp-json\/wp\/v2\/media?parent=48986"}],"wp:term":[{"taxonomy":"category","embeddable":true,"href":"https:\/\/www.moyenagepassion.com\/index.php\/wp-json\/wp\/v2\/categories?post=48986"},{"taxonomy":"post_tag","embeddable":true,"href":"https:\/\/www.moyenagepassion.com\/index.php\/wp-json\/wp\/v2\/tags?post=48986"}],"curies":[{"name":"wp","href":"https:\/\/api.w.org\/{rel}","templated":true}]}}