{"id":49611,"date":"2023-12-11T01:07:30","date_gmt":"2023-12-11T00:07:30","guid":{"rendered":"https:\/\/www.moyenagepassion.com\/?p=49611"},"modified":"2023-12-12T02:27:04","modified_gmt":"2023-12-12T01:27:04","slug":"interlude-kaamelott-la-serie-tv-dalexandre-astier-sinvite-dans-lunivers-lego","status":"publish","type":"post","link":"https:\/\/www.moyenagepassion.com\/index.php\/2023\/12\/11\/interlude-kaamelott-la-serie-tv-dalexandre-astier-sinvite-dans-lunivers-lego\/","title":{"rendered":"Interlude Kaamelott : la s\u00e9rie TV d&rsquo;Alexandre Astier s&rsquo;invite dans l&rsquo;univers LEGO"},"content":{"rendered":"<div id=\"moyen-3863565210\" class=\"moyen-before-content moyen-entity-placement\"><script async src=\"\/\/pagead2.googlesyndication.com\/pagead\/js\/adsbygoogle.js?client=ca-pub-3035390706780632\" crossorigin=\"anonymous\"><\/script><ins class=\"adsbygoogle\" style=\"display:block;\" data-ad-client=\"ca-pub-3035390706780632\" \ndata-ad-slot=\"\" \ndata-ad-format=\"auto\"><\/ins>\n<script> \n(adsbygoogle = window.adsbygoogle || []).push({}); \n<\/script>\n<\/div>\n<p><\/p>\n\n\n<div class=\"wp-block-image\">\n<figure class=\"alignleft\"><a href=\"https:\/\/www.moyenagepassion.com\/wp-content\/uploads\/2020\/05\/kaamelott_integrale_dvd_serie_televisee_coffret_humour_legendes_arthuriennes_Graal-s.jpg\"><img decoding=\"async\" width=\"60\" height=\"122\" src=\"https:\/\/www.moyenagepassion.com\/wp-content\/uploads\/2020\/05\/kaamelott_integrale_dvd_serie_televisee_coffret_humour_legendes_arthuriennes_Graal-s.jpg\" alt=\"\" class=\"wp-image-30600\"\/><\/a><\/figure><\/div>\n\n\n<p><strong>Sujet<\/strong>&nbsp; :&nbsp; Kaamelott, &nbsp;m\u00e9di\u00e9val-fantastique, l\u00e9gendes arthuriennes, humour, s\u00e9rie TV m\u00e9di\u00e9vale, roi Arthur, jouet, LEGO, fan, m\u00e9di\u00e9valisme<br><strong>P\u00e9riode<\/strong>&nbsp; : haut Moyen \u00c2ge \u00e0 central<br><strong>Auteur\/r\u00e9alisateur<\/strong>&nbsp;:&nbsp; &nbsp;Alexandre Astier<br><strong>Designer : Thomas Maguer (2023<\/strong>)<\/p>\n\n\n\n<p>Bonjour \u00e0 tous,<\/p>\n\n\n<div class=\"wp-block-image\">\n<figure class=\"alignleft size-full\"><a href=\"https:\/\/www.moyenagepassion.com\/wp-content\/uploads\/2015\/12\/A_lettrine_moyen_age_passion1.jpg\"><img decoding=\"async\" width=\"84\" height=\"103\" src=\"https:\/\/www.moyenagepassion.com\/wp-content\/uploads\/2015\/12\/A_lettrine_moyen_age_passion1.jpg\" alt=\"\" class=\"wp-image-24221\"\/><\/a><\/figure><\/div>\n\n\n<p class=\"classe text_justify\">ujourd&rsquo;hui, en lieu de Moyen \u00c2ge stricto sensu, nous vous invitons \u00e0 un interlude m\u00e9di\u00e9valiste sous une forme particuli\u00e8rement originale.  Nous vous proposons, en effet, un interview de Thomas Maguer. Tout r\u00e9cemment, cet architecte de formation d&rsquo;origine bretonne a agit\u00e9 les r\u00e9seaux sociaux, avec un projet assez original. Passionn\u00e9 de la s\u00e9rie TV Kaamelott, il a, en effet, d\u00e9cid\u00e9 d&rsquo;inviter les l\u00e9gendes arthuriennes, revues et corrig\u00e9es par d&rsquo;Alexandre Astier, dans l&rsquo;univers des jouets LEGO.  <\/p>\n\n\n\n<h2 class=\"wp-block-heading\">Buzz Kaamelott sur le site des jouets LEGO<\/h2>\n\n\n<div class=\"wp-block-image\">\n<figure class=\"alignright size-full is-resized\"><a href=\"https:\/\/www.moyenagepassion.com\/wp-content\/uploads\/2023\/12\/deco-medieval-kaamelott-en-LEGO.jpg\"><img decoding=\"async\" src=\"https:\/\/www.moyenagepassion.com\/wp-content\/uploads\/2023\/12\/deco-medieval-kaamelott-en-LEGO.jpg\" alt=\"\" class=\"wp-image-49623\" width=\"86\" height=\"371\"\/><\/a><\/figure><\/div>\n\n\n<p class=\"classe text_justify\">Particuli\u00e8rement soign\u00e9, le projet a \u00e9t\u00e9 d\u00e9pos\u00e9 sur idea.lego ; ce site officiel de la firme de jouets danoise encourage de jeunes cr\u00e9ateurs \u00e0 publier leurs projets de kits LEGO dans l&rsquo;espoir de les voir, peut-\u00eatre, r\u00e9aliser un jour par la marque. <\/p>\n\n\n\n<p class=\"classe text_justify\">Sur les r\u00e9seaux sociaux et les groupes de fans de Kaamelott, l&rsquo;id\u00e9e a rapidement s\u00e9duit.  Certains acteurs se sont m\u00eame joints au buzz pour l&rsquo;encourager : <a href=\"https:\/\/www.moyenagepassion.com\/?s=Guillaume+Briat\" title=\"\">Guillaume Briat<\/a>, (le roi burgonde dans la s\u00e9rie TV) Serge Papagalli ( l&rsquo;incontournable Guethenoc), Bo Gaultier de Kermoal (le bras droit d&rsquo;Attila) et d&rsquo;autres encore. <\/p>\n\n\n\n<p class=\"classe text_justify\">Finalement, le pic des 10 000 supporters susceptible de d\u00e9clencher une vraie commission d&rsquo;expertise chez LEGO a \u00e9t\u00e9 atteint en un temps record. Bien s\u00fbr, rien n&rsquo;est fait. Pour le moment, le projet LEGO Kaamelott reste une initiative priv\u00e9e et personnelle mais, qui sait ? A l&rsquo;occasion d&rsquo;un prochain No\u00ebl, les t\u00eates blondes auront peut-\u00eatre, la joie de rejouer les sc\u00e8nes cultes de la s\u00e9rie TV humoristique d&rsquo;Alexandre Astier, sous le sapin. En attendant, Thomas nous a fait l&rsquo;amabilit\u00e9 de r\u00e9pondre \u00e0 nos questions. Nous c\u00e9dons donc sa place \u00e0 son interview. <\/p>\n\n\n<div class=\"wp-block-image\">\n<figure class=\"aligncenter size-full\"><a href=\"https:\/\/www.moyenagepassion.com\/kaamelot-lego-un-projet-original-pour-la-serie-tv-d-alexandre-astier-002\/\"><img decoding=\"async\" width=\"650\" height=\"433\" src=\"https:\/\/www.moyenagepassion.com\/wp-content\/uploads\/2023\/12\/Kaamelot-lego-un-projet-original-pour-la-serie-TV-d-Alexandre-Astier-002-s.jpg\" alt=\"Tous les personnages de la s\u00e9rie TV m\u00e9di\u00e9vale Kaamelott en kit Lego\" class=\"wp-image-49617\" srcset=\"https:\/\/www.moyenagepassion.com\/wp-content\/uploads\/2023\/12\/Kaamelot-lego-un-projet-original-pour-la-serie-TV-d-Alexandre-Astier-002-s.jpg 650w, https:\/\/www.moyenagepassion.com\/wp-content\/uploads\/2023\/12\/Kaamelot-lego-un-projet-original-pour-la-serie-TV-d-Alexandre-Astier-002-s-300x200.jpg 300w\" sizes=\"(max-width: 650px) 100vw, 650px\" \/><\/a><figcaption class=\"wp-element-caption\">Les personnages de la s\u00e9rie TV Kaamelott au grand complet et sous forme de jouet LEGO<\/figcaption><\/figure><\/div>\n\n\n<h2 class=\"wp-block-heading\">10 questions \u00e0 Thomas Maguer, concepteur d&rsquo;un kit LEGO sur l&rsquo;univers de Kaamelott<\/h2>\n\n\n\n<p class=\"classe text_justify\"><strong>Moyenagepassion<\/strong> :  <em>Bonjour Thomas, enchant\u00e9 ! Depuis quelques semaines, on vous a vu, de plus en plus, sur les groupes Kaamelott et m\u00eame quelques sites de news en ligne avec un projet original. Vous avez, en effet, d\u00e9cid\u00e9 d&rsquo;\u0153uvrer pour faire entrer la s\u00e9rie TV Kaamelott dans l&rsquo;univers LEGO et, on peut le dire, avec brio. La r\u00e9alisation du prototype est tr\u00e8s soign\u00e9e et on y retrouve un casting et des d\u00e9cors pratiquement au complet. Comment vous est venue cette id\u00e9e originale ? C&rsquo;est en relation avec votre parcours ou c&rsquo;est tout \u00e0 fait d\u00e9corr\u00e9l\u00e9 ?<\/em><\/p>\n\n\n<div class=\"wp-block-image\">\n<figure class=\"alignleft size-full is-resized\"><a href=\"https:\/\/www.moyenagepassion.com\/wp-content\/uploads\/2023\/12\/deco-medieval-kaamelott-en-LEGO.jpg\"><img decoding=\"async\" src=\"https:\/\/www.moyenagepassion.com\/wp-content\/uploads\/2023\/12\/deco-medieval-kaamelott-en-LEGO.jpg\" alt=\"\" class=\"wp-image-49623\" width=\"86\" height=\"371\"\/><\/a><\/figure><\/div>\n\n\n<p class=\"classe text_justify\"><strong>Thomas M <\/strong>:  <mark style=\"background-color:rgba(0, 0, 0, 0)\" class=\"has-inline-color has-green-color\"><em><strong>Un peu par hasard, en fait. Je suis fran\u00e7ais, install\u00e9 en Australie et je tente, du mieux que je peux, d\u2019apprendre le fran\u00e7ais a mes enfants&nbsp;: lecture, \u00e9criture, musique\u2026 Et culture, au sens large. La s\u00e9rie t\u00e9l\u00e9 Kaamelott r\u00e9pond de mon point de vue a deux des crit\u00e8res \u00e9nonc\u00e9s&nbsp;: elle fait partie de la culture et elle utilise un niveau de langage (a la fois soutenu et familier) qui me parait en faire une bonne base de transmission. En plus de quelques valeurs morales malgr\u00e9 un vernis humoristique affirm\u00e9. <\/strong><\/em><\/mark><\/p>\n\n\n\n<p class=\"classe text_justify\"><mark style=\"background-color:rgba(0, 0, 0, 0)\" class=\"has-inline-color has-green-color\"><em><strong>Mais plut\u00f4t que de juste regarder les \u00e9pisodes, je me suis lanc\u00e9 dans une pseudo-reconstitution avec des briques LEGO (car dans la famille on adore les LEGO). C\u2019est l\u00e0 que je me suis dit que j\u2019allais voir si \u00e7a avait d\u00e9j\u00e0 \u00e9t\u00e9 fait, ou propos\u00e9 sur la plateforme LEGO Ideas et, curieusement, non, \u00e7a n\u2019avait jamais \u00e9t\u00e9 officiellement propos\u00e9. Il ne me restait donc plus qu\u2019\u00e0 me lancer moi-m\u00eame dans le projet\u00a0!<\/strong><\/em><\/mark><\/p>\n\n\n\n<p class=\"classe text_justify\"><strong>Moyenagepassion<\/strong> :  <em><em>au passage<\/em><\/em>, j<em>e me suis souvenu de deux s\u00e9ries Youtube d\u00e9j\u00e0 un peu dat\u00e9es qui reprenaient des \u00e9pisodes de la s\u00e9rie d&rsquo;Alexandre Astier : une avec des LEGO et l&rsquo;autre avec des Playmobil, je ne sais pas si vous les aviez vu ? Rien \u00e0 voir en tout cas avec la qualit\u00e9 de r\u00e9alisation de votre kit LEGO Kaamelott.<\/em><\/p>\n\n\n\n<p class=\"classe text_justify\"><strong>Thomas M <\/strong>:  <strong><em><mark style=\"background-color:rgba(0, 0, 0, 0)\" class=\"has-inline-color has-green-color\">Oui, lors de mes recherches je suis tomb\u00e9 sur quelques \u00e9pisodes (un seul LEGO en fait, les autres \u00e9tant tous Playmobil, je n\u2019en ai pas trouv\u00e9 davantage). Je l\u2019ai trouv\u00e9 sympa, avec le m\u00eame d\u00e9faut auquel j\u2019ai fait face&nbsp;: le choix fig\u00e9 d\u2019une seule expression faciale.<\/mark><\/em><\/strong> <strong><em><mark style=\"background-color:rgba(0, 0, 0, 0)\" class=\"has-inline-color has-green-color\">J\u2019ai aussi vu des images un peu parcellaires de personnages de Kaamelott en LEGO, rien qui ne m\u2019indique qu\u2019un projet \u00ab&nbsp;a grande \u00e9chelle&nbsp;\u00bb ait d\u00e9j\u00e0 \u00e9t\u00e9 tent\u00e9. Notez que depuis, au moins deux internautes m\u2019ont pass\u00e9 des photos de leur propre r\u00e9alisation (principalement les personnages), que je n\u2019avais pas vu avant.<\/mark><\/em><\/strong><\/p>\n\n\n<div class=\"wp-block-image\">\n<figure class=\"aligncenter size-full\"><a href=\"https:\/\/www.moyenagepassion.com\/wp-content\/uploads\/2023\/12\/Kaamelot-lego-un-projet-original-pour-la-serie-TV-d-Alexandre-Astier-001.jpg\"><img decoding=\"async\" width=\"650\" height=\"433\" src=\"https:\/\/www.moyenagepassion.com\/wp-content\/uploads\/2023\/12\/Kaamelot-lego-un-projet-original-pour-la-serie-TV-d-Alexandre-Astier-001-s.jpg\" alt=\"Tous les d\u00e9cors de la s\u00e9rie TV Kaamelott d'Alexandre Astier au format Lego.\" class=\"wp-image-49619\" srcset=\"https:\/\/www.moyenagepassion.com\/wp-content\/uploads\/2023\/12\/Kaamelot-lego-un-projet-original-pour-la-serie-TV-d-Alexandre-Astier-001-s.jpg 650w, https:\/\/www.moyenagepassion.com\/wp-content\/uploads\/2023\/12\/Kaamelot-lego-un-projet-original-pour-la-serie-TV-d-Alexandre-Astier-001-s-300x200.jpg 300w\" sizes=\"(max-width: 650px) 100vw, 650px\" \/><\/a><figcaption class=\"wp-element-caption\">Tous les d\u00e9cors cultes des premiers livres de la s\u00e9rie TV refaits en LEGO<\/figcaption><\/figure><\/div>\n\n\n<p class=\"classe text_justify\"><strong>Moyenagepassion <\/strong>: <em>Oui vous avez pouss\u00e9 la r\u00e9flexion bien au del\u00e0 de tout \u00e7a. C&rsquo;est certain. Dans un autre registre, le Moyen \u00c2ge ou les l\u00e9gendes arthuriennes vous interpellent d&rsquo;une mani\u00e8re ou d&rsquo;une autre ? Ou, peut-\u00eatre comme une grande partie du public vous avez plus accroch\u00e9 sur la s\u00e9rie TV et votre int\u00e9r\u00eat se centre plus sur elle ?<\/em><\/p>\n\n\n<div class=\"wp-block-image\">\n<figure class=\"alignright size-full is-resized\"><a href=\"https:\/\/www.moyenagepassion.com\/wp-content\/uploads\/2023\/12\/deco-medieval-kaamelott-en-LEGO.jpg\"><img decoding=\"async\" src=\"https:\/\/www.moyenagepassion.com\/wp-content\/uploads\/2023\/12\/deco-medieval-kaamelott-en-LEGO.jpg\" alt=\"\" class=\"wp-image-49623\" width=\"86\" height=\"371\"\/><\/a><\/figure><\/div>\n\n\n<p class=\"classe text_justify\"><strong>Thomas M<\/strong> :  <strong><em><mark style=\"background-color:rgba(0, 0, 0, 0)\" class=\"has-inline-color has-green-color\">Je suis breton, pays de l\u00e9gendes s\u2019il en est, je connais Broc\u00e9liande pour y \u00eatre all\u00e9 plusieurs fois. J\u2019avais vu le film avec Sean Connery il y a longtemps et avais appr\u00e9ci\u00e9 les valeurs transmises au travers de cette adaptation. D\u2019autres r\u00e9f\u00e9rences culturelles li\u00e9es au Moyen-Age s\u2019y rajoutent comme Robin des Bois (films, livres, dessins anim\u00e9s) ou les croisades. Et bien s\u00fbr Kaamelott, dont j\u2019ai \u00e9t\u00e9 fan des le d\u00e9part, d\u2019abord pour le c\u00f4t\u00e9 humoristique mais aussi pour sa vision \u00ab&nbsp;moderne&nbsp;\u00bb du Moyen \u00c2ge.<\/mark><\/em><\/strong><\/p>\n\n\n\n<p class=\"classe text_justify\"><strong>Moyenagepassion<\/strong> : <em> Alexandre Astier a clairement revisit\u00e9 et moderniser les l\u00e9gendes arthuriennes, c&rsquo;est certain <\/em>! <em>Sinon, on trouve dans ce kit LEGO sp\u00e9cial Kaamelott de quoi reproduire \u00e0 peu pr\u00e8s tous les \u00e9pisodes des formats courts. Vous avez m\u00eame fait des cr\u00e9ations en image avec certains citations originales et des petites sc\u00e9nettes qui fonctionnent plut\u00f4t bien. On imagine que vous \u00eates fan de la s\u00e9rie Kaamelott de la premi\u00e8re heure ?<\/em><\/p>\n\n\n\n<p class=\"classe text_justify\"><strong>Thomas M<\/strong> : <strong><em><mark style=\"background-color:rgba(0, 0, 0, 0)\" class=\"has-inline-color has-green-color\"> Oui, je ne sais pas combien de fois j\u2019ai vu et revu les \u00e9pisodes&nbsp;!<\/mark><\/em><\/strong><\/p>\n\n\n<div class=\"wp-block-image\">\n<figure class=\"aligncenter size-full\"><a href=\"https:\/\/www.moyenagepassion.com\/wp-content\/uploads\/2023\/12\/Kaamelot-lego-un-projet-original-pour-la-serie-TV-d-Alexandre-Astier-003.jpg\"><img decoding=\"async\" width=\"604\" height=\"412\" src=\"https:\/\/www.moyenagepassion.com\/wp-content\/uploads\/2023\/12\/Kaamelot-lego-un-projet-original-pour-la-serie-TV-d-Alexandre-Astier-003-s.jpg\" alt=\"le Roi Arthur, en compagnie de Gueni\u00e8vre, Dame S\u00e9li et Leodagan \u00e0 table (et en Lego)\" class=\"wp-image-49615\" srcset=\"https:\/\/www.moyenagepassion.com\/wp-content\/uploads\/2023\/12\/Kaamelot-lego-un-projet-original-pour-la-serie-TV-d-Alexandre-Astier-003-s.jpg 604w, https:\/\/www.moyenagepassion.com\/wp-content\/uploads\/2023\/12\/Kaamelot-lego-un-projet-original-pour-la-serie-TV-d-Alexandre-Astier-003-s-300x205.jpg 300w\" sizes=\"(max-width: 604px) 100vw, 604px\" \/><\/a><figcaption class=\"wp-element-caption\">Arthur \u00e0 table avec Gueni\u00e8vre et sa belle famille, des moments cultes de la s\u00e9rie en LEGO<\/figcaption><\/figure><\/div>\n\n\n<p class=\"classe text_justify\"><strong>Moyenagepassion <\/strong>: <em>Egalement, sur ce Kit LEGO, <\/em>o<em>n est clairement plus dans l&rsquo;univers des premiers livres que dans celui du film. Vous avez une petite pr\u00e9f\u00e9rence entre tous les livres ou m\u00eame le long m\u00e9trage ou vous prenez tout, comme un bon vrai fan \u00e0 l&rsquo;ancienne ?<\/em><\/p>\n\n\n<div class=\"wp-block-image\">\n<figure class=\"alignleft size-full is-resized\"><a href=\"https:\/\/www.moyenagepassion.com\/wp-content\/uploads\/2023\/12\/deco-medieval-kaamelott-en-LEGO.jpg\"><img decoding=\"async\" src=\"https:\/\/www.moyenagepassion.com\/wp-content\/uploads\/2023\/12\/deco-medieval-kaamelott-en-LEGO.jpg\" alt=\"\" class=\"wp-image-49623\" width=\"86\" height=\"371\"\/><\/a><\/figure><\/div>\n\n\n<p class=\"classe text_justify\"><strong>Thomas M<\/strong> :  <em><strong><mark style=\"background-color:rgba(0, 0, 0, 0)\" class=\"has-inline-color has-green-color\">C\u2019est surtout que le format des premiers Livres (\u00e9pisodes courts, \u00e0 plans souvent fixes, aux d\u00e9cors souvent int\u00e9rieurs) se pr\u00eate bien aux sc\u00e9nettes en une image ; aussi, les costumes \u00e9voluent peu et sont plus color\u00e9s, ce qui permet d\u2019en cr\u00e9er moins et de donner un effet plus attractif au set. C\u2019\u00e9tait donc un choix pratique plus que personnel.<\/mark><\/strong><\/em><\/p>\n\n\n\n<p class=\"classe text_justify\"><strong><em><mark style=\"background-color:rgba(0, 0, 0, 0)\" class=\"has-inline-color has-green-color\">En ce qui me concerne, j\u2019ai appr\u00e9ci\u00e9 l\u2019ensemble de la s\u00e9rie, et m\u00eame le film&nbsp;: pas mal d\u00e9cri\u00e9 parmi les fans, je pense qu\u2019il a fait les frais de 10 ans d\u2019attente, et d\u2019esp\u00e9rances peut-\u00eatre un peu hautes, mais je l\u2019ai trouv\u00e9 tr\u00e8s bien aussi, avec de riches d\u00e9cors, de nouveaux personnages, un rythme diff\u00e9rent\u2026<\/mark><\/em><\/strong><\/p>\n\n\n\n<p class=\"classe text_justify\"><strong>Moyenagepassion<\/strong> : <em>C&rsquo;est vrai aussi qu&rsquo;en plus des d\u00e9cors et du format, le film Kaamelott premier Volet a aussi fait un vrai virage sur les costumes.<\/em> <em>Et  pour la r\u00e9alisation technique de cette collection LEGO alors, c<em>omment vous y \u00eates-vous pris<\/em> ? Impression 3D, bricolage sur de l&rsquo;existant ? Les accessoires et les d\u00e9cors sont au moins aussi r\u00e9ussis que les personnages et on trouve pratiquement tous les sets de tournages des premiers livres et m\u00eame les accessoires de tournage.<\/em><\/p>\n\n\n<div class=\"wp-block-image\">\n<figure class=\"alignright size-full is-resized\"><a href=\"https:\/\/www.moyenagepassion.com\/wp-content\/uploads\/2023\/12\/deco-medieval-kaamelott-en-LEGO.jpg\"><img decoding=\"async\" src=\"https:\/\/www.moyenagepassion.com\/wp-content\/uploads\/2023\/12\/deco-medieval-kaamelott-en-LEGO.jpg\" alt=\"\" class=\"wp-image-49623\" width=\"86\" height=\"371\"\/><\/a><\/figure><\/div>\n\n\n<p class=\"classe text_justify\"><strong>Thomas M<\/strong> :  <em><strong><mark style=\"background-color:rgba(0, 0, 0, 0)\" class=\"has-inline-color has-green-color\">Merci de votre retour positif&nbsp;! Mais au risque de d\u00e9cevoir, tout est digital. Le ch\u00e2teau a \u00e9t\u00e9 r\u00e9alis\u00e9 avec Bricklink Studio, un logiciel sp\u00e9cialement con\u00e7u pour \u00e7a. Pour les personnages (le plus long \u00e0 faire), j\u2019utilise Adobe Photoshop pour cr\u00e9er les costumes et les visages (sur une base tir\u00e9e d\u2019internet ou directement une capture d\u2019\u00e9cran de la s\u00e9rie). Puis je me sers de Bricklink PartDesigner pour \u00ab imprimer \u00bb ces images sur les mini-figures digitales, avant de les importer dans Bricklink Studio pour les mettre dans le mod\u00e8le du ch\u00e2teau.<\/mark><\/strong><\/em><\/p>\n\n\n\n<p class=\"classe text_justify\"><strong>Moyenagepassion<\/strong> : <em>Le r\u00e9sultat est en tout cas plus vrai que nature \ud83d\ude09 Sans cela, avez-vous eu des contacts avec Alexandre Astier, sa soci\u00e9t\u00e9 de production ou ses \u00e9quipes ? Un retour encourageant ?<\/em><\/p>\n\n\n\n<p class=\"classe text_justify\"><strong>Thomas M<\/strong> :  <em><strong><mark style=\"background-color:rgba(0, 0, 0, 0)\" class=\"has-inline-color has-green-color\">Non. J\u2019ai tent\u00e9 de prendre contact tout au long de la p\u00e9riode de promotion par divers moyens mais sans succ\u00e8s. J\u2019ose imaginer qu\u2019il a \u00e9t\u00e9 inform\u00e9 du projet par un moyen ou un autre (quelques acteurs de la s\u00e9rie m\u2019ont r\u00e9pondu et ont appr\u00e9ci\u00e9 leur figurine LEGO) mais je ne peux pas savoir ce qu\u2019il en pense :\/<\/mark><\/strong><\/em><\/p>\n\n\n<div class=\"wp-block-image\">\n<figure class=\"aligncenter size-full\"><a href=\"https:\/\/www.moyenagepassion.com\/wp-content\/uploads\/2023\/12\/Kaamelot-lego-un-projet-original-pour-la-serie-TV-d-Alexandre-Astier-006-s.jpg\"><img decoding=\"async\" width=\"650\" height=\"420\" src=\"https:\/\/www.moyenagepassion.com\/wp-content\/uploads\/2023\/12\/Kaamelot-lego-un-projet-original-pour-la-serie-TV-d-Alexandre-Astier-006-s.jpg\" alt=\"S\u00e9rie Kaamelott : les chevaliers de la table ronde en plein tournage (au format Lego)\" class=\"wp-image-49622\" srcset=\"https:\/\/www.moyenagepassion.com\/wp-content\/uploads\/2023\/12\/Kaamelot-lego-un-projet-original-pour-la-serie-TV-d-Alexandre-Astier-006-s.jpg 650w, https:\/\/www.moyenagepassion.com\/wp-content\/uploads\/2023\/12\/Kaamelot-lego-un-projet-original-pour-la-serie-TV-d-Alexandre-Astier-006-s-300x194.jpg 300w\" sizes=\"(max-width: 650px) 100vw, 650px\" \/><\/a><figcaption class=\"wp-element-caption\">Les chevaliers de la table ronde (avec leurs casques) en plein tournage et au format LEGO<\/figcaption><\/figure><\/div>\n\n<div class=\"wp-block-image\">\n<figure class=\"alignleft size-full is-resized\"><a href=\"https:\/\/www.moyenagepassion.com\/wp-content\/uploads\/2023\/12\/deco-medieval-kaamelott-en-LEGO.jpg\"><img decoding=\"async\" src=\"https:\/\/www.moyenagepassion.com\/wp-content\/uploads\/2023\/12\/deco-medieval-kaamelott-en-LEGO.jpg\" alt=\"\" class=\"wp-image-49623\" width=\"86\" height=\"371\"\/><\/a><\/figure><\/div>\n\n\n<p class=\"classe text_justify\"><strong>Moyenagepassion<\/strong> : <em>Alexandre Astier n&rsquo;a pas l&rsquo;air tr\u00e8s facile \u00e0 approcher. Il semble assez peu fr\u00e9quent \u00e9galement qu&rsquo;il se manifeste sur des projets autour de licence Kaamelott ext\u00e9rieures \u00e0 ses propres initiatives (relativement rares par ailleurs). Pour revenir \u00e0 cette op\u00e9ration  fulgurante sur le site LEGO, apparemment le compteur est d\u00e9sormais boucl\u00e9.  Combien de temps aura-t-il fallu <\/em>pour <em>atteindre le cap des 10 000 inscrits ?<\/em><\/p>\n\n\n\n<p class=\"classe text_justify\"><strong>Thomas M :<\/strong> <strong> <em><mark style=\"background-color:rgba(0, 0, 0, 0)\" class=\"has-inline-color has-green-color\">Oui<\/mark><\/em><\/strong><em><mark style=\"background-color:rgba(0, 0, 0, 0)\" class=\"has-inline-color has-green-color\">, i<\/mark><strong><mark style=\"background-color:rgba(0, 0, 0, 0)\" class=\"has-inline-color has-green-color\">l ne manque personne, nous avons atteint les 10,000 soutiens il y a deux semaines, apr\u00e8s seulement 35 jours de campagne, ce qui est tr\u00e8s court.<\/mark><\/strong><\/em><\/p>\n\n\n\n<p class=\"classe text_justify\"><em><strong>Moyenagepassion<\/strong><\/em> :  <i>Et qu&rsquo;est-ce qui se passe \u00e0 partir de maintenant ? Les pontes  marketing de LEGO se r\u00e9unissent en interne ? <\/i><em>Si l&rsquo;id\u00e9e les s\u00e9duit, ils entrent en contact avec vous, mais aussi on imagine avec Alexandre Astier, peut-\u00eatre m\u00eame Calt Production ?  <em>Tout est mis \u00e0 plat<\/em><\/em> <em>avec les d\u00e9tenteurs des droits.<\/em> <em>\u00c7a discutaille et \u00e7a \u00ab\u00a0pourparle\u00a0\u00bb. Y-a-t \u2019il des but\u00e9s \u00e9conomiques pour d\u00e9cider LEGO \u00e0 ce lancer sur ce genre de kit ? Vous avez creus\u00e9 un peu cet aspect ?<\/em><\/p>\n\n\n\n<p class=\"classe text_justify\"><strong>Thomas M<\/strong> : <em><strong><mark style=\"background-color:rgba(0, 0, 0, 0)\" class=\"has-inline-color has-green-color\">La viabilit\u00e9 commerciale est sans aucun doute ce qui guidera LEGO dans sa d\u00e9cision de produire le set ou non. S\u2019ils d\u00e9cident de le produire, leurs \u00e9tudes marketing dicteront surement quelle audience, quel type de set, si on en fait une s\u00e9rie ou pas\u2026 (gros, petit, plus pour jouer ou pour exposer, avec un prix \u00e9lev\u00e9 ou plus raisonnable\u2026).<\/mark><\/strong><\/em><\/p>\n\n\n<div class=\"wp-block-image\">\n<figure class=\"alignright size-full is-resized\"><a href=\"https:\/\/www.moyenagepassion.com\/wp-content\/uploads\/2023\/12\/deco-medieval-kaamelott-en-LEGO.jpg\"><img decoding=\"async\" src=\"https:\/\/www.moyenagepassion.com\/wp-content\/uploads\/2023\/12\/deco-medieval-kaamelott-en-LEGO.jpg\" alt=\"\" class=\"wp-image-49623\" width=\"86\" height=\"371\"\/><\/a><\/figure><\/div>\n\n\n<p class=\"classe text_justify\"><strong><em><mark style=\"background-color:rgba(0, 0, 0, 0)\" class=\"has-inline-color has-green-color\">A savoir aussi que LEGO peut d\u00e9vier de l\u2019id\u00e9e soumise, et en faire quelque chose de franchement diff\u00e9rent&nbsp;! Bien entendu, Kaamelott \u00e9tant une s\u00e9rie fran\u00e7aise, ses chances d\u2019\u00eatre lanc\u00e9e en production sont plus faibles que pour des licences internationales, mais la Table Ronde est un \u00ab&nbsp;concept&nbsp;\u00bb international, rien ne les emp\u00eache de partir sur cette id\u00e9e s\u2019ils pensent que \u00e7a se vendrait mieux.<\/mark><\/em><\/strong>  <strong><em><mark style=\"background-color:rgba(0, 0, 0, 0)\" class=\"has-inline-color has-green-color\">Je serai curieux de savoir mais n\u2019ai aucune id\u00e9e quant au nombre de sets produits ou vendus, ni combien il faut en vendre pour en faire une production \u00ab&nbsp;rentable&nbsp;\u00bb. LEGO ne communique pas ou tr\u00e8s peu sur cette partie de leur business.<\/mark><\/em><\/strong><\/p>\n\n\n\n<p class=\"classe text_justify\"><strong>Moyenagepassion <\/strong>:  <em>Oui, on imagine que \u00e7a reste de la cuisine interne et un peu confidentielle. Affaire \u00e0 suivre donc ! On esp\u00e8re que cela se concr\u00e9tisera parce que sur le papier, \u00e7a semble prometteur. Il y a certainement des dizaines de milliers de fans de la s\u00e9rie, sinon plus qui seraient pr\u00eats \u00e0 faire le pas. Derni\u00e8re question, en d\u00e9couvrant les personnages de ce kit LEGO Kaamelottien, je n&rsquo;ai pas vu M\u00e9n\u00e9agant ? Vous en avez pr\u00e9vu une version lyophilis\u00e9e ?<\/em><\/p>\n\n\n\n<p class=\"classe text_justify\"><strong>Thomas M <\/strong>: <em><strong><mark style=\"background-color:rgba(0, 0, 0, 0)\" class=\"has-inline-color has-green-color\">M\u00e9l\u00e9agant n\u2019apparait qu\u2019\u00e0 partir du Livre V si je ne m\u2019abuse, et le set est surtout bas\u00e9 sur les Livres I a IV. Mais il se pourrait qu\u2019un autre projet voit le jour l\u2019ann\u00e9e prochaine et je compte bien y int\u00e9grer quelques surprises&nbsp;\ud83d\ude42<\/mark><\/strong><\/em><\/p>\n\n\n\n<p><strong>Moyenagepassion<\/strong> : <em>Voil\u00e0 qui devrait mettre encore les fans de la s\u00e9rie sur les dents. F\u00e9licitations, en tout cas, pour ce premier succ\u00e8s, en esp\u00e9rant qu&rsquo;il se concr\u00e9tise et merci pour cet entretien<\/em>. <\/p>\n\n\n\n<hr class=\"wp-block-separator has-alpha-channel-opacity\"\/>\n\n\n\n<p>Retrouvez nos <a href=\"https:\/\/www.moyenagepassion.com\/?s=Kaamelott\" title=\"\">autres articles sur la s\u00e9rie Kaamelott<\/a> <br>D\u00e9couvrir nos <a href=\"https:\/\/www.youtube.com\/playlist?list=PLXp7FBNQIfFR8DzV0tGEZJ-tK5gIjAdB1\" target=\"_blank\" rel=\"noopener\" title=\"\">\u00e9pisodes audio pastiches sur la s\u00e9rie<\/a>. <br><\/p>\n\n\n\n<p>En vous souhaitant une belle journ\u00e9e.<\/p>\n\n\n\n<p>Fred<br>Pour moyenagepassion.com<br><em><strong>A la d\u00e9couverte du monde m\u00e9di\u00e9val sous toutes ses formes<\/strong><\/em><\/p>\n","protected":false},"excerpt":{"rendered":"<p>Sujet&nbsp; :&nbsp; Kaamelott, &nbsp;m\u00e9di\u00e9val-fantastique, l\u00e9gendes arthuriennes, humour, s\u00e9rie TV m\u00e9di\u00e9vale, roi Arthur, jouet, LEGO, fan, m\u00e9di\u00e9valismeP\u00e9riode&nbsp; : haut Moyen \u00c2ge \u00e0 centralAuteur\/r\u00e9alisateur&nbsp;:&nbsp; &nbsp;Alexandre AstierDesigner : Thomas Maguer (2023) Bonjour \u00e0 tous, ujourd&rsquo;hui, en lieu de Moyen \u00c2ge stricto sensu, nous vous invitons \u00e0 un interlude m\u00e9di\u00e9valiste sous une forme particuli\u00e8rement originale. Nous vous proposons, en &hellip; <a href=\"https:\/\/www.moyenagepassion.com\/index.php\/2023\/12\/11\/interlude-kaamelott-la-serie-tv-dalexandre-astier-sinvite-dans-lunivers-lego\/\" class=\"more-link\">Continuer la lecture de <span class=\"screen-reader-text\">Interlude Kaamelott : la s\u00e9rie TV d&rsquo;Alexandre Astier s&rsquo;invite dans l&rsquo;univers LEGO<\/span>  <span class=\"meta-nav\">&rarr;<\/span><\/a><\/p>\n","protected":false},"author":2,"featured_media":49614,"comment_status":"open","ping_status":"open","sticky":false,"template":"","format":"standard","meta":{"_monsterinsights_skip_tracking":false,"_monsterinsights_sitenote_active":false,"_monsterinsights_sitenote_note":"","_monsterinsights_sitenote_category":0,"footnotes":""},"categories":[2795,10],"tags":[197,1602,1360,3138,6231,6230,556,346,6229,5411,5725,349,6232,4490],"class_list":["post-49611","post","type-post","status-publish","format-standard","has-post-thumbnail","hentry","category-legendes-arthuriennes","category-series-televisees-moyen-age","tag-alexandre-astier","tag-buzz","tag-detournement","tag-entretien","tag-fan-2","tag-jouet","tag-kaamelott","tag-legendes-arthuriennes","tag-lego","tag-medieval-fantastique-3","tag-moyen-age-4","tag-roi-arthur","tag-serie-medievale","tag-serie-tv"],"aioseo_notices":[],"_links":{"self":[{"href":"https:\/\/www.moyenagepassion.com\/index.php\/wp-json\/wp\/v2\/posts\/49611"}],"collection":[{"href":"https:\/\/www.moyenagepassion.com\/index.php\/wp-json\/wp\/v2\/posts"}],"about":[{"href":"https:\/\/www.moyenagepassion.com\/index.php\/wp-json\/wp\/v2\/types\/post"}],"author":[{"embeddable":true,"href":"https:\/\/www.moyenagepassion.com\/index.php\/wp-json\/wp\/v2\/users\/2"}],"replies":[{"embeddable":true,"href":"https:\/\/www.moyenagepassion.com\/index.php\/wp-json\/wp\/v2\/comments?post=49611"}],"version-history":[{"count":11,"href":"https:\/\/www.moyenagepassion.com\/index.php\/wp-json\/wp\/v2\/posts\/49611\/revisions"}],"predecessor-version":[{"id":49633,"href":"https:\/\/www.moyenagepassion.com\/index.php\/wp-json\/wp\/v2\/posts\/49611\/revisions\/49633"}],"wp:featuredmedia":[{"embeddable":true,"href":"https:\/\/www.moyenagepassion.com\/index.php\/wp-json\/wp\/v2\/media\/49614"}],"wp:attachment":[{"href":"https:\/\/www.moyenagepassion.com\/index.php\/wp-json\/wp\/v2\/media?parent=49611"}],"wp:term":[{"taxonomy":"category","embeddable":true,"href":"https:\/\/www.moyenagepassion.com\/index.php\/wp-json\/wp\/v2\/categories?post=49611"},{"taxonomy":"post_tag","embeddable":true,"href":"https:\/\/www.moyenagepassion.com\/index.php\/wp-json\/wp\/v2\/tags?post=49611"}],"curies":[{"name":"wp","href":"https:\/\/api.w.org\/{rel}","templated":true}]}}