{"id":49634,"date":"2023-12-15T06:19:48","date_gmt":"2023-12-15T05:19:48","guid":{"rendered":"https:\/\/www.moyenagepassion.com\/?p=49634"},"modified":"2023-12-15T18:22:18","modified_gmt":"2023-12-15T17:22:18","slug":"conferences-decouvrir-linvention-du-moyen-age-et-du-medievalisme","status":"publish","type":"post","link":"https:\/\/www.moyenagepassion.com\/index.php\/2023\/12\/15\/conferences-decouvrir-linvention-du-moyen-age-et-du-medievalisme\/","title":{"rendered":"Conf\u00e9rences : d\u00e9couvrir L&rsquo;invention Du Moyen \u00c2ge Et Du M\u00e9di\u00e9valisme"},"content":{"rendered":"<div id=\"moyen-1584701343\" class=\"moyen-before-content moyen-entity-placement\"><script async src=\"\/\/pagead2.googlesyndication.com\/pagead\/js\/adsbygoogle.js?client=ca-pub-3035390706780632\" crossorigin=\"anonymous\"><\/script><ins class=\"adsbygoogle\" style=\"display:block;\" data-ad-client=\"ca-pub-3035390706780632\" \ndata-ad-slot=\"\" \ndata-ad-format=\"auto\"><\/ins>\n<script> \n(adsbygoogle = window.adsbygoogle || []).push({}); \n<\/script>\n<\/div>\n<p><\/p>\n\n\n<div class=\"wp-block-image\">\n<figure class=\"alignleft size-full is-resized\"><a href=\"https:\/\/www.moyenagepassion.com\/wp-content\/uploads\/2023\/12\/conference-monde-medieval-medievalisme-BnF.jpg\"><img decoding=\"async\" src=\"https:\/\/www.moyenagepassion.com\/wp-content\/uploads\/2023\/12\/conference-monde-medieval-medievalisme-BnF.jpg\" alt=\"\" class=\"wp-image-49639\" width=\"171\" height=\"285\" srcset=\"https:\/\/www.moyenagepassion.com\/wp-content\/uploads\/2023\/12\/conference-monde-medieval-medievalisme-BnF.jpg 190w, https:\/\/www.moyenagepassion.com\/wp-content\/uploads\/2023\/12\/conference-monde-medieval-medievalisme-BnF-180x300.jpg 180w\" sizes=\"(max-width: 171px) 100vw, 171px\" \/><\/a><\/figure><\/div>\n\n\n<p><strong>Sujet<\/strong> :  monde m\u00e9di\u00e9val, histoire m\u00e9di\u00e9vale, histoire des repr\u00e9sentations, m\u00e9di\u00e9valisme.<br><strong>P\u00e9riode<\/strong> : Moyen \u00c2ge, XVIIIe s au XXIe s<br><strong>Conf\u00e9rences <\/strong>: <em><strong>l\u2019Invention du Moyen \u00c2ge : du marquis de Paulmy \u00e0 \u00ab\u202fGame of Thrones\u202f\u00bb<\/strong><\/em> <br><strong>Organisateur<\/strong> :  BnF, Biblioth\u00e8que de l&rsquo;Arsenal, 1, rue de Sully \u2013 75004&nbsp;Paris<br><strong>Dates :<\/strong> 18 d\u00e9cembre 2023, 15 janvier 2024, 5 f\u00e9vrier 2024<br><strong>Intervenants<\/strong> : Fanny Maillet, Isabelle Durand, Vincent Ferr\u00e9.<br><\/p>\n\n\n\n<p>Bonjour \u00e0 tous,<\/p>\n\n\n<div class=\"wp-block-image\">\n<figure class=\"alignleft size-full\"><a href=\"https:\/\/www.moyenagepassion.com\/wp-content\/uploads\/2018\/10\/G_lettrine_moyen_age_passion.jpg\"><img decoding=\"async\" width=\"90\" height=\"103\" src=\"https:\/\/www.moyenagepassion.com\/wp-content\/uploads\/2018\/10\/G_lettrine_moyen_age_passion.jpg\" alt=\"\" class=\"wp-image-23891\"\/><\/a><\/figure><\/div>\n\n\n<p class=\"classe text_justify\">rands amateurs et amis du Moyen \u00c2ge sous toutes ses formes y compris les plus modernes, c&rsquo;est au tour de la prestigieuse BnF de se pencher tr\u00e8s s\u00e9rieusement sur le sujet du m\u00e9di\u00e9valisme. L&rsquo;institution vous propose, en effet, tout prochainement, un d\u00e9tour par la Biblioth\u00e8que de l&rsquo;Arsenal pour un cycle de conf\u00e9rences gratuites, anim\u00e9es par d&rsquo;\u00e9minents m\u00e9di\u00e9vistes.<\/p>\n\n\n\n<h2 class=\"wp-block-heading\">Du Moyen \u00c2ge au m\u00e9di\u00e9valisme<\/h2>\n\n\n<div class=\"wp-block-image\">\n<figure class=\"alignright size-full is-resized\"><a href=\"https:\/\/www.moyenagepassion.com\/wp-content\/uploads\/2023\/12\/deco-medieval-dragon-trone-de-fer-02.jpg\"><img decoding=\"async\" src=\"https:\/\/www.moyenagepassion.com\/wp-content\/uploads\/2023\/12\/deco-medieval-dragon-trone-de-fer-02.jpg\" alt=\"\" class=\"wp-image-49645\" width=\"86\" height=\"371\"\/><\/a><\/figure><\/div>\n\n\n<p class=\"classe text_justify\">Comment le Moyen \u00c2ge s&rsquo;invite-t-il dans notre monde moderne et sous quelles formes ? Livres, fictions, jeux vid\u00e9o, jeux de r\u00f4les ou de plateaux, films et s\u00e9ries\u2026 Au XXIe si\u00e8cle, les temps m\u00e9di\u00e9vaux continuent d&rsquo;habiter nos productions culturelles modernes et, avec elles, un peu de notre quotidien. L&rsquo;affaire n&rsquo;est pas nouvelle. Le Moyen \u00c2ge, sa r\u00e9surgence ou m\u00eame sa r\u00e9invention sous les formes les plus diverses n&rsquo;a gu\u00e8re tard\u00e9 pour \u00e9chapper \u00e0  la courte \u00e9clipse dans laquelle avait voulu le plonger les auteurs renaissants ; m\u00eame avec le plus grand des talents de plume, on ne tire pas impun\u00e9ment un trait sur mille ans d&rsquo;histoire. <\/p>\n\n\n\n<p class=\"classe text_justify\">Voil\u00e0 donc que le XVIIIe si\u00e8cle voyait d\u00e9j\u00e0 rena\u00eetre le Moyen \u00c2ge. Oui, mais lequel ? Sur ce nouveau terreau, notre bel objet historique se cherchait d\u00e9j\u00e0 de nouvelles racines et repr\u00e9sentations sous l&rsquo;impulsion du marquis de Paulmy.  A quelque temps de l\u00e0, suivraient bient\u00f4t les \u00e9lans magnifiques des romantiques avec leur flamboyant, inqui\u00e9tant et glorieux Moyen \u00c2ge.  Plus tard, viendraient encore se greffer de nouvelles charges symboliques, de nouveaux territoires oniriques ou politiques, des espaces de luttes id\u00e9ologiques et culturelles, de nouveaux horizons perdus ou \u00e0 perdre, bref autant de nouveaux Moyen \u00c2ge(s).<\/p>\n\n\n<div class=\"wp-block-image\">\n<figure class=\"alignleft size-full is-resized\"><a href=\"https:\/\/www.moyenagepassion.com\/wp-content\/uploads\/2023\/12\/deco-medieval-dragon-trone-de-fer-02.jpg\"><img decoding=\"async\" src=\"https:\/\/www.moyenagepassion.com\/wp-content\/uploads\/2023\/12\/deco-medieval-dragon-trone-de-fer-02.jpg\" alt=\"\" class=\"wp-image-49645\" width=\"86\" height=\"371\"\/><\/a><\/figure><\/div>\n\n\n<p class=\"classe text_justify\">La chose est act\u00e9e. Depuis ses retrouvailles au XVII\u00e8me si\u00e8cle (a-t-il jamais vraiment \u00e9t\u00e9 perdu ?), le Moyen \u00c2ge projet\u00e9, revisit\u00e9 ou reconstruit n&rsquo;a jamais cess\u00e9 d&rsquo;\u00e9voluer, de changer de visage. Et c&rsquo;est justement cette longue et passionnante \u00e9volution, des premiers re- d\u00e9couvreurs des si\u00e8cles pass\u00e9es jusqu&rsquo;au <a href=\"https:\/\/www.moyenagepassion.com\/index.php\/2016\/01\/11\/la-saga-du-trone-de-fer-de-g-r-r-martin\/\" title=\"\">Tr\u00f4ne de Fer de G.R.R Martin<\/a>, que la BnF vous propose de parcourir, \u00e0 partir du 18 d\u00e9cembre prochain. <\/p>\n\n\n\n<p class=\"classe text_justify\">Le cycle de trois conf\u00e9rences pr\u00e9vu a pour titre :  <strong>L&rsquo;Invention du Moyen \u00c2ge : du marquis de Paulmy \u00e0 \u00ab\u202fGame of Thrones\u202f\u00bb<\/strong>. En plus de ces interventions de qualit\u00e9, les visiteurs auront la joie de d\u00e9couvrir quelques pr\u00e9cieux manuscrits de la Biblioth\u00e8que de l&rsquo;Arsenal pour illustrer tous ces propos.<br><\/p>\n\n\n\n<h2 class=\"wp-block-heading\">Trois conf\u00e9rences pour mieux comprendre le Moyen \u00c2ge et le M\u00e9di\u00e9valisme<\/h2>\n\n\n\n<p class=\"classe text_justify\">Ces trois conf\u00e9rences seront donn\u00e9es \u00e0 l&rsquo;Arsenal m\u00eame. L&rsquo;entr\u00e9e en sera gratuite mais il est recommand\u00e9 de r\u00e9server et, \u00e0 d\u00e9faut de se pr\u00e9senter suffisamment \u00e0 l&rsquo;avance.  Voici le programme de cet \u00e9v\u00e9nement qui devrait donner des cl\u00e9s utiles de compr\u00e9hension sur le Moyen \u00c2ge, ses repr\u00e9sentations historiques et modernes, comme sur le m\u00e9di\u00e9valisme.<\/p>\n\n\n\n<hr class=\"wp-block-separator has-alpha-channel-opacity\"\/>\n\n\n\n<h3 class=\"wp-block-heading\"><em>Le Moyen \u00c2ge des Lumi\u00e8res. <br>Le marquis de Paulmy entre \u00e9rudition et litt\u00e9rature<\/em><\/h3>\n\n\n\n<p><strong>Date<\/strong> : le lundi 18 d\u00e9cembre 2023, \u00e0 l&rsquo;Arsenal.<br><strong>Horaires<\/strong> :  18 h 30 &#8211; 20 h.<\/p>\n\n\n\n<p class=\"classe text_justify\">C&rsquo;est la m\u00e9di\u00e9viste <strong>Fanny Maillet<\/strong>, enseignante en litt\u00e9rature m\u00e9di\u00e9vale \u00e0 l\u2019universit\u00e9 de Zurich qui l&rsquo;aura en charge. Il sera ici question de se pencher sur le r\u00f4le et l&rsquo;influence du marquis de Paulmy. Dans le courant du XVIIIe si\u00e8cle, cet homme de culture, diplomate et homme d&rsquo;Etat fran\u00e7ais a, en effet, contribu\u00e9 \u00e0 la diffusion d&rsquo;un certain Moyen \u00c2ge, notamment au travers de sa collection m\u00e9di\u00e9vale.<\/p>\n\n\n\n<h4 class=\"wp-block-heading\">Qui \u00e9tait le marquis de Paulmy ?<\/h4>\n\n\n<div class=\"wp-block-image\">\n<figure class=\"alignleft size-full is-resized\"><a href=\"https:\/\/www.moyenagepassion.com\/wp-content\/uploads\/2023\/12\/portrait-du-Marquis-de-Paulmy-et-d-Argenson.jpg\"><img decoding=\"async\" src=\"https:\/\/www.moyenagepassion.com\/wp-content\/uploads\/2023\/12\/portrait-du-Marquis-de-Paulmy-et-d-Argenson.jpg\" alt=\"Portrait d'Antoine-Ren\u00e9 de Voyer, marquis de Paulmy\" class=\"wp-image-49641\" width=\"117\" height=\"139\"\/><\/a><\/figure><\/div>\n\n\n<p class=\"classe text_justify\" style=\"font-size:15px\">Grand collectionneur et bibliophile du XVIIe si\u00e8cle, Antoine-Ren\u00e9 de Voyer, marquis de Paulmy (1722-1787) fut \u00e0 l&rsquo;initiative de la transformation de l&rsquo;Arsenal de Paris en ce qui  deviendra plus tard la prestigieuse Biblioth\u00e8que de l&rsquo;Arsenal.  <\/p>\n\n\n\n<p class=\"classe text_justify\" style=\"font-size:15px\">Amis des livres et des anciens manuscrits, revoyez vos crit\u00e8res sur la d\u00e9finition de \u00ab\u00a0belle\u00a0\u00bb biblioth\u00e8que et sortez vos mouchoirs ! Celle du marquis de Paulmy contenait pr\u00e8s de cent mille ouvrages. Autrement dit, de quoi donner le vertige ou m\u00eame plut\u00f4t des envies de s&rsquo;enfermer des milliers d&rsquo;heures pour explorer tous ces tr\u00e9sors. Ils sont, aujourd&rsquo;hui, sous la bonne garde du conservateur des lieux et de ses archivistes. <br><br>En grand lettr\u00e9, le marquis de Paulmy fut aussi \u00e0 l&rsquo;initiative de nombreuses publications et de s\u00e9lections \u00e0 partir de sa vaste collection. En plus de rendre tribut \u00e0 son influence sur une premi\u00e8re relecture du  Moyen \u00c2ge, c&rsquo;est un double hommage que rendra ici la Biblioth\u00e8que de l&rsquo;Arsenal  \u00e0 son lointain a\u00efeul et fondateur.<\/p>\n\n\n\n<hr class=\"wp-block-separator has-alpha-channel-opacity\"\/>\n\n\n\n<h3 class=\"wp-block-heading\"><em>L\u2019invention du Moyen \u00c2ge par les \u00e9crivains romantiques<\/em><\/h3>\n\n\n\n<p><strong>Date :<\/strong> le lundi 15 janvier 2024 \u00e0 l&rsquo;Arsenal. <br><strong>Horaires : <\/strong>18 h 30 &#8211; 20 h.<\/p>\n\n\n\n<p class=\"classe text_justify\">La professeure de litt\u00e9rature g\u00e9n\u00e9rale et compar\u00e9e <strong>Isabelle Durand<\/strong> (universit\u00e9 de Bretagne Sud) aura en charge cette deuxi\u00e8me conf\u00e9rence plus particuli\u00e8rement cibl\u00e9e sur les romantiques et leur nouveau souffle pour un Moyen \u00c2ge perdu et \u00e0 reconqu\u00e9rir. <\/p>\n\n\n<div class=\"wp-block-image\">\n<figure class=\"alignleft size-full is-resized\"><a href=\"https:\/\/www.moyenagepassion.com\/wp-content\/uploads\/2023\/12\/conference-les-romantiques-et-le-Moyen-Age-1.jpg\"><img decoding=\"async\" src=\"https:\/\/www.moyenagepassion.com\/wp-content\/uploads\/2023\/12\/conference-les-romantiques-et-le-Moyen-Age-1.jpg\" alt=\"Portrait de Victor Hugo, f\u00e9ru de Moyen \u00c2ge au temps des romantiques.\" class=\"wp-image-49647\" width=\"137\" height=\"162\"\/><\/a><\/figure><\/div>\n\n\n<p class=\"classe text_justify\">La p\u00e9riode couvrira le XVIIIe si\u00e8cle de Jean-Charles-Emmanuel Nodier pour s&rsquo;\u00e9tendre au XIXe si\u00e8cle de Victor Hugo.  Comme dans toute analyse m\u00e9di\u00e9valiste s\u00e9rieuse, les pr\u00e9occupations et projections imm\u00e9diates des romantiques, dans leur entreprise de r\u00e9invention d&rsquo;un Moyen \u00c2ge onirique et sublime, seront mises en exergue. <\/p>\n\n\n\n<hr class=\"wp-block-separator has-alpha-channel-opacity\"\/>\n\n\n\n<h3 class=\"wp-block-heading\"><em>Le m\u00e9di\u00e9valisme fait des vagues (XVIe-XXIe si\u00e8cle)<\/em><\/h3>\n\n\n\n<p class=\"classe text_justify\"><strong>Date :<\/strong> le lundi 5 f\u00e9vrier 2024 \u00e0 l&rsquo;Arsenal.<br><strong>Horaires : <\/strong>18 h 30 &#8211; 20 h.<br><br>Avec cette derni\u00e8re conf\u00e9rence, on se rapprochera plus particuli\u00e8rement du m\u00e9di\u00e9valisme moderne. L&rsquo;universitaire <strong>Vincent Ferr\u00e9<\/strong>, professeur de litt\u00e9rature g\u00e9n\u00e9rale et compar\u00e9e \u00e0 l&rsquo;universit\u00e9 Paris 3-Sorbonne Nouvelle sera en charge de la conduire.<\/p>\n\n\n<div class=\"wp-block-image\">\n<figure class=\"alignleft size-full\"><a href=\"https:\/\/www.moyenagepassion.com\/wp-content\/uploads\/2023\/12\/conference-la-naissance-du-Medievalisme-avec-Vincent-Ferre.jpg\"><img decoding=\"async\" width=\"146\" height=\"173\" src=\"https:\/\/www.moyenagepassion.com\/wp-content\/uploads\/2023\/12\/conference-la-naissance-du-Medievalisme-avec-Vincent-Ferre.jpg\" alt=\"Prince Vaillant, affiche de cin\u00e9ma, Moyen \u00c2ge et m\u00e9di\u00e9valisme\" class=\"wp-image-49648\"\/><\/a><\/figure><\/div>\n\n\n<p class=\"classe text_justify\">Entre \u00ab\u00a0r\u00e9ception savante\u00a0\u00bb et Moyen \u00c2ge r\u00e9cr\u00e9atif, l&rsquo;intervenant se penchera ici sur les origines du m\u00e9di\u00e9valisme. La conf\u00e9rence abordera particuli\u00e8rement les questions soulev\u00e9es par cette jeune discipline complexe qui tente de d\u00e9m\u00ealer les sout\u00e8nements de tous ces Moyen \u00c2ge(s) de fiction, de pellicule, de costumes ou de papier.  L&rsquo;engouement pour ce monde m\u00e9di\u00e9val qui n&rsquo;en finit pas d&rsquo;\u00eatre \u00e0 la mode et qui, par l\u00e0, interpelle d&rsquo;autant plus le m\u00e9di\u00e9valisme, sera \u00e9galement examin\u00e9.<\/p>\n\n\n\n<hr class=\"wp-block-separator has-alpha-channel-opacity\"\/>\n\n\n<div class=\"wp-block-image\">\n<figure class=\"alignright size-full is-resized\"><a href=\"https:\/\/www.moyenagepassion.com\/wp-content\/uploads\/2023\/12\/deco-medieval-dragon-trone-de-fer-02.jpg\"><img decoding=\"async\" src=\"https:\/\/www.moyenagepassion.com\/wp-content\/uploads\/2023\/12\/deco-medieval-dragon-trone-de-fer-02.jpg\" alt=\"\" class=\"wp-image-49645\" width=\"86\" height=\"371\"\/><\/a><\/figure><\/div>\n\n\n<p class=\"classe text_justify\">Voil\u00e0 donc un programme de prestige \u00e0 ne pas manquer si vous \u00eates en r\u00e9gion parisienne \u00e0 ces dates.  N&rsquo;oubliez pas de r\u00e9server le cas \u00e9ch\u00e9ant. A cette fin, reportez-vous  aux<a href=\"https:\/\/www.bnf.fr\/fr\/agenda\/linvention-du-moyen-age-du-marquis-de-paulmy-game-thrones\" target=\"_blank\" rel=\"noopener\" title=\"\"> pages officielles de la BnF<\/a> d\u00e9di\u00e9 \u00e0 l&rsquo;\u00e9v\u00e9nement. Pour ceux qui se tiendront trop loin de la capitale et de l&rsquo;Arsenal, on esp\u00e8re que la technique permettra d&rsquo;assurer l&rsquo;enregistrement et la rediffusion en ligne de ces conf\u00e9rences d&rsquo;int\u00e9r\u00eat.<\/p>\n\n\n\n<p>Sur le sujet du m\u00e9di\u00e9valisme voir aussi: <\/p>\n\n\n\n<ul class=\"wp-block-list\">\n<li><a href=\"https:\/\/www.moyenagepassion.com\/index.php\/2023\/10\/16\/un-moyen-age-en-clair-obscur-justine-breton-les-series-tv-medievalistes\/\" title=\"\">Le Moyen \u00c2ge en clair obscur de Justine Breton<\/a><\/li>\n\n\n\n<li><a href=\"https:\/\/www.moyenagepassion.com\/index.php\/2018\/01\/25\/ballade-medievale-le-moyen-age-de-victor-hugo-marie-au-folk-de-malicorne\/\">Ballade m\u00e9di\u00e9vale, du romantisme de Hugo et B\u00fcrger \u00e0 Malicorne<\/a><\/li>\n\n\n\n<li><a href=\"https:\/\/www.moyenagepassion.com\/index.php\/2019\/05\/04\/art-pictural-et-inspiration-medievale-le-chateau-de-alnwick-par-william-turner\/\" title=\"\">Les incroyables ch\u00e2teaux de William Turner<\/a><\/li>\n\n\n\n<li><a href=\"https:\/\/www.moyenagepassion.com\/index.php\/2023\/10\/02\/la-taverne-dadrien-une-serie-humoristique-sur-fond-medieval\/\" title=\"\">Humour m\u00e9di\u00e9valiste  \u00e0 la taverne d&rsquo;Adrien<\/a><\/li>\n<\/ul>\n\n\n\n<p>&nbsp;En vous souhaitant une belle journ\u00e9e.<\/p>\n\n\n\n<p>Fr\u00e9d\u00e9ric EFFE.<br>Pour moyenagepassion.com<br><em><strong>A la d\u00e9couverte du Moyen \u00c2ge sous toutes ses formes.<\/strong><\/em><\/p>\n\n\n\n<p class=\"classe text_justify\" style=\"font-size:14px\">NB : le portrait du Marquis de Paulmy sur l&rsquo;image d&rsquo;en-t\u00eate est tir\u00e9e d&rsquo;un portrait dat\u00e9 du 18e, conserv\u00e9 au mus\u00e9e national des ch\u00e2teaux de Versailles et de Trianon. En arri\u00e8re plan vous aurez reconnu le Dragon tir\u00e9 du Tr\u00f4ne de Fer de G.R.R. Martin.<\/p>\n","protected":false},"excerpt":{"rendered":"<p>Sujet : monde m\u00e9di\u00e9val, histoire m\u00e9di\u00e9vale, histoire des repr\u00e9sentations, m\u00e9di\u00e9valisme.P\u00e9riode : Moyen \u00c2ge, XVIIIe s au XXIe sConf\u00e9rences : l\u2019Invention du Moyen \u00c2ge : du marquis de Paulmy \u00e0 \u00ab\u202fGame of Thrones\u202f\u00bb Organisateur : BnF, Biblioth\u00e8que de l&rsquo;Arsenal, 1, rue de Sully \u2013 75004&nbsp;ParisDates : 18 d\u00e9cembre 2023, 15 janvier 2024, 5 f\u00e9vrier 2024Intervenants : &hellip; <a href=\"https:\/\/www.moyenagepassion.com\/index.php\/2023\/12\/15\/conferences-decouvrir-linvention-du-moyen-age-et-du-medievalisme\/\" class=\"more-link\">Continuer la lecture de <span class=\"screen-reader-text\">Conf\u00e9rences : d\u00e9couvrir L&rsquo;invention Du Moyen \u00c2ge Et Du M\u00e9di\u00e9valisme<\/span>  <span class=\"meta-nav\">&rarr;<\/span><\/a><\/p>\n","protected":false},"author":2,"featured_media":49638,"comment_status":"open","ping_status":"open","sticky":false,"template":"","format":"standard","meta":{"_monsterinsights_skip_tracking":false,"_monsterinsights_sitenote_active":false,"_monsterinsights_sitenote_note":"","_monsterinsights_sitenote_category":0,"footnotes":""},"categories":[1275,11],"tags":[6226,1852,5439,6234,6233,520,6235,6236,2895,182,5725,4517,4797],"class_list":["post-49634","post","type-post","status-publish","format-standard","has-post-thumbnail","hentry","category-conference","category-fetes-medievales-evenement","tag-bibliotheque-de-larsenal","tag-bnf","tag-conferences","tag-fanny-maillet","tag-histoire-des-representations","tag-histoire-medievale","tag-isabelle-durand","tag-marquis-de-paulmy","tag-medievalisme","tag-monde-medieval","tag-moyen-age-4","tag-representations-medievales","tag-vincent-ferre"],"aioseo_notices":[],"_links":{"self":[{"href":"https:\/\/www.moyenagepassion.com\/index.php\/wp-json\/wp\/v2\/posts\/49634"}],"collection":[{"href":"https:\/\/www.moyenagepassion.com\/index.php\/wp-json\/wp\/v2\/posts"}],"about":[{"href":"https:\/\/www.moyenagepassion.com\/index.php\/wp-json\/wp\/v2\/types\/post"}],"author":[{"embeddable":true,"href":"https:\/\/www.moyenagepassion.com\/index.php\/wp-json\/wp\/v2\/users\/2"}],"replies":[{"embeddable":true,"href":"https:\/\/www.moyenagepassion.com\/index.php\/wp-json\/wp\/v2\/comments?post=49634"}],"version-history":[{"count":16,"href":"https:\/\/www.moyenagepassion.com\/index.php\/wp-json\/wp\/v2\/posts\/49634\/revisions"}],"predecessor-version":[{"id":49661,"href":"https:\/\/www.moyenagepassion.com\/index.php\/wp-json\/wp\/v2\/posts\/49634\/revisions\/49661"}],"wp:featuredmedia":[{"embeddable":true,"href":"https:\/\/www.moyenagepassion.com\/index.php\/wp-json\/wp\/v2\/media\/49638"}],"wp:attachment":[{"href":"https:\/\/www.moyenagepassion.com\/index.php\/wp-json\/wp\/v2\/media?parent=49634"}],"wp:term":[{"taxonomy":"category","embeddable":true,"href":"https:\/\/www.moyenagepassion.com\/index.php\/wp-json\/wp\/v2\/categories?post=49634"},{"taxonomy":"post_tag","embeddable":true,"href":"https:\/\/www.moyenagepassion.com\/index.php\/wp-json\/wp\/v2\/tags?post=49634"}],"curies":[{"name":"wp","href":"https:\/\/api.w.org\/{rel}","templated":true}]}}