{"id":50052,"date":"2024-04-14T22:40:16","date_gmt":"2024-04-14T21:40:16","guid":{"rendered":"https:\/\/www.moyenagepassion.com\/?p=50052"},"modified":"2024-04-14T22:51:59","modified_gmt":"2024-04-14T21:51:59","slug":"agenda-sixieme-grand-marche-de-lhistoire-pour-compiegne","status":"publish","type":"post","link":"https:\/\/www.moyenagepassion.com\/index.php\/2024\/04\/14\/agenda-sixieme-grand-marche-de-lhistoire-pour-compiegne\/","title":{"rendered":"Agenda : Sixi\u00e8me Grand March\u00e9 de l&rsquo;Histoire pour Compi\u00e8gne"},"content":{"rendered":"<div id=\"moyen-2178271352\" class=\"moyen-before-content moyen-entity-placement\"><script async src=\"\/\/pagead2.googlesyndication.com\/pagead\/js\/adsbygoogle.js?client=ca-pub-3035390706780632\" crossorigin=\"anonymous\"><\/script><ins class=\"adsbygoogle\" style=\"display:block;\" data-ad-client=\"ca-pub-3035390706780632\" \ndata-ad-slot=\"\" \ndata-ad-format=\"auto\"><\/ins>\n<script> \n(adsbygoogle = window.adsbygoogle || []).push({}); \n<\/script>\n<\/div><div class=\"wp-block-image\">\n<figure class=\"alignleft size-full is-resized\"><a href=\"https:\/\/www.moyenagepassion.com\/wp-content\/uploads\/2022\/11\/ecu-blason-heraldique-Margny-les-Compiegne-Lion-et-lys-d-argent.jpg\"><img decoding=\"async\" width=\"226\" height=\"337\" src=\"https:\/\/www.moyenagepassion.com\/wp-content\/uploads\/2022\/11\/ecu-blason-heraldique-Margny-les-Compiegne-Lion-et-lys-d-argent.jpg\" alt=\"\" class=\"wp-image-46600\" style=\"width:128px;height:auto\" srcset=\"https:\/\/www.moyenagepassion.com\/wp-content\/uploads\/2022\/11\/ecu-blason-heraldique-Margny-les-Compiegne-Lion-et-lys-d-argent.jpg 226w, https:\/\/www.moyenagepassion.com\/wp-content\/uploads\/2022\/11\/ecu-blason-heraldique-Margny-les-Compiegne-Lion-et-lys-d-argent-201x300.jpg 201w\" sizes=\"(max-width: 226px) 100vw, 226px\" \/><\/a><\/figure><\/div>\n\n\n<p><strong>Sujet<\/strong>\u00a0: march\u00e9, sortie historique, histoire vivante, artisanat, march\u00e9 historique, artisans, monde m\u00e9di\u00e9val.<br><strong>Ev\u00e9nement\u00a0<\/strong>: 6e March\u00e9 de l\u2019Histoire<br><strong>Lieu\u00a0<\/strong>: Espace Le Tigre, Margny-l\u00e8s-Compi\u00e8gne, Oise, Hauts-de-France.<br><strong>Date<\/strong>\u00a0: les 20 et 21 Avril 2024<\/p>\n\n\n\n<p>Bonjour \u00e0 tous,<\/p>\n\n\n<div class=\"wp-block-image\">\n<figure class=\"alignleft size-full\"><a href=\"https:\/\/www.moyenagepassion.com\/wp-content\/uploads\/2018\/10\/P_lettrine_moyen_age_passion-copia.jpg\"><img decoding=\"async\" width=\"96\" height=\"103\" src=\"https:\/\/www.moyenagepassion.com\/wp-content\/uploads\/2018\/10\/P_lettrine_moyen_age_passion-copia.jpg\" alt=\"\" class=\"wp-image-23901\"\/><\/a><\/figure><\/div>\n\n\n<p class=\"classe text_justify\">our les curieux comme les f\u00e9rus d&rsquo;Histoire et de shopping, le grand <strong>March\u00e9 de l&rsquo;Histoire<\/strong> de <em>l&rsquo;Association Pour l&rsquo;Histoire Vivante <\/em>sera de retour, le week-end prochain, \u00e0 Margny-L\u00e8s-Compi\u00e8gne. La recette a fait ses preuves et, comme chaque ann\u00e9e, au d\u00e9but du printemps, de nombreux visiteurs s&rsquo;y donneront rendez-vous.<\/p>\n\n\n\n<h2 class=\"wp-block-heading\">200 exposants et artisans invit\u00e9s <\/h2>\n\n\n<div class=\"wp-block-image\">\n<figure class=\"alignright size-full is-resized\"><a href=\"https:\/\/www.moyenagepassion.com\/wp-content\/uploads\/2024\/04\/affiche-Marche-Histoire-Compiegne-2024-marche-historique-medieval.jpg\"><img decoding=\"async\" width=\"350\" height=\"488\" src=\"https:\/\/www.moyenagepassion.com\/wp-content\/uploads\/2024\/04\/affiche-Marche-Histoire-Compiegne-2024-marche-historique-medieval.jpg\" alt=\"Le March\u00e9 de l'Histoire de Compi\u00e8gne 2024, affiche de la sixi\u00e8me \u00e9dition.\" class=\"wp-image-50055\" style=\"width:226px;height:auto\" srcset=\"https:\/\/www.moyenagepassion.com\/wp-content\/uploads\/2024\/04\/affiche-Marche-Histoire-Compiegne-2024-marche-historique-medieval.jpg 350w, https:\/\/www.moyenagepassion.com\/wp-content\/uploads\/2024\/04\/affiche-Marche-Histoire-Compiegne-2024-marche-historique-medieval-215x300.jpg 215w\" sizes=\"(max-width: 350px) 100vw, 350px\" \/><\/a><\/figure><\/div>\n\n\n<p class=\"classe-text_justify\">A la diff\u00e9rence du march\u00e9 d&rsquo;automne de Compi\u00e8gne, g\u00e9n\u00e9ralement coupl\u00e9 avec le <a href=\"https:\/\/www.moyenagepassion.com\/index.php\/tag\/fous-dhistoire\/\">festival Fous d&rsquo;Histoire<\/a>, l&rsquo;\u00e9dition d&rsquo;avril reste, en principe, centr\u00e9e uniquement sur le march\u00e9. Il s&rsquo;agira l\u00e0 de la sixi\u00e8me \u00e9dition de l&rsquo;\u00e9v\u00e9nement et plus de 200 exposants et artisans y sont attendus, en provenance des quatre coins de France et d&rsquo;Europe. <\/p>\n\n\n\n<p class=\"classe-text_justify\">Livres, BD, costumes,  travail du cuir et des m\u00e9taux, coutellerie, pi\u00e8ces d&rsquo;armures, objets d\u00e9coratifs et accessoires, poteries, c\u00e9ramiques, travail du verre, bijoux, mais aussi bi\u00e8res artisanales et une foule d&rsquo;autres surprises\u2026 Le choix sera, une fois de plus, au rendez-vous sur cette \u00e9dition 2024 du march\u00e9 de l&rsquo;Histoire de Compi\u00e8gne. Pour plus de d\u00e9tails sur la liste d&rsquo;exposants, voyez directement le <a href=\"https:\/\/www.histoire-vivante.org\/\" target=\"_blank\" rel=\"noopener nofollow\" title=\"\">site officiel de l&rsquo;APHV<\/a>.<\/p>\n\n\n\n<h2 class=\"wp-block-heading\">Un march\u00e9 de l&rsquo;Histoire qui fait recette<\/h2>\n\n\n\n<p class=\"classe-text_justify\">Depuis la mise en place de l&rsquo;\u00e9v\u00e9nement, l&rsquo;PHV qui l&rsquo;organise n&rsquo;a pas d\u00e9vi\u00e9 de sa ligne et c&rsquo;est justement ce qui plait. Cette fois encore, une large p\u00e9riode historique se trouvera donc repr\u00e9sent\u00e9e \u00e0 Margny-l\u00e8s-Compi\u00e8gne. De la Pr\u00e9histoire aux grandes guerres du XXe si\u00e8cle, en passant par l&rsquo;Antiquit\u00e9, le Moyen \u00c2ge, l&rsquo;Empire et la Renaissance, les passionn\u00e9s de reconstitution et d&rsquo;\u00e9vocation, monde m\u00e9di\u00e9val compris, devraient y trouver leur bonheur. <\/p>\n\n\n<div class=\"wp-block-image\">\n<figure class=\"aligncenter size-full\"><a href=\"https:\/\/www.moyenagepassion.com\/wp-content\/uploads\/2024\/04\/Marche-de-Histoire-Magny-les-Compiegne-APHV-2024-s-1.jpg\"><img decoding=\"async\" width=\"650\" height=\"497\" src=\"https:\/\/www.moyenagepassion.com\/wp-content\/uploads\/2024\/04\/Marche-de-Histoire-Magny-les-Compiegne-APHV-2024-s-1.jpg\" alt=\"Un Grand march\u00e9 de l'Histoire 2024 \u00e0 Compi\u00e8gne pour de nombreux artisans attendus\" class=\"wp-image-50068\" srcset=\"https:\/\/www.moyenagepassion.com\/wp-content\/uploads\/2024\/04\/Marche-de-Histoire-Magny-les-Compiegne-APHV-2024-s-1.jpg 650w, https:\/\/www.moyenagepassion.com\/wp-content\/uploads\/2024\/04\/Marche-de-Histoire-Magny-les-Compiegne-APHV-2024-s-1-300x229.jpg 300w\" sizes=\"(max-width: 650px) 100vw, 650px\" \/><\/a><\/figure><\/div>\n\n\n<p class=\"classe-text_justify\">Des march\u00e9s de l&rsquo;Histoire aux festivals de spectacle historique, les recette de l&rsquo;APHV plaisent et se sont m\u00eame \u00e9tendues. En ce qui concerne ses march\u00e9s, on peut d\u00e9sormais les voir essaimer en quelques autres endroits de l&rsquo;Hexagone. Pr\u00e9sent au <a href=\"https:\/\/www.moyenagepassion.com\/index.php\/2024\/03\/25\/agenda-neuvieme-edition-du-rassemblement-medieval-du-prince-dorange\/\" title=\"\">Rassemblement du prince d&rsquo;Orange<\/a> le mois dernier, le concept s&rsquo;invitera \u00e9galement, cette ann\u00e9e, \u00e0 Orl\u00e9ans, pour les grandes f\u00eates johanniques. <\/p>\n\n\n\n<p class=\"classe-text_justify\">Voir d&rsquo;autres articles sur ce m\u00eame \u00e9v\u00e9nement :   <a href=\"https:\/\/www.moyenagepassion.com\/index.php\/2017\/04\/03\/marche-historique-et-festivites-medievales-de-fin-de-semaine-marche-de-lhistoire-de-margny-les-compiegne\/\">Edition 2017&nbsp;<\/a>\u2013&nbsp;<a href=\"https:\/\/www.moyenagepassion.com\/index.php\/2018\/04\/19\/animations-fetes-medievales-du-week-end\/\">Edition 2018<\/a>&nbsp;\u2013<a href=\"https:\/\/www.moyenagepassion.com\/index.php\/2019\/04\/09\/agenda-3eme-edition-du-marche-de-lhistoire-de-margny-les-compiegne\/\">&nbsp;Edition 2019<\/a>&nbsp;\u2013&nbsp;<a href=\"https:\/\/www.moyenagepassion.com\/index.php\/2021\/09\/30\/fous-dhistoire-retour-du-grand-salon-son-marche-historique-a-compiegne\/\">Edition 2021<\/a> &#8211; <a href=\"https:\/\/www.moyenagepassion.com\/index.php\/2022\/04\/04\/retour-du-marche-de-lhistoire-de-margny-les-compiegne-2022\/\">Edition 2022<\/a>  &#8211; <a href=\"https:\/\/www.moyenagepassion.com\/index.php\/2023\/04\/12\/le-marche-de-lhistoire-printanier-de-margny-les-compiegne\/\">Edition 2023<\/a> <\/p>\n\n\n\n<p>En vous souhaitant une belle journ\u00e9e.<br><br>Fred<br>Pour moyenagepassion.com<br><em><strong>A la d\u00e9couverte du Monde M\u00e9di\u00e9val&nbsp; sous toutes ses formes.<\/strong><\/em><\/p>\n","protected":false},"excerpt":{"rendered":"<p>Sujet\u00a0: march\u00e9, sortie historique, histoire vivante, artisanat, march\u00e9 historique, artisans, monde m\u00e9di\u00e9val.Ev\u00e9nement\u00a0: 6e March\u00e9 de l\u2019HistoireLieu\u00a0: Espace Le Tigre, Margny-l\u00e8s-Compi\u00e8gne, Oise, Hauts-de-France.Date\u00a0: les 20 et 21 Avril 2024 Bonjour \u00e0 tous, our les curieux comme les f\u00e9rus d&rsquo;Histoire et de shopping, le grand March\u00e9 de l&rsquo;Histoire de l&rsquo;Association Pour l&rsquo;Histoire Vivante sera de retour, le &hellip; <a href=\"https:\/\/www.moyenagepassion.com\/index.php\/2024\/04\/14\/agenda-sixieme-grand-marche-de-lhistoire-pour-compiegne\/\" class=\"more-link\">Continuer la lecture de <span class=\"screen-reader-text\">Agenda : Sixi\u00e8me Grand March\u00e9 de l&rsquo;Histoire pour Compi\u00e8gne<\/span>  <span class=\"meta-nav\">&rarr;<\/span><\/a><\/p>\n","protected":false},"author":2,"featured_media":50066,"comment_status":"open","ping_status":"open","sticky":false,"template":"","format":"standard","meta":{"_monsterinsights_skip_tracking":false,"_monsterinsights_sitenote_active":false,"_monsterinsights_sitenote_note":"","_monsterinsights_sitenote_category":0,"footnotes":""},"categories":[11],"tags":[6265,1829,3885,3827,2519,2517,2520,182,4730,5739],"class_list":["post-50052","post","type-post","status-publish","format-standard","has-post-thumbnail","hentry","category-fetes-medievales-evenement","tag-aphv","tag-association-pour-lhistoire-vivante","tag-hauts-de-france","tag-marche-artisanal","tag-marche-de-lhistoire","tag-marche-historique","tag-margny-les-compiegne","tag-monde-medieval","tag-oise","tag-sortie-historique"],"aioseo_notices":[],"_links":{"self":[{"href":"https:\/\/www.moyenagepassion.com\/index.php\/wp-json\/wp\/v2\/posts\/50052"}],"collection":[{"href":"https:\/\/www.moyenagepassion.com\/index.php\/wp-json\/wp\/v2\/posts"}],"about":[{"href":"https:\/\/www.moyenagepassion.com\/index.php\/wp-json\/wp\/v2\/types\/post"}],"author":[{"embeddable":true,"href":"https:\/\/www.moyenagepassion.com\/index.php\/wp-json\/wp\/v2\/users\/2"}],"replies":[{"embeddable":true,"href":"https:\/\/www.moyenagepassion.com\/index.php\/wp-json\/wp\/v2\/comments?post=50052"}],"version-history":[{"count":13,"href":"https:\/\/www.moyenagepassion.com\/index.php\/wp-json\/wp\/v2\/posts\/50052\/revisions"}],"predecessor-version":[{"id":50071,"href":"https:\/\/www.moyenagepassion.com\/index.php\/wp-json\/wp\/v2\/posts\/50052\/revisions\/50071"}],"wp:featuredmedia":[{"embeddable":true,"href":"https:\/\/www.moyenagepassion.com\/index.php\/wp-json\/wp\/v2\/media\/50066"}],"wp:attachment":[{"href":"https:\/\/www.moyenagepassion.com\/index.php\/wp-json\/wp\/v2\/media?parent=50052"}],"wp:term":[{"taxonomy":"category","embeddable":true,"href":"https:\/\/www.moyenagepassion.com\/index.php\/wp-json\/wp\/v2\/categories?post=50052"},{"taxonomy":"post_tag","embeddable":true,"href":"https:\/\/www.moyenagepassion.com\/index.php\/wp-json\/wp\/v2\/tags?post=50052"}],"curies":[{"name":"wp","href":"https:\/\/api.w.org\/{rel}","templated":true}]}}