{"id":50150,"date":"2024-05-06T04:21:09","date_gmt":"2024-05-06T03:21:09","guid":{"rendered":"https:\/\/www.moyenagepassion.com\/?p=50150"},"modified":"2024-05-06T04:24:52","modified_gmt":"2024-05-06T03:24:52","slug":"un-chant-polyphonique-de-landini-pour-defendre-lart-musical","status":"publish","type":"post","link":"https:\/\/www.moyenagepassion.com\/index.php\/2024\/05\/06\/un-chant-polyphonique-de-landini-pour-defendre-lart-musical\/","title":{"rendered":"Un Chant Polyphonique de Landini pour D\u00e9fendre l&rsquo;Art Musical"},"content":{"rendered":"<div id=\"moyen-270881045\" class=\"moyen-before-content moyen-entity-placement\"><script async src=\"\/\/pagead2.googlesyndication.com\/pagead\/js\/adsbygoogle.js?client=ca-pub-3035390706780632\" crossorigin=\"anonymous\"><\/script><ins class=\"adsbygoogle\" style=\"display:block;\" data-ad-client=\"ca-pub-3035390706780632\" \ndata-ad-slot=\"\" \ndata-ad-format=\"auto\"><\/ins>\n<script> \n(adsbygoogle = window.adsbygoogle || []).push({}); \n<\/script>\n<\/div>\n<p><\/p>\n\n\n<div class=\"wp-block-image\">\n<figure class=\"alignleft size-full is-resized\"><a href=\"https:\/\/www.moyenagepassion.com\/wp-content\/uploads\/2024\/05\/francesco-Landini-Ars-Nova-Musique-Medievale-Trecento-italien.jpg\"><img decoding=\"async\" width=\"144\" height=\"308\" src=\"https:\/\/www.moyenagepassion.com\/wp-content\/uploads\/2024\/05\/francesco-Landini-Ars-Nova-Musique-Medievale-Trecento-italien.jpg\" alt=\"Enluminure de Landini dans le Codex  Squarcialupi \" class=\"wp-image-50156\" style=\"width:100px;height:auto\" srcset=\"https:\/\/www.moyenagepassion.com\/wp-content\/uploads\/2024\/05\/francesco-Landini-Ars-Nova-Musique-Medievale-Trecento-italien.jpg 144w, https:\/\/www.moyenagepassion.com\/wp-content\/uploads\/2024\/05\/francesco-Landini-Ars-Nova-Musique-Medievale-Trecento-italien-140x300.jpg 140w\" sizes=\"(max-width: 144px) 100vw, 144px\" \/><\/a><\/figure><\/div>\n\n\n<p><strong>Sujet<\/strong> : musique m\u00e9di\u00e9vale, musiques anciennes, chant polyphonique, Ars nova, madrigal, chanson m\u00e9di\u00e9vale, chanson morale, po\u00e9sie morale<br><strong>P\u00e9riode<\/strong> : Moyen \u00c2ge tardif, XIVe si\u00e8cle<br><strong>Auteur<\/strong> : Francesco Landini (1325-1397)<br><strong>Titre <\/strong>: <em>Musica son che mi dolgo<\/em><br><strong>Interpr\u00e8tes<\/strong> : Ensemble Sollazzo<br>Album  : Parle qui veut, chansons moralisatrices du Moyen \u00c2ge (2016).<\/p>\n\n\n\n<p>Bonjour \u00e0 tous,<\/p>\n\n\n<div class=\"wp-block-image\">\n<figure class=\"alignleft size-full\"><a href=\"https:\/\/www.moyenagepassion.com\/wp-content\/uploads\/2018\/10\/E_lettrine_moyen_age_passion.jpg\"><img decoding=\"async\" width=\"84\" height=\"103\" src=\"https:\/\/www.moyenagepassion.com\/wp-content\/uploads\/2018\/10\/E_lettrine_moyen_age_passion.jpg\" alt=\"\" class=\"wp-image-23889\"\/><\/a><\/figure><\/div>\n\n\n<p class=\"classe text_justify\">n route pour le trecento italien avec un nouveau chant polyphonique du compositeur Francesco Landini. Entre  Moyen \u00c2ge tardif et Renaissance italienne, ce tr\u00e8s prolifique ma\u00eetre de musique et organiste florentin se pose comme un des plus grands repr\u00e9sentants de l&rsquo;Ars Nova de la p\u00e9ninsule.<\/p>\n\n\n\n<p class=\"classe text_justify\">La pi\u00e8ce de Landini qui nous int\u00e9resse aujourd&rsquo;hui est un madrigal. Ce chant propose trois textes entrelac\u00e9s pour trois voix. Comme on le verra, le pass\u00e9 et la nostalgie y sont \u00e0 l&rsquo;honneur. Nous sommes aussi dans le champ de la po\u00e9sie morale. L&rsquo;auteur y fera, en effet, r\u00e9f\u00e9rence \u00e0 un temps r\u00e9volu de l&rsquo;art musical qu&rsquo;il d\u00e9plore, mais aussi \u00e0 tout un monde de valeurs perdues.<\/p>\n\n\n\n<h2 class=\"wp-block-heading\">Un madrigal nostalgique sur un art en perdition<\/h2>\n\n\n<div class=\"wp-block-image\">\n<figure class=\"alignright size-full is-resized\"><a href=\"https:\/\/www.moyenagepassion.com\/wp-content\/uploads\/2023\/05\/deco-medieval-Francesco-Landini.jpg\"><img decoding=\"async\" width=\"115\" height=\"495\" src=\"https:\/\/www.moyenagepassion.com\/wp-content\/uploads\/2023\/05\/deco-medieval-Francesco-Landini.jpg\" alt=\"\" class=\"wp-image-48070\" style=\"width:80px;height:auto\" srcset=\"https:\/\/www.moyenagepassion.com\/wp-content\/uploads\/2023\/05\/deco-medieval-Francesco-Landini.jpg 115w, https:\/\/www.moyenagepassion.com\/wp-content\/uploads\/2023\/05\/deco-medieval-Francesco-Landini-70x300.jpg 70w\" sizes=\"(max-width: 115px) 100vw, 115px\" \/><\/a><\/figure><\/div>\n\n\n<p class=\"classe text_justify\">Pour qui aime l&rsquo;Ars Nova, Landini atteint le sommet de son art dans ce madrigal \u00e0 trois voix. Sur le plan th\u00e9matique, on s&rsquo;\u00e9loigne quelque peu de sa lyrique courtoise habituelle et des \u00e9motions et d\u00e9boires amoureux qu&rsquo;il s&rsquo;est  si souvent plu \u00e0 nous conter. Ici, le compositeur italien se fait plus moral et piquant, en adressant un art de la musique qui, selon lui, a perdu de sa grandeur et de ses vertus entre des mains inexpertes.  L&rsquo;affaire est faite pour le florentin. Les m\u00e9diocres sont d\u00e9sormais dans la place et pr\u00e9tendent recevoir leur content de louanges sans m\u00eame avoir acquis les pr\u00e9misses de la maestria.<\/p>\n\n\n\n<p class=\"classe text_justify\">La composition musicale n&rsquo;est pas la seule vis\u00e9e par ce madrigal de Francesco Landini. Selon lui,  les vertus, autant que les c\u0153urs nobles, se sont ab\u00e2tardis. La musique n&rsquo;en est finalement qu&rsquo;une manifestation. Entre les lignes acerbes du compositeur florentin, on retrouve, bien que servie diff\u00e9remment, la th\u00e9matique si souvent abord\u00e9e au Moyen \u00c2ge d&rsquo;un monde et ses vertus en perdition. <\/p>\n\n\n\n<p class=\"classe text_justify\">Les temps id\u00e9aux de la chevalerie et de la noblesse v\u00e9ritable ne cessent de s&rsquo;\u00e9loigner et d&rsquo;\u00e9chapper \u00e0 la po\u00e9sie morale m\u00e9di\u00e9vale. M\u00eame si Landini ne va pas jusque l\u00e0 explicitement, ces \u00ab\u00a0c\u0153urs nobles ab\u00e2tardis qui ont laiss\u00e9 derri\u00e8re eux toutes les vertus\u00a0\u00bb semblent r\u00e9sonner un peu de cette id\u00e9e. <\/p>\n\n\n<div class=\"wp-block-image\">\n<figure class=\"aligncenter size-full\"><a href=\"https:\/\/www.moyenagepassion.com\/wp-content\/uploads\/2024\/05\/Landini-madrigal-XIVe-siecle-Ars-Nova-chants-polyphoniques-Musique-medievale-italienne-1250.jpg\"><img decoding=\"async\" width=\"650\" height=\"516\" src=\"https:\/\/www.moyenagepassion.com\/wp-content\/uploads\/2024\/05\/Landini-madrigal-XIVe-siecle-Ars-Nova-chants-polyphoniques-Musique-medievale-italienne-1250-s.jpg\" alt=\"la chanson m\u00e9di\u00e9vale polyphonique du jour et l'enluminure repr\u00e9sentant Landini dans le Codex Squarcialupi\" class=\"wp-image-50151\" srcset=\"https:\/\/www.moyenagepassion.com\/wp-content\/uploads\/2024\/05\/Landini-madrigal-XIVe-siecle-Ars-Nova-chants-polyphoniques-Musique-medievale-italienne-1250-s.jpg 650w, https:\/\/www.moyenagepassion.com\/wp-content\/uploads\/2024\/05\/Landini-madrigal-XIVe-siecle-Ars-Nova-chants-polyphoniques-Musique-medievale-italienne-1250-s-300x238.jpg 300w\" sizes=\"(max-width: 650px) 100vw, 650px\" \/><\/a><\/figure><\/div>\n\n\n<h3 class=\"wp-block-heading\">Aux sources de ce madrigal  : le Codex Squarcialupi <\/h3>\n\n\n<div class=\"wp-block-image\">\n<figure class=\"alignleft size-full is-resized\"><a href=\"https:\/\/www.moyenagepassion.com\/wp-content\/uploads\/2023\/05\/deco-medieval-Francesco-Landini.jpg\"><img decoding=\"async\" width=\"115\" height=\"495\" src=\"https:\/\/www.moyenagepassion.com\/wp-content\/uploads\/2023\/05\/deco-medieval-Francesco-Landini.jpg\" alt=\"\" class=\"wp-image-48070\" style=\"width:80px\" srcset=\"https:\/\/www.moyenagepassion.com\/wp-content\/uploads\/2023\/05\/deco-medieval-Francesco-Landini.jpg 115w, https:\/\/www.moyenagepassion.com\/wp-content\/uploads\/2023\/05\/deco-medieval-Francesco-Landini-70x300.jpg 70w\" sizes=\"(max-width: 115px) 100vw, 115px\" \/><\/a><\/figure><\/div>\n\n\n<p class=\"classe text_justify\">Du point de vue des sources, on retrouvera l&rsquo;habituel Codex Squarcialupi  (MS Mediceo Palatino 87 &#8211; Codex Squarcialupi). L&rsquo;\u0153uvre de Landini est particuli\u00e8rement bien mise en valeur et enlumin\u00e9e dans ce c\u00e9l\u00e8bre ouvrage des XIVe\/XVe si\u00e8cles. Avec ses 354 pi\u00e8ces annot\u00e9es musicalement, dont 150 ne sont pr\u00e9sentes dans aucun autre manuscrit connu \u00e0 ce jour, le Codex Squarcialupi  repr\u00e9sente un v\u00e9ritable tr\u00e9sor de la musique renaissante du Trecento et du nord de l&rsquo;Italie.<\/p>\n\n\n\n<p class=\"classe text_justify\">Le madrigal de Landini ouvre la premi\u00e8re page d\u00e9di\u00e9e \u00e0 l&rsquo;auteur dans ce manuscrit m\u00e9di\u00e9val. Pour sa version en musique, nous avons choisi l&rsquo;interpr\u00e9tation de l&rsquo;Ensemble Sollazzo ou du Sollazzo Ensemble (si on pr\u00e9f\u00e8re son nom anglais).<\/p>\n\n\n\n<h2 class=\"wp-block-heading\">Le Sollazzo Ensemble &amp; les musiques anciennes<\/h2>\n\n\n\n<figure class=\"wp-block-embed is-type-video is-provider-youtube wp-block-embed-youtube wp-embed-aspect-4-3 wp-has-aspect-ratio\"><div class=\"wp-block-embed__wrapper\">\n<iframe title=\"Musicha son \/ Gi\u00e0 furon \/ Ciascun vuol\" width=\"474\" height=\"356\" src=\"https:\/\/www.youtube.com\/embed\/kYLzwtCfHGA?feature=oembed\" frameborder=\"0\" allow=\"accelerometer; autoplay; clipboard-write; encrypted-media; gyroscope; picture-in-picture; web-share\" referrerpolicy=\"strict-origin-when-cross-origin\" allowfullscreen><\/iframe>\n<\/div><\/figure>\n\n\n\n<p class=\"classe text_justify\">Fond\u00e9 en 2014 par Anna Danilevskaia, voil\u00e0 un autre ensemble de musique m\u00e9di\u00e9vale et renaissante ayant \u00e9merg\u00e9 dans le sillage de la   <a href=\"http:\/\/moyenagepassion.com\/index.php\/tag\/schola-cantorum-basiliensis\/\" title=\"\">Schola Cantorum Basiliensis<\/a>. On ne compte plus les formations  ou les collaborations musicales de tr\u00e8s haute tenue auxquelles cette  prestigieuse \u00e9cole de musiques anciennes de B\u00e2le a donn\u00e9 naissance, depuis sa fondation. C&rsquo;est l\u00e0 que les membres de ce qui allait devenir l&rsquo;Ensemble Sollazzo se sont rencontr\u00e9s. Venant tous de formations musicales diverses, leur passion pour les musiques du Moyen \u00c2ge tardif \u00e0 la Renaissance les ont r\u00e9unis pour le plus grand bonheur des amateurs du genre.<\/p>\n\n\n<div class=\"wp-block-image\">\n<figure class=\"aligncenter size-full\"><a href=\"https:\/\/www.moyenagepassion.com\/wp-content\/uploads\/2024\/05\/ensemble-Sollazzo-musiques-medievales-et-renaissantes.jpg\"><img decoding=\"async\" width=\"600\" height=\"419\" src=\"https:\/\/www.moyenagepassion.com\/wp-content\/uploads\/2024\/05\/ensemble-Sollazzo-musiques-medievales-et-renaissantes.jpg\" alt=\"L'Ensemble Sollazzo en sc\u00e8ne, 10 ans de passion pour les musiques anciennes et m\u00e9di\u00e9vales\" class=\"wp-image-50154\" srcset=\"https:\/\/www.moyenagepassion.com\/wp-content\/uploads\/2024\/05\/ensemble-Sollazzo-musiques-medievales-et-renaissantes.jpg 600w, https:\/\/www.moyenagepassion.com\/wp-content\/uploads\/2024\/05\/ensemble-Sollazzo-musiques-medievales-et-renaissantes-300x210.jpg 300w\" sizes=\"(max-width: 600px) 100vw, 600px\" \/><\/a><\/figure><\/div>\n\n\n<p class=\"classe text_justify\">Depuis son \u00e9mergence, cette formation de musiques m\u00e9di\u00e9vales et anciennes n&rsquo;a cess\u00e9 de confirmer son grand talent, en accumulant les prix les plus prestigieux. Apr\u00e8s une d\u00e9cennie de brillante carri\u00e8re, l&rsquo;Ensemble Sollazzo affiche une discographie riche de 7 albums. Inutile de pr\u00e9ciser que chaque nouvelle sortie est toujours tr\u00e8s attendue. <br><br>C\u00f4t\u00e9 concerts, la formation se partage entre divers pays d&rsquo;Europe dont  la France, la Suisse et la Belgique. Pour retrouver leur actualit\u00e9 et leurs programmes, tout se passe  sur sollazzoensemble.net, leur site officiel (disponible, pour l&rsquo;instant, en Anglais). <\/p>\n\n\n\n<h3 class=\"wp-block-heading\"><em>Parle qui veut, Moralizing songs of the Middle-Ages<\/em><\/h3>\n\n\n\n<p class=\"classe text_justify\">Avec 13 morceaux pour 46 minutes d&rsquo;\u00e9coute, l&rsquo;album \u00ab\u00a0<em>Parle qui veut, chansons moralisatrices du Moyen \u00c2ge<\/em>\u00a0\u00bb r\u00e9unit des pi\u00e8ces teint\u00e9es de morale, en provenance de l&rsquo;Italie et de la France des XIIIe et XIVe si\u00e8cles. Ars nova et polyphonie y sont \u00e0 l&rsquo;honneur. <\/p>\n\n\n<div class=\"wp-block-image\">\n<figure class=\"alignright size-full is-resized\"><a href=\"https:\/\/www.moyenagepassion.com\/wp-content\/uploads\/2024\/05\/album-Sollazzo-Ensemble-Parle-Qui-Veut-Musiques-medievales-et-renaissantes-du-XIVe-siecle.jpg\"><img decoding=\"async\" width=\"334\" height=\"297\" src=\"https:\/\/www.moyenagepassion.com\/wp-content\/uploads\/2024\/05\/album-Sollazzo-Ensemble-Parle-Qui-Veut-Musiques-medievales-et-renaissantes-du-XIVe-siecle.jpg\" alt=\"L'album du Sollazzo Ensemble : parle qui veut, chansons moralisatrices du Moyen  \u00c2ge\" class=\"wp-image-50155\" style=\"width:237px;height:auto\" srcset=\"https:\/\/www.moyenagepassion.com\/wp-content\/uploads\/2024\/05\/album-Sollazzo-Ensemble-Parle-Qui-Veut-Musiques-medievales-et-renaissantes-du-XIVe-siecle.jpg 334w, https:\/\/www.moyenagepassion.com\/wp-content\/uploads\/2024\/05\/album-Sollazzo-Ensemble-Parle-Qui-Veut-Musiques-medievales-et-renaissantes-du-XIVe-siecle-300x267.jpg 300w\" sizes=\"(max-width: 334px) 100vw, 334px\" \/><\/a><\/figure><\/div>\n\n\n<p class=\"classe text_justify\">Cette production distingue aussi d&#8217;embl\u00e9e l&rsquo;approche de l&rsquo;Ensemble Sollazzo et la direction d&rsquo;Anna Danilevskaia. L&rsquo;assemblage th\u00e9matique est, en effet, original et on y d\u00e9couvre nombre de pi\u00e8ces rares et peu jou\u00e9es jusque l\u00e0. Le tout est ex\u00e9cut\u00e9 avec gr\u00e2ce et talent et les connaisseurs de musique m\u00e9di\u00e9vale ne s&rsquo;y sont pas tromp\u00e9s. Cet album pr\u00e9coce du l&rsquo;Ensemble Sollazzo lui valut, en effet, un premier prix dans le cadre de la Comp\u00e9tition pour jeunes artistes du<em> Festival pour les Musiques anciennes de York<\/em> (le York Early Music Festival). <br><br>Vous pourrez \u00e9couter cet album sur  les plateformes de musiques l\u00e9gales ou l&rsquo;acqu\u00e9rir au format CD chez votre meilleur disquaire. Voici \u00e9galement <a href=\"http:\/\/Album https:\/\/amzn.to\/4djXtum\" title=\"\">un lien utile pour vous le procurer en ligne<\/a>.<\/p>\n\n\n\n<h4 class=\"wp-block-heading\">Artistes ayant particip\u00e9 \u00e0 cet album  <\/h4>\n\n\n\n<p class=\"classe text_justify\">Anna Danilevskaia (Vi\u00e8le et direction), Sophia Danilevskaia (Vi\u00e8le), Perrine Devillers (soprano), Vincent Kibildis (harpe), Yukie Sato (soprano), Vivien Simon (tenor).<\/p>\n\n\n\n<hr class=\"wp-block-separator has-alpha-channel-opacity\"\/>\n\n\n\n<h2 class=\"wp-block-heading has-text-align-center\">Le Madrigal de Landini<br>et sa traduction en fran\u00e7ais actuel<\/h2>\n\n\n\n<p class=\"has-text-align-center\"><strong><em><mark style=\"background-color:rgba(0, 0, 0, 0)\" class=\"has-inline-color has-green-color\">Musica son che mi dolgo, piangendo.<br>veder gli effetti mie dolci e perfetti<br>lasciar per frottol i vaghi intelletti.<br>Perch\u00e9&rsquo; ignoranza e vizio ogn&rsquo;uom costuma.<br>lasciasi &lsquo;l buon e pigliasi la schiuma.<br><br>Gia furon le dolcezze mie pregiate<br>da cavalier, baroni e gran signori:<br>or sono imbastarditi e genti cori.<br>Ma di&rsquo; Musica sol non mi lamento.<br>ch&rsquo;ancor l&rsquo;altre virt\u00f9 lasciate sento.<br><br>Ciascun vuoli narrar musical note.<br>e compor madrial, cacce, ballate.<br>tenendo ognor le sue autenticate.<br>Chi vuol d&rsquo;una virt\u00f9 venire in loda<br>conviengli prima giugner a la proda.<\/mark><\/em><\/strong><\/p>\n\n\n\n<h4 class=\"wp-block-heading has-text-align-center\">Traduction fran\u00e7aise<\/h4>\n\n\n\n<p class=\"has-text-align-center\"><em><mark style=\"background-color:rgba(0, 0, 0, 0)\" class=\"has-inline-color has-dark-gray-color\">Je suis Musique qui souffre et pleure<br>De voir mes plus doux et parfaits effets<br>Abandonn\u00e9s par frivolit\u00e9 et vagues arguties <\/mark><mark style=\"background-color:rgba(0, 0, 0, 0)\" class=\"has-inline-color has-medium-gray-color\">(paresse intellectuelle)<\/mark><mark style=\"background-color:rgba(0, 0, 0, 0)\" class=\"has-inline-color has-dark-gray-color\"><br>Car l&rsquo;ignorance et le vice deviennent coutumiers,<br>On laisse le meilleur et on ne prend que l&rsquo;\u00e9cume. <\/mark><mark style=\"background-color:rgba(0, 0, 0, 0)\" class=\"has-inline-color has-medium-gray-color\">(la mousse, le superficiel)<\/mark><mark style=\"background-color:rgba(0, 0, 0, 0)\" class=\"has-inline-color has-dark-gray-color\"><br><br>Nagu\u00e8re mes douces cr\u00e9ations<\/mark><mark style=\"background-color:rgba(0, 0, 0, 0)\" class=\"has-inline-color has-medium-gray-color\"> (bonbons, douceurs)<\/mark><mark style=\"background-color:rgba(0, 0, 0, 0)\" class=\"has-inline-color has-dark-gray-color\"> furent appr\u00e9ci\u00e9es<br>Des chevaliers, barons et grands seigneurs.<br>D\u00e9sormais, les nobles c\u0153urs sont corrompus.<br>Mais je ne me lamente pas seulement de la Musique<br>Car <\/mark><mark style=\"background-color:rgba(0, 0, 0, 0)\" class=\"has-inline-color has-medium-gray-color\">(je ressens que)<\/mark><mark style=\"background-color:rgba(0, 0, 0, 0)\" class=\"has-inline-color has-dark-gray-color\"> ils ont aussi laiss\u00e9 derri\u00e8re eux toutes les autres vertus.<br><br>A pr\u00e9sent, chacun veut \u00e9crire des notes de musique<br>Composer des madrigaux, des caccie <\/mark><mark style=\"background-color:rgba(0, 0, 0, 0)\" class=\"has-inline-color has-medium-gray-color\">(chasses ou fugues)<\/mark><mark style=\"background-color:rgba(0, 0, 0, 0)\" class=\"has-inline-color has-dark-gray-color\"> ou des ballate<br>En tenant pour authentique ses propres cr\u00e9ations,<br>Mais celui qui veut, par sa vertu <\/mark><mark style=\"background-color:rgba(0, 0, 0, 0)\" class=\"has-inline-color has-medium-gray-color\">(son talent)<\/mark><mark style=\"background-color:rgba(0, 0, 0, 0)\" class=\"has-inline-color has-dark-gray-color\">, recevoir une louange,<br>Il convient d&rsquo;abord qu&rsquo;il atteigne le but vis\u00e9.<\/mark><\/em><\/p>\n\n\n\n<hr class=\"wp-block-separator has-alpha-channel-opacity\"\/>\n\n\n\n<p>En vous souhaitant une excellente journ\u00e9e.<br>Fred<br>pour moyenagepassion.com<br>A la d\u00e9couverte du Moyen \u00c2ge sous toutes ses formes<\/p>\n","protected":false},"excerpt":{"rendered":"<p>Sujet : musique m\u00e9di\u00e9vale, musiques anciennes, chant polyphonique, Ars nova, madrigal, chanson m\u00e9di\u00e9vale, chanson morale, po\u00e9sie moraleP\u00e9riode : Moyen \u00c2ge tardif, XIVe si\u00e8cleAuteur : Francesco Landini (1325-1397)Titre : Musica son che mi dolgoInterpr\u00e8tes : Ensemble SollazzoAlbum : Parle qui veut, chansons moralisatrices du Moyen \u00c2ge (2016). Bonjour \u00e0 tous, n route pour le trecento italien &hellip; <a href=\"https:\/\/www.moyenagepassion.com\/index.php\/2024\/05\/06\/un-chant-polyphonique-de-landini-pour-defendre-lart-musical\/\" class=\"more-link\">Continuer la lecture de <span class=\"screen-reader-text\">Un Chant Polyphonique de Landini pour D\u00e9fendre l&rsquo;Art Musical<\/span>  <span class=\"meta-nav\">&rarr;<\/span><\/a><\/p>\n","protected":false},"author":2,"featured_media":50153,"comment_status":"open","ping_status":"open","sticky":false,"template":"","format":"standard","meta":{"_monsterinsights_skip_tracking":false,"_monsterinsights_sitenote_active":false,"_monsterinsights_sitenote_note":"","_monsterinsights_sitenote_category":0,"footnotes":""},"categories":[3766,9],"tags":[6277,2694,654,6274,5504,5088,6275,5086,5429,883,3258,6276],"class_list":["post-50150","post","type-post","status-publish","format-standard","has-post-thumbnail","hentry","category-francesco-landini","category-musique-medieval-historique-fantaisie-celtique","tag-anna-danilevskaia","tag-ars-nova","tag-chanson-medievale","tag-chanson-morale","tag-chant-polyphonique","tag-codex-squarcialupi","tag-ensemble-sollazzo","tag-madrigal","tag-ms-mediceo-palatino-87","tag-musiques-anciennes","tag-schola-cantorum-basiliensis","tag-sollazzo-ensemble"],"aioseo_notices":[],"_links":{"self":[{"href":"https:\/\/www.moyenagepassion.com\/index.php\/wp-json\/wp\/v2\/posts\/50150"}],"collection":[{"href":"https:\/\/www.moyenagepassion.com\/index.php\/wp-json\/wp\/v2\/posts"}],"about":[{"href":"https:\/\/www.moyenagepassion.com\/index.php\/wp-json\/wp\/v2\/types\/post"}],"author":[{"embeddable":true,"href":"https:\/\/www.moyenagepassion.com\/index.php\/wp-json\/wp\/v2\/users\/2"}],"replies":[{"embeddable":true,"href":"https:\/\/www.moyenagepassion.com\/index.php\/wp-json\/wp\/v2\/comments?post=50150"}],"version-history":[{"count":6,"href":"https:\/\/www.moyenagepassion.com\/index.php\/wp-json\/wp\/v2\/posts\/50150\/revisions"}],"predecessor-version":[{"id":50162,"href":"https:\/\/www.moyenagepassion.com\/index.php\/wp-json\/wp\/v2\/posts\/50150\/revisions\/50162"}],"wp:featuredmedia":[{"embeddable":true,"href":"https:\/\/www.moyenagepassion.com\/index.php\/wp-json\/wp\/v2\/media\/50153"}],"wp:attachment":[{"href":"https:\/\/www.moyenagepassion.com\/index.php\/wp-json\/wp\/v2\/media?parent=50150"}],"wp:term":[{"taxonomy":"category","embeddable":true,"href":"https:\/\/www.moyenagepassion.com\/index.php\/wp-json\/wp\/v2\/categories?post=50150"},{"taxonomy":"post_tag","embeddable":true,"href":"https:\/\/www.moyenagepassion.com\/index.php\/wp-json\/wp\/v2\/tags?post=50150"}],"curies":[{"name":"wp","href":"https:\/\/api.w.org\/{rel}","templated":true}]}}