{"id":50373,"date":"2024-07-08T01:23:33","date_gmt":"2024-07-08T00:23:33","guid":{"rendered":"https:\/\/www.moyenagepassion.com\/?p=50373"},"modified":"2024-07-08T01:57:20","modified_gmt":"2024-07-08T00:57:20","slug":"le-moyen-age-festif-revient-au-chateau-de-montaner","status":"publish","type":"post","link":"https:\/\/www.moyenagepassion.com\/index.php\/2024\/07\/08\/le-moyen-age-festif-revient-au-chateau-de-montaner\/","title":{"rendered":"Le Moyen \u00c2ge festif revient au Ch\u00e2teau de Montaner"},"content":{"rendered":"<div id=\"moyen-2962268113\" class=\"moyen-before-content moyen-entity-placement\"><script async src=\"\/\/pagead2.googlesyndication.com\/pagead\/js\/adsbygoogle.js?client=ca-pub-3035390706780632\" crossorigin=\"anonymous\"><\/script><ins class=\"adsbygoogle\" style=\"display:block;\" data-ad-client=\"ca-pub-3035390706780632\" \ndata-ad-slot=\"\" \ndata-ad-format=\"auto\"><\/ins>\n<script> \n(adsbygoogle = window.adsbygoogle || []).push({}); \n<\/script>\n<\/div>\n<p><\/p>\n\n\n<div class=\"wp-block-image\">\n<figure class=\"alignleft is-resized\"><a href=\"https:\/\/www.moyenagepassion.com\/wp-content\/uploads\/2019\/07\/montaner-chateau-ecu-armoirie-blason-animations-medievales-aquitaine.jpg\"><img decoding=\"async\" width=\"226\" height=\"337\" src=\"https:\/\/www.moyenagepassion.com\/wp-content\/uploads\/2019\/07\/montaner-chateau-ecu-armoirie-blason-animations-medievales-aquitaine.jpg\" alt=\"Blason armoirie Gaston de Foix-B\u00e9arn, ch\u00e2teau de Montaner, Nouvelle-Aquitaine\" class=\"wp-image-27545\" style=\"width:121px;height:auto\" srcset=\"https:\/\/www.moyenagepassion.com\/wp-content\/uploads\/2019\/07\/montaner-chateau-ecu-armoirie-blason-animations-medievales-aquitaine.jpg 226w, https:\/\/www.moyenagepassion.com\/wp-content\/uploads\/2019\/07\/montaner-chateau-ecu-armoirie-blason-animations-medievales-aquitaine-201x300.jpg 201w\" sizes=\"(max-width: 226px) 100vw, 226px\" \/><\/a><\/figure><\/div>\n\n\n<p class=\"classe text_justify\"><strong><a href=\"https:\/\/www.moyenagepassion.com\/wp-content\/uploads\/2019\/07\/montaner-chateau-ecu-armoirie-blason-animations-medievales-aquitaine.jpg\"><\/a>Sujet<\/strong>&nbsp;: f\u00eate m\u00e9di\u00e9vale, compagnies m\u00e9di\u00e9vales, reconstituteurs, histoire vivante, animations m\u00e9di\u00e9vales, monument class\u00e9, Moyen \u00c2ge&nbsp;festif.<br><strong>Ev\u00e9nement :&nbsp;<\/strong><em>Les 22e m\u00e9di\u00e9vales de Montaner<\/em><br><strong>Lieu<\/strong>&nbsp;: Ch\u00e2teau de Montaner, Pyr\u00e9n\u00e9es-Atlantiques,&nbsp;Nouvelle Aquitaine, B\u00e9arn.<br><strong>Dates<\/strong>&nbsp;:&nbsp;Les&nbsp;13 au&nbsp;14 juillet 2024<\/p>\n\n\n\n<p>Bonjour \u00e0 tous,<\/p>\n\n\n<div class=\"wp-block-image\">\n<figure class=\"alignleft size-full\"><a href=\"https:\/\/www.moyenagepassion.com\/wp-content\/uploads\/2018\/10\/L_lettrine_moyen_age_passion.jpg\"><img decoding=\"async\" width=\"84\" height=\"103\" src=\"https:\/\/www.moyenagepassion.com\/wp-content\/uploads\/2018\/10\/L_lettrine_moyen_age_passion.jpg\" alt=\"\" class=\"wp-image-23896\"\/><\/a><\/figure><\/div>\n\n\n<p class=\"classe text_justify\">&lsquo;agenda m\u00e9di\u00e9val de ce mois de juillet nous entra\u00eene du c\u00f4t\u00e9 de la Nouvelle Aquitaine. Le ch\u00e2teau de Montaner  y c\u00e9l\u00e9brera ses 22\u00e8mes M\u00e9di\u00e9vales avec de nombreuses r\u00e9jouissances, spectacles et animations. Edifi\u00e9 dans la deuxi\u00e8me partie du XIVe si\u00e8cle par le c\u00e9l\u00e8bre Gaston F\u00e9bus, cette place forte m\u00e9di\u00e9vale et son donjon sont d\u00e9sormais class\u00e9s monument historique. <\/p>\n\n\n\n<h2 class=\"wp-block-heading\">Au programme des M\u00e9di\u00e9vales  de Montaner<\/h2>\n\n\n<div class=\"wp-block-image\">\n<figure class=\"aligncenter size-full\"><a href=\"https:\/\/www.moyenagepassion.com\/wp-content\/uploads\/2024\/07\/medievales-2024-chateau-de-Montaner-Nouvelle-Aquitaine-Animations-Moyen-Age.jpg\"><img decoding=\"async\" width=\"650\" height=\"484\" src=\"https:\/\/www.moyenagepassion.com\/wp-content\/uploads\/2024\/07\/medievales-2024-chateau-de-Montaner-Nouvelle-Aquitaine-Animations-Moyen-Age.jpg\" alt=\"22e Medievales du ch\u00e2teau de Montaner 2024 - Affiche officielle\" class=\"wp-image-50378\" srcset=\"https:\/\/www.moyenagepassion.com\/wp-content\/uploads\/2024\/07\/medievales-2024-chateau-de-Montaner-Nouvelle-Aquitaine-Animations-Moyen-Age.jpg 650w, https:\/\/www.moyenagepassion.com\/wp-content\/uploads\/2024\/07\/medievales-2024-chateau-de-Montaner-Nouvelle-Aquitaine-Animations-Moyen-Age-300x223.jpg 300w\" sizes=\"(max-width: 650px) 100vw, 650px\" \/><\/a><\/figure><\/div>\n\n\n<p class=\"classe text_justify\">Entre activit\u00e9s permanentes et grands spectacles, le programme de l&rsquo;\u00e9dition 2024 des <strong>M\u00e9di\u00e9vales de Montaner<\/strong> s&rsquo;annonce, \u00e0 nouveau, bien garni. De nombreuses compagnies m\u00e9di\u00e9vales, artisans, artistes et musiciens y sont attendus. Ils animeront tout au long du week-end les diff\u00e9rents lieux de la f\u00eate, de l&rsquo;int\u00e9rieur du ch\u00e2teau \u00e0 sa plaine environnante.<\/p>\n\n\n<div class=\"wp-block-image\">\n<figure class=\"alignright size-full is-resized\"><a href=\"https:\/\/www.moyenagepassion.com\/wp-content\/uploads\/2023\/07\/deco-medieval-chateau-de-montaner.jpg\"><img decoding=\"async\" width=\"115\" height=\"495\" src=\"https:\/\/www.moyenagepassion.com\/wp-content\/uploads\/2023\/07\/deco-medieval-chateau-de-montaner.jpg\" alt=\"\" class=\"wp-image-48751\" style=\"width:80px\" srcset=\"https:\/\/www.moyenagepassion.com\/wp-content\/uploads\/2023\/07\/deco-medieval-chateau-de-montaner.jpg 115w, https:\/\/www.moyenagepassion.com\/wp-content\/uploads\/2023\/07\/deco-medieval-chateau-de-montaner-70x300.jpg 70w\" sizes=\"(max-width: 115px) 100vw, 115px\" \/><\/a><\/figure><\/div>\n\n\n<p class=\"classe text_justify\">Ateliers d&rsquo;artisanat m\u00e9di\u00e9val sur de nombreux th\u00e8mes, d\u00e9couverte de la vie quotidienne au Moyen \u00c2ge et d\u00e9monstrations de combats en armure seront au rendez-vous sur les diff\u00e9rents campements. Comme chaque ann\u00e9e,  l&rsquo;ombre du Lion des Pyr\u00e9n\u00e9es  Gaston Febus ne manquera pas d&rsquo;y planer. <\/p>\n\n\n\n<p class=\"classe text_justify\">Les reconstituteurs et passionn\u00e9s d&rsquo;histoire vivante ne seront pas les seuls \u00e0 occuper le terrain. Concerts et d\u00e9ambulations en musique viendront s&rsquo;y ajouter, accompagn\u00e9s de sayn\u00e8tes, th\u00e9\u00e2tre de rue et autres activit\u00e9s ludiques. Prestations et acrobaties \u00e9questres, fauconnerie et spectacles de feu seront encore au programme de cette f\u00eate m\u00e9di\u00e9vale qui confirme, d&rsquo;ann\u00e9e en ann\u00e9e, ses grandes qualit\u00e9s. <\/p>\n\n\n\n<p class=\"classe text_justify\">Retrouvez le programme complet sur le <a href=\"https:\/\/medievalesdemontaner.com\/les-medievales\" title=\"\"><strong>site officiel de l\u2019Association de Amis du Ch\u00e2teau de Montaner<\/strong><\/a>, organisatrice de l&rsquo;\u00e9v\u00e9nement.<\/p>\n\n\n<div class=\"wp-block-image\">\n<figure class=\"aligncenter size-full\"><a href=\"https:\/\/www.moyenagepassion.com\/wp-content\/uploads\/2024\/07\/Animations-Medievales-2024-Chateau-de-Montaner-Nouvelle-Aquitaine-Moyen-Age-festif.jpg\"><img decoding=\"async\" width=\"650\" height=\"499\" src=\"https:\/\/www.moyenagepassion.com\/wp-content\/uploads\/2024\/07\/Animations-Medievales-2024-Chateau-de-Montaner-Nouvelle-Aquitaine-Moyen-Age-festif-s.jpg\" alt=\"Compagnies m\u00e9di\u00e9vales et animations pour les 22eme m\u00e9di\u00e9vales du Ch\u00e2teau de Montaner (carte postale)\" class=\"wp-image-50380\" srcset=\"https:\/\/www.moyenagepassion.com\/wp-content\/uploads\/2024\/07\/Animations-Medievales-2024-Chateau-de-Montaner-Nouvelle-Aquitaine-Moyen-Age-festif-s.jpg 650w, https:\/\/www.moyenagepassion.com\/wp-content\/uploads\/2024\/07\/Animations-Medievales-2024-Chateau-de-Montaner-Nouvelle-Aquitaine-Moyen-Age-festif-s-300x230.jpg 300w\" sizes=\"(max-width: 650px) 100vw, 650px\" \/><\/a><\/figure><\/div>\n\n\n<h3 class=\"wp-block-heading\">Compagnies m\u00e9di\u00e9vales &amp; troupes invit\u00e9es<\/h3>\n\n\n<div class=\"wp-block-image\">\n<figure class=\"alignleft size-full is-resized\"><a href=\"https:\/\/www.moyenagepassion.com\/wp-content\/uploads\/2023\/07\/deco-medieval-chateau-de-montaner.jpg\"><img decoding=\"async\" width=\"115\" height=\"495\" src=\"https:\/\/www.moyenagepassion.com\/wp-content\/uploads\/2023\/07\/deco-medieval-chateau-de-montaner.jpg\" alt=\"\" class=\"wp-image-48751\" style=\"width:80px\" srcset=\"https:\/\/www.moyenagepassion.com\/wp-content\/uploads\/2023\/07\/deco-medieval-chateau-de-montaner.jpg 115w, https:\/\/www.moyenagepassion.com\/wp-content\/uploads\/2023\/07\/deco-medieval-chateau-de-montaner-70x300.jpg 70w\" sizes=\"(max-width: 115px) 100vw, 115px\" \/><\/a><\/figure><\/div>\n\n\n<p><em><mark style=\"background-color:rgba(0, 0, 0, 0)\" class=\"has-inline-color has-green-color\">TurbaMusica &#8211; Armutan &#8211; Dayazell &#8211; La Rioule des Compagnons du Monde &#8211; Le trio Florentina -Cie Armutan &#8211; Compagnie Bric \u00e0 Brac &#8211; Compagnie Taprobane &#8211; La Confr\u00e9rie des veilleurs du temps &#8211; Compagnie Billenbois &#8211; Compagnie Le Goupil &#8211; Le Bouffon des Gueux &#8211; Cow Prod et Compagnie &#8211; Chevalerie &#8211; Fauconnerie Marche &#8211; Imaziren &#8211; Le Prince Beau&amp;Mien &#8211; Les Monts Rieurs &#8211; Compagnie Crealid &#8211; Bulles d&rsquo;R 65 &#8211; La petite brigade &#8211; Le clan Solskirnir &#8211; Les Mortes Payes &#8211; Herpaille &#8211; Nordvegir &#8211; La Mesnie de Barbazan &#8211; F\u00e9bus Aban &#8211; La Commanderie de Pyr\u00e8ne -Qu&#8217;em Biarn\u00e8s &#8211; Les III B\u00e2tons &#8211; Les Berserkrs &#8211; Atinor Vasconia &#8211; Les Ours de Bigorre &#8211; Les Blancs Corbeaux &#8211; L&rsquo;attelage de Pierre Nabos &#8211; L&rsquo;association \u00e0 la Hache &#8211; KrigerHrafn<\/mark><\/em>.<\/p>\n\n\n\n<p>Voir nos articles pr\u00e9c\u00e9dents sur les M\u00e9di\u00e9vales de Montaner :&nbsp;<a href=\"https:\/\/www.moyenagepassion.com\/index.php\/2017\/07\/07\/agenda-medieval-du-nord-au-sud-un-week-end-de-juillet-aux-couleurs-du-moyen-age\/\">Edition 2017&nbsp;<\/a>\u2013&nbsp;<a href=\"https:\/\/www.moyenagepassion.com\/index.php\/2018\/07\/05\/agenda-les-16e-medievales-de-montaner\/\">Edition 2018<\/a>&nbsp;\u2013&nbsp;<a href=\"https:\/\/www.moyenagepassion.com\/index.php\/2019\/07\/02\/le-moyen-age-festif-a-lassaut-des-vieilles-pierres-du-chateau-de-montaner\/\">Edition 2019<\/a> &#8211; <a href=\"https:\/\/www.moyenagepassion.com\/index.php\/2023\/07\/13\/medievales-2023-le-chateau-de-montaner-aux-heures-de-gaston-febus\/\">Edition 2023<\/a>.<\/p>\n\n\n\n<p>En vous souhaitant une belle&nbsp; journ\u00e9e.<\/p>\n\n\n\n<p>Fr\u00e9d\u00e9ric EFFE.<br>Pour moyenagepassion.com<br><em>A la d\u00e9couverte du Monde m\u00e9di\u00e9val sous toutes ses formes.<\/em><\/p>\n","protected":false},"excerpt":{"rendered":"<p>Sujet&nbsp;: f\u00eate m\u00e9di\u00e9vale, compagnies m\u00e9di\u00e9vales, reconstituteurs, histoire vivante, animations m\u00e9di\u00e9vales, monument class\u00e9, Moyen \u00c2ge&nbsp;festif.Ev\u00e9nement :&nbsp;Les 22e m\u00e9di\u00e9vales de MontanerLieu&nbsp;: Ch\u00e2teau de Montaner, Pyr\u00e9n\u00e9es-Atlantiques,&nbsp;Nouvelle Aquitaine, B\u00e9arn.Dates&nbsp;:&nbsp;Les&nbsp;13 au&nbsp;14 juillet 2024 Bonjour \u00e0 tous, &lsquo;agenda m\u00e9di\u00e9val de ce mois de juillet nous entra\u00eene du c\u00f4t\u00e9 de la Nouvelle Aquitaine. Le ch\u00e2teau de Montaner y c\u00e9l\u00e9brera ses 22\u00e8mes M\u00e9di\u00e9vales &hellip; <a href=\"https:\/\/www.moyenagepassion.com\/index.php\/2024\/07\/08\/le-moyen-age-festif-revient-au-chateau-de-montaner\/\" class=\"more-link\">Continuer la lecture de <span class=\"screen-reader-text\">Le Moyen \u00c2ge festif revient au Ch\u00e2teau de Montaner<\/span>  <span class=\"meta-nav\">&rarr;<\/span><\/a><\/p>\n","protected":false},"author":2,"featured_media":50374,"comment_status":"open","ping_status":"open","sticky":false,"template":"","format":"standard","meta":{"_monsterinsights_skip_tracking":false,"_monsterinsights_sitenote_active":false,"_monsterinsights_sitenote_note":"","_monsterinsights_sitenote_category":0,"footnotes":""},"categories":[11],"tags":[2529,6151,5828,4598,212,5320,1826,1227,3912,231,6121,6150,4597,2757],"class_list":["post-50373","post","type-post","status-publish","format-standard","has-post-thumbnail","hentry","category-fetes-medievales-evenement","tag-animations-medievales","tag-bearn","tag-campement","tag-chateau-de-montaner","tag-compagnies-medievales","tag-fete-medievale","tag-histoire-vivante","tag-medievales","tag-montaner","tag-monument-classe","tag-moyen-age-festif-4","tag-nouvelle-aquitaine-2","tag-pyrenees-atlantiques","tag-reconstituteurs"],"aioseo_notices":[],"_links":{"self":[{"href":"https:\/\/www.moyenagepassion.com\/index.php\/wp-json\/wp\/v2\/posts\/50373"}],"collection":[{"href":"https:\/\/www.moyenagepassion.com\/index.php\/wp-json\/wp\/v2\/posts"}],"about":[{"href":"https:\/\/www.moyenagepassion.com\/index.php\/wp-json\/wp\/v2\/types\/post"}],"author":[{"embeddable":true,"href":"https:\/\/www.moyenagepassion.com\/index.php\/wp-json\/wp\/v2\/users\/2"}],"replies":[{"embeddable":true,"href":"https:\/\/www.moyenagepassion.com\/index.php\/wp-json\/wp\/v2\/comments?post=50373"}],"version-history":[{"count":11,"href":"https:\/\/www.moyenagepassion.com\/index.php\/wp-json\/wp\/v2\/posts\/50373\/revisions"}],"predecessor-version":[{"id":50390,"href":"https:\/\/www.moyenagepassion.com\/index.php\/wp-json\/wp\/v2\/posts\/50373\/revisions\/50390"}],"wp:featuredmedia":[{"embeddable":true,"href":"https:\/\/www.moyenagepassion.com\/index.php\/wp-json\/wp\/v2\/media\/50374"}],"wp:attachment":[{"href":"https:\/\/www.moyenagepassion.com\/index.php\/wp-json\/wp\/v2\/media?parent=50373"}],"wp:term":[{"taxonomy":"category","embeddable":true,"href":"https:\/\/www.moyenagepassion.com\/index.php\/wp-json\/wp\/v2\/categories?post=50373"},{"taxonomy":"post_tag","embeddable":true,"href":"https:\/\/www.moyenagepassion.com\/index.php\/wp-json\/wp\/v2\/tags?post=50373"}],"curies":[{"name":"wp","href":"https:\/\/api.w.org\/{rel}","templated":true}]}}