{"id":50547,"date":"2024-09-15T18:32:20","date_gmt":"2024-09-15T17:32:20","guid":{"rendered":"https:\/\/www.moyenagepassion.com\/?p=50547"},"modified":"2024-09-15T18:51:29","modified_gmt":"2024-09-15T17:51:29","slug":"animations-medievales-tiffauges","status":"publish","type":"post","link":"https:\/\/www.moyenagepassion.com\/index.php\/2024\/09\/15\/animations-medievales-tiffauges\/","title":{"rendered":"Animations M\u00e9di\u00e9vales : Le ch\u00e2teau de Tiffauges au c\u0153ur de la guerre de cent ans"},"content":{"rendered":"<div id=\"moyen-1361453944\" class=\"moyen-before-content moyen-entity-placement\"><script async src=\"\/\/pagead2.googlesyndication.com\/pagead\/js\/adsbygoogle.js?client=ca-pub-3035390706780632\" crossorigin=\"anonymous\"><\/script><ins class=\"adsbygoogle\" style=\"display:block;\" data-ad-client=\"ca-pub-3035390706780632\" \ndata-ad-slot=\"\" \ndata-ad-format=\"auto\"><\/ins>\n<script> \n(adsbygoogle = window.adsbygoogle || []).push({}); \n<\/script>\n<\/div>\n<p><\/p>\n\n\n<div class=\"wp-block-image\">\n<figure class=\"alignleft size-full is-resized\"><a href=\"https:\/\/www.moyenagepassion.com\/wp-content\/uploads\/2023\/09\/ecu-armoirie-blason-chateau-de-Tiffauges-2023.jpg\"><img decoding=\"async\" width=\"226\" height=\"337\" src=\"https:\/\/www.moyenagepassion.com\/wp-content\/uploads\/2023\/09\/ecu-armoirie-blason-chateau-de-Tiffauges-2023.jpg\" alt=\"\" class=\"wp-image-49089\" style=\"width:149px;height:auto\" srcset=\"https:\/\/www.moyenagepassion.com\/wp-content\/uploads\/2023\/09\/ecu-armoirie-blason-chateau-de-Tiffauges-2023.jpg 226w, https:\/\/www.moyenagepassion.com\/wp-content\/uploads\/2023\/09\/ecu-armoirie-blason-chateau-de-Tiffauges-2023-201x300.jpg 201w\" sizes=\"(max-width: 226px) 100vw, 226px\" \/><\/a><\/figure><\/div>\n\n\n<p><strong>Sujet<\/strong> : animations m\u00e9di\u00e9vales, reconstituteurs, march\u00e9 m\u00e9di\u00e9val, compagnies m\u00e9di\u00e9vales, histoire vivante, guerre de cent ans, Bertrand du Guesclin.<br><strong>P\u00e9riode <\/strong>: Moyen \u00c2ge central, XIVe si\u00e8cle.<br><strong>Ev\u00e9nement<\/strong> : <em>M\u00e9di\u00e9vales de Tiffauges 2024<\/em><br><strong>Lieu<\/strong> : ch\u00e2teau de Tiffauges, Vend\u00e9e, Pays de la Loire.<br><strong>Date<\/strong> : 28 &amp; 29 septembre 2024.<\/p>\n\n\n\n<p>Bonjour \u00e0 tous,<\/p>\n\n\n<div class=\"wp-block-image\">\n<figure class=\"alignleft size-full\"><a href=\"https:\/\/www.moyenagepassion.com\/wp-content\/uploads\/2018\/10\/D_lettrine_moyen_age_passion.jpg\"><img decoding=\"async\" width=\"84\" height=\"103\" src=\"https:\/\/www.moyenagepassion.com\/wp-content\/uploads\/2018\/10\/D_lettrine_moyen_age_passion.jpg\" alt=\"\" class=\"wp-image-23888\"\/><\/a><\/figure><\/div>\n\n\n<p class=\"classe text_justify\">ans la s\u00e9rie des animations m\u00e9di\u00e9vales \u00e0 ne pas manquer, l&rsquo;histoire vivante vous donnera rendez-vous, les 28 et 29 septembre prochain, au ch\u00e2teau de Tiffauges. En partenariat avec le d\u00e9partement de Vend\u00e9e, <a href=\"https:\/\/roi-uther.net\/\" target=\"_blank\" rel=\"noopener nofollow\" title=\"\">l&rsquo;Association du Roi Uther<\/a> y fera revivre, en grand, l&rsquo;effervescence des lieux, en 1373, et peu de temps apr\u00e8s la fin des guerres de succession de Bretagne. <\/p>\n\n\n\n<h2 class=\"wp-block-heading\">M\u00e9di\u00e9vales de Tiffauges  2024 : le programme <\/h2>\n\n\n<div class=\"wp-block-image classe text_justify\">\n<figure class=\"alignright size-full is-resized\"><a href=\"https:\/\/www.moyenagepassion.com\/wp-content\/uploads\/2024\/09\/Animation-medievale-reconstitution-Tiffauges-2024-Moyen-Age-affiche.jpg\"><img decoding=\"async\" width=\"320\" height=\"452\" src=\"https:\/\/www.moyenagepassion.com\/wp-content\/uploads\/2024\/09\/Animation-medievale-reconstitution-Tiffauges-2024-Moyen-Age-affiche.jpg\" alt=\"Animations m\u00e9di\u00e9vales et reconstitution historique aux M\u00e9di\u00e9vales de Tiffauges\" class=\"wp-image-50551\" style=\"width:252px;height:auto\" srcset=\"https:\/\/www.moyenagepassion.com\/wp-content\/uploads\/2024\/09\/Animation-medievale-reconstitution-Tiffauges-2024-Moyen-Age-affiche.jpg 320w, https:\/\/www.moyenagepassion.com\/wp-content\/uploads\/2024\/09\/Animation-medievale-reconstitution-Tiffauges-2024-Moyen-Age-affiche-212x300.jpg 212w\" sizes=\"(max-width: 320px) 100vw, 320px\" \/><\/a><\/figure><\/div>\n\n\n<p class=\"classe text_justify\">Avec pr\u00e8s de 15000 visiteurs attendus, on peut, une nouvelle fois, compter sur G\u00e9rard Paugam, sa passion de l&rsquo;histoire et son sens du d\u00e9tail pour proposer l\u00e0 un \u00e9v\u00e9nement ambitieux qui n&rsquo;a que peu d&rsquo;\u00e9quivalent sur le sol fran\u00e7ais. <\/p>\n\n\n\n<p class=\"classe text_justify\">Le pr\u00e9sident du Roi Uther a d\u00e9montr\u00e9, depuis longtemps, qu&rsquo;il sait s&rsquo;entourer et son \u00e9quipe de conseillers historiques, de techniciens et de sp\u00e9cialistes de l&rsquo;organisation d&rsquo;\u00e9v\u00e9nements historiques a, une fois de plus, \u0153uvrer pour concocter un \u00e9v\u00e9nement unique \u00e0 Tiffauges.<\/p>\n\n\n\n<p class=\"classe text_justify\">A l&rsquo;image des m\u00e9di\u00e9vales de Tiffauges de l&rsquo;an pass\u00e9 mais dans un tout autre contexte, Bertrand du Guesclin sera, \u00e0 nouveau, l&rsquo;un des grands personnage central de l&rsquo;\u00e9v\u00e9nement.<\/p>\n\n\n\n<h3 class=\"wp-block-heading\">La reconqu\u00eate de Du Guesclin<\/h3>\n\n\n\n<p class=\"classe text_justify\">Pour qui s&rsquo;en souvient, la pr\u00e9c\u00e9dente \u00e9dition des M\u00e9di\u00e9vales de Tiffauges avait fait revivre aux visiteurs l&rsquo;ann\u00e9e 1372. On y avait alors assist\u00e9 \u00e0 la pr\u00e9paration du si\u00e8ge de Thouars, \u00e0 la toute fin des guerres de succession de Bretagne. Cette \u00e9dition 2024 nous transportera un an plus tard. <\/p>\n\n\n\n<p class=\"classe text_justify\">En mars 1373, les arm\u00e9es anglaises ont d\u00e9barqu\u00e9 en force \u00e0 Saint-Malo et Charles V n&rsquo;a eut d&rsquo;autre choix que de faire appel \u00e0 son meilleur chef de guerre, le conn\u00e9table de France et de Castille Bertrand du Guesclin, pour repousser l&rsquo;assaut ennemi. Ce dernier  devra donc, redoubler d&rsquo;efforts pour mettre de l&rsquo;ordre dans la r\u00e9gion, avec face \u00e0 lui de belliqueux angloys.<\/p>\n\n\n\n<h3 class=\"wp-block-heading\">Pr\u00e9paration en vue du si\u00e8ge de Brest<\/h3>\n\n\n<div class=\"wp-block-image\">\n<figure class=\"alignleft size-full is-resized\"><a href=\"https:\/\/www.moyenagepassion.com\/wp-content\/uploads\/2023\/09\/deco-medieval-duguesclin-a-Tiffauges-reconstitution-moyen-age.jpg\"><img decoding=\"async\" width=\"115\" height=\"495\" src=\"https:\/\/www.moyenagepassion.com\/wp-content\/uploads\/2023\/09\/deco-medieval-duguesclin-a-Tiffauges-reconstitution-moyen-age.jpg\" alt=\"Du Guesclin \u00e0 Tiffauges\" class=\"wp-image-49041\" style=\"width:80px\" srcset=\"https:\/\/www.moyenagepassion.com\/wp-content\/uploads\/2023\/09\/deco-medieval-duguesclin-a-Tiffauges-reconstitution-moyen-age.jpg 115w, https:\/\/www.moyenagepassion.com\/wp-content\/uploads\/2023\/09\/deco-medieval-duguesclin-a-Tiffauges-reconstitution-moyen-age-70x300.jpg 70w\" sizes=\"(max-width: 115px) 100vw, 115px\" \/><\/a><\/figure><\/div>\n\n\n<p class=\"classe text_justify\">Pour faire \u00e9chouer la tentative anglaise, Du Guesclin fera feu de tout bois. En ce milieu d&rsquo;ann\u00e9e 1373,  il a d\u00e9j\u00e0 repris le contr\u00f4le de la majeure partie du duch\u00e9. Les arm\u00e9es ennemies ne tiennent plus que quelques places fortes, dont la ville de Brest. Du Guesclin en a d\u00e9j\u00e0 tent\u00e9 le si\u00e8ge sans y parvenir, faute de mat\u00e9riel appropri\u00e9. <\/p>\n\n\n\n<p class=\"classe text_justify\">Pour mieux se pr\u00e9parer \u00e0 entreprendre un nouvel assaut, il a d\u00e9cid\u00e9 de se replier vers Tiffauges. Depuis l&rsquo;endroit, il devra engager la construction d&rsquo;engins de guerre capables de faire tomber Brest et ses remparts. Le conn\u00e9table de France conna\u00eet bien le sujet et il s&rsquo;entourera des meilleurs sp\u00e9cialistes pour lancer ces op\u00e9rations. C&rsquo;est \u00e0 ce moment pr\u00e9cis de l&rsquo;histoire que les M\u00e9di\u00e9vales de Tiffauges 2024 transporteront les visiteurs. <\/p>\n\n\n\n<h3 class=\"wp-block-heading\">Grands campements, man\u0153uvres &amp; reconstitution<\/h3>\n\n\n<div class=\"wp-block-image\">\n<figure class=\"aligncenter size-full\"><a href=\"https:\/\/www.moyenagepassion.com\/wp-content\/uploads\/2024\/09\/animations-et-reconstituteurs-aux-grandes-medievales-du-chateau-de-Tiffauges-2024.jpg\"><img decoding=\"async\" width=\"650\" height=\"484\" src=\"https:\/\/www.moyenagepassion.com\/wp-content\/uploads\/2024\/09\/animations-et-reconstituteurs-aux-grandes-medievales-du-chateau-de-Tiffauges-2024-s.jpg\" alt=\"Reconstitution historique et m\u00e9di\u00e9vales au ch\u00e2teau de Tiffauges en Vend\u00e9e\" class=\"wp-image-50556\" srcset=\"https:\/\/www.moyenagepassion.com\/wp-content\/uploads\/2024\/09\/animations-et-reconstituteurs-aux-grandes-medievales-du-chateau-de-Tiffauges-2024-s.jpg 650w, https:\/\/www.moyenagepassion.com\/wp-content\/uploads\/2024\/09\/animations-et-reconstituteurs-aux-grandes-medievales-du-chateau-de-Tiffauges-2024-s-300x223.jpg 300w\" sizes=\"(max-width: 650px) 100vw, 650px\" \/><\/a><\/figure><\/div>\n\n<div class=\"wp-block-image\">\n<figure class=\"alignright size-full is-resized\"><a href=\"https:\/\/www.moyenagepassion.com\/wp-content\/uploads\/2023\/09\/deco-medieval-duguesclin-a-Tiffauges-reconstitution-moyen-age.jpg\"><img decoding=\"async\" width=\"115\" height=\"495\" src=\"https:\/\/www.moyenagepassion.com\/wp-content\/uploads\/2023\/09\/deco-medieval-duguesclin-a-Tiffauges-reconstitution-moyen-age.jpg\" alt=\"Du Guesclin \u00e0 Tiffauges\" class=\"wp-image-49041\" style=\"width:80px\" srcset=\"https:\/\/www.moyenagepassion.com\/wp-content\/uploads\/2023\/09\/deco-medieval-duguesclin-a-Tiffauges-reconstitution-moyen-age.jpg 115w, https:\/\/www.moyenagepassion.com\/wp-content\/uploads\/2023\/09\/deco-medieval-duguesclin-a-Tiffauges-reconstitution-moyen-age-70x300.jpg 70w\" sizes=\"(max-width: 115px) 100vw, 115px\" \/><\/a><\/figure><\/div>\n\n\n<p class=\"classe text_justify\">A Tiffauges, le conn\u00e9table a fait appel a un grand ing\u00e9nieur,  ma\u00eetre dans la construction et le maniement de machines de guerre. De nombreux artisans sp\u00e9cialis\u00e9s sont aussi venus en soutien, ainsi qu&rsquo;un bouvier et ses b\u0153ufs. <br><br>Ces nouvelles ressources ont rejoint l&rsquo;arm\u00e9e pr\u00e9sente sur place. On peut aussi compter sur la noblesse bretonne qui s&rsquo;est d\u00e9j\u00e0 enr\u00f4l\u00e9e massivement sous la banni\u00e8re de Bertrand du Guesclin. Dans une grande effervescence, piquiers, archers, coutiliers, chevaliers, sont l\u00e0, tous d\u00e9termin\u00e9s \u00e0 en d\u00e9coudre et \u00e0 bouter l&rsquo;angloys hors de Bretagne. On retrouvera toutes ces troupes \u00e0 la man\u0153uvre mais encore des engins de si\u00e8ge et des pi\u00e8ces d&rsquo;artillerie \u00e0 l&rsquo;exercice.<\/p>\n\n\n\n<p class=\"classe text_justify\">Bien s\u00fbr, tout ce monde devra \u00eatre nourri, log\u00e9, entretenu, soign\u00e9 et tout un village fourmillant d&rsquo;activit\u00e9s s&rsquo;est constitu\u00e9 autour des hommes d&rsquo;armes. Il ne tiendra qu&rsquo;\u00e0 vous de vous y \u00e9merger. En accord avec ce passionnant sc\u00e9nario, ces m\u00e9di\u00e9vales vous r\u00e9serveront de nombreuses animations riches en \u00e9motions, au plus pr\u00e8s de la r\u00e9alit\u00e9 historique. Elles seront l&rsquo;occasion de d\u00e9couvrir de nombreux aspects de la vie civile et militaire m\u00e9di\u00e9vale.<\/p>\n\n\n\n<h4 class=\"wp-block-heading\">Compagnies m\u00e9di\u00e9vales &amp; troupes invit\u00e9es<\/h4>\n\n\n<div class=\"wp-block-image\">\n<figure class=\"alignleft size-full is-resized\"><a href=\"https:\/\/www.moyenagepassion.com\/wp-content\/uploads\/2023\/09\/deco-medieval-duguesclin-a-Tiffauges-reconstitution-moyen-age.jpg\"><img decoding=\"async\" width=\"115\" height=\"495\" src=\"https:\/\/www.moyenagepassion.com\/wp-content\/uploads\/2023\/09\/deco-medieval-duguesclin-a-Tiffauges-reconstitution-moyen-age.jpg\" alt=\"Du Guesclin \u00e0 Tiffauges\" class=\"wp-image-49041\" style=\"width:80px\" srcset=\"https:\/\/www.moyenagepassion.com\/wp-content\/uploads\/2023\/09\/deco-medieval-duguesclin-a-Tiffauges-reconstitution-moyen-age.jpg 115w, https:\/\/www.moyenagepassion.com\/wp-content\/uploads\/2023\/09\/deco-medieval-duguesclin-a-Tiffauges-reconstitution-moyen-age-70x300.jpg 70w\" sizes=\"(max-width: 115px) 100vw, 115px\" \/><\/a><\/figure><\/div>\n\n\n<p class=\"classe text_justify\">Comme \u00e0 l&rsquo;occasion des ann\u00e9es pr\u00e9c\u00e9dentes, de nombreuses compagnies et mesnies de reconstituteurs sont attendues pour l&rsquo;\u00e9v\u00e9nement. On en comptera pas moins de 32 venues des quatre coins de France, mais aussi d&rsquo;autres pays europ\u00e9en pour faire vibrer l&rsquo;histoire vivante \u00e0 Tiffauges.<\/p>\n\n\n\n<p class=\"classe text_justify\"><em><mark style=\"background-color:rgba(0, 0, 0, 0)\" class=\"has-inline-color has-green-color\">La Mesnie Enguerran \u2013 L\u2019Alliance des Lions d\u2019Anjou \u2013 Emptivus Miles \u2013 Maisnie de l\u2019Hermine \u2013  L\u2019ost du Castel \u2013 Les Tards Venus  Societas Anglicis \u2013 Le Feu Li\u00e9geois \u2013  Mignoned ar Bro \u2013   Ar Soudarded \u2013 La guerre des couronnes \u2013 Via Historiae \u2013 L\u2019Ost du Ph\u00e9nix \u2013 Alsaciae Protectores &#8211; Elsass Tempora \u2013 Oblitis Milites &#8211;  Les Armoises \u2013 La Compagnie Gwesclen \u2013 Les Heures de Bedford \u2013 les Genz d\u2019Armes 1415 \u2013 La Guilde des 3 couronnes \u2013 La Grant Compaigne \u2013 Les Penthi\u00e8vres &#8211; Cercle d&rsquo;arme du Dauphin\u00e9 &#8211; Compagnies italiennes &#8211; Les \u00e9corcheurs Simw\u00e9 &#8211; Totuis Britannae &#8211; Milites Nothi &#8211;  La Volte Gaillarde \u2013 Sonj <\/mark><\/em><\/p>\n\n\n\n<h3 class=\"wp-block-heading\">March\u00e9 m\u00e9di\u00e9val et animations permanentes<\/h3>\n\n\n\n<p class=\"classe text_justify\">Sur place les visiteurs pourront encore compter sur un march\u00e9 m\u00e9di\u00e9val d&rsquo;artisans s\u00e9lectionn\u00e9s et une belle aire de restauration. Des animations musicales seront aussi pr\u00e9sentes pour \u00e9gayer cette ambitieuse m\u00e9di\u00e9vale. <br><br>Pour plus d\u2019informations sur le programme&nbsp;et pour r\u00e9server, voir <a href=\"https:\/\/evenements.vendee.fr\/\" target=\"_blank\" rel=\"noreferrer noopener\">le site du d\u00e9partement de Vend\u00e9e<\/a>.<\/p>\n\n\n\n<p>Retrouver ici nos articles sur les \u00e9ditions pr\u00e9c\u00e9dentes de cette manifestation :&nbsp;<a href=\"https:\/\/www.moyenagepassion.com\/index.php\/2019\/09\/26\/agenda-1368-tiffauges-a-lheure-de-sa-grande-foire-medievale\/\">Edition 2019<\/a>&nbsp;\u2013&nbsp;<a href=\"https:\/\/www.moyenagepassion.com\/index.php\/2022\/09\/20\/vendee-revivre-un-incroyable-siege-medieval-au-chateau-de-tiffauges\/\">Edition 2022<\/a> &#8211; <a href=\"https:\/\/www.moyenagepassion.com\/index.php\/2023\/09\/17\/revivre-lan-1372-aux-medievales-du-chateau-de-tiffauges\/\">Edition 2023<\/a><\/p>\n\n\n\n<p class=\"classe text_justify\">Une belle journ\u00e9e en vous remerciant de votre lecture. <\/p>\n\n\n\n<p>Fred<br>Pour moyenagepassion.com<br><em><strong>A la d\u00e9couverte du monde m\u00e9di\u00e9val sous toutes ses formes.<\/strong><\/em><\/p>\n\n\n\n<p class=\"classe text_justify\" style=\"font-size:14px\">NB : les photos utilis\u00e9es dans cet article sont issues de l&rsquo;\u00e9dition 2023 des M\u00e9di\u00e9vales de Tiffauges. Cr\u00e9dit photo @Barry \u2018s photography. Pour l&rsquo;affiche 2024, elle est, \u00e0 nouveau, r\u00e9alis\u00e9e par le c\u00e9l\u00e8bre illustrateur Ugo Pinson.<\/p>\n","protected":false},"excerpt":{"rendered":"<p>Sujet : animations m\u00e9di\u00e9vales, reconstituteurs, march\u00e9 m\u00e9di\u00e9val, compagnies m\u00e9di\u00e9vales, histoire vivante, guerre de cent ans, Bertrand du Guesclin.P\u00e9riode : Moyen \u00c2ge central, XIVe si\u00e8cle.Ev\u00e9nement : M\u00e9di\u00e9vales de Tiffauges 2024Lieu : ch\u00e2teau de Tiffauges, Vend\u00e9e, Pays de la Loire.Date : 28 &amp; 29 septembre 2024. Bonjour \u00e0 tous, ans la s\u00e9rie des animations m\u00e9di\u00e9vales \u00e0 ne &hellip; <a href=\"https:\/\/www.moyenagepassion.com\/index.php\/2024\/09\/15\/animations-medievales-tiffauges\/\" class=\"more-link\">Continuer la lecture de <span class=\"screen-reader-text\">Animations M\u00e9di\u00e9vales : Le ch\u00e2teau de Tiffauges au c\u0153ur de la guerre de cent ans<\/span>  <span class=\"meta-nav\">&rarr;<\/span><\/a><\/p>\n","protected":false},"author":2,"featured_media":50554,"comment_status":"open","ping_status":"open","sticky":false,"template":"","format":"standard","meta":{"_monsterinsights_skip_tracking":false,"_monsterinsights_sitenote_active":false,"_monsterinsights_sitenote_note":"","_monsterinsights_sitenote_category":0,"footnotes":""},"categories":[11],"tags":[2529,6304,3777,4759,212,430,1826,636,1227,5729,3983,2757,4234,3267],"class_list":["post-50547","post","type-post","status-publish","format-standard","has-post-thumbnail","hentry","category-fetes-medievales-evenement","tag-animations-medievales","tag-bertrand-du-guesclin","tag-bretagne-medievale","tag-chateau-de-tiffauges","tag-compagnies-medievales","tag-guerre-de-cent-ans","tag-histoire-vivante","tag-marche-medieval","tag-medievales","tag-moyen-age-central-2","tag-pays-de-la-loire","tag-reconstituteurs","tag-vendee","tag-xive-siecle"],"aioseo_notices":[],"_links":{"self":[{"href":"https:\/\/www.moyenagepassion.com\/index.php\/wp-json\/wp\/v2\/posts\/50547"}],"collection":[{"href":"https:\/\/www.moyenagepassion.com\/index.php\/wp-json\/wp\/v2\/posts"}],"about":[{"href":"https:\/\/www.moyenagepassion.com\/index.php\/wp-json\/wp\/v2\/types\/post"}],"author":[{"embeddable":true,"href":"https:\/\/www.moyenagepassion.com\/index.php\/wp-json\/wp\/v2\/users\/2"}],"replies":[{"embeddable":true,"href":"https:\/\/www.moyenagepassion.com\/index.php\/wp-json\/wp\/v2\/comments?post=50547"}],"version-history":[{"count":26,"href":"https:\/\/www.moyenagepassion.com\/index.php\/wp-json\/wp\/v2\/posts\/50547\/revisions"}],"predecessor-version":[{"id":50578,"href":"https:\/\/www.moyenagepassion.com\/index.php\/wp-json\/wp\/v2\/posts\/50547\/revisions\/50578"}],"wp:featuredmedia":[{"embeddable":true,"href":"https:\/\/www.moyenagepassion.com\/index.php\/wp-json\/wp\/v2\/media\/50554"}],"wp:attachment":[{"href":"https:\/\/www.moyenagepassion.com\/index.php\/wp-json\/wp\/v2\/media?parent=50547"}],"wp:term":[{"taxonomy":"category","embeddable":true,"href":"https:\/\/www.moyenagepassion.com\/index.php\/wp-json\/wp\/v2\/categories?post=50547"},{"taxonomy":"post_tag","embeddable":true,"href":"https:\/\/www.moyenagepassion.com\/index.php\/wp-json\/wp\/v2\/tags?post=50547"}],"curies":[{"name":"wp","href":"https:\/\/api.w.org\/{rel}","templated":true}]}}