{"id":50705,"date":"2024-10-11T20:45:10","date_gmt":"2024-10-11T19:45:10","guid":{"rendered":"https:\/\/www.moyenagepassion.com\/?p=50705"},"modified":"2024-10-11T20:45:31","modified_gmt":"2024-10-11T19:45:31","slug":"le-12eme-festival-medieval-de-la-rose-dor-a-avignon","status":"publish","type":"post","link":"https:\/\/www.moyenagepassion.com\/index.php\/2024\/10\/11\/le-12eme-festival-medieval-de-la-rose-dor-a-avignon\/","title":{"rendered":"Le 12eme Festival m\u00e9di\u00e9val de la Rose d\u2019Or \u00e0 Avignon"},"content":{"rendered":"<div id=\"moyen-1401621994\" class=\"moyen-before-content moyen-entity-placement\"><script async src=\"\/\/pagead2.googlesyndication.com\/pagead\/js\/adsbygoogle.js?client=ca-pub-3035390706780632\" crossorigin=\"anonymous\"><\/script><ins class=\"adsbygoogle\" style=\"display:block;\" data-ad-client=\"ca-pub-3035390706780632\" \ndata-ad-slot=\"\" \ndata-ad-format=\"auto\"><\/ins>\n<script> \n(adsbygoogle = window.adsbygoogle || []).push({}); \n<\/script>\n<\/div><div class=\"wp-block-image\">\n<figure class=\"alignleft size-full is-resized\"><a href=\"https:\/\/www.moyenagepassion.com\/wp-content\/uploads\/2018\/12\/avignon_ecu_blason_armoirie_heraldique_provence_ville_historique.jpg\"><img decoding=\"async\" width=\"140\" height=\"138\" src=\"https:\/\/www.moyenagepassion.com\/wp-content\/uploads\/2018\/12\/avignon_ecu_blason_armoirie_heraldique_provence_ville_historique.jpg\" alt=\"\" class=\"wp-image-24797\" style=\"width:161px;height:auto\"\/><\/a><\/figure><\/div>\n\n\n<p><strong>Sujet <\/strong>: rassemblement m\u00e9di\u00e9val, compagnies m\u00e9di\u00e9vales, march\u00e9 m\u00e9di\u00e9val, animations, tournois, campements, reconstituteurs.<br><strong>P\u00e9riode<\/strong> : Moyen \u00c2ge<br><strong>Ev\u00e9nement<\/strong> :  le 12e Festival  de la Rose d\u2019Or<br><strong>Lieu<\/strong> : \u00cele de la Barthelasse, Avignon, Provence-Alpes-C\u00f4te d&rsquo;Azur.<br><strong>Date<\/strong> : le dimanche 13 octobre 2024<\/p>\n\n\n\n<p>Bonjour \u00e0 tous,<\/p>\n\n\n<div class=\"wp-block-image\">\n<figure class=\"alignleft size-full\"><a href=\"https:\/\/www.moyenagepassion.com\/wp-content\/uploads\/2018\/10\/C_lettrine_moyen_age_passion.jpg\"><img decoding=\"async\" width=\"84\" height=\"103\" src=\"https:\/\/www.moyenagepassion.com\/wp-content\/uploads\/2018\/10\/C_lettrine_moyen_age_passion.jpg\" alt=\"\" class=\"wp-image-23887\"\/><\/a><\/figure><\/div>\n\n\n<p class=\"classe text_justify\">e week-end verra le retour du<strong> Festival m\u00e9di\u00e9val de la Rose d&rsquo;Or<\/strong> en Avignon. Ce grand rassemblement m\u00e9di\u00e9valiste f\u00eatera l\u00e0 sa 12e \u00e9dition et de nombreuses troupes de reconstituteurs y sont attendues.<\/p>\n\n\n\n<p class=\"classe text_justify\">A noter que s&rsquo;il ouvre sur un grand d\u00e9fil\u00e9 de rue le samedi apr\u00e8s-midi, ce festival historique et m\u00e9di\u00e9val se concentrera uniquement sur le dimanche, cette ann\u00e9e. Quoi qu&rsquo;il en soit, avec pr\u00e8s de 80 compagnies m\u00e9di\u00e9vales invit\u00e9es, l&rsquo;\u00e9v\u00e9nement devrait \u00eatre l&rsquo;occasion d&rsquo;une belle immersion au c\u0153ur du Moyen \u00c2ge. <\/p>\n\n\n\n<h2 class=\"wp-block-heading\">Au programme du festival de la Rose d&rsquo;Or<\/h2>\n\n\n<div class=\"wp-block-image\">\n<figure class=\"alignright size-full is-resized\"><a href=\"https:\/\/www.moyenagepassion.com\/wp-content\/uploads\/2024\/10\/festival-medieval-rose-d-or-Avignon-affiche-2024.jpg\"><img decoding=\"async\" width=\"320\" height=\"476\" src=\"https:\/\/www.moyenagepassion.com\/wp-content\/uploads\/2024\/10\/festival-medieval-rose-d-or-Avignon-affiche-2024.jpg\" alt=\"Festival m\u00e9di\u00e9val de la rose d'Or, affiche 2024\" class=\"wp-image-50709\" style=\"width:252px;height:auto\" srcset=\"https:\/\/www.moyenagepassion.com\/wp-content\/uploads\/2024\/10\/festival-medieval-rose-d-or-Avignon-affiche-2024.jpg 320w, https:\/\/www.moyenagepassion.com\/wp-content\/uploads\/2024\/10\/festival-medieval-rose-d-or-Avignon-affiche-2024-202x300.jpg 202w\" sizes=\"(max-width: 320px) 100vw, 320px\" \/><\/a><\/figure><\/div>\n\n\n<p class=\"classe text_justify\">L&rsquo;organisateur et les relais presse annoncent pas moins de 1200 chevaliers  pour cette Rose d&rsquo;Or 2024. Ce chiffre impressionnant fait de ce festival m\u00e9di\u00e9val le plus grand du Sud de France. Il le classe \u00e9galement parmi les premiers \u00e9v\u00e9nement de ce type du territoire, en nombre de reconstituteurs pr\u00e9sents.<\/p>\n\n\n\n<p class=\"classe text_justify\">Joutes de chevalier, batailles et combats en armure y seront compl\u00e9t\u00e9s par de nombreuses autres animations, au c\u0153ur des campements install\u00e9s sur l&rsquo;\u00eele de la Barthelasse. Th\u00e9\u00e2tre de rue, sayn\u00e8tes et danses m\u00e9di\u00e9vales, mais aussi d\u00e9ambulations festives, jeux, ateliers (enluminure, calligraphie, etc&#8230;) sont \u00e9galement au programme. C\u00f4t\u00e9 restauration, en plus des divers stands qui ne feront pas d\u00e9faut, un concours de gastronomie m\u00e9di\u00e9vale est pr\u00e9vu.<\/p>\n\n\n\n<h3 class=\"wp-block-heading\">March\u00e9 artisanal et historique<\/h3>\n\n\n\n<p class=\"classe text_justify\">Afin que la r\u00e9ussite soit compl\u00e8te, un march\u00e9 artisanal et historique attend aussi les festivaliers de ce 12eme cru de ce festival de la Rose d&rsquo;Or.  Consultez la page<a href=\"https:\/\/www.facebook.com\/profile.php?id=100064405197028\" target=\"_blank\" rel=\"noopener nofollow\" title=\"\"> Facebook de l&rsquo;\u00e9v\u00e9nement<\/a> pour plus d&rsquo;informations.<\/p>\n\n\n\n<p class=\"classe text_justify\">Pour les passionn\u00e9s d&rsquo;Histoire vivante, ajoutons enfin que le parti-pris historique reste de mise pour cet \u00e9v\u00e9nement. Les organisateurs annoncent, en effet, sept p\u00e9riodes repr\u00e9sent\u00e9es,  chacune ayant son espace r\u00e9serv\u00e9.<\/p>\n\n\n\n<hr class=\"wp-block-separator has-alpha-channel-opacity\"\/>\n\n\n\n<p>Voir d&rsquo;autres articles sur ce festival m\u00e9di\u00e9val : <a href=\"https:\/\/www.moyenagepassion.com\/index.php\/2017\/10\/06\/le-8eme-festival-medieval-de-la-rose-dor-a-avignon\/\">Edition 2017<\/a><br><\/p>\n\n\n\n<p>En vous souhaitant une excellente journ\u00e9e.<\/p>\n\n\n\n<p>Fred<br>Pour moyenagepassion.com<br><em><strong>A la d\u00e9couverte du Monde M\u00e9di\u00e9val sous toutes ses formes.<\/strong><\/em><\/p>\n","protected":false},"excerpt":{"rendered":"<p>Sujet : rassemblement m\u00e9di\u00e9val, compagnies m\u00e9di\u00e9vales, march\u00e9 m\u00e9di\u00e9val, animations, tournois, campements, reconstituteurs.P\u00e9riode : Moyen \u00c2geEv\u00e9nement : le 12e Festival de la Rose d\u2019OrLieu : \u00cele de la Barthelasse, Avignon, Provence-Alpes-C\u00f4te d&rsquo;Azur.Date : le dimanche 13 octobre 2024 Bonjour \u00e0 tous, e week-end verra le retour du Festival m\u00e9di\u00e9val de la Rose d&rsquo;Or en Avignon. Ce &hellip; <a href=\"https:\/\/www.moyenagepassion.com\/index.php\/2024\/10\/11\/le-12eme-festival-medieval-de-la-rose-dor-a-avignon\/\" class=\"more-link\">Continuer la lecture de <span class=\"screen-reader-text\">Le 12eme Festival m\u00e9di\u00e9val de la Rose d\u2019Or \u00e0 Avignon<\/span>  <span class=\"meta-nav\">&rarr;<\/span><\/a><\/p>\n","protected":false},"author":2,"featured_media":50710,"comment_status":"open","ping_status":"open","sticky":false,"template":"","format":"standard","meta":{"_monsterinsights_skip_tracking":false,"_monsterinsights_sitenote_active":false,"_monsterinsights_sitenote_note":"","_monsterinsights_sitenote_category":0,"footnotes":""},"categories":[11],"tags":[1780,3177,3687,212,632,636,182,18,3962,2458,2757,3176,1212],"class_list":["post-50705","post","type-post","status-publish","format-standard","has-post-thumbnail","hentry","category-fetes-medievales-evenement","tag-animations","tag-avignon","tag-campements","tag-compagnies-medievales","tag-festival-medieval","tag-marche-medieval","tag-monde-medieval","tag-moyen-age","tag-provence-alpes-cote-dazur","tag-rassemblement-medieval","tag-reconstituteurs","tag-rose-dor","tag-tournois"],"aioseo_notices":[],"_links":{"self":[{"href":"https:\/\/www.moyenagepassion.com\/index.php\/wp-json\/wp\/v2\/posts\/50705"}],"collection":[{"href":"https:\/\/www.moyenagepassion.com\/index.php\/wp-json\/wp\/v2\/posts"}],"about":[{"href":"https:\/\/www.moyenagepassion.com\/index.php\/wp-json\/wp\/v2\/types\/post"}],"author":[{"embeddable":true,"href":"https:\/\/www.moyenagepassion.com\/index.php\/wp-json\/wp\/v2\/users\/2"}],"replies":[{"embeddable":true,"href":"https:\/\/www.moyenagepassion.com\/index.php\/wp-json\/wp\/v2\/comments?post=50705"}],"version-history":[{"count":4,"href":"https:\/\/www.moyenagepassion.com\/index.php\/wp-json\/wp\/v2\/posts\/50705\/revisions"}],"predecessor-version":[{"id":50713,"href":"https:\/\/www.moyenagepassion.com\/index.php\/wp-json\/wp\/v2\/posts\/50705\/revisions\/50713"}],"wp:featuredmedia":[{"embeddable":true,"href":"https:\/\/www.moyenagepassion.com\/index.php\/wp-json\/wp\/v2\/media\/50710"}],"wp:attachment":[{"href":"https:\/\/www.moyenagepassion.com\/index.php\/wp-json\/wp\/v2\/media?parent=50705"}],"wp:term":[{"taxonomy":"category","embeddable":true,"href":"https:\/\/www.moyenagepassion.com\/index.php\/wp-json\/wp\/v2\/categories?post=50705"},{"taxonomy":"post_tag","embeddable":true,"href":"https:\/\/www.moyenagepassion.com\/index.php\/wp-json\/wp\/v2\/tags?post=50705"}],"curies":[{"name":"wp","href":"https:\/\/api.w.org\/{rel}","templated":true}]}}