{"id":51330,"date":"2025-03-17T04:48:56","date_gmt":"2025-03-17T03:48:56","guid":{"rendered":"https:\/\/www.moyenagepassion.com\/?p=51330"},"modified":"2025-03-17T20:48:20","modified_gmt":"2025-03-17T19:48:20","slug":"trois-ballades-pour-la-paix-de-charles-dorleans","status":"publish","type":"post","link":"https:\/\/www.moyenagepassion.com\/index.php\/2025\/03\/17\/trois-ballades-pour-la-paix-de-charles-dorleans\/","title":{"rendered":"Trois ballades pour la paix de Charles d&rsquo;Orl\u00e9ans"},"content":{"rendered":"<div id=\"moyen-878166991\" class=\"moyen-before-content moyen-entity-placement\"><script async src=\"\/\/pagead2.googlesyndication.com\/pagead\/js\/adsbygoogle.js?client=ca-pub-3035390706780632\" crossorigin=\"anonymous\"><\/script><ins class=\"adsbygoogle\" style=\"display:block;\" data-ad-client=\"ca-pub-3035390706780632\" \ndata-ad-slot=\"\" \ndata-ad-format=\"auto\"><\/ins>\n<script> \n(adsbygoogle = window.adsbygoogle || []).push({}); \n<\/script>\n<\/div>\n<p><\/p>\n\n\n<div class=\"wp-block-image\">\n<figure class=\"alignleft size-full\"><a href=\"https:\/\/www.moyenagepassion.com\/wp-content\/uploads\/2025\/03\/charles-orleans-enluminur.jpg\"><img decoding=\"async\" width=\"128\" height=\"180\" src=\"https:\/\/www.moyenagepassion.com\/wp-content\/uploads\/2025\/03\/charles-orleans-enluminur.jpg\" alt=\"\" class=\"wp-image-51334\"\/><\/a><\/figure><\/div>\n\n\n<p><strong><a href=\"https:\/\/www.moyenagepassion.com\/wp-content\/uploads\/2019\/10\/poesie-medievale-rondeaux-cour-charles-Orleans-moyen-age-tardif-XVe-siecle.jpg\"><\/a>Sujet&nbsp; <\/strong>: po\u00e9sie m\u00e9di\u00e9vale, paix, ballade m\u00e9di\u00e9vale, prince po\u00e8te, Azincourt, guerre de cent ans.<br><strong>P\u00e9riode&nbsp;&nbsp;<\/strong>&nbsp;: Moyen \u00c2ge tardif, XVe si\u00e8cle<br><strong>Auteur&nbsp;&nbsp;<\/strong>:&nbsp;Charles d&rsquo;Orl\u00e9ans<strong> <\/strong>(1394-1465)<br><strong>Manuscrit ancien<\/strong>&nbsp; : MS fran\u00e7ais 25458<br><strong>Ouvrage&nbsp;<\/strong>&nbsp;:&nbsp;<em>Po\u00e9sies de Charles d&rsquo;Orl\u00e9ans<\/em>, <em>d&rsquo;apr\u00e8s les manuscrits des biblioth\u00e8ques du Roi et de l&rsquo;Arsenal, <\/em> J. Marie Guichard (1842)<\/p>\n\n\n\n<p>Bonjour \u00e0 tous,<\/p>\n\n\n<div class=\"wp-block-image\">\n<figure class=\"alignleft size-full\"><a href=\"https:\/\/www.moyenagepassion.com\/wp-content\/uploads\/2018\/10\/L_lettrine_moyen_age_passion.jpg\"><img decoding=\"async\" width=\"84\" height=\"103\" src=\"https:\/\/www.moyenagepassion.com\/wp-content\/uploads\/2018\/10\/L_lettrine_moyen_age_passion.jpg\" alt=\"\" class=\"wp-image-23896\"\/><\/a><\/figure><\/div>\n\n\n<p class=\"classe text_justify\">actualit\u00e9 nous fournit, aujourd&rsquo;hui, l&rsquo;occasion de faire tribut \u00e0 un prince po\u00e8te talentueux du Moyen \u00c2ge tardif dont nous avons jusque l\u00e0 peu parl\u00e9 : Charles D&rsquo;Orl\u00e9ans. N\u00e9 d&rsquo;une branche royale fort instruite, \u00e9lev\u00e9 dans le go\u00fbt des lettres, il peut nous para\u00eetre un peu paradoxal que sa vocation po\u00e9tique et litt\u00e9raire ait pu \u00eatre sublim\u00e9e par le sort, un sort qu&rsquo;il provoqua, d&rsquo;une certaine mani\u00e8re, par sa d\u00e9sob\u00e9issance et son courage.<\/p>\n\n\n\n<h2 class=\"wp-block-heading\">Un jeune prince guerrier et imp\u00e9tueux<\/h2>\n\n\n<div class=\"wp-block-image\">\n<figure class=\"alignright size-full is-resized\"><a href=\"https:\/\/www.moyenagepassion.com\/wp-content\/uploads\/2025\/03\/deco-medieval-charles-orleans.jpg\"><img decoding=\"async\" width=\"115\" height=\"495\" src=\"https:\/\/www.moyenagepassion.com\/wp-content\/uploads\/2025\/03\/deco-medieval-charles-orleans.jpg\" alt=\"\" class=\"wp-image-51336\" style=\"width:80px\" srcset=\"https:\/\/www.moyenagepassion.com\/wp-content\/uploads\/2025\/03\/deco-medieval-charles-orleans.jpg 115w, https:\/\/www.moyenagepassion.com\/wp-content\/uploads\/2025\/03\/deco-medieval-charles-orleans-70x300.jpg 70w\" sizes=\"(max-width: 115px) 100vw, 115px\" \/><\/a><\/figure><\/div>\n\n\n<p class=\"classe text_justify\">Contre la volont\u00e9 du roi de France et malgr\u00e9 son jeune \u00e2ge, le jeune Duc d&rsquo;Orl\u00e9ans voulut, en effet, aller en d\u00e9coudre contre les arm\u00e9es anglaises, dans le nord de France et plus pr\u00e9cis\u00e9ment \u00e0 Azincourt. Au moment de cette bataille, il n&rsquo;a que 21 ans mais il a d\u00e9j\u00e0 largement aiguis\u00e9 ses talents de meneur d&rsquo;hommes. Depuis ses quatorze ans, de nombreuses tensions l&rsquo;ont, en effet, oppos\u00e9 aux Bourguignons et \u00e0 Jean Ier de Bourgogne, dit Jean Sans Peur, assassin de son p\u00e8re Louis d&rsquo;Orl\u00e9ans (le fr\u00e8re du roi). Ce sont m\u00eame les tensions entre les deux maisons qui inclin\u00e8rent le roi de France \u00e0 ordonner \u00e0 Charles d&rsquo;Orleans, comme \u00e0 son rival bourguignon de ne pas partir, en personne, \u00e0 la poursuite des arm\u00e9es d&rsquo;un Henri V bien d\u00e9cid\u00e9 \u00e0 revendiquer le tr\u00f4ne de France.<\/p>\n\n\n\n<p class=\"classe text_justify\">H\u00e9las ! \u00e0 Azincourt et malgr\u00e9 toute sa confiance, Charles d&rsquo;Orl\u00e9ans se retrouva bien vite au c\u0153ur de la d\u00e9route : des milliers d&rsquo;hommes rest\u00e8rent sur le carreau, arr\u00eat\u00e9s par les traits des archers longs anglais. Embourb\u00e9s, la chevalerie et l&rsquo;ost fran\u00e7ais furent ensuite massacr\u00e9s et achev\u00e9s tels des bestiaux, dans une boucherie entr\u00e9e en lettres de sang dans les livres d&rsquo;Histoire m\u00e9di\u00e9vale.<\/p>\n\n\n\n<p class=\"classe text_justify\">On captura donc le prince qu&rsquo;on d\u00e9couvrit bless\u00e9 au milieu d&rsquo;un amas de cadavres et il fut amen\u00e9 en Angleterre pour y rester prisonnier, durant de longues d\u00e9cennies. Vingt-cinq ans d&rsquo;enfermement dans une prison plus dor\u00e9e que celle qu&rsquo;avait connu <a href=\"https:\/\/www.moyenagepassion.com\/index.php\/2016\/05\/30\/lay-de-francois-villon-au-retour-de-prison\/\" title=\"\">Fran\u00e7ois Villon<\/a>, mais vingt-cinq ans tout de m\u00eame. Autant dire une vie ou presque \u00e0 laquelle venait s&rsquo;ajouter rien moins qu&rsquo;un drame historique : le fleuron de l&rsquo;Aristocratie fran\u00e7aise d\u00e9cim\u00e9, des dommages sans pr\u00e9c\u00e9dent sur le destin de la France et un tournant critique dans la guerre de cent ans. Le prix fut donc lourd \u00e0 payer et l&rsquo;imp\u00e9tuosit\u00e9 du jeune prince s&rsquo;en trouva fortement refroidie.<\/p>\n\n\n\n<h2 class=\"wp-block-heading\">Une \u0153uvre entr\u00e9e dans la post\u00e9rit\u00e9<\/h2>\n\n\n\n<p class=\"classe text_justify\">Au sortir, ces vingt-cinq ans de captivit\u00e9 et d&rsquo;exil permirent \u00e0 Charles d&rsquo;Orl\u00e9ans d&rsquo;affuter ses talents de plume et de laisser une \u0153uvre abondante : de nombreuses ballades, plus de cent, quelques cent-trente chansons, des complaintes et encore pr\u00e8s de quatre cent rondeaux. Travers\u00e9e par la m\u00e9lancolie et l&rsquo;\u00e9loignement, on trouve dans la riche po\u00e9sie de Charles d&rsquo;Orl\u00e9ans, de nombreux vers courtois, des pi\u00e8ces plus contemplatives, des r\u00e9flexions sur le temps et les \u00e2ges de la vie, mais aussi des vues sur des sujets plus politiques ou encore des appels \u00e0 la paix. Ce sont ces derniers qui retiendront, aujourd&rsquo;hui, notre attention.<\/p>\n\n\n<div class=\"wp-block-image\">\n<figure class=\"aligncenter size-full\"><a href=\"https:\/\/www.moyenagepassion.com\/wp-content\/uploads\/2025\/03\/ballade-pour-la-paix-charles-d-Orleans-Moyen-Age-tardif.jpg\"><img decoding=\"async\" width=\"700\" height=\"404\" src=\"https:\/\/www.moyenagepassion.com\/wp-content\/uploads\/2025\/03\/ballade-pour-la-paix-charles-d-Orleans-Moyen-Age-tardif-s.jpg\" alt=\"&quot;En regardant vers le pays de France&quot;, une ballade de Charles d'Orleans pour la Paix avec enluminure m\u00e9di\u00e9vale\" class=\"wp-image-51338\" srcset=\"https:\/\/www.moyenagepassion.com\/wp-content\/uploads\/2025\/03\/ballade-pour-la-paix-charles-d-Orleans-Moyen-Age-tardif-s.jpg 700w, https:\/\/www.moyenagepassion.com\/wp-content\/uploads\/2025\/03\/ballade-pour-la-paix-charles-d-Orleans-Moyen-Age-tardif-s-300x173.jpg 300w\" sizes=\"(max-width: 700px) 100vw, 700px\" \/><\/a><\/figure><\/div>\n\n\n<p class=\"classe text_justify\">De longues ann\u00e9es apr\u00e8s Azincourt et  de retour \u00e0 Blois, , Charles d&rsquo;Orl\u00e9ans continua de s&rsquo;entourer de fins lettr\u00e9s et de gens de plume. Il organisa m\u00eame des concours de po\u00e9sies qui sont, eux-aussi, rest\u00e9s c\u00e9l\u00e8bres. Ainsi, le destin de ce prince propuls\u00e9, tr\u00e8s jeune, dans la politique et l&rsquo;exercice de pouvoir apr\u00e8s le meurtre de son p\u00e8re, finit par s&rsquo;infl\u00e9chir, de mani\u00e8re \u00e9tonnante, pour le convertir en grand homme de lettres et po\u00e8te m\u00e9di\u00e9val, entr\u00e9 largement dans la post\u00e9rit\u00e9.<\/p>\n\n\n\n<h3 class=\"wp-block-heading\">La guerre avec les enfants des autres<\/h3>\n\n\n<div class=\"wp-block-image\">\n<figure class=\"alignleft size-full is-resized\"><a href=\"https:\/\/www.moyenagepassion.com\/wp-content\/uploads\/2025\/03\/deco-medieval-charles-orleans.jpg\"><img decoding=\"async\" width=\"115\" height=\"495\" src=\"https:\/\/www.moyenagepassion.com\/wp-content\/uploads\/2025\/03\/deco-medieval-charles-orleans.jpg\" alt=\"\" class=\"wp-image-51336\" style=\"width:80px\" srcset=\"https:\/\/www.moyenagepassion.com\/wp-content\/uploads\/2025\/03\/deco-medieval-charles-orleans.jpg 115w, https:\/\/www.moyenagepassion.com\/wp-content\/uploads\/2025\/03\/deco-medieval-charles-orleans-70x300.jpg 70w\" sizes=\"(max-width: 115px) 100vw, 115px\" \/><\/a><\/figure><\/div>\n\n\n<p class=\"classe text_justify\">Au programme de notre s\u00e9lection du jour donc, trois ballades dans lesquelles Charles d&rsquo;Orl\u00e9ans exhortait ses contemporains \u00e0 la paix. A l&rsquo;heure o\u00f9 certaines bourgeoisies de Province, de Paris ou d&rsquo;Europe (politiques, technocratiques, comme journalistiques) se r\u00eavent en nouvelle aristocratie, comme dans la fable de la grenouille et du b\u0153uf, on semble pourtant \u00e0 des lieues des r\u00e9alit\u00e9s guerri\u00e8res m\u00e9di\u00e9vales.<\/p>\n\n\n\n<p class=\"classe text_justify\">Ceux-l\u00e0 m\u00eame qui briguent le pouvoir et les mandats et qu&rsquo;on entend caqueter \u00e0 longueur de journ\u00e9e, face cam\u00e9ra ou en plateau, n&rsquo;ont plus gu\u00e8re le courage, ni le panache de ceux qu&rsquo;ils pr\u00e9tendent singer. S&rsquo;ils brillent par leur occupation du champ m\u00e9diatique, sur les champs de bataille, n&rsquo;en cherchez point, vous n&rsquo;en verrez pas la queue d&rsquo;un.  La R\u00e9publique des carri\u00e9ristes et des va-t-en-guerre ne guerroie plus que par proxy, \u00e0 travers ses fils ou, mieux encore, ceux des autres. Loin de la chevalerie m\u00e9di\u00e9vale, cette classe l\u00e0 envoie les enfants du peuple en d\u00e9coudre \u00e0 sa place, et encore pour des raisons de moins en moins intelligibles.<\/p>\n\n\n<div class=\"wp-block-image\">\n<figure class=\"aligncenter size-full\"><a href=\"https:\/\/www.moyenagepassion.com\/wp-content\/uploads\/2025\/03\/ballade-pour-la-paix-charles-d-Orleans-Moyen-Age-tardif-002.jpg\"><img decoding=\"async\" width=\"650\" height=\"375\" src=\"https:\/\/www.moyenagepassion.com\/wp-content\/uploads\/2025\/03\/ballade-pour-la-paix-charles-d-Orleans-Moyen-Age-tardif-002-s.jpg\" alt=\"&quot;Du bon heur et loyal vouloir&quot;, une ballade de Charles d'Orleans pour la Paix avec enluminure m\u00e9di\u00e9vale\" class=\"wp-image-51362\" srcset=\"https:\/\/www.moyenagepassion.com\/wp-content\/uploads\/2025\/03\/ballade-pour-la-paix-charles-d-Orleans-Moyen-Age-tardif-002-s.jpg 650w, https:\/\/www.moyenagepassion.com\/wp-content\/uploads\/2025\/03\/ballade-pour-la-paix-charles-d-Orleans-Moyen-Age-tardif-002-s-300x173.jpg 300w\" sizes=\"(max-width: 650px) 100vw, 650px\" \/><\/a><\/figure><\/div>\n\n\n<h2 class=\"wp-block-heading\">Les plaidoyers de Charles pour la paix<\/h2>\n\n\n<div class=\"wp-block-image\">\n<figure class=\"alignright size-full is-resized\"><a href=\"https:\/\/www.moyenagepassion.com\/wp-content\/uploads\/2025\/03\/deco-medieval-charles-orleans.jpg\"><img decoding=\"async\" width=\"115\" height=\"495\" src=\"https:\/\/www.moyenagepassion.com\/wp-content\/uploads\/2025\/03\/deco-medieval-charles-orleans.jpg\" alt=\"\" class=\"wp-image-51336\" style=\"width:80px\" srcset=\"https:\/\/www.moyenagepassion.com\/wp-content\/uploads\/2025\/03\/deco-medieval-charles-orleans.jpg 115w, https:\/\/www.moyenagepassion.com\/wp-content\/uploads\/2025\/03\/deco-medieval-charles-orleans-70x300.jpg 70w\" sizes=\"(max-width: 115px) 100vw, 115px\" \/><\/a><\/figure><\/div>\n\n\n<p class=\"classe text_justify\">En ces temps troubl\u00e9s, il nous a donc sembl\u00e9 bon de nous souvenir de ce prince guerrier exalt\u00e9 qui si\u00e9gea au c\u0153ur de la plus cuisante d\u00e9faite de la guerre de cent ans et qui y contribua, peut-\u00eatre m\u00eame en partie, par son inexp\u00e9rience et son exc\u00e8s de confiance <sup data-fn=\"c1d37af4-82ba-495a-a4ae-917b66cc7c51\" class=\"fn\"><a href=\"#c1d37af4-82ba-495a-a4ae-917b66cc7c51\" id=\"c1d37af4-82ba-495a-a4ae-917b66cc7c51-link\">1<\/a><\/sup>. <\/p>\n\n\n\n<p class=\"classe text_justify\">S&rsquo;il serait injuste autant qu&rsquo;inexact de vouloir seul l&rsquo;en accabler  \u0336   les conditions autant que l&rsquo;avance de l&rsquo;archerie longue anglaise surprit la chevalerie fran\u00e7aise et l&rsquo;ensemble de son commandement   \u0336    souvenons-nous surtout que, dans ses ann\u00e9es de maturit\u00e9, Charles d&rsquo;Orl\u00e9ans ajouta aux anthologies de la po\u00e9sie du Moyen \u00c2ge tardif, ses plus beaux appels \u00e0 la paix : une paix pour lui, autant que pour les autres, un paix des hommes, une paix de Dieu.<\/p>\n\n\n\n<p class=\"classe text_justify\">Avait-il rev\u00e9cu maintes fois en pens\u00e9e le terrible massacre que fut Azincourt ? Avait-il ressenti, a nouveau, le souffle glac\u00e9 de la vanit\u00e9 sur son \u00e9chine et le regret de ne pas avoir laiss\u00e9 l&rsquo;arm\u00e9e anglaise retourn\u00e9e vers Calais ? L&rsquo;option s&rsquo;\u00e9tait pr\u00e9sent\u00e9e mais, confiants de leur nombre et press\u00e9s d&rsquo;en d\u00e9coudre, les commandants de l&rsquo;arm\u00e9e fran\u00e7aise ne l&rsquo;ont pas choisi. Quant au choc de la d\u00e9faite sur le prince, les chroniqueurs racontent que la sombre trag\u00e9die d&rsquo;Azincourt le fit jeuner et se tenir coi au lendemain de la bataille alors qu&rsquo;Henri V ramenait sa prise royale vers ses fiefs <sup data-fn=\"a3d11701-f578-4631-aeb1-d34bfeb7df5f\" class=\"fn\"><a href=\"#a3d11701-f578-4631-aeb1-d34bfeb7df5f\" id=\"a3d11701-f578-4631-aeb1-d34bfeb7df5f-link\">2<\/a><\/sup>. A d\u00e9faut de grands exploits guerriers, il nous reste sa po\u00e9sie et ses le\u00e7ons de paix. Retenons-les. Elles sont plus que jamais d&rsquo;actualit\u00e9.<\/p>\n\n\n<div class=\"wp-block-image\">\n<figure class=\"aligncenter size-full\"><a href=\"https:\/\/www.moyenagepassion.com\/wp-content\/uploads\/2025\/03\/manuscrit-francais-25458-ballade-medievale-charles-orleans-paix-s.jpg\"><img decoding=\"async\" width=\"650\" height=\"521\" src=\"https:\/\/www.moyenagepassion.com\/wp-content\/uploads\/2025\/03\/manuscrit-francais-25458-ballade-medievale-charles-orleans-paix-s.jpg\" alt=\"La po\u00e9sie de Charles d'Orl\u00e9ans dans le MS 254458\" class=\"wp-image-51341\" srcset=\"https:\/\/www.moyenagepassion.com\/wp-content\/uploads\/2025\/03\/manuscrit-francais-25458-ballade-medievale-charles-orleans-paix-s.jpg 650w, https:\/\/www.moyenagepassion.com\/wp-content\/uploads\/2025\/03\/manuscrit-francais-25458-ballade-medievale-charles-orleans-paix-s-300x240.jpg 300w\" sizes=\"(max-width: 650px) 100vw, 650px\" \/><\/a><figcaption class=\"wp-element-caption\">deux ballades m\u00e9di\u00e9vales pour la paix de Charles d&rsquo;Orl\u00e9ans dans le <a href=\"https:\/\/gallica.bnf.fr\/ark:\/12148\/btv1b105325836\/f2.item\" target=\"_blank\" rel=\"noopener nofollow\" title=\"\">Ms Fran\u00e7ais 25458<\/a> de la BnF<\/figcaption><\/figure><\/div>\n\n\n<h3 class=\"wp-block-heading has-text-align-center\">Trois Ballades pour la Paix d&rsquo;un prince en exil<\/h3>\n\n\n\n<h3 class=\"wp-block-heading has-text-align-center\"><em>Par Bon eur et Loyal vouloir<\/em><\/h3>\n\n\n\n<p class=\"has-text-align-center\"><strong><em><mark style=\"background-color:rgba(0, 0, 0, 0)\" class=\"has-inline-color has-green-color\">L&rsquo;autre jour tenoit son conseil,<br>En la chambre de ma pens\u00e9e,<br>Mon cueur, qui faisoit appareil<br>De deffence contre l&rsquo;arm\u00e9e<br>De Fortune mal advis\u00e9e,<br>Qui guerrier vouloit Espoir;<br>Se sagement n&rsquo;est rebout\u00e9e,<br>Par Bon eur et Loyal vouloir.<br><br>Il n&rsquo;est chose soubz le souleil,<br>Qui tant doit estre d\u00e9sir\u00e9e<br>Que paix; c&rsquo;est le don non pareil<br>Dont Grace fait toujours livr\u00e9e<br>A sa gent qu&rsquo;a recommand\u00e9e;<br>Fol est, qui ne la veult avoir,<br>Quant elle est offerte et donn\u00e9e,<br>Par Bon eur et Loyal vouloir.<br><br>Pour Dieu, laissons dormir traveil,<br>Ce monde n&rsquo;a gueres dur\u00e9e,<br>Et paine, tant qu&rsquo;elle a sommeil,<br>Souffrons que prengne repos\u00e9e:<br>Qui une foiz l&rsquo;a esprouv\u00e9e,<br>La doit fuyr, de son povoir,<br>Par tout doit estre debout\u00e9e,<br>Par Bon eur et Loyal vouloir.<br><br>L&rsquo;ENVOY.<br><br>Dieu nous doint bonne destin\u00e9e,<br>Et chascun face son devoir,<br>Ainsi ne sera redoubt\u00e9e<br>Par Bon eur et Loyal vouloir.<\/mark><\/em><\/strong><\/p>\n\n\n\n<hr class=\"wp-block-separator has-alpha-channel-opacity\"\/>\n\n\n\n<h3 class=\"wp-block-heading has-text-align-center\"><em>De veoir France que mon cueur amer doit.<\/em><\/h3>\n\n\n\n<p class=\"has-text-align-center\"><strong><em><mark style=\"background-color:rgba(0, 0, 0, 0)\" class=\"has-inline-color has-green-color\">En regardant vers le pays de France,<br>Ung jour m&rsquo;avint, \u00e0 Dovre sur la mer,<br>Qu&rsquo;il me souvint de la doulce plaisance<br>Que souloie ou dit pays trouver;<br>Si commencay de cueur \u00e0 souspirer,<br>Combien certes que grant bien me faisoit,<br>De veoir France que mon cueur amer doit.<br><br>Je m&rsquo;avisay que c&rsquo;estoit nonsavance,<br>De telz souspirs dedens mon cueur garder,<br>Veu que je voy que la voye commence<br>De bonne paix, qui tous biens peut donner;<br>Pour ce, tournay en confort mon penser,<br>Mais non pourtant, mon cueur ne se lassoit<br>De veoir France que mon cueur amer doit.<br><br>Alors chargay, en la nef d&rsquo;esperance,<br>Tous mes souhays en leur priant d&rsquo;aler<br>Oultre la mer, sans faire demourance,<br>Et \u00e0 France de me recommander;<br>Or nous doint Dieu bonne paix sans tarder,<br>Adonc auray loisir, mais qu&rsquo;ainsi soit,<br>De veoir France que mon cueur amer doit.<br><br>L&rsquo;ENVOY.<br><br>Paix est tresor qu&rsquo;on ne peut trop loer,<br>Je h\u00e9 guerre, point ne la doit prisier,<br>Destourb\u00e9 m&rsquo;a longtemps, soit tort ou droit,<br>De veoir France que mon cueur amer doit.<\/mark><\/em><\/strong><\/p>\n\n\n\n<hr class=\"wp-block-separator has-alpha-channel-opacity\"\/>\n\n\n<div class=\"wp-block-image\">\n<figure class=\"aligncenter size-full\"><a href=\"https:\/\/www.moyenagepassion.com\/wp-content\/uploads\/2025\/03\/ballade-medievale-et-priere-Marie-pour-la-paix-charles-d-Orleans.jpg\"><img decoding=\"async\" width=\"650\" height=\"507\" src=\"https:\/\/www.moyenagepassion.com\/wp-content\/uploads\/2025\/03\/ballade-medievale-et-priere-Marie-pour-la-paix-charles-d-Orleans-s.jpg\" alt=\"&quot;Priez pour paix, le vray tresor de Joye&quot;, une ballade de Charles d'Orleans pour la Paix avec enluminure m\u00e9di\u00e9vale\" class=\"wp-image-51353\" srcset=\"https:\/\/www.moyenagepassion.com\/wp-content\/uploads\/2025\/03\/ballade-medievale-et-priere-Marie-pour-la-paix-charles-d-Orleans-s.jpg 650w, https:\/\/www.moyenagepassion.com\/wp-content\/uploads\/2025\/03\/ballade-medievale-et-priere-Marie-pour-la-paix-charles-d-Orleans-s-300x234.jpg 300w\" sizes=\"(max-width: 650px) 100vw, 650px\" \/><\/a><\/figure><\/div>\n\n\n<h3 class=\"wp-block-heading has-text-align-center\"><em>Priez pour paix, le vray tresor de joye.<\/em><\/h3>\n\n\n\n<p class=\"has-text-align-center\"><strong><em><mark style=\"background-color:rgba(0, 0, 0, 0)\" class=\"has-inline-color has-green-color\">Priez pour paix, doulce Vierge Marie,<br>Royne des cieulx, et du monde maistresse,<br>Faictes prier, par vostre courtoisie,<br>Saints et sainctes, et prenez vostre adresse<br>Vers vostre fils, requerrant sa haultesse<br>Qu&rsquo;il lui plaise son peuple regarder,<br>Que de son sang a voulu rachater,<br>En deboutant guerre qui tout desvoye;<br>De prieres ne vous vueilliez lasser,<br>Priez pour paix, le vray tresor de joye.<br><br>Priez, prelaz, et gens de saincte vie.<br>Religieux, ne dormez en peresse,<br>Priez, maistres, et tous suivans clergie,<br>Car par guerre fault que l&rsquo;estude cesse;<br>Moustiers destruiz sont sans qu&rsquo;on les redresse,<br>Le service de Dieu vous fault laisser,<br>Quant ne povez en repos demourer;<br>Priez si fort que briefment Dieu vous oye,<br>L&rsquo;Eglise voult \u00e0 ce vous ordonner;<br>Priez pour paix, le vray tresor de joye.<br><br>Priez, princes qui avez seigneurie,<br>Roys, ducs, contes, barons plains de noblesse,<br>Gentils hommes avec chevalerie,<br>Car meschans gens surmontent gentillesse;<br>En leurs mains ont toute vostre richesse,<br>Debatz les font en hault estat monter,<br>Vous le povez chascun jour veoir au cler,<br>Et sont riches de voz biens et monnoye,<br>Dont vous deussiez le peuple supporter;<br>Prier pour paix, le vray tresor de joye.<br><br>Priez, peuple qui souffrez tirannie,<br>Car voz seigneurs sont en telle foiblesse,<br>Qu&rsquo;ilz ne pevent vous garder par maistrie,<br>Ne vous aider en vostre grant destresse;<br>Loyaux marchans, la selle si vous blesse,<br>Fort sur le doz chascun vous vient presser,<br>Et ne povez marchandise mener,<br>Car vous n&rsquo;avez seur passage, ne voye,<br>Et maint peril vous convient il passer:<br>Priez pour paix, le vray tresor de joye.<br><br>Priez, galans joyeulx en compaignie,<br>Qui despendre desirez \u00e0 largesse,<br>Guerre vous tient la bourse degarnie;<br>Priez, amans, qui voulez en liesse<br>Servir amours, car guerre, par rudesse,<br>Vous destourbe de voz dames hanter,<br>Qui mainteffoiz fait leurs voloirs torner,<br>Et quant tenez le bout de la courroye,<br>Ung estrangier si le vous vient oster;<br>Priez pour paix, le vray tresor de joye.<br><br>L&rsquo;ENVOY.<br><br>Dieu tout puissant nous vueille conforter<br>Toutes choses en terre, ciel et mer,<br>Priez vers lui que brief en tout pourvoye,<br>En lui seul est de tous maulx amender;<br>Priez pour paix, le vray tresor de joye.<\/mark><\/em><\/strong><\/p>\n\n\n\n<hr class=\"wp-block-separator has-alpha-channel-opacity\"\/>\n\n\n\n<p>En vous souhaitant une belle journ\u00e9e<br>Fr\u00e9d\u00e9ric Effe<br>Pour Moyenagepassion.com<br>A la d\u00e9couverte du Moyen \u00c2ge sous toutes ses formes.<\/p>\n\n\n\n<hr class=\"wp-block-separator has-alpha-channel-opacity\"\/>\n\n\n\n<p style=\"font-size:15px\"><strong>NOTES<\/strong><\/p>\n\n\n\n<p style=\"font-size:15px\">NB : l&rsquo;enluminure de l&rsquo;image d&rsquo;en-t\u00eate et de la premi\u00e8re illustration est tir\u00e9e du manuscrit m\u00e9di\u00e9val MS Royal 16 F de la British Library. Outre qu&rsquo;elle repr\u00e9sente Charles captif, elle est aussi l&rsquo;une des premi\u00e8res repr\u00e9sentations connue de Londres (<a href=\"https:\/\/blogs.bl.uk\/digitisedmanuscripts\/2011\/12\/first-view-of-london.html\" target=\"_blank\" rel=\"noopener nofollow\" title=\"\">voir article sur le blog de la British Library<\/a>). La seconde enluminure o\u00f9 l&rsquo;on voit le prince  en habits or et rouge provient du manuscrit &nbsp;MS 187 \u00ab\u00a0<em>Statutes, Ordonnances and armorial of the Order of the Golden Fleece<\/em>\u00ab\u00a0. Dat\u00e9 de la fin du XVe si\u00e8cle, ce manuscrit originaire de Hollande est actuellement conserv\u00e9 au <a href=\"https:\/\/data.fitzmuseum.cam.ac.uk\/id\/object\/169741\" target=\"_blank\" rel=\"noopener nofollow\" title=\"\">Mus\u00e9e Fitzwilliam de Cambridge<\/a>.<\/p>\n\n\n<ol style=\"font-size:15px;\" class=\"wp-block-footnotes\"><li id=\"c1d37af4-82ba-495a-a4ae-917b66cc7c51\"><em>\u00ab\u00a0Dans la crainte d\u2019une querelle intestine sur le champ de bataille, Charles VI avait demand\u00e9 aux deux princes rivaux, Jean Ier de Bourgogne et Charles d\u2019Orl\u00e9ans, de d\u00e9p\u00eacher un contingent d\u2019hommes d\u2019armes tout en leur interdisant d\u2019\u00eatre tous deux pr\u00e9sents. Le jeune et fougueux duc d\u2019Orl\u00e9ans, tout juste \u00e2g\u00e9 de vingt et un an, entendait bien tenir sa place, et d\u00e9sob\u00e9it aux instructions royales. Et c\u2019est en la qualit\u00e9 de commandant en chef qu\u2019il se retrouva \u00e0 l\u2019avant-garde de l\u2019ost royal \u00e0 Azincourt\u00a0\u00bb. <a href=\"https:\/\/www.fabula.org\/lodel\/colloques\/index.php?id=9733#tocfrom1n1\" target=\"_blank\" rel=\"noopener\" title=\"\">La po\u00e9sie d\u2019exil de Charles d\u2019Orl\u00e9ans et le d\u00e9sir de paix en temps de guerre<\/a>,<\/em> <em>Le d\u00e9sir de paix dans la litt\u00e9rature m\u00e9di\u00e9vale<\/em> Carole Bauguion (2023). <a href=\"#c1d37af4-82ba-495a-a4ae-917b66cc7c51-link\" aria-label=\"Aller \u00e0 la note de bas de page 1\">\u21a9\ufe0e<\/a><\/li><li id=\"a3d11701-f578-4631-aeb1-d34bfeb7df5f\"><em>Vie de Charles d&rsquo;Orl\u00e9ans <\/em>(1394-1465), Pierre Champion, Paris, (1911) <a href=\"#a3d11701-f578-4631-aeb1-d34bfeb7df5f-link\" aria-label=\"Aller \u00e0 la note de bas de page 2\">\u21a9\ufe0e<\/a><\/li><\/ol>","protected":false},"excerpt":{"rendered":"<p>Sujet&nbsp; : po\u00e9sie m\u00e9di\u00e9vale, paix, ballade m\u00e9di\u00e9vale, prince po\u00e8te, Azincourt, guerre de cent ans.P\u00e9riode&nbsp;&nbsp;&nbsp;: Moyen \u00c2ge tardif, XVe si\u00e8cleAuteur&nbsp;&nbsp;:&nbsp;Charles d&rsquo;Orl\u00e9ans (1394-1465)Manuscrit ancien&nbsp; : MS fran\u00e7ais 25458Ouvrage&nbsp;&nbsp;:&nbsp;Po\u00e9sies de Charles d&rsquo;Orl\u00e9ans, d&rsquo;apr\u00e8s les manuscrits des biblioth\u00e8ques du Roi et de l&rsquo;Arsenal, J. Marie Guichard (1842) Bonjour \u00e0 tous, actualit\u00e9 nous fournit, aujourd&rsquo;hui, l&rsquo;occasion de faire tribut \u00e0 &hellip; <a href=\"https:\/\/www.moyenagepassion.com\/index.php\/2025\/03\/17\/trois-ballades-pour-la-paix-de-charles-dorleans\/\" class=\"more-link\">Continuer la lecture de <span class=\"screen-reader-text\">Trois ballades pour la paix de Charles d&rsquo;Orl\u00e9ans<\/span>  <span class=\"meta-nav\">&rarr;<\/span><\/a><\/p>\n","protected":false},"author":2,"featured_media":51331,"comment_status":"open","ping_status":"open","sticky":false,"template":"","format":"standard","meta":{"_monsterinsights_skip_tracking":false,"_monsterinsights_sitenote_active":false,"_monsterinsights_sitenote_note":"","_monsterinsights_sitenote_category":0,"footnotes":"[{\"content\":\"<em>\\\"Dans la crainte d\u2019une querelle intestine sur le champ de bataille, Charles VI avait demand\u00e9 aux deux princes rivaux, Jean Ier de Bourgogne et Charles d\u2019Orl\u00e9ans, de d\u00e9p\u00eacher un contingent d\u2019hommes d\u2019armes tout en leur interdisant d\u2019\u00eatre tous deux pr\u00e9sents. Le jeune et fougueux duc d\u2019Orl\u00e9ans, tout juste \u00e2g\u00e9 de vingt et un an, entendait bien tenir sa place, et d\u00e9sob\u00e9it aux instructions royales. Et c\u2019est en la qualit\u00e9 de commandant en chef qu\u2019il se retrouva \u00e0 l\u2019avant-garde de l\u2019ost royal \u00e0 Azincourt\\\". <a href=\\\"https:\/\/www.fabula.org\/lodel\/colloques\/index.php?id=9733#tocfrom1n1\\\" target=\\\"_blank\\\" rel=\\\"noopener\\\" title=\\\"\\\">La po\u00e9sie d\u2019exil de Charles d\u2019Orl\u00e9ans et le d\u00e9sir de paix en temps de guerre<\/a>,<\/em> <em>Le d\u00e9sir de paix dans la litt\u00e9rature m\u00e9di\u00e9vale<\/em> Carole Bauguion (2023).\",\"id\":\"c1d37af4-82ba-495a-a4ae-917b66cc7c51\"},{\"content\":\"<em>Vie de Charles d'Orl\u00e9ans <\/em>(1394-1465), Pierre Champion, Paris, (1911)\",\"id\":\"a3d11701-f578-4631-aeb1-d34bfeb7df5f\"}]"},"categories":[6349,9],"tags":[896,1086,4193,2461,6351,5727,6352,6353,6260,615,6348,2168],"class_list":["post-51330","post","type-post","status-publish","format-standard","has-post-thumbnail","hentry","category-charles-dorleans","category-musique-medieval-historique-fantaisie-celtique","tag-azincourt","tag-ballade-medievale","tag-british-library","tag-enluminure","tag-francais-25458","tag-moyen-age-tardif-3","tag-ms-royal","tag-ms-royal-16","tag-paix","tag-poesie-medievale","tag-prince-poete","tag-xve-siecle"],"aioseo_notices":[],"_links":{"self":[{"href":"https:\/\/www.moyenagepassion.com\/index.php\/wp-json\/wp\/v2\/posts\/51330"}],"collection":[{"href":"https:\/\/www.moyenagepassion.com\/index.php\/wp-json\/wp\/v2\/posts"}],"about":[{"href":"https:\/\/www.moyenagepassion.com\/index.php\/wp-json\/wp\/v2\/types\/post"}],"author":[{"embeddable":true,"href":"https:\/\/www.moyenagepassion.com\/index.php\/wp-json\/wp\/v2\/users\/2"}],"replies":[{"embeddable":true,"href":"https:\/\/www.moyenagepassion.com\/index.php\/wp-json\/wp\/v2\/comments?post=51330"}],"version-history":[{"count":19,"href":"https:\/\/www.moyenagepassion.com\/index.php\/wp-json\/wp\/v2\/posts\/51330\/revisions"}],"predecessor-version":[{"id":51365,"href":"https:\/\/www.moyenagepassion.com\/index.php\/wp-json\/wp\/v2\/posts\/51330\/revisions\/51365"}],"wp:featuredmedia":[{"embeddable":true,"href":"https:\/\/www.moyenagepassion.com\/index.php\/wp-json\/wp\/v2\/media\/51331"}],"wp:attachment":[{"href":"https:\/\/www.moyenagepassion.com\/index.php\/wp-json\/wp\/v2\/media?parent=51330"}],"wp:term":[{"taxonomy":"category","embeddable":true,"href":"https:\/\/www.moyenagepassion.com\/index.php\/wp-json\/wp\/v2\/categories?post=51330"},{"taxonomy":"post_tag","embeddable":true,"href":"https:\/\/www.moyenagepassion.com\/index.php\/wp-json\/wp\/v2\/tags?post=51330"}],"curies":[{"name":"wp","href":"https:\/\/api.w.org\/{rel}","templated":true}]}}