{"id":51367,"date":"2025-03-23T03:03:24","date_gmt":"2025-03-23T02:03:24","guid":{"rendered":"https:\/\/www.moyenagepassion.com\/?p=51367"},"modified":"2025-03-27T18:58:31","modified_gmt":"2025-03-27T17:58:31","slug":"biot-et-les-templiers-animations-medievales","status":"publish","type":"post","link":"https:\/\/www.moyenagepassion.com\/index.php\/2025\/03\/23\/biot-et-les-templiers-animations-medievales\/","title":{"rendered":"100 000 Visiteurs Attendus \u00e0 Biot et les Templiers 2025"},"content":{"rendered":"<div id=\"moyen-868910621\" class=\"moyen-before-content moyen-entity-placement\"><script async src=\"\/\/pagead2.googlesyndication.com\/pagead\/js\/adsbygoogle.js?client=ca-pub-3035390706780632\" crossorigin=\"anonymous\"><\/script><ins class=\"adsbygoogle\" style=\"display:block;\" data-ad-client=\"ca-pub-3035390706780632\" \ndata-ad-slot=\"\" \ndata-ad-format=\"auto\"><\/ins>\n<script> \n(adsbygoogle = window.adsbygoogle || []).push({}); \n<\/script>\n<\/div>\n<p><\/p>\n\n\n<div class=\"wp-block-image\">\n<figure class=\"alignleft size-full is-resized\"><a href=\"https:\/\/www.moyenagepassion.com\/wp-content\/uploads\/2025\/03\/blason-armoirie-ecu-Biot-Alpes-Maritimes.jpg\"><img decoding=\"async\" width=\"226\" height=\"337\" src=\"https:\/\/www.moyenagepassion.com\/wp-content\/uploads\/2025\/03\/blason-armoirie-ecu-Biot-Alpes-Maritimes.jpg\" alt=\"\" class=\"wp-image-51373\" style=\"width:136px;height:auto\" srcset=\"https:\/\/www.moyenagepassion.com\/wp-content\/uploads\/2025\/03\/blason-armoirie-ecu-Biot-Alpes-Maritimes.jpg 226w, https:\/\/www.moyenagepassion.com\/wp-content\/uploads\/2025\/03\/blason-armoirie-ecu-Biot-Alpes-Maritimes-201x300.jpg 201w\" sizes=\"(max-width: 226px) 100vw, 226px\" \/><\/a><\/figure><\/div>\n\n\n<p><strong>Sujet<\/strong>&nbsp;: animations m\u00e9di\u00e9vales, \u00e9vocation historique, march\u00e9 artisanal, compagnies m\u00e9di\u00e9vales, campements, templiers.<br><strong>Ev\u00e9nement<\/strong>&nbsp;:&nbsp;<em><strong>Biot &amp; les Templiers<\/strong><\/em>, 9e \u00e9dition.<br><strong>Lieu<\/strong>&nbsp;: Biot, Alpes-Maritimes, Provence-Alpes-C\u00f4te d&rsquo;Azur.<br><strong>Dates<\/strong>&nbsp;: du 4 au 6 avril  2025.<\/p>\n\n\n\n<p>Bonjour \u00e0 tous,<\/p>\n\n\n<div class=\"wp-block-image\">\n<figure class=\"alignleft size-full\"><a href=\"https:\/\/www.moyenagepassion.com\/wp-content\/uploads\/2018\/10\/S_lettrine_moyen_age_passion.jpg\"><img decoding=\"async\" width=\"84\" height=\"103\" src=\"https:\/\/www.moyenagepassion.com\/wp-content\/uploads\/2018\/10\/S_lettrine_moyen_age_passion.jpg\" alt=\"\" class=\"wp-image-23904\"\/><\/a><\/figure><\/div>\n\n\n<p class=\"classe text_justify\">ur l&rsquo;agenda des animations et f\u00eates m\u00e9di\u00e9vales, ce d\u00e9but avril nous entra\u00eene dans un joli cadre du c\u00f4t\u00e9 de la r\u00e9gion PACA. Le site est celui du village m\u00e9diterran\u00e9en de Biot. Quant \u00e0 l&rsquo;\u00e9v\u00e9nement, il s&rsquo;agit de la Neuvi\u00e8me \u00e9dition d&rsquo;une grande m\u00e9di\u00e9vale \u00e9vocatrice de l&rsquo;Histoire locales et ayant pour nom : <strong><em>Biot et les Templiers<\/em><\/strong>.<\/p>\n\n\n\n<h2 class=\"wp-block-heading\">Un village d&rsquo;Art et d&rsquo;Histoire<\/h2>\n\n\n<div class=\"wp-block-image\">\n<figure class=\"alignright size-full is-resized\"><a href=\"https:\/\/www.moyenagepassion.com\/wp-content\/uploads\/2025\/03\/deco-medieval-templiers.jpg\"><img decoding=\"async\" width=\"115\" height=\"495\" src=\"https:\/\/www.moyenagepassion.com\/wp-content\/uploads\/2025\/03\/deco-medieval-templiers.jpg\" alt=\"\" class=\"wp-image-51378\" style=\"width:71px;height:auto\" srcset=\"https:\/\/www.moyenagepassion.com\/wp-content\/uploads\/2025\/03\/deco-medieval-templiers.jpg 115w, https:\/\/www.moyenagepassion.com\/wp-content\/uploads\/2025\/03\/deco-medieval-templiers-70x300.jpg 70w\" sizes=\"(max-width: 115px) 100vw, 115px\" \/><\/a><\/figure><\/div>\n\n\n<p class=\"classe text_justify\">Perch\u00e9e dans les hauteurs, \u00e0 quelques encablures d&rsquo;Antibes, la commune de Biot ajoute \u00e0 ses charmes de joli village proven\u00e7al berc\u00e9 par les vents c\u00f4tiers, une culture de l&rsquo;art et de l&rsquo;artisanat du verre souffl\u00e9 qui la distingue, d\u00e8s le milieu du XXe si\u00e8cle. Depuis 1997, la cit\u00e9 s&rsquo;est m\u00eame vue d\u00e9cern\u00e9e le label des Villes et M\u00e9tiers d&rsquo;Art pour cette sp\u00e9cialit\u00e9 et pour son effervescence en mati\u00e8re artisanale.<\/p>\n\n\n\n<p class=\"classe text_justify\">Chaque ann\u00e9e, quelques 450 000 touristes viennent ainsi d\u00e9couvrir les diff\u00e9rents ateliers et expositions autour de la verrerie locale. Ils ne sont pas les seuls \u00e0 proposer leur artisanat aux touristes. Potiers, c\u00e9ramistes, peintres ou encore bijoutiers exposent aussi leurs cr\u00e9ations et leur art aux yeux du public.<\/p>\n\n\n\n<h3 class=\"wp-block-heading\">Biot au temps du Moyen \u00c2ge et des templiers<\/h3>\n\n\n\n<p class=\"classe text_justify\">Les charmes de Biot, autant que son site d&rsquo;exception, entre mer et montagne pourraient suffire \u00e0 lui attirer de nombreux visiteurs mais la commune a d\u00e9cid\u00e9 d&rsquo;ajouter \u00e0 ces attraits l&rsquo;\u00e9vocation de son histoire m\u00e9di\u00e9vale et, notamment, son lien aux prestigieux templiers. <\/p>\n\n\n<div class=\"wp-block-image\">\n<figure class=\"alignleft size-full is-resized\"><a href=\"https:\/\/www.moyenagepassion.com\/wp-content\/uploads\/2025\/03\/Biot-et-ses-templiers-affiche-officielle-animations-medievales-2025.jpg\"><img decoding=\"async\" width=\"350\" height=\"513\" src=\"https:\/\/www.moyenagepassion.com\/wp-content\/uploads\/2025\/03\/Biot-et-ses-templiers-affiche-officielle-animations-medievales-2025.jpg\" alt=\"Biot et les Templiers 2025, affiche officielle de cet \u00e9v\u00e9nement\" class=\"wp-image-51372\" style=\"width:193px;height:auto\" srcset=\"https:\/\/www.moyenagepassion.com\/wp-content\/uploads\/2025\/03\/Biot-et-ses-templiers-affiche-officielle-animations-medievales-2025.jpg 350w, https:\/\/www.moyenagepassion.com\/wp-content\/uploads\/2025\/03\/Biot-et-ses-templiers-affiche-officielle-animations-medievales-2025-205x300.jpg 205w\" sizes=\"(max-width: 350px) 100vw, 350px\" \/><\/a><\/figure><\/div>\n\n\n<p class=\"classe text_justify\">Au d\u00e9but du XIIIe si\u00e8cle, en 1209, le comte de Provence Alphonse II l\u00e8gue, en effet,  ses possessions \u00e0 l&rsquo;ordre. Les templiers en profitent pour consolider leur installation dans la r\u00e9gion et faire fructifier leurs terres. Leur occupation sur les terres de Biot  durera un si\u00e8cle.<\/p>\n\n\n\n<p class=\"classe text_justify\">Comme on le sait, le sort finira toutefois par se retourner contre l&rsquo;ordre c\u00e9l\u00e8bre. Au tout d\u00e9but du XIVe si\u00e8cle, en 1308, presque cent ans, jour pour jour, apr\u00e8s le legs d&rsquo;Alphonse II, Charles II d\u2019Anjou, comte de Provence lancera, sur l&rsquo;ordre de la papaut\u00e9 romaine, l&rsquo;arrestation des templiers. Suite \u00e0 ce brutal coup d&rsquo;arr\u00eat, le pape Cl\u00e9ment V attribuera les richesses de l\u2019ordre du Temple aux hospitaliers de Saint-Jean-de-J\u00e9rusalem. Biot aura perdu ses templiers mais l&rsquo;\u00e2ge d&rsquo;or de l&rsquo;ordre, autant que  sa fin brutale continueront longtemps de faire couler l&rsquo;encre.<\/p>\n\n\n\n<p class=\"classe text_justify\">La ville conna\u00eetra d&rsquo;autres d\u00e9boires au Moyen \u00c2ge. D\u00e9cim\u00e9e par les \u00e9pid\u00e9mies de peste durant ce m\u00eame XIVe si\u00e8cle, elle sera repeupl\u00e9e par des familles en provenance d&rsquo;Italie \u00e0 l&rsquo;initiative du <a href=\"https:\/\/www.moyenagepassion.com\/index.php\/tag\/roi-rene\/\" title=\"\">roi Ren\u00e9<\/a> dans la deuxi\u00e8me partie du XVe si\u00e8cle et se verra \u00e9galement dot\u00e9e de fortifications<sup data-fn=\"4423802e-6399-4957-a1a4-3aacde9882ec\" class=\"fn\"><a href=\"#4423802e-6399-4957-a1a4-3aacde9882ec\" id=\"4423802e-6399-4957-a1a4-3aacde9882ec-link\">1<\/a><\/sup> . <\/p>\n\n\n\n<h2 class=\"wp-block-heading\">Le programme de Biot et les Templiers 2025<\/h2>\n\n\n<div class=\"wp-block-image\">\n<figure class=\"aligncenter size-full\"><a href=\"https:\/\/www.moyenagepassion.com\/wp-content\/uploads\/2025\/03\/Animations-Medievales-Biot-et-les-Templiers-2025-PACA-Alpes-Maritimes.jpg\"><img decoding=\"async\" width=\"650\" height=\"499\" src=\"https:\/\/www.moyenagepassion.com\/wp-content\/uploads\/2025\/03\/Animations-Medievales-Biot-et-les-Templiers-2025-PACA-Alpes-Maritimes-s-1.jpg\" alt=\"Le plein d'animations m\u00e9di\u00e9vales et de compagnies invit\u00e9s pour Biot et les Templiers 2025\" class=\"wp-image-51375\" srcset=\"https:\/\/www.moyenagepassion.com\/wp-content\/uploads\/2025\/03\/Animations-Medievales-Biot-et-les-Templiers-2025-PACA-Alpes-Maritimes-s-1.jpg 650w, https:\/\/www.moyenagepassion.com\/wp-content\/uploads\/2025\/03\/Animations-Medievales-Biot-et-les-Templiers-2025-PACA-Alpes-Maritimes-s-1-300x230.jpg 300w\" sizes=\"(max-width: 650px) 100vw, 650px\" \/><\/a><\/figure><\/div>\n\n<div class=\"wp-block-image\">\n<figure class=\"alignright size-full is-resized\"><a href=\"https:\/\/www.moyenagepassion.com\/wp-content\/uploads\/2025\/03\/deco-medieval-templiers.jpg\"><img decoding=\"async\" width=\"115\" height=\"495\" src=\"https:\/\/www.moyenagepassion.com\/wp-content\/uploads\/2025\/03\/deco-medieval-templiers.jpg\" alt=\"\" class=\"wp-image-51378\" style=\"width:80px\" srcset=\"https:\/\/www.moyenagepassion.com\/wp-content\/uploads\/2025\/03\/deco-medieval-templiers.jpg 115w, https:\/\/www.moyenagepassion.com\/wp-content\/uploads\/2025\/03\/deco-medieval-templiers-70x300.jpg 70w\" sizes=\"(max-width: 115px) 100vw, 115px\" \/><\/a><\/figure><\/div>\n\n\n<p class=\"classe text_justify\">L&rsquo;\u00e9v\u00e9nement a connu une longue pause de neuf ans \u00e0 partir de 2014 mais son succ\u00e8s \u00e0 marqu\u00e9 les esprits, d\u00e8s sa reprise en 2023. En renouant avec ses templiers \u00e0 l&rsquo;occasion de grandes animations m\u00e9di\u00e9vales, Biot accueillit, en effet, plus de 100 000 visiteurs. Le cru 2024 ayant connu la m\u00eame fr\u00e9quentation, la neuvi\u00e8me de <strong><em>Biot et les Templiers<\/em><\/strong> s&rsquo;annonce sous les meilleurs auspices avec un programme sans temps mort et qui laissera une belle place \u00e0 l&rsquo;\u00e9vocation historique. <\/p>\n\n\n\n<p class=\"classe text_justify\">Au passage, une telle affluence de visiteurs place les animations templi\u00e8res de Biot dans le Top des f\u00eates m\u00e9di\u00e9vales les plus fr\u00e9quent\u00e9es de France et certainement m\u00eame, en toute premi\u00e8re place de celles de la r\u00e9gion PACA.<\/p>\n\n\n\n<p class=\"classe text_justify\">Du vendredi 4 avril en soir\u00e9e au dimanche 6, l&rsquo;\u00e9v\u00e9nement sera scand\u00e9 par de grands temps forts autour des templiers bien s\u00fbr : remise des clefs de la ville au s\u00e9n\u00e9chal du temple, grande revue de troupes, d\u00e9fil\u00e9s aux flambeaux, c\u00e9r\u00e9monie d&rsquo;intronisation d&rsquo;un chevalier dans l&rsquo;ordre du temple\u2026 et, bien s\u00fbr, c\u00e9r\u00e9monie de cl\u00f4ture en fin d&rsquo;\u00e9v\u00e9nement.<\/p>\n\n\n\n<h3 class=\"wp-block-heading\">Animations m\u00e9di\u00e9vales permanentes<\/h3>\n\n\n<div class=\"wp-block-image\">\n<figure class=\"aligncenter size-full\"><a href=\"https:\/\/www.moyenagepassion.com\/wp-content\/uploads\/2025\/03\/marche-medieval-et-atelier-artisanat-medieval-a-Biot-et-les-templiers-2025.jpg\"><img decoding=\"async\" width=\"650\" height=\"112\" src=\"https:\/\/www.moyenagepassion.com\/wp-content\/uploads\/2025\/03\/marche-medieval-et-atelier-artisanat-medieval-a-Biot-et-les-templiers-2025-s.jpg\" alt=\"Ateliers et march\u00e9 artisanal \u00e0 la 9eme \u00e9dition de Biot et les Templiers\" class=\"wp-image-51376\" srcset=\"https:\/\/www.moyenagepassion.com\/wp-content\/uploads\/2025\/03\/marche-medieval-et-atelier-artisanat-medieval-a-Biot-et-les-templiers-2025-s.jpg 650w, https:\/\/www.moyenagepassion.com\/wp-content\/uploads\/2025\/03\/marche-medieval-et-atelier-artisanat-medieval-a-Biot-et-les-templiers-2025-s-300x52.jpg 300w\" sizes=\"(max-width: 650px) 100vw, 650px\" \/><\/a><\/figure><\/div>\n\n<div class=\"wp-block-image\">\n<figure class=\"alignleft size-full is-resized\"><a href=\"https:\/\/www.moyenagepassion.com\/wp-content\/uploads\/2025\/03\/deco-medieval-templiers.jpg\"><img decoding=\"async\" width=\"115\" height=\"495\" src=\"https:\/\/www.moyenagepassion.com\/wp-content\/uploads\/2025\/03\/deco-medieval-templiers.jpg\" alt=\"\" class=\"wp-image-51378\" style=\"width:80px\" srcset=\"https:\/\/www.moyenagepassion.com\/wp-content\/uploads\/2025\/03\/deco-medieval-templiers.jpg 115w, https:\/\/www.moyenagepassion.com\/wp-content\/uploads\/2025\/03\/deco-medieval-templiers-70x300.jpg 70w\" sizes=\"(max-width: 115px) 100vw, 115px\" \/><\/a><\/figure><\/div>\n\n\n<p class=\"classe text_justify\">Entre ces temps marquants, les animations permanentes battront leur plein. L&rsquo;\u00e9dition 2025 se place sous le signe de l&rsquo;Art de la Chevalerie autant dire que des nombreuses activit\u00e9s rendront hommage \u00e0 ce th\u00e8me : sc\u00e8nes de combats en armure, grandes m\u00eal\u00e9es m\u00e9di\u00e9vales, tournois et spectacles \u00e9questres. Pour une immersion r\u00e9ussie, viendront s&rsquo;y ajouter concerts de musique m\u00e9di\u00e9vale, sayn\u00e8tes et spectacles de rue, contes et conf\u00e9rences.<\/p>\n\n\n\n<p class=\"classe text_justify\">On pourra aussi compter sur les campements m\u00e9di\u00e9vaux pr\u00e9sents sur place pour faire revivre la vie civile et militaire du Moyen \u00c2ge. Des ateliers d&rsquo;artisans permettront aussi aux visiteurs de d\u00e9couvrir la r\u00e9alit\u00e9 de nombreux m\u00e9tiers d&rsquo;\u00e9poque. <\/p>\n\n\n\n<p class=\"classe text_justify\">Autre temps tr\u00e8s attendu de la f\u00eate, la soir\u00e9e du samedi poursuivra le d\u00e9fil\u00e9 aux flambeaux par un grand bal m\u00e9di\u00e9val anim\u00e9 et se cl\u00f4turera par un grand spectacle \u00e9questre et de feu. Un spectacle son et lumi\u00e8re est \u00e9galement pr\u00e9vu qui s&rsquo;annonce comme le plus grand vid\u00e9o-mapping d&rsquo;Europe. Il sera projet\u00e9 sur les murs du village et sur plus de 27000 m\u00b2.<\/p>\n\n\n\n<h3 class=\"wp-block-heading\">Compagnies et artistes attendus<\/h3>\n\n\n\n<p class=\"classe text_justify\"><em><mark style=\"background-color:rgba(0, 0, 0, 0)\" class=\"has-inline-color has-green-color\">Cie des Blancs Manteaux, Societ\u00e9 Proietta &amp; Luminograf, Cie Les Chevaux de Prestige, Cie Bragaas, Cie del Coniglio, Baudain, Gaspard le Busard, Cie les Ecuyers de l&rsquo;Histoire, Coe So\u00f1j, Eric Derrien, Cie Sonagli di Tagatam, Cie Les Gardiens de Trois Croix, Cie Camana\u00efre, Cie Les Seigneurs d&rsquo;Orient, Cie Los Lobos Negros, Cie Trencavel, Cie les Blancs Chevaliers de Biot.<\/mark><\/em><\/p>\n\n\n\n<h3 class=\"wp-block-heading\">March\u00e9 m\u00e9di\u00e9val et \u00e9choppes artisanales<\/h3>\n\n\n\n<p class=\"classe text_justify\">Pas de M\u00e9di\u00e9vales r\u00e9ussies sans un march\u00e9 artisanal digne de ce nom. L&rsquo;\u00e9v\u00e9nement <strong><em>Biot et les templiers<\/em><\/strong> ne d\u00e9rogera pas \u00e0 la r\u00e8gle puisque plus de 60 \u00e9choppes seront l\u00e0 pour combler vos envies de shopping. S&rsquo;y joindront des tavernes m\u00e9di\u00e9vales pour festoyer et ripailler dans la joie.<\/p>\n\n\n\n<p class=\"classe text_justify\">Pour plus d&rsquo;informations sur ces festivit\u00e9s m\u00e9di\u00e9vales de Biot, <a href=\"https:\/\/www.biotetlestempliers.fr\/\" target=\"_blank\" rel=\"noopener nofollow\" title=\"\">voir le programme d\u00e9taill\u00e9 sur le site officiel<\/a> (Lien de <a href=\"https:\/\/www.moyenagepassion.com\/wp-content\/uploads\/2025\/03\/animations-medievales-templiers-Biot-PACA-2025.pdf\" target=\"_blank\" rel=\"noopener\" title=\"\">T\u00e9l\u00e9chargement alternatif<\/a>)<\/p>\n\n\n\n<p>En vous souhaitant une belle journ\u00e9e.<\/p>\n\n\n\n<p>Fred<br>Pour Moyenagepassion.com<br><em>A la d\u00e9couverte du monde m\u00e9di\u00e9val sous toutes ses formes.<\/em><\/p>\n\n\n<ol class=\"wp-block-footnotes\"><li id=\"4423802e-6399-4957-a1a4-3aacde9882ec\">Voir le <a href=\"https:\/\/musee-de-biot.fr\/histoire-de-biot\/\" target=\"_blank\" rel=\"noopener\" title=\"\">site du Mus\u00e9e de Biot<\/a>. <a href=\"#4423802e-6399-4957-a1a4-3aacde9882ec-link\" aria-label=\"Aller \u00e0 la note de bas de page 1\">\u21a9\ufe0e<\/a><\/li><\/ol>","protected":false},"excerpt":{"rendered":"<p>Sujet&nbsp;: animations m\u00e9di\u00e9vales, \u00e9vocation historique, march\u00e9 artisanal, compagnies m\u00e9di\u00e9vales, campements, templiers.Ev\u00e9nement&nbsp;:&nbsp;Biot &amp; les Templiers, 9e \u00e9dition.Lieu&nbsp;: Biot, Alpes-Maritimes, Provence-Alpes-C\u00f4te d&rsquo;Azur.Dates&nbsp;: du 4 au 6 avril 2025. Bonjour \u00e0 tous, ur l&rsquo;agenda des animations et f\u00eates m\u00e9di\u00e9vales, ce d\u00e9but avril nous entra\u00eene dans un joli cadre du c\u00f4t\u00e9 de la r\u00e9gion PACA. Le site est celui &hellip; <a href=\"https:\/\/www.moyenagepassion.com\/index.php\/2025\/03\/23\/biot-et-les-templiers-animations-medievales\/\" class=\"more-link\">Continuer la lecture de <span class=\"screen-reader-text\">100 000 Visiteurs Attendus \u00e0 Biot et les Templiers 2025<\/span>  <span class=\"meta-nav\">&rarr;<\/span><\/a><\/p>\n","protected":false},"author":2,"featured_media":51370,"comment_status":"open","ping_status":"open","sticky":false,"template":"","format":"standard","meta":{"_monsterinsights_skip_tracking":false,"_monsterinsights_sitenote_active":false,"_monsterinsights_sitenote_note":"","_monsterinsights_sitenote_category":0,"footnotes":"[{\"content\":\"Voir le <a href=\\\"https:\/\/musee-de-biot.fr\/histoire-de-biot\/\\\" target=\\\"_blank\\\" rel=\\\"noopener\\\" title=\\\"\\\">site du Mus\u00e9e de Biot<\/a>.\",\"id\":\"4423802e-6399-4957-a1a4-3aacde9882ec\"}]"},"categories":[11,13],"tags":[6355,5758,6354,5756,212,18,6051,824],"class_list":["post-51367","post","type-post","status-publish","format-standard","has-post-thumbnail","hentry","category-fetes-medievales-evenement","category-lieux-moyen-age-medievaux","tag-alpes-maritimes","tag-animations-medievales-2","tag-biot","tag-campement-medieval","tag-compagnies-medievales","tag-moyen-age","tag-provence-alpes-cote-dazur-2","tag-templiers"],"aioseo_notices":[],"_links":{"self":[{"href":"https:\/\/www.moyenagepassion.com\/index.php\/wp-json\/wp\/v2\/posts\/51367"}],"collection":[{"href":"https:\/\/www.moyenagepassion.com\/index.php\/wp-json\/wp\/v2\/posts"}],"about":[{"href":"https:\/\/www.moyenagepassion.com\/index.php\/wp-json\/wp\/v2\/types\/post"}],"author":[{"embeddable":true,"href":"https:\/\/www.moyenagepassion.com\/index.php\/wp-json\/wp\/v2\/users\/2"}],"replies":[{"embeddable":true,"href":"https:\/\/www.moyenagepassion.com\/index.php\/wp-json\/wp\/v2\/comments?post=51367"}],"version-history":[{"count":12,"href":"https:\/\/www.moyenagepassion.com\/index.php\/wp-json\/wp\/v2\/posts\/51367\/revisions"}],"predecessor-version":[{"id":51389,"href":"https:\/\/www.moyenagepassion.com\/index.php\/wp-json\/wp\/v2\/posts\/51367\/revisions\/51389"}],"wp:featuredmedia":[{"embeddable":true,"href":"https:\/\/www.moyenagepassion.com\/index.php\/wp-json\/wp\/v2\/media\/51370"}],"wp:attachment":[{"href":"https:\/\/www.moyenagepassion.com\/index.php\/wp-json\/wp\/v2\/media?parent=51367"}],"wp:term":[{"taxonomy":"category","embeddable":true,"href":"https:\/\/www.moyenagepassion.com\/index.php\/wp-json\/wp\/v2\/categories?post=51367"},{"taxonomy":"post_tag","embeddable":true,"href":"https:\/\/www.moyenagepassion.com\/index.php\/wp-json\/wp\/v2\/tags?post=51367"}],"curies":[{"name":"wp","href":"https:\/\/api.w.org\/{rel}","templated":true}]}}