{"id":51417,"date":"2025-04-13T17:37:36","date_gmt":"2025-04-13T16:37:36","guid":{"rendered":"https:\/\/www.moyenagepassion.com\/?p=51417"},"modified":"2025-04-13T17:58:19","modified_gmt":"2025-04-13T16:58:19","slug":"festival-fantasy-mons-a-lheure-de-trolls-legendes","status":"publish","type":"post","link":"https:\/\/www.moyenagepassion.com\/index.php\/2025\/04\/13\/festival-fantasy-mons-a-lheure-de-trolls-legendes\/","title":{"rendered":"Festival Fantasy : Mons \u00e0 l&rsquo;heure de Trolls &amp; L\u00e9gendes"},"content":{"rendered":"<div id=\"moyen-3155277931\" class=\"moyen-before-content moyen-entity-placement\"><script async src=\"\/\/pagead2.googlesyndication.com\/pagead\/js\/adsbygoogle.js?client=ca-pub-3035390706780632\" crossorigin=\"anonymous\"><\/script><ins class=\"adsbygoogle\" style=\"display:block;\" data-ad-client=\"ca-pub-3035390706780632\" \ndata-ad-slot=\"\" \ndata-ad-format=\"auto\"><\/ins>\n<script> \n(adsbygoogle = window.adsbygoogle || []).push({}); \n<\/script>\n<\/div>\n<p><\/p>\n\n\n<div class=\"wp-block-image\">\n<figure class=\"alignleft is-resized\"><a href=\"https:\/\/www.moyenagepassion.com\/wp-content\/uploads\/2019\/04\/ecu_armoiries_blason_Mons_Wallonie_Belgique_festival_medieval-fantatique.jpg\"><img decoding=\"async\" width=\"226\" height=\"337\" src=\"https:\/\/www.moyenagepassion.com\/wp-content\/uploads\/2019\/04\/ecu_armoiries_blason_Mons_Wallonie_Belgique_festival_medieval-fantatique.jpg\" alt=\"Mons, Belgique, Blason et armoirie\" class=\"wp-image-26253\" style=\"width:113px;height:auto\" srcset=\"https:\/\/www.moyenagepassion.com\/wp-content\/uploads\/2019\/04\/ecu_armoiries_blason_Mons_Wallonie_Belgique_festival_medieval-fantatique.jpg 226w, https:\/\/www.moyenagepassion.com\/wp-content\/uploads\/2019\/04\/ecu_armoiries_blason_Mons_Wallonie_Belgique_festival_medieval-fantatique-201x300.jpg 201w\" sizes=\"(max-width: 226px) 100vw, 226px\" \/><\/a><\/figure><\/div>\n\n\n<p><strong>Sujet<\/strong>&nbsp;: festival fantasy, m\u00e9di\u00e9val-fantastique,  mondes imaginaires, salon du livre, concerts folk, pagan folk, animations m\u00e9di\u00e9vales.<br><strong>P\u00e9riode<\/strong>&nbsp;: moyen-\u00e2ge fantastique, l\u00e9gendes<br><strong>Ev\u00e8nement<\/strong>&nbsp;: Festival Trolls &amp; l\u00e9gendes 2025<br><strong>Dates<\/strong>&nbsp;: du vendredi 18 au dimanche&nbsp; 20 avril.<br><strong>Lieu<\/strong>&nbsp;: Parc &nbsp;Lotto Mons Expo, Mons, Belgique.<\/p>\n\n\n\n<p>Bonjour \u00e0 tous, <\/p>\n\n\n<div class=\"wp-block-image\">\n<figure class=\"alignleft size-full\"><a href=\"https:\/\/www.moyenagepassion.com\/wp-content\/uploads\/2018\/10\/C_lettrine_moyen_age_passion.jpg\"><img decoding=\"async\" width=\"84\" height=\"103\" src=\"https:\/\/www.moyenagepassion.com\/wp-content\/uploads\/2018\/10\/C_lettrine_moyen_age_passion.jpg\" alt=\"\" class=\"wp-image-23887\"\/><\/a><\/figure><\/div>\n\n\n<p class=\"classe text_justify\">ette semaine, l&rsquo;agenda des animations aux couleurs m\u00e9di\u00e9vales nous entra\u00eene aux portes de la Belgique et \u00e0 Mons, pour y retrouver la derni\u00e8re \u00e9dition du tr\u00e8s r\u00e9put\u00e9 festival fantasy Trolls &amp; L\u00e9gendes. Lanc\u00e9 en 2005, cet \u00e9v\u00e9nement bisannuel  f\u00eatera, cette ann\u00e9e ses 20 ans. Avec pr\u00e8s de 25 000 festivaliers, il a su, ind\u00e9niablement, s&rsquo;inscrire dans la dur\u00e9e.<\/p>\n\n\n\n<p class=\"classe text_justify\">Derri\u00e8re le Trolls &amp; L\u00e9gendes, une volont\u00e9 affirm\u00e9e de promouvoir la Fantasy dans toutes ses formes d&rsquo;expression et d\u00e9clinaisons. La recette fonctionne et les organisateurs sont bien d\u00e9cid\u00e9s \u00e0 maintenir le cap pour cette 12e \u00e9dition. Ainsi, du vendredi 18 au dimanche 20 avril 2025, le festival ouvrira, \u00e0 nouveau, ses portes \u00e0 ses visiteurs pour un grand voyage dans l&rsquo;imaginaire.<\/p>\n\n\n\n<h2 class=\"wp-block-heading\">Au programme 2025 : Fantasy \u00e0 tous les \u00e9tages<\/h2>\n\n\n\n<p class=\"classe text_justify\">Le programme de Trolls &amp; L\u00e9gendes 2025 sera donc fid\u00e8le \u00e0 l&rsquo;ambition du festival. Exposition, litt\u00e9rature, cin\u00e9ma, BD et illustration, animations, march\u00e9 aux notes fantastiques et concerts. M\u00eame si l&rsquo;\u00e9v\u00e9nement s&rsquo;ouvre pleinement sur le genre Fantasy au sens large, le monde m\u00e9di\u00e9val y occupera, bien s\u00fbr, une large place.<\/p>\n\n\n<div class=\"wp-block-image\">\n<figure class=\"aligncenter size-large\"><a href=\"https:\/\/www.moyenagepassion.com\/wp-content\/uploads\/2025\/04\/animations-trolls-legendes-2025_jeux-medieval-fantaisie-marche.jpg\"><img decoding=\"async\" width=\"1024\" height=\"178\" src=\"https:\/\/www.moyenagepassion.com\/wp-content\/uploads\/2025\/04\/animations-trolls-legendes-2025_jeux-medieval-fantaisie-marche-1024x178.jpg\" alt=\"Animations et jeux au festival Trolls &amp;  L\u00e9gendes 2025\" class=\"wp-image-51429\" srcset=\"https:\/\/www.moyenagepassion.com\/wp-content\/uploads\/2025\/04\/animations-trolls-legendes-2025_jeux-medieval-fantaisie-marche-1024x178.jpg 1024w, https:\/\/www.moyenagepassion.com\/wp-content\/uploads\/2025\/04\/animations-trolls-legendes-2025_jeux-medieval-fantaisie-marche-300x52.jpg 300w, https:\/\/www.moyenagepassion.com\/wp-content\/uploads\/2025\/04\/animations-trolls-legendes-2025_jeux-medieval-fantaisie-marche-768x133.jpg 768w, https:\/\/www.moyenagepassion.com\/wp-content\/uploads\/2025\/04\/animations-trolls-legendes-2025_jeux-medieval-fantaisie-marche.jpg 1197w\" sizes=\"(max-width: 1024px) 100vw, 1024px\" \/><\/a><\/figure><\/div>\n\n\n<h3 class=\"wp-block-heading\">Animations \u00e0 Profusion &amp;  March\u00e9 F\u00e9\u00e9rique<\/h3>\n\n\n\n<p class=\"classe text_justify\">Pas de grand festival fantasy sans grand march\u00e9 et sans animations m\u00e9di\u00e9vales permanentes teint\u00e9es de fantastique. Elles seront nombreuses, cette ann\u00e9e encore, entre d\u00e9ambulations fantastiques et spectaculaires, contes et sayn\u00e8tes. S&rsquo;y adjoindront les ateliers vari\u00e9s et, bien s\u00fbr, les incontournables campements o\u00f9 les initiations et les d\u00e9monstrations ne manqueront pas : combats \u00e0 l&rsquo;\u00e9p\u00e9e, archerie, javelot, forge, coutellerie d&rsquo;art, \u2026<\/p>\n\n\n\n<h4 class=\"wp-block-heading\">Compagnies m\u00e9di\u00e9vales, conteurs &amp; campements<\/h4>\n\n\n<div class=\"wp-block-image\">\n<figure class=\"alignright size-full is-resized\"><a href=\"https:\/\/www.moyenagepassion.com\/wp-content\/uploads\/2025\/04\/festival-medieval-fantas-Trolls-et-legendes-2025-affiche-officielle.jpg\"><img decoding=\"async\" width=\"350\" height=\"493\" src=\"https:\/\/www.moyenagepassion.com\/wp-content\/uploads\/2025\/04\/festival-medieval-fantas-Trolls-et-legendes-2025-affiche-officielle.jpg\" alt=\"Trolls &amp; L\u00e9gendes : Festival fantasy et animations, affiche 2024\" class=\"wp-image-51421\" style=\"width:242px;height:auto\" srcset=\"https:\/\/www.moyenagepassion.com\/wp-content\/uploads\/2025\/04\/festival-medieval-fantas-Trolls-et-legendes-2025-affiche-officielle.jpg 350w, https:\/\/www.moyenagepassion.com\/wp-content\/uploads\/2025\/04\/festival-medieval-fantas-Trolls-et-legendes-2025-affiche-officielle-213x300.jpg 213w\" sizes=\"(max-width: 350px) 100vw, 350px\" \/><\/a><\/figure><\/div>\n\n\n<p class=\"classe text_justify\"><em><mark style=\"background-color:rgba(0, 0, 0, 0)\" class=\"has-inline-color has-green-color\">BE Larp asbl &#8211; La Meute du Nord &amp; les 7 \u00e9p\u00e9es &#8211; Devillers et la Belliqueuse &#8211; Hollywood Arcadia &#8211;  Les Feux de la Rose noire &#8211; Adrimusika &#8211; l&rsquo;Echo des Brumes &#8211; La Maisnie Hellequin &#8211; Caber Feidh &#8211; Adana Fona &#8211; La Compagnie des Fourvoyeurs &#8211; Le Preux chevalier et son Ecuyer &#8211; Skayrish &#8211; Contes des soirs perdus &#8211; Fabulore &#8211; La Forge Naine &#8211; Les Fauthenics &#8211; L&rsquo;herboriste ambulant, Runa&rsquo;art &#8211; Voluyta, \u2026<\/mark><\/em><\/p>\n\n\n\n<p class=\"classe text_justify\">Quant au march\u00e9, pas de fausses notes, il sera f\u00e9\u00e9rique ou il ne sera pas.  Ils seront m\u00eame pr\u00e8s de 130 artisans de tous bords, venus d&rsquo;Europe, \u00e0 vous proposer leurs \u00e9choppes aux notes magiques et fantastiques. <br><br>Au menu, cr\u00e9ations \u00e9tonnantes et in\u00e9dites, objets f\u00e9\u00e9riques, d\u00e9coration, bijouterie, travail du bois ou du cuir, costumes, soins et beaut\u00e9, gourmandise etc\u2026 Les collations seront aussi pr\u00e9vues dans cette zone. Attention aux filtres magiques !<\/p>\n\n\n\n<h2 class=\"wp-block-heading\">Des Jeux comme s&rsquo;il en pleuvait<\/h2>\n\n\n<div class=\"wp-block-image\">\n<figure class=\"alignright size-full is-resized\"><a href=\"https:\/\/www.moyenagepassion.com\/wp-content\/uploads\/2025\/04\/deco-medieval-fantaisie-gnome-trolls-legendes-Mons.jpg\"><img decoding=\"async\" width=\"115\" height=\"495\" src=\"https:\/\/www.moyenagepassion.com\/wp-content\/uploads\/2025\/04\/deco-medieval-fantaisie-gnome-trolls-legendes-Mons.jpg\" alt=\"\" class=\"wp-image-51427\" style=\"width:80px\" srcset=\"https:\/\/www.moyenagepassion.com\/wp-content\/uploads\/2025\/04\/deco-medieval-fantaisie-gnome-trolls-legendes-Mons.jpg 115w, https:\/\/www.moyenagepassion.com\/wp-content\/uploads\/2025\/04\/deco-medieval-fantaisie-gnome-trolls-legendes-Mons-70x300.jpg 70w\" sizes=\"(max-width: 115px) 100vw, 115px\" \/><\/a><\/figure><\/div>\n\n\n<p class=\"classe text_justify\">Autre point fort habituel du Trolls &amp; L\u00e9gendes, les jeux de table et de soci\u00e9t\u00e9 (Fantasy, cela va s&rsquo;en dire). Ils trouveront leur juste place avec un grand espace d\u00e9di\u00e9.<\/p>\n\n\n\n<p class=\"classe text_justify\">Des auteurs, \u00e9diteurs et boutiques sp\u00e9cialis\u00e9es seront pr\u00e9sents pour vous permettre de tester les meilleurs titres, pour de futures soir\u00e9es endiabl\u00e9es, en famille ou entre amis. On pourra m\u00eame s&rsquo;essayer ou se perfectionner \u00e0 la peinture de figurines avec des ateliers sp\u00e9ciaux : un must pour de nombreux r\u00f4listes ou amateurs de jeu de plateau m\u00e9di\u00e9val fantaisie.<\/p>\n\n\n\n<p class=\"classe text_justify\">Pour faire bonne mesure et contenter les f\u00e9rus de mondes num\u00e9riques, une cyber zone est aussi pr\u00e9vue cette ann\u00e9e. Elle permettra d&rsquo;explorer la Fantasy dans ses formes les plus interactives et digitales. Des invit\u00e9s et streamers passionn\u00e9s en assureront l&rsquo;animation.<\/p>\n\n\n\n<p class=\"classe text_justify\">Enfin sur cette partie ludique, on ajoutera les concours Cosplay du Festival, les samedi et dimanche.<\/p>\n\n\n\n<h2 class=\"wp-block-heading\">Les concerts de Trolls &amp; L\u00e9gendes 2025<\/h2>\n\n\n\n<p class=\"classe text_justify\">Tous les jours, \u00e0 partir de 18h00, la partie la plus musicale du festival reprendra ses droits en encha\u00eenant de nombreux concerts. Au Trolls, les styles s&rsquo;\u00e9talent, en g\u00e9n\u00e9ral, du Pagan Folk au celtique et m\u00eame au folk m\u00e9tal. Seize bandes ont \u00e9t\u00e9 s\u00e9lectionn\u00e9s pour cette 12e \u00e9dition. Les r\u00f4listes de la premi\u00e8re heure seront heureux de voir que le <a href=\"https:\/\/www.moyenagepassion.com\/index.php\/2016\/07\/02\/musique-medievale-fantastique-neuheulbeuk-geek-culture-humour-de-roliste\/\" title=\"\">Naheulband<\/a> est de la partie.<\/p>\n\n\n\n<h3 class=\"wp-block-heading\">Groupes de Musique invit\u00e9s<\/h3>\n\n\n\n<p class=\"classe text_justify\"><em><mark style=\"background-color:rgba(0, 0, 0, 0)\" class=\"has-inline-color has-green-color\">Doors Open &#8211; Kanseil &#8211; Cruachan &#8211; Rue de la Forge &#8211; Skalm\u00f6ld &#8211; Solstafir &#8211; Mask Ha Gazh &#8211; Skayrish &#8211; Naheulband &#8211; Myrkur &#8211; Celtica Pipes Rock &#8211; Hrafngrimr &#8211; Hindarfj\u00e4ll &#8211; Rastaban &#8211; Miracle of sound &#8211; Eolya.<\/mark><\/em><\/p>\n\n\n<div class=\"wp-block-image\">\n<figure class=\"aligncenter size-large\"><a href=\"https:\/\/www.moyenagepassion.com\/wp-content\/uploads\/2025\/04\/animations-trolls-legendes-2025_Nicolas-Gabion-Bo-Gaultier.jpg\"><img decoding=\"async\" width=\"1024\" height=\"178\" src=\"https:\/\/www.moyenagepassion.com\/wp-content\/uploads\/2025\/04\/animations-trolls-legendes-2025_Nicolas-Gabion-Bo-Gaultier-1024x178.jpg\" alt=\"Musique, cosplay et invit\u00e9s de prestige au Trolls &amp; L\u00e9gendes 2025, Bo Gaultier de Kermoal &amp; Nicolas Gabion\" class=\"wp-image-51430\" srcset=\"https:\/\/www.moyenagepassion.com\/wp-content\/uploads\/2025\/04\/animations-trolls-legendes-2025_Nicolas-Gabion-Bo-Gaultier-1024x178.jpg 1024w, https:\/\/www.moyenagepassion.com\/wp-content\/uploads\/2025\/04\/animations-trolls-legendes-2025_Nicolas-Gabion-Bo-Gaultier-300x52.jpg 300w, https:\/\/www.moyenagepassion.com\/wp-content\/uploads\/2025\/04\/animations-trolls-legendes-2025_Nicolas-Gabion-Bo-Gaultier-768x133.jpg 768w, https:\/\/www.moyenagepassion.com\/wp-content\/uploads\/2025\/04\/animations-trolls-legendes-2025_Nicolas-Gabion-Bo-Gaultier.jpg 1197w\" sizes=\"(max-width: 1024px) 100vw, 1024px\" \/><\/a><\/figure><\/div>\n\n\n<h2 class=\"wp-block-heading\">Conf\u00e9rences et Expositions<\/h2>\n\n\n\n<p class=\"classe text_justify\">Artistes et illustrateurs de prestige, sculptures, Trolls &amp; L\u00e9gendes a mis\u00e9 cette ann\u00e9e encore sur des invit\u00e9s de prestiges pour s&rsquo;exposer et \u00e9blouir ses festivaliers. Sur la partie litt\u00e9rature et BD, de nombreux auteurs seront aussi pour pr\u00e9senter leurs \u0153uvres et leurs travaux. Comme chaque ann\u00e9e, le festival remettra \u00e9galement le Troll d&rsquo;Or \u00e0 des auteurs ou artistes d&rsquo;excellence dans le domaine de la BD (illustrations et sc\u00e9nario), ainsi que dans la litt\u00e9rature.<\/p>\n\n\n<div class=\"wp-block-image\">\n<figure class=\"alignleft size-full is-resized\"><a href=\"https:\/\/www.moyenagepassion.com\/wp-content\/uploads\/2025\/04\/deco-medieval-fantaisie-gnome-trolls-legendes-Mons.jpg\"><img decoding=\"async\" width=\"115\" height=\"495\" src=\"https:\/\/www.moyenagepassion.com\/wp-content\/uploads\/2025\/04\/deco-medieval-fantaisie-gnome-trolls-legendes-Mons.jpg\" alt=\"\" class=\"wp-image-51427\" style=\"width:80px\" srcset=\"https:\/\/www.moyenagepassion.com\/wp-content\/uploads\/2025\/04\/deco-medieval-fantaisie-gnome-trolls-legendes-Mons.jpg 115w, https:\/\/www.moyenagepassion.com\/wp-content\/uploads\/2025\/04\/deco-medieval-fantaisie-gnome-trolls-legendes-Mons-70x300.jpg 70w\" sizes=\"(max-width: 115px) 100vw, 115px\" \/><\/a><\/figure><\/div>\n\n\n<p class=\"classe text_justify\">Les conf\u00e9rences permettront \u00e9galement de plonger au c\u0153ur de th\u00e9matiques plus pr\u00e9cises, avec toujours le Fantasy \u00e0 la clef : grande table ronde sur le Fantasy \u00e0 travers l&rsquo;histoire et jusqu&rsquo;\u00e0 nos jours, mais encore riches s\u00e9lections de th\u00e8mes vari\u00e9s. On pourra citer, par exemple, une intervention de l&rsquo;auteur anglais Joe Abercrombie venu parler de ses univers sombres et du grimdark dont il est pass\u00e9 ma\u00eetre.<\/p>\n\n\n\n<p class=\"classe text_justify\">C\u00f4t\u00e9 cin\u00e9ma, les visiteurs pourront aussi \u00e9changer avec l&rsquo;acteur Peter Mensah, figure renomm\u00e9e de nombreux films historiques, heroic fantasy ou fantastiques. Pour les incontournables amateurs de <a href=\"https:\/\/www.moyenagepassion.com\/?s=Kaamelott\" title=\"\">Kaamelott<\/a>, Nicolas Gabion, le c\u00e9l\u00e8bre Bohort de la s\u00e9rie TV et Bo Gaultier de Kermoal garde du corps de l&rsquo;intraitable Attila proposeront \u00e9galement une conf\u00e9rence sur le th\u00e8me de la s\u00e9rie culte d&rsquo;Alexandre Astier.<\/p>\n\n\n\n<p class=\"classe text_justify\">Derni\u00e8re touche sur cette petite synth\u00e8se du programme 2025, les d\u00e9sormais tr\u00e8s populaires Mangas et leurs riches univers ne seront pas oubli\u00e9s. Ils auront aussi leur espace d&rsquo;exposition et d&rsquo;\u00e9changes r\u00e9serv\u00e9, anim\u00e9 par de c\u00e9l\u00e8bres passionn\u00e9s du genre.<\/p>\n\n\n\n<p class=\"classe text_justify\">Pour ne rien manquer de cette nouvelle \u00e9dition de Trolls &amp; L\u00e9gendes, retrouvez le <a href=\"https:\/\/trollsetlegendes.be\/informations-pratiques\/plan-et-horaires\/\" target=\"_blank\" rel=\"noopener nofollow\" title=\"\">programme d\u00e9taill\u00e9 sur le site officiel<\/a>. <\/p>\n\n\n\n<p class=\"classe text_justify\">Voir nos articles sur les \u00e9ditions pr\u00e9c\u00e9dentes de cet \u00e9v\u00e9nement : <a href=\"https:\/\/www.moyenagepassion.com\/index.php\/2017\/04\/13\/agenda-festivals-historiques-et-rejouissances-medievales\/\">\u00e9dition 2017<\/a> &#8211; <a href=\"https:\/\/www.moyenagepassion.com\/index.php\/2019\/04\/17\/des-trolls-et-des-legendes-pour-un-festival-en-grand-a-mons-en-belgique\/\">\u00e9dition 2019<\/a> &#8211;<a href=\"https:\/\/www.moyenagepassion.com\/index.php\/2023\/04\/05\/retour-du-festival-trolls-legendes-de-mons\/\"> \u00e9dition 2023<\/a><\/p>\n\n\n\n<p>En vous souhaitant un excellent festival si vous vous y rendez.<\/p>\n\n\n\n<p>Fred<br>Pour moyenagepassion.com<br>A la d\u00e9couverte du monde m\u00e9di\u00e9val sous toutes ses formes.<\/p>\n","protected":false},"excerpt":{"rendered":"<p>Sujet&nbsp;: festival fantasy, m\u00e9di\u00e9val-fantastique, mondes imaginaires, salon du livre, concerts folk, pagan folk, animations m\u00e9di\u00e9vales.P\u00e9riode&nbsp;: moyen-\u00e2ge fantastique, l\u00e9gendesEv\u00e8nement&nbsp;: Festival Trolls &amp; l\u00e9gendes 2025Dates&nbsp;: du vendredi 18 au dimanche&nbsp; 20 avril.Lieu&nbsp;: Parc &nbsp;Lotto Mons Expo, Mons, Belgique. Bonjour \u00e0 tous, ette semaine, l&rsquo;agenda des animations aux couleurs m\u00e9di\u00e9vales nous entra\u00eene aux portes de la Belgique et &hellip; <a href=\"https:\/\/www.moyenagepassion.com\/index.php\/2025\/04\/13\/festival-fantasy-mons-a-lheure-de-trolls-legendes\/\" class=\"more-link\">Continuer la lecture de <span class=\"screen-reader-text\">Festival Fantasy : Mons \u00e0 l&rsquo;heure de Trolls &amp; L\u00e9gendes<\/span>  <span class=\"meta-nav\">&rarr;<\/span><\/a><\/p>\n","protected":false},"author":2,"featured_media":51423,"comment_status":"open","ping_status":"open","sticky":false,"template":"","format":"standard","meta":{"_monsterinsights_skip_tracking":false,"_monsterinsights_sitenote_active":false,"_monsterinsights_sitenote_note":"","_monsterinsights_sitenote_category":0,"footnotes":""},"categories":[11],"tags":[1780,2529,4423,4152,3687,4420,4418,6365,182,4419,4422,571,2299,3689,6364,4421],"class_list":["post-51417","post","type-post","status-publish","format-standard","has-post-thumbnail","hentry","category-fetes-medievales-evenement","tag-animations","tag-animations-medievales","tag-belgique","tag-bo-gaultier-de-kermoal","tag-campements","tag-concerts-folk","tag-festival-fantasy","tag-medieval-fantaisie-2","tag-monde-medieval","tag-mondes-imaginaires","tag-mons","tag-nicolas-gabion","tag-pagan-folk","tag-salon-du-livre","tag-trolls-legendes","tag-trolls-et-legendes"],"aioseo_notices":[],"_links":{"self":[{"href":"https:\/\/www.moyenagepassion.com\/index.php\/wp-json\/wp\/v2\/posts\/51417"}],"collection":[{"href":"https:\/\/www.moyenagepassion.com\/index.php\/wp-json\/wp\/v2\/posts"}],"about":[{"href":"https:\/\/www.moyenagepassion.com\/index.php\/wp-json\/wp\/v2\/types\/post"}],"author":[{"embeddable":true,"href":"https:\/\/www.moyenagepassion.com\/index.php\/wp-json\/wp\/v2\/users\/2"}],"replies":[{"embeddable":true,"href":"https:\/\/www.moyenagepassion.com\/index.php\/wp-json\/wp\/v2\/comments?post=51417"}],"version-history":[{"count":21,"href":"https:\/\/www.moyenagepassion.com\/index.php\/wp-json\/wp\/v2\/posts\/51417\/revisions"}],"predecessor-version":[{"id":51448,"href":"https:\/\/www.moyenagepassion.com\/index.php\/wp-json\/wp\/v2\/posts\/51417\/revisions\/51448"}],"wp:featuredmedia":[{"embeddable":true,"href":"https:\/\/www.moyenagepassion.com\/index.php\/wp-json\/wp\/v2\/media\/51423"}],"wp:attachment":[{"href":"https:\/\/www.moyenagepassion.com\/index.php\/wp-json\/wp\/v2\/media?parent=51417"}],"wp:term":[{"taxonomy":"category","embeddable":true,"href":"https:\/\/www.moyenagepassion.com\/index.php\/wp-json\/wp\/v2\/categories?post=51417"},{"taxonomy":"post_tag","embeddable":true,"href":"https:\/\/www.moyenagepassion.com\/index.php\/wp-json\/wp\/v2\/tags?post=51417"}],"curies":[{"name":"wp","href":"https:\/\/api.w.org\/{rel}","templated":true}]}}