{"id":51868,"date":"2025-06-09T20:20:48","date_gmt":"2025-06-09T19:20:48","guid":{"rendered":"https:\/\/www.moyenagepassion.com\/?p=51868"},"modified":"2025-06-10T03:43:35","modified_gmt":"2025-06-10T02:43:35","slug":"medievales-de-provins-une-40e-edition-en-grand","status":"publish","type":"post","link":"https:\/\/www.moyenagepassion.com\/index.php\/2025\/06\/09\/medievales-de-provins-une-40e-edition-en-grand\/","title":{"rendered":"M\u00e9di\u00e9vales de Provins : une 40e \u00e9dition en grand !"},"content":{"rendered":"<div id=\"moyen-693202050\" class=\"moyen-before-content moyen-entity-placement\"><script async src=\"\/\/pagead2.googlesyndication.com\/pagead\/js\/adsbygoogle.js?client=ca-pub-3035390706780632\" crossorigin=\"anonymous\"><\/script><ins class=\"adsbygoogle\" style=\"display:block;\" data-ad-client=\"ca-pub-3035390706780632\" \ndata-ad-slot=\"\" \ndata-ad-format=\"auto\"><\/ins>\n<script> \n(adsbygoogle = window.adsbygoogle || []).push({}); \n<\/script>\n<\/div>\n<p><\/p>\n\n\n<div class=\"wp-block-image\">\n<figure class=\"alignleft is-resized\"><img decoding=\"async\" width=\"226\" height=\"337\" src=\"https:\/\/www.moyenagepassion.com\/wp-content\/uploads\/2019\/06\/Provins_armoirie_ecu_blason_fetes-medievales.jpg\" alt=\"Blason, armoirie ville de Provins\" class=\"wp-image-27295\" style=\"width:147px;height:auto\" srcset=\"https:\/\/www.moyenagepassion.com\/wp-content\/uploads\/2019\/06\/Provins_armoirie_ecu_blason_fetes-medievales.jpg 226w, https:\/\/www.moyenagepassion.com\/wp-content\/uploads\/2019\/06\/Provins_armoirie_ecu_blason_fetes-medievales-201x300.jpg 201w\" sizes=\"(max-width: 226px) 100vw, 226px\" \/><\/figure><\/div>\n\n\n<p><strong>Sujet<\/strong>&nbsp;: animations m\u00e9di\u00e9vales, compagnies m\u00e9di\u00e9vales, agenda, reconstituteurs, campements m\u00e9di\u00e9vaux, spectacles historiques, fauconnerie, Moyen \u00c2ge&nbsp;festif.<br><strong>Lieu<\/strong>&nbsp;: Provins, Seine-et-Marne, \u00cele-de-France.<br><strong>Ev\u00e9nement&nbsp;<\/strong>:&nbsp;Les 40e m\u00e9di\u00e9vales de Provins.<br><strong>Dates<\/strong>&nbsp;: les&nbsp;14 et&nbsp;15&nbsp; juin 2025.<\/p>\n\n\n\n<p>Bonjour \u00e0 tous,<\/p>\n\n\n<div class=\"wp-block-image\">\n<figure class=\"alignleft size-full\"><a href=\"https:\/\/www.moyenagepassion.com\/wp-content\/uploads\/2018\/10\/L_lettrine_moyen_age_passion.jpg\"><img decoding=\"async\" width=\"84\" height=\"103\" src=\"https:\/\/www.moyenagepassion.com\/wp-content\/uploads\/2018\/10\/L_lettrine_moyen_age_passion.jpg\" alt=\"\" class=\"wp-image-23896\"\/><\/a><\/figure><\/div>\n\n\n<p class=\"classe text_justify\">es <strong>M\u00e9di\u00e9vales de Provins<\/strong> seront de retour, ce week-end, dans la belle cit\u00e9 champenoise. On y f\u00eatera la 40eme \u00e9dition de ces animations aux couleurs du Moyen \u00c2ge qui comptent parmi les plus c\u00e9l\u00e8bres de France. <\/p>\n\n\n\n<p class=\"classe text_justify\">Toujours tr\u00e8s attendu, l&rsquo;\u00e9v\u00e9nement propose de renouer avec la tradition des grandes foires m\u00e9di\u00e9vales. Au Moyen-\u00c2ge, la foire de Champagne \u00e9tait l&rsquo;une des plus pris\u00e9es du nord de France et ces c\u00e9l\u00e9brations sont donc l&rsquo;occasion d&rsquo;\u00e9voquer ce riche pass\u00e9.  Pour les visiteurs, ces M\u00e9di\u00e9vales sont aussi l&rsquo;occasion d&rsquo;appr\u00e9cier le cadre monumental particuli\u00e8rement riche de la cit\u00e9 Champenoise.<\/p>\n\n\n\n<h2 class=\"wp-block-heading\">Les plus grandes m\u00e9di\u00e9vales de France<\/h2>\n\n\n\n<p class=\"classe text_justify\">Avec plus de 110 000 visiteurs re\u00e7us durant les derni\u00e8res \u00e9ditions, les M\u00e9di\u00e9vales de Provins sont dans le Top des plus grandes f\u00eates historiques de France, sur le th\u00e8me du Moyen \u00c2ge. Elles ont pour elles le cadre patrimonial prestigieux de la cit\u00e9 mais pas seulement. La qualit\u00e9 d&rsquo;organisation et le nombre d&rsquo;activit\u00e9s  propos\u00e9es contribuent beaucoup \u00e0 ce succ\u00e8s, autant que les nombreux b\u00e9n\u00e9voles qui s&rsquo;y impliquent.<\/p>\n\n\n\n<h3 class=\"wp-block-heading\">Au programme des 40e M\u00e9di\u00e9vales de Provins<\/h3>\n\n\n<div class=\"wp-block-image\">\n<figure class=\"alignright size-full is-resized\"><a href=\"https:\/\/www.moyenagepassion.com\/wp-content\/uploads\/2025\/06\/40e-medievales-de-Provins-animations-medievales-affiche.jpg\"><img decoding=\"async\" width=\"299\" height=\"481\" src=\"https:\/\/www.moyenagepassion.com\/wp-content\/uploads\/2025\/06\/40e-medievales-de-Provins-animations-medievales-affiche.jpg\" alt=\"Affiche des 40e M\u00e9di\u00e9vales de Provins\" class=\"wp-image-51871\" style=\"width:205px;height:auto\" srcset=\"https:\/\/www.moyenagepassion.com\/wp-content\/uploads\/2025\/06\/40e-medievales-de-Provins-animations-medievales-affiche.jpg 299w, https:\/\/www.moyenagepassion.com\/wp-content\/uploads\/2025\/06\/40e-medievales-de-Provins-animations-medievales-affiche-186x300.jpg 186w\" sizes=\"(max-width: 299px) 100vw, 299px\" \/><\/a><\/figure><\/div>\n\n\n<p class=\"classe text_justify\">Les visiteurs en qu\u00eate d&rsquo;\u00e9motions, de d\u00e9couvertes et d&rsquo;\u00e9vasion seront, cette ann\u00e9e encore, largement servis \u00e0 Provins. Pour cette \u00e9dition 2025, la liste des compagnies m\u00e9di\u00e9vales invit\u00e9es augure d&rsquo;un programme \u00e0 la hauteur de ce  40eme anniversaire. Mesnies de reconstituteurs, groupe de musiques,  troupe de danses et de th\u00e9\u00e2tres n&rsquo;y manqueront pas.<\/p>\n\n\n\n<p class=\"classe text_justify\">De nombreux lieux du centre  seront investis d&rsquo;animations permanentes, de d\u00e9ambulations en musique,  de th\u00e9\u00e2tre de rue et autres surprises.  Loin de proposer uniquement un grand march\u00e9 m\u00e9di\u00e9val, il s&rsquo;agira bien de faire revivre la Provins des XIIe et XIIIe si\u00e8cles, du temps de ses grandes cours et de <a href=\"https:\/\/www.moyenagepassion.com\/index.php\/moyen-age\/musique-medieval-historique-fantaisie-celtique\/thibaut-de-champagne\/\" title=\"\">Thibaut de Champagne<\/a>.  <\/p>\n\n\n\n<p class=\"classe text_justify\">Les campements \u00e0 la d\u00e9couverte de la vie m\u00e9di\u00e9vale trouveront \u00e9galement une large place dans ces c\u00e9l\u00e9brations. Les mesnies de reconstituteurs vous y inviteront \u00e0 plonger dans la vie quotidienne et militaire du Moyen \u00c2ge. D\u00e9monstrations et initiations aux arts du  combat m\u00e9di\u00e9val y c\u00f4toieront les ateliers d&rsquo;artisans \u00e0 la d\u00e9couverte  de m\u00e9tiers d&rsquo;antan.<\/p>\n\n\n\n<h3 class=\"wp-block-heading\">Compagnies m\u00e9di\u00e9vales et animations<\/h3>\n\n\n\n<p class=\"classe text_justify\"><em><mark style=\"background-color:rgba(0, 0, 0, 0)\" class=\"has-inline-color has-green-color\">Cie Lilou &#8211; Cie Kervan &#8211; Les Lanceurs de drapeaux d&rsquo;ASTA &#8211; Danseries des Lys &#8211; Al Cantara &#8211; Les M\u00e9n\u00e9striers &#8211; Waraok &#8211; Bellimercator &#8211; Les Grand Peintres &#8211; Confr\u00e9rie du Crev\u00e8re &#8211; Les Couloirs du Temps Champenois &#8211; Danceries Thibaud de Champagne &#8211; La Compagnie M\u00e9di\u00e9vale de Sacres &#8211; Cie Sans couronne &#8211; La Maisnie des Grandgousiers &#8211; Le Clan du Lys &#8211; La Forge d&rsquo;Enguerrand &#8211; Cie Dovahkiin &#8211; Demo2jadis &#8211; Les Forges de la Brume &#8211; Cie Arc de Provins &#8211; Les R\u00f4deurs de l&rsquo;Odan &#8211; Brezbreizh &#8211; Pescaluna &#8211; La Mesnie de la Compt\u00e9 &#8211; M\u00e9di\u00e9momes &#8211; Les Jeux de Lyon &#8211; La Carit\u00e9 de Guingamor &#8211; Cie Lutka &#8211; Les R&rsquo;mon Temps &#8211; La Petite Flambe &#8211; Cie Dayazll &#8211; Aouta &#8211; The\u00e2tre du Laid Cru &#8211; Fianna B\u00e3n &#8211; Cie Crealid &#8211; Choeur du Montois et du Provinois &#8211; Th\u00e9obaldus &#8211; La belle Roue &#8211; La L\u00e9proserie de Close Barbe &#8211; L&rsquo;Atelier de Julie<\/mark><\/em><mark style=\"background-color:rgba(0, 0, 0, 0)\" class=\"has-inline-color has-green-color\">.<\/mark><\/p>\n\n\n<div class=\"wp-block-image\">\n<figure class=\"aligncenter size-full\"><a href=\"https:\/\/www.moyenagepassion.com\/wp-content\/uploads\/2025\/06\/medievale-de-Provins-40e-animations-medievales-2025_1.jpg\" target=\"_blank\" rel=\"noreferrer noopener\"><img decoding=\"async\" width=\"650\" height=\"499\" src=\"https:\/\/www.moyenagepassion.com\/wp-content\/uploads\/2025\/06\/medievale-de-Provins-40e-animations-medievales-2025_1s.jpg\" alt=\"Animations et spectacles historiques  pour la 40e des M\u00e9di\u00e9vales de Provins\" class=\"wp-image-51878\" srcset=\"https:\/\/www.moyenagepassion.com\/wp-content\/uploads\/2025\/06\/medievale-de-Provins-40e-animations-medievales-2025_1s.jpg 650w, https:\/\/www.moyenagepassion.com\/wp-content\/uploads\/2025\/06\/medievale-de-Provins-40e-animations-medievales-2025_1s-300x230.jpg 300w\" sizes=\"(max-width: 650px) 100vw, 650px\" \/><\/a><\/figure><\/div>\n\n\n<p class=\"classe text_justify\">Pour plus d&rsquo;informations, retrouvez le programme d\u00e9taill\u00e9 sur le <a href=\"https:\/\/provins-medieval.com\/\" target=\"_blank\" rel=\"noopener\" title=\"\">site officiel des M\u00e9di\u00e9vales<\/a>.<\/p>\n\n\n\n<h3 class=\"wp-block-heading\">Temps forts et spectacles historiques<\/h3>\n\n\n<div class=\"wp-block-image\">\n<figure class=\"alignright size-full is-resized\"><a href=\"https:\/\/www.moyenagepassion.com\/wp-content\/uploads\/2023\/06\/deco-medieval-tour-Cesar-Provins-.jpg\"><img decoding=\"async\" width=\"115\" height=\"495\" src=\"https:\/\/www.moyenagepassion.com\/wp-content\/uploads\/2023\/06\/deco-medieval-tour-Cesar-Provins-.jpg\" alt=\"\" class=\"wp-image-48381\" style=\"width:80px\" srcset=\"https:\/\/www.moyenagepassion.com\/wp-content\/uploads\/2023\/06\/deco-medieval-tour-Cesar-Provins-.jpg 115w, https:\/\/www.moyenagepassion.com\/wp-content\/uploads\/2023\/06\/deco-medieval-tour-Cesar-Provins--70x300.jpg 70w\" sizes=\"(max-width: 115px) 100vw, 115px\" \/><\/a><\/figure><\/div>\n\n\n<p class=\"classe text_justify\">Les temps forts et spectacles marqueront aussi ces 40e M\u00e9di\u00e9vales de Provins : grande c\u00e9r\u00e9monie d&rsquo;ouverture le samedi, suivie d&rsquo;un bal m\u00e9di\u00e9val, d&rsquo;un grand concert et d&rsquo;un spectacle de drones en soir\u00e9e, parade costum\u00e9e avec ensemble des troupes le dimanche, c\u00e9r\u00e9monie de cl\u00f4ture.<\/p>\n\n\n\n<p class=\"classe text_justify\">A c\u00f4t\u00e9 des animations gratuites et du march\u00e9, des spectacles historiques \u00e0 l&rsquo;entr\u00e9e modique seront aussi de la f\u00eate. La <em>L\u00e9gende des chevaliers<\/em> fournira l&rsquo;occasion d&rsquo;un spectacle \u00e9questre \u00e9pique avec  une immersion du Temps de Thibaud IV de Champagne. <em>Les Aigles des Remparts<\/em> vous entra\u00eeneront \u00e0 l&rsquo;\u00e2ge d&rsquo;or de la fauconnerie m\u00e9di\u00e9vale pour y d\u00e9couvrir une large vari\u00e9t\u00e9 de rapaces. Enfin, une visite th\u00e9\u00e2tralis\u00e9e vous attend  dans les souterrains de Provins, entre<em> L\u00e9gendes et Croyances du Moyen \u00c2ge<\/em>. <\/p>\n\n\n\n<h3 class=\"wp-block-heading\">Visite des lieux patrimoniaux de Provins<\/h3>\n\n\n<div class=\"wp-block-image\">\n<figure class=\"alignleft size-full is-resized\"><a href=\"https:\/\/www.moyenagepassion.com\/wp-content\/uploads\/2023\/06\/deco-medieval-tour-Cesar-Provins-.jpg\"><img decoding=\"async\" width=\"115\" height=\"495\" src=\"https:\/\/www.moyenagepassion.com\/wp-content\/uploads\/2023\/06\/deco-medieval-tour-Cesar-Provins-.jpg\" alt=\"\" class=\"wp-image-48381\" style=\"width:80px\" srcset=\"https:\/\/www.moyenagepassion.com\/wp-content\/uploads\/2023\/06\/deco-medieval-tour-Cesar-Provins-.jpg 115w, https:\/\/www.moyenagepassion.com\/wp-content\/uploads\/2023\/06\/deco-medieval-tour-Cesar-Provins--70x300.jpg 70w\" sizes=\"(max-width: 115px) 100vw, 115px\" \/><\/a><\/figure><\/div>\n\n\n<p class=\"classe text_justify\">Comme \u00e0 chaque \u00e9dition des M\u00e9di\u00e9vales de Provins, les monuments class\u00e9s de la cit\u00e9 se mettront aussi sur leur 31. La Tour C\u00e9sar, les Souterrains, le Mus\u00e9e du Provinois, la Grange aux D\u00eemes et le Prieur\u00e9 Saint-Ayoul  inviteront les curieux de patrimoine et de culture m\u00e9di\u00e9vale \u00e0 les d\u00e9couvrir.<\/p>\n\n\n\n<p class=\"classe text_justify\">Voil\u00e0 donc pour ce programme 2025 qui devrait assurer, une fois de plus, le succ\u00e8s de ces belles animations provinoises.<\/p>\n\n\n\n<p class=\"classe text_justify\">Voir nos articles sur les M\u00e9di\u00e9vales de Provins : <a href=\"https:\/\/www.moyenagepassion.com\/index.php\/2024\/05\/30\/le-plein-danimations-pour-les-39e-medievales-de-provins\/\" title=\"\">Edition 2024<\/a> &#8211; &nbsp;<a href=\"https:\/\/www.moyenagepassion.com\/index.php\/2023\/06\/08\/les-38e-medievales-de-provins-sont-la\/\">Edition 2023<\/a> &#8211; <a href=\"https:\/\/www.moyenagepassion.com\/index.php\/2022\/06\/19\/zoom-sur-les-37eme-medievales-de-provins\/\">Edition 2022<\/a>&nbsp;\u2013&nbsp;<a href=\"https:\/\/www.moyenagepassion.com\/index.php\/2022\/06\/19\/zoom-sur-les-37eme-medievales-de-provins\/\">Edition 2019<\/a>&nbsp;\u2013&nbsp;<a href=\"https:\/\/www.moyenagepassion.com\/index.php\/2018\/06\/06\/agenda-des-hommes-et-des-betes-ce-week-end-a-provins-pour-les-35e-medievales\/\">Edition 2018<\/a>&nbsp;\u2013&nbsp;<a href=\"https:\/\/www.moyenagepassion.com\/index.php\/2017\/06\/14\/lumieres-couleurs-du-moyen-age-provins-la-champenoise-fete-ses-34e-medievales\/\">Edition 2017<\/a>&nbsp;\u2013&nbsp;<a href=\"https:\/\/www.moyenagepassion.com\/index.php\/2016\/06\/10\/festival-medieval-ce-week-end-les-33emes-medievales-de-provins\/\">Edition 2016<\/a>.<\/p>\n\n\n\n<p class=\"classe text_justify\">La cit\u00e9 champenoise propose \u00e9galement des March\u00e9s de No\u00ebl en saison. Voici nos articles sur ce sujet :  <a href=\"https:\/\/www.moyenagepassion.com\/index.php\/2017\/12\/12\/le-8eme-marche-de-noel-medieval-de-provins\/\">March\u00e9 de No\u00ebl 2017<\/a>  &#8211;  <a href=\"https:\/\/www.moyenagepassion.com\/index.php\/2018\/12\/11\/tournois-animations-et-joyeuse-ripailles-pour-le-9e-marche-de-noel-medieval-a-provins\/\">2018<\/a>  &#8211; <a href=\"https:\/\/www.moyenagepassion.com\/index.php\/2019\/12\/07\/ce-week-end-le-10eme-marche-de-noel-de-provins\/\">2019<\/a> <\/p>\n\n\n\n<p>En vous souhaitant une belle journ\u00e9e.<\/p>\n\n\n\n<p>Fred<br>Pour Moyenagepassion.com<br>A la d\u00e9couverte du Monde M\u00e9di\u00e9val sous toutes ses formes.<\/p>\n","protected":false},"excerpt":{"rendered":"<p>Sujet&nbsp;: animations m\u00e9di\u00e9vales, compagnies m\u00e9di\u00e9vales, agenda, reconstituteurs, campements m\u00e9di\u00e9vaux, spectacles historiques, fauconnerie, Moyen \u00c2ge&nbsp;festif.Lieu&nbsp;: Provins, Seine-et-Marne, \u00cele-de-France.Ev\u00e9nement&nbsp;:&nbsp;Les 40e m\u00e9di\u00e9vales de Provins.Dates&nbsp;: les&nbsp;14 et&nbsp;15&nbsp; juin 2025. Bonjour \u00e0 tous, es M\u00e9di\u00e9vales de Provins seront de retour, ce week-end, dans la belle cit\u00e9 champenoise. On y f\u00eatera la 40eme \u00e9dition de ces animations aux couleurs du Moyen &hellip; <a href=\"https:\/\/www.moyenagepassion.com\/index.php\/2025\/06\/09\/medievales-de-provins-une-40e-edition-en-grand\/\" class=\"more-link\">Continuer la lecture de <span class=\"screen-reader-text\">M\u00e9di\u00e9vales de Provins : une 40e \u00e9dition en grand !<\/span>  <span class=\"meta-nav\">&rarr;<\/span><\/a><\/p>\n","protected":false},"author":2,"featured_media":51870,"comment_status":"open","ping_status":"open","sticky":false,"template":"","format":"standard","meta":{"_monsterinsights_skip_tracking":false,"_monsterinsights_sitenote_active":false,"_monsterinsights_sitenote_note":"","_monsterinsights_sitenote_category":0,"footnotes":""},"categories":[11,13,1],"tags":[1391,2529,2840,212,2743,5591,1228,6121,1220,2757,4219,1833,6122],"class_list":["post-51868","post","type-post","status-publish","format-standard","has-post-thumbnail","hentry","category-fetes-medievales-evenement","category-lieux-moyen-age-medievaux","category-moyen-age-passion","tag-agenda","tag-animations-medievales","tag-campements-medievaux","tag-compagnies-medievales","tag-fauconnerie","tag-ile-de-france-2","tag-les-medievales-de-provins","tag-moyen-age-festif-4","tag-provins","tag-reconstituteurs","tag-seine-et-marne","tag-spectacles-historiques","tag-visites-patrimoniales"],"aioseo_notices":[],"_links":{"self":[{"href":"https:\/\/www.moyenagepassion.com\/index.php\/wp-json\/wp\/v2\/posts\/51868"}],"collection":[{"href":"https:\/\/www.moyenagepassion.com\/index.php\/wp-json\/wp\/v2\/posts"}],"about":[{"href":"https:\/\/www.moyenagepassion.com\/index.php\/wp-json\/wp\/v2\/types\/post"}],"author":[{"embeddable":true,"href":"https:\/\/www.moyenagepassion.com\/index.php\/wp-json\/wp\/v2\/users\/2"}],"replies":[{"embeddable":true,"href":"https:\/\/www.moyenagepassion.com\/index.php\/wp-json\/wp\/v2\/comments?post=51868"}],"version-history":[{"count":15,"href":"https:\/\/www.moyenagepassion.com\/index.php\/wp-json\/wp\/v2\/posts\/51868\/revisions"}],"predecessor-version":[{"id":51888,"href":"https:\/\/www.moyenagepassion.com\/index.php\/wp-json\/wp\/v2\/posts\/51868\/revisions\/51888"}],"wp:featuredmedia":[{"embeddable":true,"href":"https:\/\/www.moyenagepassion.com\/index.php\/wp-json\/wp\/v2\/media\/51870"}],"wp:attachment":[{"href":"https:\/\/www.moyenagepassion.com\/index.php\/wp-json\/wp\/v2\/media?parent=51868"}],"wp:term":[{"taxonomy":"category","embeddable":true,"href":"https:\/\/www.moyenagepassion.com\/index.php\/wp-json\/wp\/v2\/categories?post=51868"},{"taxonomy":"post_tag","embeddable":true,"href":"https:\/\/www.moyenagepassion.com\/index.php\/wp-json\/wp\/v2\/tags?post=51868"}],"curies":[{"name":"wp","href":"https:\/\/api.w.org\/{rel}","templated":true}]}}