{"id":51963,"date":"2025-07-07T01:10:44","date_gmt":"2025-07-07T00:10:44","guid":{"rendered":"https:\/\/www.moyenagepassion.com\/?p=51963"},"modified":"2025-07-07T01:11:40","modified_gmt":"2025-07-07T00:11:40","slug":"les-medievales-du-grand-fauconnier-a-cordes-sur-ciel","status":"publish","type":"post","link":"https:\/\/www.moyenagepassion.com\/index.php\/2025\/07\/07\/les-medievales-du-grand-fauconnier-a-cordes-sur-ciel\/","title":{"rendered":"Les M\u00e9di\u00e9vales du Grand Fauconnier \u00e0 Cordes-sur-Ciel"},"content":{"rendered":"<div id=\"moyen-1536870320\" class=\"moyen-before-content moyen-entity-placement\"><script async src=\"\/\/pagead2.googlesyndication.com\/pagead\/js\/adsbygoogle.js?client=ca-pub-3035390706780632\" crossorigin=\"anonymous\"><\/script><ins class=\"adsbygoogle\" style=\"display:block;\" data-ad-client=\"ca-pub-3035390706780632\" \ndata-ad-slot=\"\" \ndata-ad-format=\"auto\"><\/ins>\n<script> \n(adsbygoogle = window.adsbygoogle || []).push({}); \n<\/script>\n<\/div>\n<p><\/p>\n\n\n<div class=\"wp-block-image\">\n<figure class=\"alignleft size-full is-resized\"><a href=\"https:\/\/www.moyenagepassion.com\/wp-content\/uploads\/2025\/07\/Blason-armoirie-Cordes-sur-Ciel-Occitanie.jpg\"><img decoding=\"async\" width=\"226\" height=\"337\" src=\"https:\/\/www.moyenagepassion.com\/wp-content\/uploads\/2025\/07\/Blason-armoirie-Cordes-sur-Ciel-Occitanie.jpg\" alt=\"Armoirie, blason, bastide de Cordes-sur-Ciel (Tarn, Occitanie)\" class=\"wp-image-51964\" style=\"width:113px;height:auto\" srcset=\"https:\/\/www.moyenagepassion.com\/wp-content\/uploads\/2025\/07\/Blason-armoirie-Cordes-sur-Ciel-Occitanie.jpg 226w, https:\/\/www.moyenagepassion.com\/wp-content\/uploads\/2025\/07\/Blason-armoirie-Cordes-sur-Ciel-Occitanie-201x300.jpg 201w\" sizes=\"(max-width: 226px) 100vw, 226px\" \/><\/a><\/figure><\/div>\n\n\n<p><strong><a href=\"https:\/\/www.moyenagepassion.com\/wp-content\/uploads\/2018\/07\/animations_medievales_armoire_blason_cordes_sur_ciel_tarn_occitanie.jpg\"><\/a>Sujet<\/strong>&nbsp;: f\u00eates m\u00e9di\u00e9vales, animations m\u00e9di\u00e9vales, compagnies m\u00e9di\u00e9vales, agenda,&nbsp;&nbsp;bastide, plus beaux villages de France.<br><strong>Lieu<\/strong>&nbsp;: &nbsp;Cordes-sur-Ciel, Tarn, &nbsp;Occitanie<br><strong>Ev\u00e9nement:&nbsp;<\/strong>Les F\u00eates m\u00e9di\u00e9vales du Grand Fauconnier 2025<br><strong>Dates<\/strong>&nbsp;:&nbsp;du &nbsp;11 au 13 juillet 2025<\/p>\n\n\n\n<p><\/p>\n\n\n\n<p>Bonjour \u00e0 tous,<\/p>\n\n\n<div class=\"wp-block-image\">\n<figure class=\"alignleft size-full\"><a href=\"https:\/\/www.moyenagepassion.com\/wp-content\/uploads\/2018\/10\/L_lettrine_moyen_age_passion.jpg\"><img decoding=\"async\" width=\"84\" height=\"103\" src=\"https:\/\/www.moyenagepassion.com\/wp-content\/uploads\/2018\/10\/L_lettrine_moyen_age_passion.jpg\" alt=\"\" class=\"wp-image-23896\"\/><\/a><\/figure><\/div>\n\n\n<p class=\"classe text_justify\">&lsquo;agenda du week-end prochain nous entra\u00eenera du c\u00f4t\u00e9 de la belle bastide occitane de Cordes-sur-Ciel pour la c\u00e9l\u00e9bration des  <em>F\u00eates m\u00e9di\u00e9vales du Grand Fauconnier<\/em>.<\/p>\n\n\n\n<p class=\"classe text_justify\">Perch\u00e9e sur les hauteurs, \u00e0 quelques encablures d&rsquo;Albi, la cit\u00e9 m\u00e9di\u00e9vale de Cordes-sur-Ciel dispose d&rsquo;une histoire riche de plus de 800 ans. Construit au d\u00e9but du XIIIe si\u00e8cle, du temps des puissants comtes de Toulouse, c&rsquo;est aussi un des plus beaux villages  de France.<\/p>\n\n\n\n<p class=\"classe text_justify\">Comptant comme une des plus anciennes bastides d&rsquo;Occitanie, Cordes-sur-Ciel est encore cit\u00e9e comme \u00ab\u00a0<em>un chef d&rsquo;\u0153uvre d&rsquo;architecture gothique<\/em>\u00a0\u00bb sur le site du Label. Voil\u00e0 donc deux raisons suppl\u00e9mentaires de vous rendre \u00e0 ces M\u00e9di\u00e9vales si vous vous tenez dans la r\u00e9gion.<\/p>\n\n\n\n<h2 class=\"wp-block-heading\">Au programme des M\u00e9di\u00e9vales du Grand Colombier 2025<\/h2>\n\n\n<div class=\"wp-block-image\">\n<figure class=\"alignright size-full is-resized\"><a href=\"https:\/\/www.moyenagepassion.com\/wp-content\/uploads\/2025\/07\/animations-medievales-2025-Cordes-sur-Ciel-affiche.jpg\"><img decoding=\"async\" width=\"350\" height=\"486\" src=\"https:\/\/www.moyenagepassion.com\/wp-content\/uploads\/2025\/07\/animations-medievales-2025-Cordes-sur-Ciel-affiche.jpg\" alt=\"Cordes-sur-Ciel, l'affiche des M\u00e9di\u00e9vales du Grand Fauconnier 2025.\" class=\"wp-image-51969\" style=\"width:233px;height:auto\" srcset=\"https:\/\/www.moyenagepassion.com\/wp-content\/uploads\/2025\/07\/animations-medievales-2025-Cordes-sur-Ciel-affiche.jpg 350w, https:\/\/www.moyenagepassion.com\/wp-content\/uploads\/2025\/07\/animations-medievales-2025-Cordes-sur-Ciel-affiche-216x300.jpg 216w\" sizes=\"(max-width: 350px) 100vw, 350px\" \/><\/a><\/figure><\/div>\n\n\n<p class=\"classe text_justify\">Loin d&rsquo;\u00eatre une premi\u00e8re, ces animations m\u00e9di\u00e9vales bien rod\u00e9es ont d\u00e9j\u00e0 d\u00e9pass\u00e9 leur 50e \u00e9dition. Depuis 1971, c&rsquo;est le comit\u00e9 local du Grand Fauconnier qui a en charge leur organisation.  La f\u00eate est aussi soutenue par diverses collectivit\u00e9s locales : la r\u00e9gion occitane, le d\u00e9partement du Tarn ainsi que la commune et la communaut\u00e9 de communes de rattachement de Cordes. <\/p>\n\n\n\n<p class=\"classe text_justify\">C\u00f4t\u00e9 programmation, l&rsquo;ouverture des M\u00e9di\u00e9vales de Cordes-sur-Ciel 2025 se fera, d\u00e8s le vendredi soir, avec un grand banquet m\u00e9di\u00e9val anim\u00e9 (sur r\u00e9servations). <\/p>\n\n\n\n<p class=\"classe text_justify\">Les c\u00e9l\u00e9brations se poursuivront tout au long du week-end  pour se clore le dimanche en soir\u00e9e, sur un grand concert de la <a href=\"https:\/\/www.moyenagepassion.com\/index.php\/2015\/12\/15\/musique-folk-medievale-avec-les-compagnons-du-gras-jambon\/\" title=\"\">Compagnie du Gras Jambon<\/a>.  Ce groupe de musique s&rsquo;est fait conna\u00eetre aupr\u00e8s des amateurs de f\u00eates m\u00e9di\u00e9vales pour sa belle \u00e9nergie et ses rythmes effr\u00e9n\u00e9s.<\/p>\n\n\n\n<h3 class=\"wp-block-heading\">Animations m\u00e9di\u00e9vales, campement &amp; march\u00e9<\/h3>\n\n\n\n<p class=\"classe text_justify\">Les samedi et dimanche en journ\u00e9e, d\u00e9ambulations et animations permanentes seront  au rendez-vous pour faire vibrer les rues de Cordes-sur-Ciel au temps du Moyen \u00c2ge.  <\/p>\n\n\n\n<p class=\"classe text_justify\">Musiques et mini-concerts, d\u00e9fil\u00e9s de cr\u00e9atures \u00e9tranges et de saltimbanques, spectacles de rues, tournois de chevaliers tout sera l\u00e0 pour inviter petits et grands au voyage.  On pourra encore compter sur un grand camp m\u00e9di\u00e9val anim\u00e9 et des ateliers pour s&rsquo;initier \u00e0 la vie civile et militaire durant la p\u00e9riode m\u00e9di\u00e9vale.<\/p>\n\n\n<div class=\"wp-block-image\">\n<figure class=\"aligncenter size-full\"><a href=\"https:\/\/www.moyenagepassion.com\/wp-content\/uploads\/2025\/07\/fetes-animations-medievales-Occitanie-Cordes-sur-ciel-2025.jpg\"><img decoding=\"async\" width=\"650\" height=\"499\" src=\"https:\/\/www.moyenagepassion.com\/wp-content\/uploads\/2025\/07\/fetes-animations-medievales-Occitanie-Cordes-sur-ciel-2025-650.jpg\" alt=\"Animations m\u00e9di\u00e9vales \u00e0 Cordes-sur-Ciel, (F\u00eates M\u00e9di\u00e9vales du Grand Fauconnier 2025)\" class=\"wp-image-51970\" srcset=\"https:\/\/www.moyenagepassion.com\/wp-content\/uploads\/2025\/07\/fetes-animations-medievales-Occitanie-Cordes-sur-ciel-2025-650.jpg 650w, https:\/\/www.moyenagepassion.com\/wp-content\/uploads\/2025\/07\/fetes-animations-medievales-Occitanie-Cordes-sur-ciel-2025-650-300x230.jpg 300w\" sizes=\"(max-width: 650px) 100vw, 650px\" \/><\/a><\/figure><\/div>\n\n\n<p class=\"classe text_justify\">Enfin, un march\u00e9 m\u00e9di\u00e9val et artisanal sera aussi pr\u00e9sent pour combler les envies gourmandes ou les envies cadeaux originales.  <\/p>\n\n\n\n<p class=\"classe text_justify\">Retrouvez tous les d\u00e9tails du programme sur la <a href=\"https:\/\/www.facebook.com\/MedievalesCordes\" title=\"\">page FB officielle de l&rsquo;\u00e9v\u00e9nement<\/a>.<\/p>\n\n\n\n<h3 class=\"wp-block-heading\">Compagnies m\u00e9di\u00e9vales &amp; artistes attendus<\/h3>\n\n\n\n<p class=\"classe text_justify\"><em><mark style=\"background-color:rgba(0, 0, 0, 0)\" class=\"has-inline-color has-green-color\">Compagnie du Gras Jambon &#8211; Castel Vocalis &#8211; Turba Musica &#8211; Tan Elleil &#8211; Comme des gosses &#8211; La Vie Moyen\u00e2geuse &#8211; Camina\u00efre &#8211; Fractale Production &#8211; Les Aboyeurs &#8211; ..<\/mark><\/em>.<\/p>\n\n\n\n<p class=\"classe text_justify\">Voir nos articles pr\u00e9c\u00e9dents au sujet de ces M\u00e9di\u00e9vales : <a href=\"https:\/\/www.moyenagepassion.com\/index.php\/2018\/07\/12\/les-46emes-fetes-medievales-du-grand-fauconnier-de-cordes-sur-ciel\/\">Edition 2018<\/a> &#8211;  <a href=\"https:\/\/www.moyenagepassion.com\/index.php\/2019\/07\/10\/agenda-medieval-fetes-et-animations-du-12-et-14-juillet-2019\/\">Edition 2019<\/a>  <\/p>\n\n\n\n<p>En vous souhaitant une excellente&nbsp;journ\u00e9e.<\/p>\n\n\n\n<p>Fred<br>Pour moyenagepassion.com<br><em><strong>A la d\u00e9couverte du Moyen \u00c2ge sous toutes ses formes.<\/strong><\/em><\/p>\n\n\n\n<p class=\"classe text_justify\" style=\"font-size:14px\">NB : le musicien \u00e0 droite sur l&rsquo;image en-t\u00eate d&rsquo;article, fait partie de la compagnie <em>Les Aboyeurs<\/em> &#8211; Cr\u00e9dits Photo : Jeoffroy Fran\u00e7ois Photographie.<\/p>\n","protected":false},"excerpt":{"rendered":"<p>Sujet&nbsp;: f\u00eates m\u00e9di\u00e9vales, animations m\u00e9di\u00e9vales, compagnies m\u00e9di\u00e9vales, agenda,&nbsp;&nbsp;bastide, plus beaux villages de France.Lieu&nbsp;: &nbsp;Cordes-sur-Ciel, Tarn, &nbsp;OccitanieEv\u00e9nement:&nbsp;Les F\u00eates m\u00e9di\u00e9vales du Grand Fauconnier 2025Dates&nbsp;:&nbsp;du &nbsp;11 au 13 juillet 2025 Bonjour \u00e0 tous, &lsquo;agenda du week-end prochain nous entra\u00eenera du c\u00f4t\u00e9 de la belle bastide occitane de Cordes-sur-Ciel pour la c\u00e9l\u00e9bration des F\u00eates m\u00e9di\u00e9vales du Grand Fauconnier. Perch\u00e9e &hellip; <a href=\"https:\/\/www.moyenagepassion.com\/index.php\/2025\/07\/07\/les-medievales-du-grand-fauconnier-a-cordes-sur-ciel\/\" class=\"more-link\">Continuer la lecture de <span class=\"screen-reader-text\">Les M\u00e9di\u00e9vales du Grand Fauconnier \u00e0 Cordes-sur-Ciel<\/span>  <span class=\"meta-nav\">&rarr;<\/span><\/a><\/p>\n","protected":false},"author":2,"featured_media":51965,"comment_status":"open","ping_status":"open","sticky":false,"template":"","format":"standard","meta":{"_monsterinsights_skip_tracking":false,"_monsterinsights_sitenote_active":false,"_monsterinsights_sitenote_note":"","_monsterinsights_sitenote_category":0,"footnotes":""},"categories":[11,13],"tags":[1391,2529,1341,212,3930,5343,6386,1227,1369,2875,6385],"class_list":["post-51963","post","type-post","status-publish","format-standard","has-post-thumbnail","hentry","category-fetes-medievales-evenement","category-lieux-moyen-age-medievaux","tag-agenda","tag-animations-medievales","tag-bastide","tag-compagnies-medievales","tag-cordes-sur-ciel","tag-fetes-medievales","tag-grand-fauconnier","tag-medievales","tag-occitanie","tag-plus-beaux-villages-de-france","tag-tarn"],"aioseo_notices":[],"_links":{"self":[{"href":"https:\/\/www.moyenagepassion.com\/index.php\/wp-json\/wp\/v2\/posts\/51963"}],"collection":[{"href":"https:\/\/www.moyenagepassion.com\/index.php\/wp-json\/wp\/v2\/posts"}],"about":[{"href":"https:\/\/www.moyenagepassion.com\/index.php\/wp-json\/wp\/v2\/types\/post"}],"author":[{"embeddable":true,"href":"https:\/\/www.moyenagepassion.com\/index.php\/wp-json\/wp\/v2\/users\/2"}],"replies":[{"embeddable":true,"href":"https:\/\/www.moyenagepassion.com\/index.php\/wp-json\/wp\/v2\/comments?post=51963"}],"version-history":[{"count":9,"href":"https:\/\/www.moyenagepassion.com\/index.php\/wp-json\/wp\/v2\/posts\/51963\/revisions"}],"predecessor-version":[{"id":51980,"href":"https:\/\/www.moyenagepassion.com\/index.php\/wp-json\/wp\/v2\/posts\/51963\/revisions\/51980"}],"wp:featuredmedia":[{"embeddable":true,"href":"https:\/\/www.moyenagepassion.com\/index.php\/wp-json\/wp\/v2\/media\/51965"}],"wp:attachment":[{"href":"https:\/\/www.moyenagepassion.com\/index.php\/wp-json\/wp\/v2\/media?parent=51963"}],"wp:term":[{"taxonomy":"category","embeddable":true,"href":"https:\/\/www.moyenagepassion.com\/index.php\/wp-json\/wp\/v2\/categories?post=51963"},{"taxonomy":"post_tag","embeddable":true,"href":"https:\/\/www.moyenagepassion.com\/index.php\/wp-json\/wp\/v2\/tags?post=51963"}],"curies":[{"name":"wp","href":"https:\/\/api.w.org\/{rel}","templated":true}]}}