{"id":52241,"date":"2025-09-14T18:35:08","date_gmt":"2025-09-14T17:35:08","guid":{"rendered":"https:\/\/www.moyenagepassion.com\/?p=52241"},"modified":"2025-09-15T18:11:31","modified_gmt":"2025-09-15T17:11:31","slug":"medievales-de-tiffauges-2025","status":"publish","type":"post","link":"https:\/\/www.moyenagepassion.com\/index.php\/2025\/09\/14\/medievales-de-tiffauges-2025\/","title":{"rendered":"Les 8eme M\u00e9di\u00e9vales de Tiffauges ou la forteresse assi\u00e9g\u00e9e"},"content":{"rendered":"<div id=\"moyen-2336912239\" class=\"moyen-before-content moyen-entity-placement\"><script async src=\"\/\/pagead2.googlesyndication.com\/pagead\/js\/adsbygoogle.js?client=ca-pub-3035390706780632\" crossorigin=\"anonymous\"><\/script><ins class=\"adsbygoogle\" style=\"display:block;\" data-ad-client=\"ca-pub-3035390706780632\" \ndata-ad-slot=\"\" \ndata-ad-format=\"auto\"><\/ins>\n<script> \n(adsbygoogle = window.adsbygoogle || []).push({}); \n<\/script>\n<\/div>\n<p><\/p>\n\n\n<div class=\"wp-block-image\">\n<figure class=\"alignleft is-resized\"><a href=\"https:\/\/www.moyenagepassion.com\/wp-content\/uploads\/2023\/09\/ecu-armoirie-blason-chateau-de-Tiffauges-2023.jpg\"><img decoding=\"async\" width=\"226\" height=\"337\" src=\"https:\/\/www.moyenagepassion.com\/wp-content\/uploads\/2023\/09\/ecu-armoirie-blason-chateau-de-Tiffauges-2023.jpg\" alt=\"\" class=\"wp-image-49089\" style=\"width:153px;height:auto\" srcset=\"https:\/\/www.moyenagepassion.com\/wp-content\/uploads\/2023\/09\/ecu-armoirie-blason-chateau-de-Tiffauges-2023.jpg 226w, https:\/\/www.moyenagepassion.com\/wp-content\/uploads\/2023\/09\/ecu-armoirie-blason-chateau-de-Tiffauges-2023-201x300.jpg 201w\" sizes=\"(max-width: 226px) 100vw, 226px\" \/><\/a><\/figure><\/div>\n\n\n<p><strong>Sujet<\/strong>&nbsp;: animations m\u00e9di\u00e9vales, reconstituteurs, march\u00e9 m\u00e9di\u00e9val, compagnies m\u00e9di\u00e9vales, histoire vivante, guerre de cent ans, Bertrand du Guesclin.<br><strong>P\u00e9riode&nbsp;<\/strong>: Moyen \u00c2ge central, XIVe si\u00e8cle.<br><strong>Ev\u00e9nement<\/strong>&nbsp;:&nbsp;<em>Les 8e M\u00e9di\u00e9vales de Tiffauges 2025<\/em><br><strong>Lieu<\/strong>&nbsp;: ch\u00e2teau de Tiffauges, Vend\u00e9e, Pays de la Loire.<br><strong>Date<\/strong>&nbsp;: 27 &amp; 28 septembre 2025<\/p>\n\n\n\n<p>Bonjour \u00e0 tous,<\/p>\n\n\n<div class=\"wp-block-image\">\n<figure class=\"alignleft size-full\"><a href=\"https:\/\/www.moyenagepassion.com\/wp-content\/uploads\/2015\/12\/A_lettrine_moyen_age_passion1.jpg\"><img decoding=\"async\" width=\"84\" height=\"103\" src=\"https:\/\/www.moyenagepassion.com\/wp-content\/uploads\/2015\/12\/A_lettrine_moyen_age_passion1.jpg\" alt=\"\" class=\"wp-image-24221\"\/><\/a><\/figure><\/div>\n\n\n<p class=\"classe text_justify\">la fin de ce mois, le ch\u00e2teau de Tiffauges reconvoquera en ses murs sa vibrante histoire m\u00e9di\u00e9vale. Port\u00e9e par le d\u00e9partement de Vend\u00e9e et l&rsquo;Association du <a href=\"https:\/\/www.moyenagepassion.com\/index.php\/2022\/09\/20\/vendee-revivre-un-incroyable-siege-medieval-au-chateau-de-tiffauges\/\" title=\"\">Roi Uther<\/a>, cette manifestation connait un succ\u00e8s grandissant. A l&rsquo;occasion de leur 8eme \u00e9dition, les M\u00e9di\u00e9vales de Tiffauges affirmeront, \u00e0 nouveau, leur ambition de porter haut la reconstitution historique et l&rsquo;\u00e9vocation de la guerre de cent ans. <\/p>\n\n\n\n<h2 class=\"wp-block-heading\">Tiffauges :  immersion au c\u0153ur du si\u00e8ge.<\/h2>\n\n\n<div class=\"wp-block-image\">\n<figure class=\"alignright size-full is-resized\"><a href=\"https:\/\/www.moyenagepassion.com\/wp-content\/uploads\/2025\/09\/Tiffauges-Vendee-medievales-2025-affiche-officielle-750.jpg\"><img decoding=\"async\" width=\"350\" height=\"495\" src=\"https:\/\/www.moyenagepassion.com\/wp-content\/uploads\/2025\/09\/Tiffauges-Vendee-medievales-2025-affiche-officielle.jpg\" alt=\"Tiffauges, m\u00e9di\u00e9vales 2025, 8eme \u00e9dition, affiche officielle.\" class=\"wp-image-52243\" style=\"width:210px;height:auto\" srcset=\"https:\/\/www.moyenagepassion.com\/wp-content\/uploads\/2025\/09\/Tiffauges-Vendee-medievales-2025-affiche-officielle.jpg 350w, https:\/\/www.moyenagepassion.com\/wp-content\/uploads\/2025\/09\/Tiffauges-Vendee-medievales-2025-affiche-officielle-212x300.jpg 212w\" sizes=\"(max-width: 350px) 100vw, 350px\" \/><\/a><\/figure><\/div>\n\n\n<p class=\"classe text_justify\">Cette ann\u00e9e, les visiteurs se trouveront plong\u00e9s au c\u0153ur d&rsquo;une forteresse assi\u00e9g\u00e9e. <\/p>\n\n\n\n<p class=\"classe text_justify\">Nous sommes dans le dernier tiers du XIVe si\u00e8cle. Les temps sont \u00e0 l&rsquo;affrontement entre les troupes fran\u00e7aises guid\u00e9es par le <em>Dogue noir de Broc\u00e9liande<\/em>, le c\u00e9l\u00e8bre Bertrand du Guesclin et les anglais command\u00e9s par John Chandos, limier du prince noir. D\u00e9barqu\u00e9s fraichement d&rsquo;Angleterre, ces derniers sont bien d\u00e9cid\u00e9s \u00e0 s&rsquo;accrocher \u00e0 leurs derniers bastions fortifi\u00e9s en terre de France. Pour du Guesclin, il est question de les en d\u00e9loger sans m\u00e9nagement.<\/p>\n\n\n\n<p class=\"classe text_justify\">On retrouvera, d&rsquo;un c\u00f4t\u00e9, un ost fran\u00e7ais compos\u00e9 de soldats mais aussi de barons, de mercenaires, d&rsquo;experts en si\u00e8ge et de sapeurs r\u00e9unis par du Guesclin. De l&rsquo;autre, un ost anglais constitu\u00e9 principalement d&rsquo;archers et de soldats de m\u00e9tiers.<\/p>\n\n\n\n<h3 class=\"wp-block-heading\">Sc\u00e9narisation &amp; r\u00e9alisme historique<\/h3>\n\n\n<div class=\"wp-block-image\">\n<figure class=\"alignleft size-full is-resized\"><a href=\"https:\/\/www.moyenagepassion.com\/wp-content\/uploads\/2023\/09\/deco-medieval-duguesclin-a-Tiffauges-reconstitution-moyen-age.jpg\"><img decoding=\"async\" width=\"115\" height=\"495\" src=\"https:\/\/www.moyenagepassion.com\/wp-content\/uploads\/2023\/09\/deco-medieval-duguesclin-a-Tiffauges-reconstitution-moyen-age.jpg\" alt=\"\" class=\"wp-image-49041\" style=\"width:80px\" srcset=\"https:\/\/www.moyenagepassion.com\/wp-content\/uploads\/2023\/09\/deco-medieval-duguesclin-a-Tiffauges-reconstitution-moyen-age.jpg 115w, https:\/\/www.moyenagepassion.com\/wp-content\/uploads\/2023\/09\/deco-medieval-duguesclin-a-Tiffauges-reconstitution-moyen-age-70x300.jpg 70w\" sizes=\"(max-width: 115px) 100vw, 115px\" \/><\/a><\/figure><\/div>\n\n\n<p class=\"classe text_justify\">Immerger le visiteur dans l&rsquo;atmosph\u00e8re d&rsquo;un v\u00e9ritable si\u00e8ge m\u00e9di\u00e9val, voil\u00e0 donc le d\u00e9fi ambitieux de cette 8eme \u00e9dition. C&rsquo;est d&rsquo;autant plus vrai que les M\u00e9di\u00e9vales de Tiffauges sont toujours tr\u00e8s sc\u00e9naris\u00e9es avec un fort parti-pris de r\u00e9alisme historique.<\/p>\n\n\n\n<p class=\"classe text_justify\">Ici, pas question de simples m\u00eal\u00e9es d\u00e9sordonn\u00e9es, ni de m\u00e9lange d&rsquo;\u00e9poques ou de genres. Tous les aspects de l&rsquo;\u00e9v\u00e9nement ont fait l&rsquo;objet d&rsquo;un cahier de charges pr\u00e9cis. Cela va des tenues, aux armes, aux attitudes en combat, jusqu&rsquo;\u00e0 la s\u00e9curit\u00e9 et l&rsquo;organisation g\u00e9n\u00e9rale de l&rsquo;\u00e9v\u00e9nement.<\/p>\n\n\n\n<p class=\"classe text_justify\">Des mouvements de troupes, aux \u00e9chauffour\u00e9es en passant par le r\u00f4le des civils, des ing\u00e9nieurs ou des artisans, l&rsquo;ensemble des reconstituteurs sera l\u00e0 pour contribuer \u00e0 la coh\u00e9rence de l&rsquo;ensemble (historique, hi\u00e9rarchique, sc\u00e9naristique).<\/p>\n\n\n\n<h3 class=\"wp-block-heading\">Revivre un si\u00e8ge m\u00e9di\u00e9val et revisiter l&rsquo;Histoire<br><\/h3>\n\n\n\n<figure class=\"wp-block-embed is-type-video is-provider-youtube wp-block-embed-youtube wp-embed-aspect-16-9 wp-has-aspect-ratio\"><div class=\"wp-block-embed__wrapper\">\n<iframe title=\"TIFFAUGES - LA FORTERESSE ASSIEGEE\" width=\"474\" height=\"267\" src=\"https:\/\/www.youtube.com\/embed\/vv4Ux5h03QU?feature=oembed\" frameborder=\"0\" allow=\"accelerometer; autoplay; clipboard-write; encrypted-media; gyroscope; picture-in-picture; web-share\" referrerpolicy=\"strict-origin-when-cross-origin\" allowfullscreen><\/iframe>\n<\/div><\/figure>\n\n\n\n<p class=\"classe text_justify\"><br>Au del\u00e0 du spectacle, se niche une volont\u00e9 affich\u00e9e de  transmission historique. En plus de l&rsquo;atmosph\u00e8re bouillonnante, l&rsquo;\u00e9v\u00e9nement entend bien faire d\u00e9couvrir au public un certain nombre de r\u00e9alit\u00e9s \u00e0 l&rsquo;\u0153uvre lors d&rsquo;un si\u00e8ge au Moyen \u00c2ge tardif. Voici quelques aspects qui seront soulign\u00e9s \u00e0 l&rsquo;occasion de ces M\u00e9di\u00e9vales de Tiffauges :<\/p>\n\n\n<div class=\"wp-block-image\">\n<figure class=\"alignright size-full is-resized\"><a href=\"https:\/\/www.moyenagepassion.com\/wp-content\/uploads\/2023\/09\/deco-medieval-duguesclin-a-Tiffauges-reconstitution-moyen-age.jpg\"><img decoding=\"async\" width=\"115\" height=\"495\" src=\"https:\/\/www.moyenagepassion.com\/wp-content\/uploads\/2023\/09\/deco-medieval-duguesclin-a-Tiffauges-reconstitution-moyen-age.jpg\" alt=\"\" class=\"wp-image-49041\" style=\"width:80px\" srcset=\"https:\/\/www.moyenagepassion.com\/wp-content\/uploads\/2023\/09\/deco-medieval-duguesclin-a-Tiffauges-reconstitution-moyen-age.jpg 115w, https:\/\/www.moyenagepassion.com\/wp-content\/uploads\/2023\/09\/deco-medieval-duguesclin-a-Tiffauges-reconstitution-moyen-age-70x300.jpg 70w\" sizes=\"(max-width: 115px) 100vw, 115px\" \/><\/a><\/figure><\/div>\n\n\n<ul class=\"wp-block-list\">\n<li class=\"classe text_justify\">D\u00e9couverte de la poliorc\u00e9tique avec pr\u00e9sentation d\u00e9taill\u00e9e des machines de si\u00e8ge et construction sur place d&rsquo;un couillard,<\/li>\n\n\n\n<li class=\"classe text_justify\">D\u00e9monstration du travail des sapeurs et de leur \u0153uvre de sabotage incontournable durant les si\u00e8ges m\u00e9di\u00e9vaux,<\/li>\n\n\n\n<li>Constructions d&rsquo;abris de soldats loin de l&rsquo;image habituelle des for\u00eats de tentes en toile,<\/li>\n\n\n\n<li>Reconstitution de l&rsquo;\u00e9cologie des camps de guerre avec leurs personnels militaires, civils et religieux, leurs classes dirigeantes.<\/li>\n<\/ul>\n\n\n\n<p class=\"classe text_justify\">Autre ambition \u00e0 souligner de Tiffauges 2025, s&rsquo;attacher \u00e0 souligner les diff\u00e9rences entre les \u00e9coles de guerre m\u00e9di\u00e9vale anglaise et fran\u00e7aise.<\/p>\n\n\n\n<h4 class=\"wp-block-heading\">Une volont\u00e9 d&rsquo;incarner l&rsquo;Histoire<\/h4>\n\n\n\n<p class=\"classe text_justify\">A l&rsquo;habitude, les diff\u00e9rents corps militaires, chevaliers et  soldats ne seront pas les seuls \u00e0 accompagner l&rsquo;arm\u00e9e. Experts, artisans, personnels civils et religieux seront aussi l\u00e0 pour soutenir l&rsquo;effort de guerre de chaque camp. A Tiffauges, c&rsquo;est vraiment  tout un monde que les organisateurs s&rsquo;attachent \u00e0 faire revivre avec son \u00e9cologie, ses acteurs et ses diff\u00e9rents corps sociaux et finalement sa r\u00e9alit\u00e9 historique et organique.<\/p>\n\n\n<div class=\"wp-block-image\">\n<figure class=\"aligncenter size-full\"><a href=\"https:\/\/www.moyenagepassion.com\/wp-content\/uploads\/2025\/09\/Medievales-2025-Chateau-Tiffauges-vendee-reconstitution-historique.jpg\"><img decoding=\"async\" width=\"650\" height=\"484\" src=\"https:\/\/www.moyenagepassion.com\/wp-content\/uploads\/2025\/09\/Medievales-2025-Chateau-Tiffauges-vendee-reconstitution-historique-s.jpg\" alt=\"M\u00e9di\u00e9vales de Tiffauges 2025 : revivre un si\u00e8ge m\u00e9di\u00e9val avec 400 reconstituteurs\" class=\"wp-image-52244\" srcset=\"https:\/\/www.moyenagepassion.com\/wp-content\/uploads\/2025\/09\/Medievales-2025-Chateau-Tiffauges-vendee-reconstitution-historique-s.jpg 650w, https:\/\/www.moyenagepassion.com\/wp-content\/uploads\/2025\/09\/Medievales-2025-Chateau-Tiffauges-vendee-reconstitution-historique-s-300x223.jpg 300w\" sizes=\"(max-width: 650px) 100vw, 650px\" \/><\/a><\/figure><\/div>\n\n<div class=\"wp-block-image\">\n<figure class=\"alignleft size-full is-resized\"><a href=\"https:\/\/www.moyenagepassion.com\/wp-content\/uploads\/2023\/09\/deco-medieval-duguesclin-a-Tiffauges-reconstitution-moyen-age.jpg\"><img decoding=\"async\" width=\"115\" height=\"495\" src=\"https:\/\/www.moyenagepassion.com\/wp-content\/uploads\/2023\/09\/deco-medieval-duguesclin-a-Tiffauges-reconstitution-moyen-age.jpg\" alt=\"\" class=\"wp-image-49041\" style=\"width:80px\" srcset=\"https:\/\/www.moyenagepassion.com\/wp-content\/uploads\/2023\/09\/deco-medieval-duguesclin-a-Tiffauges-reconstitution-moyen-age.jpg 115w, https:\/\/www.moyenagepassion.com\/wp-content\/uploads\/2023\/09\/deco-medieval-duguesclin-a-Tiffauges-reconstitution-moyen-age-70x300.jpg 70w\" sizes=\"(max-width: 115px) 100vw, 115px\" \/><\/a><\/figure><\/div>\n\n\n<p class=\"classe text_justify\">Pas question donc de simple figuration pour les 400 reconstituteurs issus des troupes fran\u00e7aises et europ\u00e9ennes venus se joindre \u00e0 l&rsquo;\u00e9v\u00e9nement. Chacun sera l\u00e0 pour incarner un statut, une fonction, un ensemble d&rsquo;actions inspir\u00e9es de r\u00f4les d\u00e9finis qui prennent place dans une hi\u00e9rarchie et un objectif collectif. L&rsquo;effort de coh\u00e9rence historique est donc loin de se limiter aux costumes et \u00e0 la simple pr\u00e9sence sur site.<\/p>\n\n\n\n<p class=\"classe text_justify\">Dans le m\u00eame esprit, les actions de si\u00e8ge et de d\u00e9fense s&rsquo;articuleront entre strat\u00e9gies militaires offensives, missions secr\u00e8tes et psychologiques (sape, sabotage, empoisonnement, \u2026), interventions civiles (construction, ravitaillement, etc\u2026) sous l&rsquo;\u00e9gide des mar\u00e9chaux de chaque arm\u00e9e.<\/p>\n\n\n\n<p class=\"classe text_justify\">L\u00e0 encore, cette sc\u00e9narisation est le fruit d&rsquo;une travail pr\u00e9cis de reconstitution historique.<\/p>\n\n\n\n<h4 class=\"wp-block-heading\">Quelques autres temps forts \u00e0 Tiffauges<\/h4>\n\n\n<div class=\"wp-block-image\">\n<figure class=\"alignright size-full is-resized\"><a href=\"https:\/\/www.moyenagepassion.com\/wp-content\/uploads\/2023\/09\/deco-medieval-duguesclin-a-Tiffauges-reconstitution-moyen-age.jpg\"><img decoding=\"async\" width=\"115\" height=\"495\" src=\"https:\/\/www.moyenagepassion.com\/wp-content\/uploads\/2023\/09\/deco-medieval-duguesclin-a-Tiffauges-reconstitution-moyen-age.jpg\" alt=\"\" class=\"wp-image-49041\" style=\"width:80px\" srcset=\"https:\/\/www.moyenagepassion.com\/wp-content\/uploads\/2023\/09\/deco-medieval-duguesclin-a-Tiffauges-reconstitution-moyen-age.jpg 115w, https:\/\/www.moyenagepassion.com\/wp-content\/uploads\/2023\/09\/deco-medieval-duguesclin-a-Tiffauges-reconstitution-moyen-age-70x300.jpg 70w\" sizes=\"(max-width: 115px) 100vw, 115px\" \/><\/a><\/figure><\/div>\n\n\n<p class=\"classe text_justify\">Entre actions continues et effervescence permanente sur le champ de bataille, des temps forts permettront de revivre en grand les man\u0153uvres des troupes, des revues \u00e0 l&rsquo;entra\u00eenement. <br><br>Les puissants tirs d&rsquo;artillerie et autres rebondissements spectaculaires assureront aussi le spectacle. Ils c\u00f4toieront des moments plus in\u00e9dits et plus tranquilles comme l&rsquo;appel \u00e0 la tr\u00eave dominicale par les pr\u00eatres ou d&rsquo;autres actions que l&rsquo;on a rarement l&rsquo;occasion de voir lors d&rsquo;un \u00e9v\u00e9nement m\u00e9di\u00e9val m\u00eame tr\u00e8s orient\u00e9 sur la reconstitution.<\/p>\n\n\n\n<p class=\"classe text_justify\">Nous le disons chaque ann\u00e9e mais nous le redirons encore ici, le terme de \u00ab\u00a0M\u00e9di\u00e9vales\u00a0\u00bb semble d\u00e9cidemment un peu \u00e9troit pour retraduire le soubassement de cet \u00e9v\u00e9nement. Ici, pas de Moyen \u00c2ge fourre-tout. A Tiffauges, les organisateurs ont \u00e0 c\u0153ur de faire \u0153uvre d&rsquo;une grande ambition historique et d&rsquo;un perfectionnisme assez unique.<\/p>\n\n\n\n<h3 class=\"wp-block-heading\">Compagnies m\u00e9di\u00e9vales &amp; Reconstituteurs<\/h3>\n\n\n\n<p class=\"classe text_justify\"><em><mark style=\"background-color:rgba(0, 0, 0, 0)\" class=\"has-inline-color has-green-color\">Mesnie Enguerran &#8211; Alliance des Lions d&rsquo;Anjou &#8211; Mesnie de l&rsquo;Hermine &#8211; Genz d&rsquo;Armes 1415 &#8211; Compagnie Guesclen &#8211; Milite Nothi &#8211; Les Tards Venus &#8211; La Guerre des Couronnes &#8211; Via Historiae &#8211; L&rsquo;Ost du Phenix &#8211; Soudarded &#8211; Obliti Milites &#8211; La Guilde des 3 Couronnes &#8211; La Grand Compaigne &#8211; Les Ecorcheurs Stimwe &#8211; Les PLantagenets &#8211; Cercle d&rsquo;Armes du Dauphin\u00e9<\/mark><\/em><mark style=\"background-color:rgba(0, 0, 0, 0)\" class=\"has-inline-color has-green-color\"> &#8211; <em>Gallina Solaris &#8211; Mesnie de Wittelbach &#8211; Le Feu Liegeois &#8211; Alsaciae Protectores &#8211; La Quintefeuille &#8211; L&rsquo;Ost du Castel &#8211; Mignoned Ar Bro &#8211; Emptivus Miles &#8211; Les Penthi\u00e8vres<\/em><\/mark><\/p>\n\n\n\n<h3 class=\"wp-block-heading\">March\u00e9 m\u00e9di\u00e9val &amp; ripailles<\/h3>\n\n\n\n<p class=\"classe text_justify\">Si cette programmation \u00e9tourdissante vous en laisse le temps, un march\u00e9 m\u00e9di\u00e9val est \u00e9galement pr\u00e9vu sur place. Bien s\u00fbr, collations et ripailles seront aussi l\u00e0 pour assouvir ou \u00e9tancher grand-faim et grand-soif.<\/p>\n\n\n\n<p>Pour plus d&rsquo;information sur les acc\u00e8s et le programme, voir le <a href=\"https:\/\/evenements.vendee.fr\/agenda\/les-medievales-de-tiffauges\/bc2d804d-1f8b-433c-ae10-3e10c99749f5?cHash=2f97d7168b2e8e10edbb105a9a43861f\" target=\"_blank\" rel=\"noopener nofollow\" title=\"\">site officiel du d\u00e9partement de Vend\u00e9e<\/a>.<\/p>\n\n\n\n<hr class=\"wp-block-separator has-alpha-channel-opacity\"\/>\n\n\n<div class=\"wp-block-image\">\n<figure class=\"alignleft size-full is-resized\"><a href=\"https:\/\/www.moyenagepassion.com\/wp-content\/uploads\/2023\/09\/deco-medieval-duguesclin-a-Tiffauges-reconstitution-moyen-age.jpg\"><img decoding=\"async\" width=\"115\" height=\"495\" src=\"https:\/\/www.moyenagepassion.com\/wp-content\/uploads\/2023\/09\/deco-medieval-duguesclin-a-Tiffauges-reconstitution-moyen-age.jpg\" alt=\"\" class=\"wp-image-49041\" style=\"width:80px\" srcset=\"https:\/\/www.moyenagepassion.com\/wp-content\/uploads\/2023\/09\/deco-medieval-duguesclin-a-Tiffauges-reconstitution-moyen-age.jpg 115w, https:\/\/www.moyenagepassion.com\/wp-content\/uploads\/2023\/09\/deco-medieval-duguesclin-a-Tiffauges-reconstitution-moyen-age-70x300.jpg 70w\" sizes=\"(max-width: 115px) 100vw, 115px\" \/><\/a><\/figure><\/div>\n\n\n<p class=\"classe text_justify\">Voil\u00e0 donc pour ces M\u00e9di\u00e9vales de Tiffauges 2025 et leur all\u00e9chant programme. En cette fin septembre, la guerre de cent ans avec sa vibrante histoire et ses h\u00e9ros m\u00e9di\u00e9vaux revivront sur les terres de Vend\u00e9e.<\/p>\n\n\n\n<p class=\"classe text_justify\">Le ch\u00e2teau tombera-t-il sous les assauts de l&rsquo;ost fran\u00e7ais, au terme d&rsquo;un week-end d&rsquo;\u00e9motions fortes et d&rsquo;immersion compl\u00e8te ? Pour le moment, le roi Uther en garde jalousement le secret et il faudra, pour le d\u00e9couvrir, se rendre \u00e0 Tiffauges, les 27 &amp; 28 septembre prochain.<\/p>\n\n\n\n<p class=\"classe text_justify\">Retrouvez tous nos articles sur les M\u00e9di\u00e9vales de Tiffauges  : <a href=\"https:\/\/www.moyenagepassion.com\/index.php\/2019\/09\/26\/agenda-1368-tiffauges-a-lheure-de-sa-grande-foire-medievale\/\">Edition 2019<\/a> &#8211; <a href=\"https:\/\/www.moyenagepassion.com\/index.php\/2022\/09\/20\/vendee-revivre-un-incroyable-siege-medieval-au-chateau-de-tiffauges\/\">Edition 2022<\/a> &#8211; <a href=\"https:\/\/www.moyenagepassion.com\/index.php\/2023\/09\/17\/revivre-lan-1372-aux-medievales-du-chateau-de-tiffauges\/\">Edition 2023<\/a> &#8211; <a href=\"https:\/\/www.moyenagepassion.com\/index.php\/2023\/11\/05\/retour-en-images-sur-la-medievale-du-chateau-de-tiffauges-2023\/\">Edition 2023 (retour en images<\/a>) &#8211; <a href=\"https:\/\/www.moyenagepassion.com\/index.php\/2024\/09\/15\/animations-medievales-tiffauges\/\">Edition 2024<\/a> &#8211; <a href=\"https:\/\/www.moyenagepassion.com\/index.php\/2024\/10\/28\/animations-medievales-tiffauges-2024\/\">Edition 2024 (retour en images)<\/a><\/p>\n\n\n\n<p>Une belle journ\u00e9e \u00e0 vous, en vous remerciant de votre lecture.<\/p>\n\n\n\n<p>Fred<br>Pour Moyenagepassion.com<br><em><strong>A la d\u00e9couverte du Monde M\u00e9di\u00e9val sous toutes ses formes.<\/strong><\/em><\/p>\n","protected":false},"excerpt":{"rendered":"<p>Sujet&nbsp;: animations m\u00e9di\u00e9vales, reconstituteurs, march\u00e9 m\u00e9di\u00e9val, compagnies m\u00e9di\u00e9vales, histoire vivante, guerre de cent ans, Bertrand du Guesclin.P\u00e9riode&nbsp;: Moyen \u00c2ge central, XIVe si\u00e8cle.Ev\u00e9nement&nbsp;:&nbsp;Les 8e M\u00e9di\u00e9vales de Tiffauges 2025Lieu&nbsp;: ch\u00e2teau de Tiffauges, Vend\u00e9e, Pays de la Loire.Date&nbsp;: 27 &amp; 28 septembre 2025 Bonjour \u00e0 tous, la fin de ce mois, le ch\u00e2teau de Tiffauges reconvoquera en ses &hellip; <a href=\"https:\/\/www.moyenagepassion.com\/index.php\/2025\/09\/14\/medievales-de-tiffauges-2025\/\" class=\"more-link\">Continuer la lecture de <span class=\"screen-reader-text\">Les 8eme M\u00e9di\u00e9vales de Tiffauges ou la forteresse assi\u00e9g\u00e9e<\/span>  <span class=\"meta-nav\">&rarr;<\/span><\/a><\/p>\n","protected":false},"author":2,"featured_media":52242,"comment_status":"open","ping_status":"open","sticky":false,"template":"","format":"standard","meta":{"_monsterinsights_skip_tracking":false,"_monsterinsights_sitenote_active":false,"_monsterinsights_sitenote_note":"","_monsterinsights_sitenote_category":0,"footnotes":""},"categories":[11],"tags":[2529,6304,4759,212,6177,430,1826,636,1227,5729,3983,2757,261,5874,4758,3267],"class_list":["post-52241","post","type-post","status-publish","format-standard","has-post-thumbnail","hentry","category-fetes-medievales-evenement","tag-animations-medievales","tag-bertrand-du-guesclin","tag-chateau-de-tiffauges","tag-compagnies-medievales","tag-departement-de-vendee","tag-guerre-de-cent-ans","tag-histoire-vivante","tag-marche-medieval","tag-medievales","tag-moyen-age-central-2","tag-pays-de-la-loire","tag-reconstituteurs","tag-reconstitution-historique","tag-roi-uther","tag-tiffauges","tag-xive-siecle"],"aioseo_notices":[],"_links":{"self":[{"href":"https:\/\/www.moyenagepassion.com\/index.php\/wp-json\/wp\/v2\/posts\/52241"}],"collection":[{"href":"https:\/\/www.moyenagepassion.com\/index.php\/wp-json\/wp\/v2\/posts"}],"about":[{"href":"https:\/\/www.moyenagepassion.com\/index.php\/wp-json\/wp\/v2\/types\/post"}],"author":[{"embeddable":true,"href":"https:\/\/www.moyenagepassion.com\/index.php\/wp-json\/wp\/v2\/users\/2"}],"replies":[{"embeddable":true,"href":"https:\/\/www.moyenagepassion.com\/index.php\/wp-json\/wp\/v2\/comments?post=52241"}],"version-history":[{"count":17,"href":"https:\/\/www.moyenagepassion.com\/index.php\/wp-json\/wp\/v2\/posts\/52241\/revisions"}],"predecessor-version":[{"id":52265,"href":"https:\/\/www.moyenagepassion.com\/index.php\/wp-json\/wp\/v2\/posts\/52241\/revisions\/52265"}],"wp:featuredmedia":[{"embeddable":true,"href":"https:\/\/www.moyenagepassion.com\/index.php\/wp-json\/wp\/v2\/media\/52242"}],"wp:attachment":[{"href":"https:\/\/www.moyenagepassion.com\/index.php\/wp-json\/wp\/v2\/media?parent=52241"}],"wp:term":[{"taxonomy":"category","embeddable":true,"href":"https:\/\/www.moyenagepassion.com\/index.php\/wp-json\/wp\/v2\/categories?post=52241"},{"taxonomy":"post_tag","embeddable":true,"href":"https:\/\/www.moyenagepassion.com\/index.php\/wp-json\/wp\/v2\/tags?post=52241"}],"curies":[{"name":"wp","href":"https:\/\/api.w.org\/{rel}","templated":true}]}}