{"id":52643,"date":"2025-10-27T03:52:32","date_gmt":"2025-10-27T02:52:32","guid":{"rendered":"https:\/\/www.moyenagepassion.com\/?p=52643"},"modified":"2025-10-27T18:34:49","modified_gmt":"2025-10-27T17:34:49","slug":"exposition-le-moyen-age-au-19e-siecle-musee-de-cluny","status":"publish","type":"post","link":"https:\/\/www.moyenagepassion.com\/index.php\/2025\/10\/27\/exposition-le-moyen-age-au-19e-siecle-musee-de-cluny\/","title":{"rendered":"Exposition : Le Moyen \u00c2ge du XIXe si\u00e8cle, au Mus\u00e9e de Cluny"},"content":{"rendered":"<div id=\"moyen-2407348904\" class=\"moyen-before-content moyen-entity-placement\"><script async src=\"\/\/pagead2.googlesyndication.com\/pagead\/js\/adsbygoogle.js?client=ca-pub-3035390706780632\" crossorigin=\"anonymous\"><\/script><ins class=\"adsbygoogle\" style=\"display:block;\" data-ad-client=\"ca-pub-3035390706780632\" \ndata-ad-slot=\"\" \ndata-ad-format=\"auto\"><\/ins>\n<script> \n(adsbygoogle = window.adsbygoogle || []).push({}); \n<\/script>\n<\/div>\n<p><\/p>\n\n\n<div class=\"wp-block-image\">\n<figure class=\"alignleft size-full is-resized\"><a href=\"https:\/\/www.moyenagepassion.com\/wp-content\/uploads\/2025\/10\/expo-cluny-musee-moyen-age.jpg\"><img decoding=\"async\" width=\"191\" height=\"280\" src=\"https:\/\/www.moyenagepassion.com\/wp-content\/uploads\/2025\/10\/expo-cluny-musee-moyen-age.jpg\" alt=\"\" class=\"wp-image-52674\" style=\"width:139px;height:auto\"\/><\/a><\/figure><\/div>\n\n\n<p><strong>Sujet<\/strong>&nbsp;: \u00e9v\u00e9nement, monde m\u00e9di\u00e9val, mus\u00e9e, romantiques, XIXe si\u00e8cle, art pr\u00e9cieux, collections, exposition.<br><strong>P\u00e9riode<\/strong>&nbsp;: Moyen \u00c2ge et XIXe si\u00e8cle<br><strong>Lieu<\/strong>&nbsp;: Mus\u00e9e National du Moyen \u00c2ge,<br>Mus\u00e9e de Cluny, Paris.<br><strong>Dates<\/strong>&nbsp;: du 7 oct 2025 au 11 janvier 2026.<br><strong>Adresse<\/strong>&nbsp;: 28 rue du Sommerard, Paris 5<br>T\u00e9l : 01 53 73 78 00 \u2013 01 53 73 78 16<\/p>\n\n\n\n<p>Bonjour \u00e0 tous,<\/p>\n\n\n<div class=\"wp-block-image\">\n<figure class=\"alignleft size-full\"><a href=\"https:\/\/www.moyenagepassion.com\/wp-content\/uploads\/2018\/10\/S_lettrine_moyen_age_passion.jpg\"><img decoding=\"async\" width=\"84\" height=\"103\" src=\"https:\/\/www.moyenagepassion.com\/wp-content\/uploads\/2018\/10\/S_lettrine_moyen_age_passion.jpg\" alt=\"\" class=\"wp-image-23904\"\/><\/a><\/figure><\/div>\n\n\n<p class=\"classe text_justify\">ur l&rsquo;agenda des \u00e9v\u00e9nements sur le th\u00e8me du monde m\u00e9di\u00e9val, voil\u00e0 une belle exposition \u00e0 laquelle vous confie le Mus\u00e9e de Cluny jusqu&rsquo;\u00e0 la mi-janvier 2026. <\/p>\n\n\n<div class=\"wp-block-image\">\n<figure class=\"alignright size-full is-resized\"><a href=\"https:\/\/www.moyenagepassion.com\/wp-content\/uploads\/2025\/10\/exposition-Moyen-Age-XIXe-s-art-precieux-musee-Cluny.jpg\"><img decoding=\"async\" width=\"280\" height=\"420\" src=\"https:\/\/www.moyenagepassion.com\/wp-content\/uploads\/2025\/10\/exposition-Moyen-Age-XIXe-s-art-precieux-musee-Cluny-s.jpg\" alt=\"Affiche de l'Exposition : Le Moyen \u00c2ge du XIXe si\u00e8cle au Mus\u00e9e de Cluny\" class=\"wp-image-52645\" style=\"object-fit:cover;width:207px;height:auto\" srcset=\"https:\/\/www.moyenagepassion.com\/wp-content\/uploads\/2025\/10\/exposition-Moyen-Age-XIXe-s-art-precieux-musee-Cluny-s.jpg 280w, https:\/\/www.moyenagepassion.com\/wp-content\/uploads\/2025\/10\/exposition-Moyen-Age-XIXe-s-art-precieux-musee-Cluny-s-200x300.jpg 200w\" sizes=\"(max-width: 280px) 100vw, 280px\" \/><\/a><\/figure><\/div>\n\n\n<p class=\"classe text_justify\">L&rsquo;id\u00e9e en est aussi originale que la r\u00e9alisation. L&rsquo;institution se propose, en effet, de revisiter le Moyen \u00c2ge mais pas n&rsquo;importe lequel, celui ressurgi de ses cendres au XIXe si\u00e8cle sous l&rsquo;impulsion des romantiques europ\u00e9ens. L&rsquo;\u00e9v\u00e9nement est prestigieux puisque de nombreux autres mus\u00e9es fran\u00e7ais et europ\u00e9ens y ont apport\u00e9 leur contribution. <\/p>\n\n\n\n<p class=\"classe text_justify\">Au programme, un exposition d&rsquo;objets rares en provenance du Moyen \u00c2ge mais aussi leur copies inspir\u00e9es, ou m\u00eame leurs faux, r\u00e9alis\u00e9s par les artisans orf\u00e8vres du XIXe si\u00e8cle. L&rsquo;exposition se double aussi de concerts et conf\u00e9rences sur ce m\u00eame th\u00e8me original du Moyen \u00c2ge au XIXe. En voici un digest.<\/p>\n\n\n\n<h2 class=\"wp-block-heading\">Le Moyen \u00c2ge \u00e0 l&rsquo;\u00e8re des romantismes du XIXe si\u00e8cle<\/h2>\n\n\n<div class=\"wp-block-image\">\n<figure class=\"alignleft size-full is-resized\"><a href=\"https:\/\/www.moyenagepassion.com\/wp-content\/uploads\/2025\/10\/statut-ange-reliquaire-du-Moyen-Age-XIIe-XIIIe-s.jpg\"><img decoding=\"async\" width=\"273\" height=\"414\" src=\"https:\/\/www.moyenagepassion.com\/wp-content\/uploads\/2025\/10\/statut-ange-reliquaire-du-Moyen-Age-XIIe-XIIIe-s.jpg\" alt=\"Statuette ange reliquaire du Moyen \u00c2ge central, Mus\u00e9e des Beaux Arts de Limoges.\" class=\"wp-image-52667\" style=\"width:192px;height:auto\" srcset=\"https:\/\/www.moyenagepassion.com\/wp-content\/uploads\/2025\/10\/statut-ange-reliquaire-du-Moyen-Age-XIIe-XIIIe-s.jpg 273w, https:\/\/www.moyenagepassion.com\/wp-content\/uploads\/2025\/10\/statut-ange-reliquaire-du-Moyen-Age-XIIe-XIIIe-s-198x300.jpg 198w\" sizes=\"(max-width: 273px) 100vw, 273px\" \/><\/a><figcaption class=\"wp-element-caption\">Statuette : Ange Reliquaire du Moyen \u00c2ge (XIIe, XIIIe siecle)<\/figcaption><\/figure><\/div>\n\n\n<p class=\"classe text_justify\">Emerg\u00e9 vers la fin du XVIIIe si\u00e8cle en Allemagne et en Angleterre, puis en France, le mouvement romantique ne tarda pas \u00e0 faire du monde m\u00e9di\u00e9val un des supports privil\u00e9gi\u00e9 de son inspiration. Entre peintures, compositions musicales, \u0153uvres litt\u00e9raires ou po\u00e9tiques, les plus c\u00e9l\u00e8bres auteurs et artistes du XIXe si\u00e8cle ont ainsi remis au go\u00fbt du jour un Moyen \u00c2ge teint\u00e9 d&rsquo;onirisme ou m\u00eame de n\u00e9o-gothique.<\/p>\n\n\n\n<p class=\"classe text_justify\">Les inspirations m\u00e9di\u00e9vales du XIXe si\u00e8cle ne se sont toutefois pas arr\u00eat\u00e9es aux arts et \u00e0 la litt\u00e9rature. L&rsquo;engouement pour ce Moyen \u00c2ge retrouv\u00e9 apr\u00e8s les Lumi\u00e8res a donn\u00e9 naissance \u00e0 tout un monde d&rsquo;objets rares et pr\u00e9cieux dont les collectionneurs d&rsquo;alors \u00e9taient friands. Ce sont justement ces pi\u00e8ces d&rsquo;orf\u00e8vrerie qui font l&rsquo;objet de cette exposition temporaire au mus\u00e9e de Cluny. <\/p>\n\n\n\n<p class=\"classe text_justify\">Entre copies, reproductions ou faux, l&rsquo;\u00e9v\u00e9nement part \u00e0 la d\u00e9couverte de certaines des plus belles r\u00e9alisations de l&rsquo;art pr\u00e9cieux du XIXe. Entre le Moyen \u00c2ge et si\u00e8cle d&rsquo;Hugo, les techniques d&rsquo;orf\u00e8vrerie ont \u00e9volu\u00e9 et l&rsquo;exposition questionne aussi cette dimension.<\/p>\n\n\n\n<h2 class=\"wp-block-heading\">L&rsquo;exposition \u00ab Le Moyen \u00c2ge du XIXe si\u00e8cle. Cr\u00e9ations et faux dans les arts pr\u00e9cieux \u00bb<\/h2>\n\n\n<div class=\"wp-block-image\">\n<figure class=\"alignright size-full is-resized\"><a href=\"https:\/\/www.moyenagepassion.com\/wp-content\/uploads\/2025\/10\/copie-de-la-statut-ange-reliquaire-du-Moyen-Age-XIXe-s.jpg\"><img decoding=\"async\" width=\"273\" height=\"414\" src=\"https:\/\/www.moyenagepassion.com\/wp-content\/uploads\/2025\/10\/copie-de-la-statut-ange-reliquaire-du-Moyen-Age-XIXe-s.jpg\" alt=\"Une copi\u00e9 de cette m\u00eame Statuette ange reliquaire dat\u00e9e du XIXe si\u00e8cle, mus\u00e9e des arts d\u00e9coratifs de Paris.\" class=\"wp-image-52668\" style=\"width:194px;height:auto\" srcset=\"https:\/\/www.moyenagepassion.com\/wp-content\/uploads\/2025\/10\/copie-de-la-statut-ange-reliquaire-du-Moyen-Age-XIXe-s.jpg 273w, https:\/\/www.moyenagepassion.com\/wp-content\/uploads\/2025\/10\/copie-de-la-statut-ange-reliquaire-du-Moyen-Age-XIXe-s-198x300.jpg 198w\" sizes=\"(max-width: 273px) 100vw, 273px\" \/><\/a><figcaption class=\"wp-element-caption\">Et sa copie r\u00e9alis\u00e9e au XIXe avec d&rsquo;autres techniques  (galvanosplastie)<\/figcaption><\/figure><\/div>\n\n\n<p class=\"classe text_justify\">Afin de pr\u00e9senter au mieux ces objets et leur contexte, la sc\u00e9nographie de cette exposition  propose un voyage en plusieurs temps. On passera ainsi de riches pi\u00e8ces d&rsquo;art m\u00e9di\u00e9val ayant inspir\u00e9 les contemporains des romantiques, au r\u00f4le du march\u00e9 et des collectionneurs, pour finalement d\u00e9couvrir de rares objets, pastiches ou copies du XIXe si\u00e8cle. La derni\u00e8re partie de l&rsquo;expo se penche, quant \u00e0 elle, sur les faux et faussaires et tout un monde de pratiques peu scrupuleuses autour de ce retour inattendu du m\u00e9di\u00e9val.<\/p>\n\n\n\n<p class=\"classe text_justify\">Comme nous le disions plus haut, la s\u00e9lection pr\u00e9sent\u00e9e ici est unique et comporte des objets rares en provenance des collections du mus\u00e9e de Cluny, mais \u00e9galement d&rsquo;un bon nombre d&rsquo;institutions en France ou \u00e0 l&rsquo;\u00e9tranger. La BnF, Orsay, le Louvre, la cath\u00e9drale de Nancy, le Palazzo Madama de Turin, le Mus\u00e9e des Arts d\u00e9co de Paris et bien d&rsquo;autres r\u00e9f\u00e9rences prestigieuses en font partie.<\/p>\n\n\n\n<p class=\"classe text_justify\">En vous rendant sur place, vous aurez, bien s\u00fbr, l&rsquo;occasion de d\u00e9couvrir l&rsquo;ensemble du mus\u00e9e du Moyen \u00c2ge parisien. Si vous ne le connaissez pas encore, n&rsquo;h\u00e9sitez pas \u00e0 faire une session de rattrapage. Au c\u0153ur de Paris, ce prestigieux \u00e9tablissement public brille autant par son cadre monumental que par la richesse de ses collections m\u00e9di\u00e9vales (<a href=\"https:\/\/www.moyenagepassion.com\/index.php\/2022\/05\/08\/j-5-le-musee-de-cluny-en-route-vers-un-nouveau-moyen-age\/\" title=\"\">voir notre article sur sa r\u00e9ouverture<\/a>).<\/p>\n\n\n\n<figure class=\"wp-block-gallery has-nested-images columns-4 is-cropped wp-block-gallery-1 is-layout-flex wp-block-gallery-is-layout-flex\">\n<figure class=\"wp-block-image size-large\"><a href=\"https:\/\/www.moyenagepassion.com\/wp-content\/uploads\/2025\/10\/chef-reliquaire-Isabelle-la-Catholique-inspiration-medievale-XIXe-siecle.jpg\"><img decoding=\"async\" width=\"239\" height=\"323\" data-id=\"52663\" src=\"https:\/\/www.moyenagepassion.com\/wp-content\/uploads\/2025\/10\/chef-reliquaire-Isabelle-la-Catholique-inspiration-medievale-XIXe-siecle.jpg\" alt=\"Chef Reliquaire et coiffe d'Isabelle la Catholique, dat\u00e9e du XIXe s, collection ch\u00e2teau de Gaasbeek, Belgique\" class=\"wp-image-52663\" srcset=\"https:\/\/www.moyenagepassion.com\/wp-content\/uploads\/2025\/10\/chef-reliquaire-Isabelle-la-Catholique-inspiration-medievale-XIXe-siecle.jpg 239w, https:\/\/www.moyenagepassion.com\/wp-content\/uploads\/2025\/10\/chef-reliquaire-Isabelle-la-Catholique-inspiration-medievale-XIXe-siecle-222x300.jpg 222w\" sizes=\"(max-width: 239px) 100vw, 239px\" \/><\/a><figcaption class=\"wp-element-caption\">Chef Reliquaire, Isabelle la Catholique, XIXe s<\/figcaption><\/figure>\n\n\n\n<figure class=\"wp-block-image size-full\"><a href=\"https:\/\/www.moyenagepassion.com\/wp-content\/uploads\/2025\/10\/ciboire-medievale-XIIIe-s-2.jpg\"><img decoding=\"async\" width=\"239\" height=\"323\" data-id=\"52670\" src=\"https:\/\/www.moyenagepassion.com\/wp-content\/uploads\/2025\/10\/ciboire-medievale-XIIIe-s-2.jpg\" alt=\"Ciboire de ma\u00eetre G Alpais (vers 1200), Mus\u00e9e du Louvre, Paris\" class=\"wp-image-52670\" srcset=\"https:\/\/www.moyenagepassion.com\/wp-content\/uploads\/2025\/10\/ciboire-medievale-XIIIe-s-2.jpg 239w, https:\/\/www.moyenagepassion.com\/wp-content\/uploads\/2025\/10\/ciboire-medievale-XIIIe-s-2-222x300.jpg 222w\" sizes=\"(max-width: 239px) 100vw, 239px\" \/><\/a><figcaption class=\"wp-element-caption\">Ciboire de ma\u00eetre G Alpais (vers 1200)<\/figcaption><\/figure>\n\n\n\n<figure class=\"wp-block-image size-full\"><a href=\"https:\/\/www.moyenagepassion.com\/wp-content\/uploads\/2025\/10\/copie-ciboire-medievale-XIXe-s-2.jpg\"><img decoding=\"async\" width=\"239\" height=\"323\" data-id=\"52671\" src=\"https:\/\/www.moyenagepassion.com\/wp-content\/uploads\/2025\/10\/copie-ciboire-medievale-XIXe-s-2.jpg\" alt=\"Copie de la Ciboire de ma\u00eetre G Alpais dat\u00e9e du XIXe s (galvanoplastie), Paris Mus\u00e9e des Arts d\u00e9coratifs.\" class=\"wp-image-52671\" srcset=\"https:\/\/www.moyenagepassion.com\/wp-content\/uploads\/2025\/10\/copie-ciboire-medievale-XIXe-s-2.jpg 239w, https:\/\/www.moyenagepassion.com\/wp-content\/uploads\/2025\/10\/copie-ciboire-medievale-XIXe-s-2-222x300.jpg 222w\" sizes=\"(max-width: 239px) 100vw, 239px\" \/><\/a><figcaption class=\"wp-element-caption\">Copie de la Ciboire dat\u00e9e du XIXe s (galvanoplastie)<\/figcaption><\/figure>\n<\/figure>\n\n\n\n<h3 class=\"wp-block-heading\">Programmation musicale et Concerts<\/h3>\n\n\n\n<p class=\"classe text_justify\">Deux courts concerts en soir\u00e9e vous proposeront de prolonger le th\u00e8me de l&rsquo;exposition sous un angle musical.<\/p>\n\n\n\n<h4 class=\"wp-block-heading\"><em>Un vent n\u00e9o-m\u00e9di\u00e9val, le Concert Impromptu<\/em><\/h4>\n\n\n<div class=\"wp-block-image\">\n<figure class=\"alignleft size-full\"><a href=\"https:\/\/www.moyenagepassion.com\/wp-content\/uploads\/2025\/10\/concert-moyen-age-XIXe-siecle-musee-cluny-02.png\"><img decoding=\"async\" width=\"193\" height=\"190\" src=\"https:\/\/www.moyenagepassion.com\/wp-content\/uploads\/2025\/10\/concert-moyen-age-XIXe-siecle-musee-cluny-02.png\" alt=\"\" class=\"wp-image-52658\" style=\"object-fit:cover\"\/><\/a><\/figure><\/div>\n\n\n<p><strong>Date <\/strong>: jeudi 06 novembre 2025 &#8211; 19:00 Dur\u00e9e : 1h<\/p>\n\n\n\n<p class=\"classe text_justify\">Dans la veine de l&rsquo;exposition, le quintet <strong>le Concert Impromptu <\/strong>pr\u00e9sentera des pi\u00e8ces musicales du 19e si\u00e8cle tremp\u00e9es d&rsquo;inspiration m\u00e9di\u00e9vale.<\/p>\n\n\n\n<p class=\"classe text_justify\"><strong>Musiciens<\/strong> : Violaine Duf\u00e8s (hautbois, direction artistique), Yves Charpentier (fl\u00fbte), Jean-Christophe Murer (clarinette), \u00c9milien Drouin (cor &amp; cor des Alpes), Camille Donnat Bart (basson &amp; guitare \u00e9lectrique).<\/p>\n\n\n\n<h4 class=\"wp-block-heading\"><em>Danse macabre et Airs d\u2019amour pour Trio<\/em><\/h4>\n\n\n<div class=\"wp-block-image\">\n<figure class=\"alignleft size-full\"><a href=\"https:\/\/www.moyenagepassion.com\/wp-content\/uploads\/2025\/10\/concert-moyen-age-XIXe-siecle-musee-cluny.png\"><img decoding=\"async\" width=\"193\" height=\"190\" src=\"https:\/\/www.moyenagepassion.com\/wp-content\/uploads\/2025\/10\/concert-moyen-age-XIXe-siecle-musee-cluny.png\" alt=\"\" class=\"wp-image-52659\"\/><\/a><\/figure><\/div>\n\n\n<p><strong>Date<\/strong> : samedi 13 d\u00e9cembre 2025 &#8211; 19:00 Dur\u00e9e : 1h<\/p>\n\n\n\n<p class=\"classe text_justify\">Au programme de ce concert, la c\u00e9l\u00e8bre danse macabre de Camille St Saens revisit\u00e9e par les compositeurs romantiques du XIXe si\u00e8cle : Jules Massenet, \u00c9douard Lalo et Charles Gounod y seront \u00e0 l&rsquo;honneur, servis par un trio de virtuoses.<\/p>\n\n\n\n<p class=\"classe text_justify\"><strong>Musiciens<\/strong> : Johanne Cassar (soprano), J\u00e9r\u00e9mie Maillard (violoncelle), Florence Bourdon (harpe).<\/p>\n\n\n\n<hr class=\"wp-block-separator has-alpha-channel-opacity\"\/>\n\n\n\n<h3 class=\"wp-block-heading\">Conf\u00e9rences &amp; colloques autour de l&rsquo;exposition<\/h3>\n\n\n\n<h4 class=\"wp-block-heading\"><em>Poussielgue-Rusand et le n\u00e9o-gothique, 1847-1870<\/em><\/h4>\n\n\n<div class=\"wp-block-image\">\n<figure class=\"alignleft size-full is-resized\"><a href=\"https:\/\/www.moyenagepassion.com\/wp-content\/uploads\/2025\/10\/logo-louvre-paris.png\"><img decoding=\"async\" width=\"140\" height=\"138\" src=\"https:\/\/www.moyenagepassion.com\/wp-content\/uploads\/2025\/10\/logo-louvre-paris.png\" alt=\"\" class=\"wp-image-52682\" style=\"width:111px;height:auto\"\/><\/a><\/figure><\/div>\n\n\n<p><strong>Dates : <\/strong>Jeudi 13 novembre 2025 de 12h30 \u00e0 13h30<\/p>\n\n\n\n<p class=\"classe text_justify\">Au milieu du XIXe si\u00e8cle, Placide Poussielgue-Rusand h\u00e9rite d&rsquo;un commerce de fabrication de bronzes d\u2019\u00e9glise et l\u2019\u00e9tend \u00e0 l\u2019orf\u00e8vrerie religieuse. Son entreprise conna\u00eetra une destin\u00e9e florissante et ses pi\u00e8ces le verront r\u00e9compenser aux expositions universelles. La conf\u00e9rence reviendra sur son itin\u00e9raire et ses ouvrages les plus pr\u00e9cieux.<\/p>\n\n\n\n<p class=\"classe text_justify\"><strong>Intervenante<\/strong> : Anne Dion-Tenenbaum, conservatrice g\u00e9n\u00e9rale du Patrimoine au d\u00e9partement des Objets d\u2019art du Louvre.<\/p>\n\n\n\n<h4 class=\"wp-block-heading\"><em>Le Moyen \u00c2ge au 19e si\u00e8cle entre France et Italie<\/em><\/h4>\n\n\n<div class=\"wp-block-image\">\n<figure class=\"alignleft size-full\"><a href=\"https:\/\/www.moyenagepassion.com\/wp-content\/uploads\/2025\/10\/palazzo-madama-turin-logo.png\"><img decoding=\"async\" width=\"140\" height=\"138\" src=\"https:\/\/www.moyenagepassion.com\/wp-content\/uploads\/2025\/10\/palazzo-madama-turin-logo.png\" alt=\"\" class=\"wp-image-52681\"\/><\/a><\/figure><\/div>\n\n\n<p> <strong>Dates :<\/strong> Jeudi 4 d\u00e9cembre 2025 de 18h30 \u00e0 20h<\/p>\n\n\n\n<p class=\"classe text_justify\">Le th\u00e8me de cette conf\u00e9rence sera abord\u00e9 \u00e0 travers des exemples concernant les arts pr\u00e9cieux et les manuscrits enlumin\u00e9s.<\/p>\n\n\n\n<p class=\"classe text_justify\"><strong>Intervenante : <\/strong>Simonetta Castronovo, Conservatrice du Palazzo Madama et du Mus\u00e9e Civico d&rsquo;Arte Antica de Turin.<br><\/p>\n\n\n\n<h4 class=\"wp-block-heading\"><em>Colloque : Les arts du Moyen \u00c2ge &amp; de la Renaissance <\/em><br><em>du 19e si\u00e8cle<\/em><\/h4>\n\n\n<div class=\"wp-block-image\">\n<figure class=\"alignright size-full is-resized\"><a href=\"https:\/\/www.moyenagepassion.com\/wp-content\/uploads\/2025\/10\/musiciens-medievaux-sur-ivoire-XIXe-siecle-1.jpg\"><img decoding=\"async\" width=\"239\" height=\"323\" src=\"https:\/\/www.moyenagepassion.com\/wp-content\/uploads\/2025\/10\/musiciens-medievaux-sur-ivoire-XIXe-siecle-1.jpg\" alt=\"Deux musiciens m\u00e9di\u00e9vaux grav\u00e9s sur ivoire, gravure du XIXe si\u00e8cle, mus\u00e9e de Cluny.\" class=\"wp-image-52669\" style=\"width:185px;height:auto\" srcset=\"https:\/\/www.moyenagepassion.com\/wp-content\/uploads\/2025\/10\/musiciens-medievaux-sur-ivoire-XIXe-siecle-1.jpg 239w, https:\/\/www.moyenagepassion.com\/wp-content\/uploads\/2025\/10\/musiciens-medievaux-sur-ivoire-XIXe-siecle-1-222x300.jpg 222w\" sizes=\"(max-width: 239px) 100vw, 239px\" \/><\/a><figcaption class=\"wp-element-caption\">Deux musiciens m\u00e9di\u00e9vaux sur ivoire, 19e si\u00e8cle, Mus\u00e9e de Cluny.<\/figcaption><\/figure><\/div>\n\n\n<p class=\"classe text_justify\"><strong>Dates<\/strong> : Lundi 8 d\u00e9cembre 2025 de 9h \u00e0 19h au mus\u00e9e de Cluny, Mardi 9 d\u00e9cembre 2025 de 9h \u00e0 19h \u00e0 l\u2019Institut national d\u2019histoire de l\u2019art (INHA), Mercredi 10 d\u00e9cembre 2025 au Louvre-Lens.<\/p>\n\n\n\n<p class=\"classe text_justify\">Ce colloque se tiendra sur 3 jours en d\u00e9cembre. Pour le programme d\u00e9taill\u00e9, les conditions d&rsquo;inscriptions et les intervenants, voir le site du mus\u00e9e.<\/p>\n\n\n\n<p class=\"classe text_justify\">Retrouvez toutes les infos sur ces \u00e9v\u00e9nements et sur l&rsquo;expo sur le <a href=\"https:\/\/www.musee-moyenage.fr\/activites\/expositions\/expositions-en-cours-.html\" target=\"_blank\" rel=\"noopener\" title=\"\">site officiel du mus\u00e9e du Moyen \u00c2ge<\/a>.<\/p>\n\n\n\n<hr class=\"wp-block-separator has-alpha-channel-opacity\"\/>\n\n\n\n<p>Retrouvez nos autres articles sur le Moyen \u00c2ge revisit\u00e9 par les romantiques du XIXe si\u00e8cle :<\/p>\n\n\n\n<ul class=\"wp-block-list\">\n<li><a href=\"https:\/\/www.moyenagepassion.com\/index.php\/2018\/01\/24\/histoire-de-la-ballade-medievale-du-moyen-age-central-au-xixe\/\"><em>Histoire de la Ballade m\u00e9di\u00e9vale du moyen-\u00e2ge central au XIXe si\u00e8cle<\/em><\/a> <\/li>\n\n\n\n<li><em><a href=\"https:\/\/www.moyenagepassion.com\/index.php\/2016\/11\/14\/le-dizain-a-villon-de-theodore-du-banville-un-bel-hommage-du-xixe-siecle-a-francois-villon\/\">Au XIXe s, le dizain en hommage \u00e0 Villon de Th\u00e9odore de Banville<\/a><\/em><\/li>\n\n\n\n<li><a href=\"https:\/\/www.moyenagepassion.com\/index.php\/2016\/11\/03\/le-verger-du-roi-louis-une-ballade-du-xviiie-siecle-qui-nous-parle-du-moyen-age\/\"><em>\u00ab Le verger du roi Louis \u00bb Une ballade m\u00e9di\u00e9vale au XIXe si\u00e8cle<\/em><\/a><\/li>\n\n\n\n<li><a href=\"https:\/\/www.moyenagepassion.com\/index.php\/2018\/09\/25\/une-branche-darmes-un-poesie-medievale-reprise-en-francais-moderne-le-xviiie\/\"><em>Le chevalier d\u2019Aim\u00e9-Martin, imitation au XIXe s d\u2019une po\u00e9sie du XIIIe s <\/em><\/a><\/li>\n\n\n\n<li><em><a href=\"https:\/\/www.moyenagepassion.com\/index.php\/2018\/01\/25\/ballade-medievale-le-moyen-age-de-victor-hugo-marie-au-folk-de-malicorne\/\">Victor Hugo, le romantisme de B\u00fcrger et le folk de Malicorne<\/a> <\/em><\/li>\n\n\n\n<li><a href=\"https:\/\/www.moyenagepassion.com\/index.php\/2024\/11\/18\/excalibur-decouverte-de-lepee-par-arthur-alfred-tennyson\/\" title=\"\"><em>La d\u00e9couverte d&rsquo;Excalibur par Arthur, selon Alfred Tennyson <\/em><\/a><\/li>\n\n\n\n<li><a href=\"https:\/\/www.moyenagepassion.com\/index.php\/2019\/05\/04\/art-pictural-et-inspiration-medievale-le-chateau-de-alnwick-par-william-turner\/\"><em>Art pictural romantique d&rsquo;inspiration m\u00e9di\u00e9vale : les ch\u00e2teaux de Turner <\/em><\/a><\/li>\n\n\n\n<li><a href=\"https:\/\/www.moyenagepassion.com\/index.php\/2018\/02\/01\/confessions-dun-malandrin-angelo-branduardi-un-grand-et-merveilleux-troubadour-italien\/\"><em>Les confessions d\u2019un malandrin de Branduardi &amp; le romantisme de Sergue\u00ef Ess\u00e9nine <\/em><\/a><\/li>\n<\/ul>\n\n\n\n<p>En vous remerciant de votre lecture.<\/p>\n\n\n\n<p>Fr\u00e9d\u00e9ric Effe<br>Pour Moyenagepassion.com<br><em><strong>A la d\u00e9couverte du monde m\u00e9di\u00e9val sous toutes ses formes.<\/strong><\/em><\/p>\n","protected":false},"excerpt":{"rendered":"<p>Sujet&nbsp;: \u00e9v\u00e9nement, monde m\u00e9di\u00e9val, mus\u00e9e, romantiques, XIXe si\u00e8cle, art pr\u00e9cieux, collections, exposition.P\u00e9riode&nbsp;: Moyen \u00c2ge et XIXe si\u00e8cleLieu&nbsp;: Mus\u00e9e National du Moyen \u00c2ge,Mus\u00e9e de Cluny, Paris.Dates&nbsp;: du 7 oct 2025 au 11 janvier 2026.Adresse&nbsp;: 28 rue du Sommerard, Paris 5T\u00e9l : 01 53 73 78 00 \u2013 01 53 73 78 16 Bonjour \u00e0 tous, ur &hellip; <a href=\"https:\/\/www.moyenagepassion.com\/index.php\/2025\/10\/27\/exposition-le-moyen-age-au-19e-siecle-musee-de-cluny\/\" class=\"more-link\">Continuer la lecture de <span class=\"screen-reader-text\">Exposition : Le Moyen \u00c2ge du XIXe si\u00e8cle, au Mus\u00e9e de Cluny<\/span>  <span class=\"meta-nav\">&rarr;<\/span><\/a><\/p>\n","protected":false},"author":2,"featured_media":52660,"comment_status":"open","ping_status":"open","sticky":false,"template":"","format":"standard","meta":{"_monsterinsights_skip_tracking":false,"_monsterinsights_sitenote_active":false,"_monsterinsights_sitenote_note":"","_monsterinsights_sitenote_category":0,"footnotes":""},"categories":[11],"tags":[6428,5720,2417,182,2629,2477,6429,6427,4055],"class_list":["post-52643","post","type-post","status-publish","format-standard","has-post-thumbnail","hentry","category-fetes-medievales-evenement","tag-art-precieux","tag-collections","tag-exposition","tag-monde-medieval","tag-musee","tag-musee-de-cluny","tag-orfevrerie","tag-romantiques","tag-xixe-siecle"],"aioseo_notices":[],"_links":{"self":[{"href":"https:\/\/www.moyenagepassion.com\/index.php\/wp-json\/wp\/v2\/posts\/52643"}],"collection":[{"href":"https:\/\/www.moyenagepassion.com\/index.php\/wp-json\/wp\/v2\/posts"}],"about":[{"href":"https:\/\/www.moyenagepassion.com\/index.php\/wp-json\/wp\/v2\/types\/post"}],"author":[{"embeddable":true,"href":"https:\/\/www.moyenagepassion.com\/index.php\/wp-json\/wp\/v2\/users\/2"}],"replies":[{"embeddable":true,"href":"https:\/\/www.moyenagepassion.com\/index.php\/wp-json\/wp\/v2\/comments?post=52643"}],"version-history":[{"count":24,"href":"https:\/\/www.moyenagepassion.com\/index.php\/wp-json\/wp\/v2\/posts\/52643\/revisions"}],"predecessor-version":[{"id":52701,"href":"https:\/\/www.moyenagepassion.com\/index.php\/wp-json\/wp\/v2\/posts\/52643\/revisions\/52701"}],"wp:featuredmedia":[{"embeddable":true,"href":"https:\/\/www.moyenagepassion.com\/index.php\/wp-json\/wp\/v2\/media\/52660"}],"wp:attachment":[{"href":"https:\/\/www.moyenagepassion.com\/index.php\/wp-json\/wp\/v2\/media?parent=52643"}],"wp:term":[{"taxonomy":"category","embeddable":true,"href":"https:\/\/www.moyenagepassion.com\/index.php\/wp-json\/wp\/v2\/categories?post=52643"},{"taxonomy":"post_tag","embeddable":true,"href":"https:\/\/www.moyenagepassion.com\/index.php\/wp-json\/wp\/v2\/tags?post=52643"}],"curies":[{"name":"wp","href":"https:\/\/api.w.org\/{rel}","templated":true}]}}