{"id":53108,"date":"2026-01-12T02:17:06","date_gmt":"2026-01-12T01:17:06","guid":{"rendered":"https:\/\/www.moyenagepassion.com\/?p=53108"},"modified":"2026-01-12T02:21:30","modified_gmt":"2026-01-12T01:21:30","slug":"normannia-2026-salon-medieval-fantastique","status":"publish","type":"post","link":"https:\/\/www.moyenagepassion.com\/index.php\/2026\/01\/12\/normannia-2026-salon-medieval-fantastique\/","title":{"rendered":"Normannia 2026, Rouen \u00e0 l&rsquo;heure du M\u00e9di\u00e9val Fantastique"},"content":{"rendered":"<div id=\"moyen-2094912094\" class=\"moyen-before-content moyen-entity-placement\"><script async src=\"\/\/pagead2.googlesyndication.com\/pagead\/js\/adsbygoogle.js?client=ca-pub-3035390706780632\" crossorigin=\"anonymous\"><\/script><ins class=\"adsbygoogle\" style=\"display:block;\" data-ad-client=\"ca-pub-3035390706780632\" \ndata-ad-slot=\"\" \ndata-ad-format=\"auto\"><\/ins>\n<script> \n(adsbygoogle = window.adsbygoogle || []).push({}); \n<\/script>\n<\/div>\n<p><\/p>\n\n\n<div class=\"wp-block-image\">\n<figure class=\"alignleft\"><a href=\"https:\/\/www.moyenagepassion.com\/wp-content\/uploads\/2023\/02\/ecu-blason-festival-fantastique-Normannia.jpg\"><img decoding=\"async\" width=\"200\" height=\"201\" src=\"https:\/\/www.moyenagepassion.com\/wp-content\/uploads\/2023\/02\/ecu-blason-festival-fantastique-Normannia.jpg\" alt=\"\" class=\"wp-image-47456\" srcset=\"https:\/\/www.moyenagepassion.com\/wp-content\/uploads\/2023\/02\/ecu-blason-festival-fantastique-Normannia.jpg 200w, https:\/\/www.moyenagepassion.com\/wp-content\/uploads\/2023\/02\/ecu-blason-festival-fantastique-Normannia-150x150.jpg 150w\" sizes=\"(max-width: 200px) 100vw, 200px\" \/><\/a><\/figure><\/div>\n\n\n<p><strong>Sujet<\/strong>&nbsp;: salon m\u00e9di\u00e9val fantastique, mondes imaginaires, m\u00e9di\u00e9val fantaisie, animations m\u00e9di\u00e9vales, march\u00e9 artisanal, compagnies m\u00e9di\u00e9vales, b\u00e9hourd.<br><strong>Ev\u00e9nement<\/strong>&nbsp;:&nbsp;<strong>Normannia 2026.<\/strong><br><strong>Lieu<\/strong>&nbsp;: Parc expo de Rouen, Seine-Maritime, Normandie.<br><strong>Dates<\/strong>&nbsp;: les 14 et 15 f\u00e9vrier 2026.<\/p>\n\n\n\n<p>Bonjour \u00e0 tous,<\/p>\n\n\n<div class=\"wp-block-image\">\n<figure class=\"alignleft size-full\"><a href=\"https:\/\/www.moyenagepassion.com\/wp-content\/uploads\/2018\/10\/Q_lettrine_moyen_age_passion.jpg\"><img decoding=\"async\" width=\"96\" height=\"103\" src=\"https:\/\/www.moyenagepassion.com\/wp-content\/uploads\/2018\/10\/Q_lettrine_moyen_age_passion.jpg\" alt=\"\" class=\"wp-image-23902\"\/><\/a><\/figure><\/div>\n\n\n<p class=\"classe text_justify\">uoi de mieux qu&rsquo;un grand salon m\u00e9di\u00e9val fantastique pour se changer les id\u00e9es au c\u0153ur de l&rsquo;hiver ? A Rouen, comme chaque ann\u00e9e en f\u00e9vrier, Normannia ouvrira ses portes pour deux jours de grand voyage dans le temps et dans les mondes imaginaires. <\/p>\n\n\n\n<h2 class=\"wp-block-heading\">Programme de la 8eme \u00e9dition de Normannia <\/h2>\n\n\n<div class=\"wp-block-image\">\n<figure class=\"alignright size-full is-resized\"><a href=\"https:\/\/www.moyenagepassion.com\/wp-content\/uploads\/2026\/01\/Normannia-2026-salon-medieval-fantastique-Normandie.jpg\"><img decoding=\"async\" width=\"380\" height=\"558\" src=\"https:\/\/www.moyenagepassion.com\/wp-content\/uploads\/2026\/01\/Normannia-2026-salon-medieval-fantastique-Normandie.jpg\" alt=\"Normannia Salon m\u00e9di\u00e9val Fantastique, l'affiche de l'\u00e9dition 2026\" class=\"wp-image-53113\" style=\"width:227px;height:auto\" srcset=\"https:\/\/www.moyenagepassion.com\/wp-content\/uploads\/2026\/01\/Normannia-2026-salon-medieval-fantastique-Normandie.jpg 380w, https:\/\/www.moyenagepassion.com\/wp-content\/uploads\/2026\/01\/Normannia-2026-salon-medieval-fantastique-Normandie-204x300.jpg 204w\" sizes=\"(max-width: 380px) 100vw, 380px\" \/><\/a><\/figure><\/div>\n\n\n<p class=\"classe text_justify\">Le salon m\u00e9di\u00e9val fantastique de Rouen f\u00eatera l\u00e0 sa 8eme \u00e9dition et l&rsquo;on peut compter sur les nombreux visiteurs pour le faire battre \u00e0 l&rsquo;heure du m\u00e9di\u00e9val fantastique et de l&rsquo;\u00e9vocation historique. L&rsquo;an dernier, ils ont \u00e9t\u00e9 pr\u00e8s de 20000 \u00e0 fr\u00e9quenter les all\u00e9es de Normannia.<\/p>\n\n\n\n<p class=\"classe text_justify\">Organis\u00e9 par la F\u00e9d\u00e9ration Fran\u00e7aise M\u00e9di\u00e9vale, l&rsquo;\u00e9v\u00e9nement a bien trouv\u00e9 son rythme et ses axes forts. Pour cette \u00e9dition, la recette de son succ\u00e8s sera encore au rendez-vous : grand march\u00e9, d\u00e9ambulations et animations festives, mais aussi tournoi de combat m\u00e9di\u00e9val et concours de costumes.<\/p>\n\n\n\n<h3 class=\"wp-block-heading\">Animations, concours de costumes et tournoi<\/h3>\n\n\n<div class=\"wp-block-image\">\n<figure class=\"alignleft size-full is-resized\"><a href=\"https:\/\/www.moyenagepassion.com\/wp-content\/uploads\/2025\/09\/deco-medieval-behourd.jpg\"><img decoding=\"async\" width=\"115\" height=\"495\" src=\"https:\/\/www.moyenagepassion.com\/wp-content\/uploads\/2025\/09\/deco-medieval-behourd.jpg\" alt=\"\" class=\"wp-image-52223\" style=\"width:80px\" srcset=\"https:\/\/www.moyenagepassion.com\/wp-content\/uploads\/2025\/09\/deco-medieval-behourd.jpg 115w, https:\/\/www.moyenagepassion.com\/wp-content\/uploads\/2025\/09\/deco-medieval-behourd-70x300.jpg 70w\" sizes=\"(max-width: 115px) 100vw, 115px\" \/><\/a><\/figure><\/div>\n\n\n<p class=\"classe text_justify\">Pas d&rsquo;\u00e9dition r\u00e9ussie de Normannia sans animations originales et fantastiques. Cette ann\u00e9e, entre prestations musicales, sayn\u00e8tes humoristiques, atelier itin\u00e9rant de sorci\u00e8res excentriques et cr\u00e9atures dragonesques, les visiteurs seront choy\u00e9s. On nous promet encore un \u00e9trange mus\u00e9e des myst\u00e8res entre botanique et zoologie insolite.<\/p>\n\n\n\n<p class=\"classe text_justify\">Temps fort d&rsquo;entre les temps forts du salon Normannia, le concours de costume se d\u00e9roulera le dimanche 15 f\u00e9vrier. Il verra \u00e9lire les plus originaux d&rsquo;entre eux sur des th\u00e8mes et cat\u00e9gories vari\u00e9s (potion rat\u00e9e et messagers sont au programme de cette ann\u00e9e. Le concours est pour tous les \u00e2ge et les enfants ne seront bien s\u00fbr pas oubli\u00e9s. <\/p>\n\n\n\n<p class=\"classe text_justify\">Autre \u00e9v\u00e9nement toujours attendu, les amateurs d&rsquo;art martial et d&rsquo;\u00e9chauffour\u00e9es spectaculaires en armure pourront assister au tournoi de \u00ab\u00a0Combat clash\u00a0\u00bb qui verra d\u00e9signer, au sortir des affrontements, le champion Normannia 2026.<\/p>\n\n\n\n<h4 class=\"wp-block-heading\">Listes des compagnies et animations m\u00e9di\u00e9vales <\/h4>\n\n\n\n<p class=\"classe text_justify\"><em><mark style=\"background-color:rgba(0, 0, 0, 0)\" class=\"has-inline-color has-green-color\">Augure, le Sorcier de la Nature &#8211; Les S\u0153urs Glockenspiel &#8211; Felix Belrose et son Exploratorium &#8211; cie Free Vortex &#8211; La Maisnie Hellequin &#8211; Dimitri Ferry &#8211; &#8230;<\/mark><\/em><\/p>\n\n\n\n<p class=\"classe text_justify\">Les exposants et les \u00e9choppes ne sont pas cit\u00e9s ici. Pour en consulter la liste, veuillez vous reporter \u00e0 la page officielle de l&rsquo;organisateur.<\/p>\n\n\n<div class=\"wp-block-image\">\n<figure class=\"aligncenter size-full\"><a href=\"https:\/\/www.moyenagepassion.com\/wp-content\/uploads\/2026\/01\/Animations-medievales-Salon-medieval-fantasy_Rouen_Normandie_Normannia-2026.jpg\"><img decoding=\"async\" width=\"650\" height=\"499\" src=\"https:\/\/www.moyenagepassion.com\/wp-content\/uploads\/2026\/01\/Animations-medievales-Salon-medieval-fantasy_Rouen_Normandie_Normannia-2026-s.jpg\" alt=\"Animations m\u00e9di\u00e9vales, musiques et cr\u00e9atures fantastiques pour l'\u00e9dition 2026 du salon Normannia.\" class=\"wp-image-53112\" srcset=\"https:\/\/www.moyenagepassion.com\/wp-content\/uploads\/2026\/01\/Animations-medievales-Salon-medieval-fantasy_Rouen_Normandie_Normannia-2026-s.jpg 650w, https:\/\/www.moyenagepassion.com\/wp-content\/uploads\/2026\/01\/Animations-medievales-Salon-medieval-fantasy_Rouen_Normandie_Normannia-2026-s-300x230.jpg 300w\" sizes=\"(max-width: 650px) 100vw, 650px\" \/><\/a><\/figure><\/div>\n\n\n<hr class=\"wp-block-separator has-alpha-channel-opacity\"\/>\n\n\n\n<h3 class=\"wp-block-heading\">Grand March\u00e9 et expositions<\/h3>\n\n\n\n<p class=\"classe text_justify\">C&rsquo;est l&rsquo;axe fort autour duquel gravite Normannia. Cette ann\u00e9e, 270 exposants et \u00e9choppes s&rsquo;y tiendront, pris dans tous les secteurs li\u00e9s \u00e0 l&rsquo;\u00e9vocation historique, fantastique ou m\u00e9di\u00e9vale.<\/p>\n\n\n\n<h4 class=\"wp-block-heading\">Costumes, bijoux et parures<\/h4>\n\n\n\n<p class=\"classe text_justify\">Costumes historiques et fantastiques, v\u00eatements et accessoires,<br>tissus et borderie, travail de la laine, c\u00f4toieront les bijoux originaux mais aussi des produits naturels de cosm\u00e9tique et beaut\u00e9.  Pour \u00eatre refait des pieds \u00e0 la t\u00eate, vous trouverez m\u00eame, cette ann\u00e9e, un stand de postiches, pour changer de look, de la barbe \u00e0 la tonsure. <\/p>\n\n\n\n<p class=\"classe text_justify\">Pour ceux qui ont l&rsquo;amour du tatouage dans la peau, de nombreux stands d&rsquo;encrage \u00e9ph\u00e9m\u00e8re ou permanents seront aussi pr\u00e9sents sur le salon.<\/p>\n\n\n<div class=\"wp-block-image\">\n<figure class=\"aligncenter size-full\"><a href=\"https:\/\/www.moyenagepassion.com\/wp-content\/uploads\/2026\/01\/marche-normannia-2026-001.jpg\"><img decoding=\"async\" width=\"920\" height=\"156\" src=\"https:\/\/www.moyenagepassion.com\/wp-content\/uploads\/2026\/01\/marche-normannia-2026-001.jpg\" alt=\"Stands pr\u00e9sents au salon Normannia 2026 : artisanat du cuir, travail du gr\u00e9, de la corne, boissons artisanales.\" class=\"wp-image-53122\" srcset=\"https:\/\/www.moyenagepassion.com\/wp-content\/uploads\/2026\/01\/marche-normannia-2026-001.jpg 920w, https:\/\/www.moyenagepassion.com\/wp-content\/uploads\/2026\/01\/marche-normannia-2026-001-300x51.jpg 300w, https:\/\/www.moyenagepassion.com\/wp-content\/uploads\/2026\/01\/marche-normannia-2026-001-768x130.jpg 768w\" sizes=\"(max-width: 920px) 100vw, 920px\" \/><\/a><\/figure><\/div>\n\n\n<h4 class=\"wp-block-heading\">Art, d\u00e9corations, et plus encore<\/h4>\n\n\n<div class=\"wp-block-image\">\n<figure class=\"alignright size-full is-resized\"><a href=\"https:\/\/www.moyenagepassion.com\/wp-content\/uploads\/2025\/09\/deco-medieval-behourd.jpg\"><img decoding=\"async\" width=\"115\" height=\"495\" src=\"https:\/\/www.moyenagepassion.com\/wp-content\/uploads\/2025\/09\/deco-medieval-behourd.jpg\" alt=\"\" class=\"wp-image-52223\" style=\"width:80px\" srcset=\"https:\/\/www.moyenagepassion.com\/wp-content\/uploads\/2025\/09\/deco-medieval-behourd.jpg 115w, https:\/\/www.moyenagepassion.com\/wp-content\/uploads\/2025\/09\/deco-medieval-behourd-70x300.jpg 70w\" sizes=\"(max-width: 115px) 100vw, 115px\" \/><\/a><\/figure><\/div>\n\n\n<p class=\"classe text_justify\">Enluminures et calligraphies, travail du cuir, du bois, du verre, de la corne, de l&rsquo;argile, ou encore du gr\u00e9, l&rsquo;artisanat sous toutes ses formes sera au service du fantastique et de la cr\u00e9ation. Ustensiles, sculptures, objets d&rsquo;art, jouets, accessoires, bibelots, il ne tiendra qu&rsquo;\u00e0 vous de chiner dans la pl\u00e9thore d&rsquo;\u00e9choppes de cette cat\u00e9gorie.<\/p>\n\n\n\n<p class=\"classe text_justify\">Tout chauds sortis de la forge, couteaux, dagues  et autres armes et pi\u00e8ces artisanales d&rsquo;exception seront aussi  pr\u00e9sents aux c\u00f4t\u00e9s de pi\u00e8ces d&rsquo;armure et cotes de mailles.<\/p>\n\n\n\n<p class=\"classe text_justify\">Enfin, vous \u00eates plus pr\u00e9histoire qu&rsquo;Histoire ou Moyen \u00c2ge ? Aucun souci ! un stand d&rsquo;objets en silex \u00e0 la fa\u00e7on du n\u00e9olithique vous y attend entre autres exposants \u00e9tonnants.<\/p>\n\n\n\n<h4 class=\"wp-block-heading\">D\u00e9lices sucr\u00e9s sal\u00e9s, sur le pouce ou \u00e0 emporter.<\/h4>\n\n\n\n<p class=\"classe text_justify\">La gastronomie ne sera pas en reste entre recettes ancestrales et anciennes, cr\u00eapes et bi\u00e8res artisanales, \u00e9pices et potions magiques, douceurs et chocolats, charcuterie, collations ou boissons revigorantes. <\/p>\n\n\n<div class=\"wp-block-image\">\n<figure class=\"aligncenter size-full\"><a href=\"https:\/\/www.moyenagepassion.com\/wp-content\/uploads\/2026\/01\/marche-normannia-2026-002.jpg\"><img decoding=\"async\" width=\"650\" height=\"110\" src=\"https:\/\/www.moyenagepassion.com\/wp-content\/uploads\/2026\/01\/marche-normannia-2026-002-s.jpg\" alt=\"Stands pr\u00e9sents au salon Normannia 2026 : armures et casques, peaux, coutellerie, livres illustr\u00e9s et jeux de r\u00f4les.\" class=\"wp-image-53120\" srcset=\"https:\/\/www.moyenagepassion.com\/wp-content\/uploads\/2026\/01\/marche-normannia-2026-002-s.jpg 650w, https:\/\/www.moyenagepassion.com\/wp-content\/uploads\/2026\/01\/marche-normannia-2026-002-s-300x51.jpg 300w\" sizes=\"(max-width: 650px) 100vw, 650px\" \/><\/a><\/figure><\/div>\n\n\n<h4 class=\"wp-block-heading\">Monde de l&rsquo;Edition et monde associatif<\/h4>\n\n\n<div class=\"wp-block-image\">\n<figure class=\"alignleft size-full is-resized\"><a href=\"https:\/\/www.moyenagepassion.com\/wp-content\/uploads\/2025\/09\/deco-medieval-behourd.jpg\"><img decoding=\"async\" width=\"115\" height=\"495\" src=\"https:\/\/www.moyenagepassion.com\/wp-content\/uploads\/2025\/09\/deco-medieval-behourd.jpg\" alt=\"\" class=\"wp-image-52223\" style=\"width:80px\" srcset=\"https:\/\/www.moyenagepassion.com\/wp-content\/uploads\/2025\/09\/deco-medieval-behourd.jpg 115w, https:\/\/www.moyenagepassion.com\/wp-content\/uploads\/2025\/09\/deco-medieval-behourd-70x300.jpg 70w\" sizes=\"(max-width: 115px) 100vw, 115px\" \/><\/a><\/figure><\/div>\n\n\n<p class=\"classe text_justify\">Enfin pour clore ce tour non exhaustif des cat\u00e9gories repr\u00e9sent\u00e9es sur le salon rouennais, cette ann\u00e9e, ajoutons encore auteurs et livres de litt\u00e9rature m\u00e9di\u00e9val-fantastique,  illustrations et livres illustr\u00e9s, jeux et jouets, et acteurs du monde associatif (histoire vivante, JDR, combat m\u00e9di\u00e9val, etc \u2026). <\/p>\n\n\n\n<p class=\"classe text_justify\">Autant de produits culturels qui fourniront les nourritures spirituelles  toujours appr\u00e9ci\u00e9es parce qu&rsquo;on ne peut pas non plus passer son temps \u00e0 croiser le fer et se goinfrer (\u00ab\u00a0quoique\u00a0\u00bb diront certains).<\/p>\n\n\n\n<p class=\"classe text_justify\">Retrouvez tous les d\u00e9tails du programme et les infos de r\u00e9servations sur le <a href=\"https:\/\/www.federation-francaise-medievale.fr\/normannia\" target=\"_blank\" rel=\"noopener nofollow\" title=\"\">site officiel de Normannia<\/a>.<br><\/p>\n\n\n\n<hr class=\"wp-block-separator has-alpha-channel-opacity\"\/>\n\n\n\n<p>Voir nos articles sur les \u00e9ditions pr\u00e9c\u00e9dentes du  salon m\u00e9di\u00e9val fantastique Normannia : <\/p>\n\n\n\n<p><a href=\"https:\/\/www.moyenagepassion.com\/index.php\/2018\/02\/21\/salon-normannia-ce-week-end-rouen-se-met-a-lheure-du-medieval-fantastique\/\" title=\"\">Edition 2018<\/a> &#8211; <a href=\"https:\/\/www.moyenagepassion.com\/index.php\/2019\/01\/23\/normannia-2019-le-grand-salon-medieval-fantastique-est-de-retour-a-rouen\/\">Edition 2019<\/a> &#8211; <a href=\"https:\/\/www.moyenagepassion.com\/index.php\/2020\/01\/31\/a-la-mi-fevrier-retour-du-salon-medieval-fantastique-normannia-au-parc-expo-de-rouen\/\">Edition 2020<\/a>  (<a href=\"https:\/\/www.moyenagepassion.com\/index.php\/2020\/01\/31\/normannia-2020-affiche-dragon-steampunk-pour-le-fun\/\" title=\"\">Affiche steampunk 2020<\/a> &#8211; <a href=\"https:\/\/www.moyenagepassion.com\/index.php\/2020\/02\/19\/video-reportage-normannia-2020-couvert-par-road-n-troll\/\">Repotage vid\u00e9o Road &lsquo;n Troll<\/a>) &#8211; <a href=\"https:\/\/www.moyenagepassion.com\/index.php\/2023\/02\/09\/la-normandie-aux-heures-du-salon-du-festival-fantastique-normannia\/\">Edition 2023 <\/a>&#8211; <a href=\"https:\/\/www.moyenagepassion.com\/index.php\/2024\/02\/11\/salon-normannia-2024-le-medieval-fantastique-en-grand\/\">Edition 2024<\/a> &#8211; <a href=\"https:\/\/www.moyenagepassion.com\/index.php\/2025\/01\/26\/normannia-2025-retour-du-grand-salon-medieval-fantastique-a-rouen\/\">Edition 2025<\/a>. <\/p>\n\n\n\n<p class=\"classe text_justify\">En vous souhaitant un belle journ\u00e9e et une tr\u00e8s belle \u00e9dition Normannia 2026 si vous vous y rendez.<br><\/p>\n\n\n\n<p>Fred<br>Pour Moyenagepassion.com<br><em>A la d\u00e9couverte du Monde M\u00e9di\u00e9val sous toutes ses formes.<\/em><\/p>\n","protected":false},"excerpt":{"rendered":"<p>Sujet&nbsp;: salon m\u00e9di\u00e9val fantastique, mondes imaginaires, m\u00e9di\u00e9val fantaisie, animations m\u00e9di\u00e9vales, march\u00e9 artisanal, compagnies m\u00e9di\u00e9vales, b\u00e9hourd.Ev\u00e9nement&nbsp;:&nbsp;Normannia 2026.Lieu&nbsp;: Parc expo de Rouen, Seine-Maritime, Normandie.Dates&nbsp;: les 14 et 15 f\u00e9vrier 2026. Bonjour \u00e0 tous, uoi de mieux qu&rsquo;un grand salon m\u00e9di\u00e9val fantastique pour se changer les id\u00e9es au c\u0153ur de l&rsquo;hiver ? A Rouen, comme chaque ann\u00e9e en &hellip; <a href=\"https:\/\/www.moyenagepassion.com\/index.php\/2026\/01\/12\/normannia-2026-salon-medieval-fantastique\/\" class=\"more-link\">Continuer la lecture de <span class=\"screen-reader-text\">Normannia 2026, Rouen \u00e0 l&rsquo;heure du M\u00e9di\u00e9val Fantastique<\/span>  <span class=\"meta-nav\">&rarr;<\/span><\/a><\/p>\n","protected":false},"author":2,"featured_media":53110,"comment_status":"open","ping_status":"open","sticky":false,"template":"","format":"standard","meta":{"_monsterinsights_skip_tracking":false,"_monsterinsights_sitenote_active":false,"_monsterinsights_sitenote_note":"","_monsterinsights_sitenote_category":0,"footnotes":""},"categories":[11],"tags":[3862,6395,636,207,182,681,3578,4295,4312,6254],"class_list":["post-53108","post","type-post","status-publish","format-standard","has-post-thumbnail","hentry","category-fetes-medievales-evenement","tag-evocation-historique","tag-marche-fantastique","tag-marche-medieval","tag-medieval-fantaisie","tag-monde-medieval","tag-normandie","tag-normannia","tag-rouen","tag-salon-medieval-fantastique","tag-seine-maritime"],"aioseo_notices":[],"_links":{"self":[{"href":"https:\/\/www.moyenagepassion.com\/index.php\/wp-json\/wp\/v2\/posts\/53108"}],"collection":[{"href":"https:\/\/www.moyenagepassion.com\/index.php\/wp-json\/wp\/v2\/posts"}],"about":[{"href":"https:\/\/www.moyenagepassion.com\/index.php\/wp-json\/wp\/v2\/types\/post"}],"author":[{"embeddable":true,"href":"https:\/\/www.moyenagepassion.com\/index.php\/wp-json\/wp\/v2\/users\/2"}],"replies":[{"embeddable":true,"href":"https:\/\/www.moyenagepassion.com\/index.php\/wp-json\/wp\/v2\/comments?post=53108"}],"version-history":[{"count":15,"href":"https:\/\/www.moyenagepassion.com\/index.php\/wp-json\/wp\/v2\/posts\/53108\/revisions"}],"predecessor-version":[{"id":53131,"href":"https:\/\/www.moyenagepassion.com\/index.php\/wp-json\/wp\/v2\/posts\/53108\/revisions\/53131"}],"wp:featuredmedia":[{"embeddable":true,"href":"https:\/\/www.moyenagepassion.com\/index.php\/wp-json\/wp\/v2\/media\/53110"}],"wp:attachment":[{"href":"https:\/\/www.moyenagepassion.com\/index.php\/wp-json\/wp\/v2\/media?parent=53108"}],"wp:term":[{"taxonomy":"category","embeddable":true,"href":"https:\/\/www.moyenagepassion.com\/index.php\/wp-json\/wp\/v2\/categories?post=53108"},{"taxonomy":"post_tag","embeddable":true,"href":"https:\/\/www.moyenagepassion.com\/index.php\/wp-json\/wp\/v2\/tags?post=53108"}],"curies":[{"name":"wp","href":"https:\/\/api.w.org\/{rel}","templated":true}]}}