{"id":5338,"date":"2016-09-16T03:14:51","date_gmt":"2016-09-16T02:14:51","guid":{"rendered":"http:\/\/www.moyenagepassion.com\/?p=5338"},"modified":"2020-10-05T01:10:39","modified_gmt":"2020-10-05T00:10:39","slug":"reconnaissance-de-la-langue-doil-et-de-paris-et-naissance-du-francais-moderne","status":"publish","type":"post","link":"https:\/\/www.moyenagepassion.com\/index.php\/2016\/09\/16\/reconnaissance-de-la-langue-doil-et-de-paris-et-naissance-du-francais-moderne\/","title":{"rendered":"Reconnaissance de la langue d&rsquo;Oil et de Paris et naissance du fran\u00e7ais moderne"},"content":{"rendered":"<div id=\"moyen-1974963662\" class=\"moyen-before-content moyen-entity-placement\"><script async src=\"\/\/pagead2.googlesyndication.com\/pagead\/js\/adsbygoogle.js?client=ca-pub-3035390706780632\" crossorigin=\"anonymous\"><\/script><ins class=\"adsbygoogle\" style=\"display:block;\" data-ad-client=\"ca-pub-3035390706780632\" \ndata-ad-slot=\"\" \ndata-ad-format=\"auto\"><\/ins>\n<script> \n(adsbygoogle = window.adsbygoogle || []).push({}); \n<\/script>\n<\/div><p><a href=\"https:\/\/www.moyenagepassion.com\/wp-content\/uploads\/2016\/09\/citation_medievale_jean_de_meung_poete_roman_de_la_rose.jpg\"><img decoding=\"async\" class=\"aligncenter wp-image-31821 size-full\" src=\"https:\/\/www.moyenagepassion.com\/wp-content\/uploads\/2016\/09\/citation_medievale_jean_de_meung_poete_roman_de_la_rose-s.jpg\" alt=\"\" width=\"700\" height=\"315\" srcset=\"https:\/\/www.moyenagepassion.com\/wp-content\/uploads\/2016\/09\/citation_medievale_jean_de_meung_poete_roman_de_la_rose-s.jpg 700w, https:\/\/www.moyenagepassion.com\/wp-content\/uploads\/2016\/09\/citation_medievale_jean_de_meung_poete_roman_de_la_rose-s-300x135.jpg 300w\" sizes=\"(max-width: 700px) 100vw, 700px\" \/><\/a><\/p>\n<p><span style=\"color: #008000;\"><em><strong>\u00ab\u00a0Si m&rsquo;excuse de mon langage &#8211; Rude, malotru et sauvage, &#8211; Car n\u00e9 ne suis pas de Paris.\u00a0\u00bb\u00a0 <\/strong><\/em><\/span><strong>Jean Clopinel dit Jean de Meung <\/strong>\u00a0(1250-1305) po\u00e8te, \u00e9rudit m\u00e9di\u00e9val, traducteur et \u00e9crivain co-auteur du\u00a0 Roman de la Rose.<\/p>\n","protected":false},"excerpt":{"rendered":"<p>\u00ab\u00a0Si m&rsquo;excuse de mon langage &#8211; Rude, malotru et sauvage, &#8211; Car n\u00e9 ne suis pas de Paris.\u00a0\u00bb\u00a0 Jean Clopinel dit Jean de Meung \u00a0(1250-1305) po\u00e8te, \u00e9rudit m\u00e9di\u00e9val, traducteur et \u00e9crivain co-auteur du\u00a0 Roman de la Rose.<\/p>\n","protected":false},"author":2,"featured_media":0,"comment_status":"open","ping_status":"open","sticky":false,"template":"","format":"quote","meta":{"_monsterinsights_skip_tracking":false,"_monsterinsights_sitenote_active":false,"_monsterinsights_sitenote_note":"","_monsterinsights_sitenote_category":0,"footnotes":""},"categories":[154,2411],"tags":[155,1171,1580,1579,618,22,177,294,1578],"class_list":["post-5338","post","type-post","status-publish","format-quote","hentry","category-citations-moyen-age-medievales","category-jean-de-meung","tag-citation","tag-erudit","tag-jean-clopinel","tag-jean-de-meung","tag-langue-doil","tag-medievale","tag-oil","tag-poete","tag-roman-de-la-rose","post_format-post-format-quote"],"aioseo_notices":[],"_links":{"self":[{"href":"https:\/\/www.moyenagepassion.com\/index.php\/wp-json\/wp\/v2\/posts\/5338"}],"collection":[{"href":"https:\/\/www.moyenagepassion.com\/index.php\/wp-json\/wp\/v2\/posts"}],"about":[{"href":"https:\/\/www.moyenagepassion.com\/index.php\/wp-json\/wp\/v2\/types\/post"}],"author":[{"embeddable":true,"href":"https:\/\/www.moyenagepassion.com\/index.php\/wp-json\/wp\/v2\/users\/2"}],"replies":[{"embeddable":true,"href":"https:\/\/www.moyenagepassion.com\/index.php\/wp-json\/wp\/v2\/comments?post=5338"}],"version-history":[{"count":1,"href":"https:\/\/www.moyenagepassion.com\/index.php\/wp-json\/wp\/v2\/posts\/5338\/revisions"}],"predecessor-version":[{"id":34533,"href":"https:\/\/www.moyenagepassion.com\/index.php\/wp-json\/wp\/v2\/posts\/5338\/revisions\/34533"}],"wp:attachment":[{"href":"https:\/\/www.moyenagepassion.com\/index.php\/wp-json\/wp\/v2\/media?parent=5338"}],"wp:term":[{"taxonomy":"category","embeddable":true,"href":"https:\/\/www.moyenagepassion.com\/index.php\/wp-json\/wp\/v2\/categories?post=5338"},{"taxonomy":"post_tag","embeddable":true,"href":"https:\/\/www.moyenagepassion.com\/index.php\/wp-json\/wp\/v2\/tags?post=5338"}],"curies":[{"name":"wp","href":"https:\/\/api.w.org\/{rel}","templated":true}]}}