{"id":53396,"date":"2026-04-25T23:05:01","date_gmt":"2026-04-25T22:05:01","guid":{"rendered":"https:\/\/www.moyenagepassion.com\/?p=53396"},"modified":"2026-04-25T23:12:39","modified_gmt":"2026-04-25T22:12:39","slug":"salon-passion-medievale-quebec","status":"publish","type":"post","link":"https:\/\/www.moyenagepassion.com\/index.php\/2026\/04\/25\/salon-passion-medievale-quebec\/","title":{"rendered":"Direction le Qu\u00e9bec pour le Salon de la Passion m\u00e9di\u00e9vale 2026"},"content":{"rendered":"<div id=\"moyen-1755373215\" class=\"moyen-before-content moyen-entity-placement\"><script async src=\"\/\/pagead2.googlesyndication.com\/pagead\/js\/adsbygoogle.js?client=ca-pub-3035390706780632\" crossorigin=\"anonymous\"><\/script><ins class=\"adsbygoogle\" style=\"display:block;\" data-ad-client=\"ca-pub-3035390706780632\" \ndata-ad-slot=\"\" \ndata-ad-format=\"auto\"><\/ins>\n<script> \n(adsbygoogle = window.adsbygoogle || []).push({}); \n<\/script>\n<\/div>\n<p><\/p>\n\n\n<div class=\"wp-block-image\">\n<figure class=\"alignleft size-full is-resized\"><a href=\"https:\/\/www.moyenagepassion.com\/wp-content\/uploads\/2026\/04\/armoirie-blason-salon-passion-medievale-quebec.png\"><img decoding=\"async\" width=\"203\" height=\"303\" src=\"https:\/\/www.moyenagepassion.com\/wp-content\/uploads\/2026\/04\/armoirie-blason-salon-passion-medievale-quebec.png\" alt=\"Orange and black shield logo with a stylized flame above and angular internal design, suggesting a fiery guardian emblem.\" class=\"wp-image-53402\" style=\"width:138px;height:auto\" srcset=\"https:\/\/www.moyenagepassion.com\/wp-content\/uploads\/2026\/04\/armoirie-blason-salon-passion-medievale-quebec.png 203w, https:\/\/www.moyenagepassion.com\/wp-content\/uploads\/2026\/04\/armoirie-blason-salon-passion-medievale-quebec-201x300.png 201w\" sizes=\"(max-width: 203px) 100vw, 203px\" \/><\/a><\/figure><\/div>\n\n\n<p><strong><a href=\"https:\/\/www.moyenagepassion.com\/wp-content\/uploads\/2018\/05\/evenement_salon_passion_medievale_quebec_montreal_20181.jpg\"><\/a>Sujet<\/strong>&nbsp;: salon m\u00e9di\u00e9val, \u00e9vocation historique, reconstitution m\u00e9di\u00e9vale, Moyen \u00c2ge, animations, compagnies m\u00e9di\u00e9vales, march\u00e9 artisanal, m\u00e9di\u00e9val fantastique.<br><strong>Ev\u00e9nement<\/strong>&nbsp;: Salon de la Passion m\u00e9di\u00e9vale 2026<br><strong>Lieu<\/strong>&nbsp;: Place Bell, 1950 rue Claude-Gagn\u00e9, Laval, Qu\u00e9bec, Canada<br><strong>Dates<\/strong>&nbsp;: &nbsp;les 1,&nbsp;2 et&nbsp;3 mai.<\/p>\n\n\n\n<p><\/p>\n\n\n\n<p>Bonjour,<\/p>\n\n\n<div class=\"wp-block-image\">\n<figure class=\"alignleft size-full\"><a href=\"https:\/\/www.moyenagepassion.com\/wp-content\/uploads\/2015\/12\/A_lettrine_moyen_age_passion1.jpg\"><img decoding=\"async\" width=\"84\" height=\"103\" src=\"https:\/\/www.moyenagepassion.com\/wp-content\/uploads\/2015\/12\/A_lettrine_moyen_age_passion1.jpg\" alt=\"\" class=\"wp-image-24221\"\/><\/a><\/figure><\/div>\n\n\n<p class=\"classe text_justify\">l&rsquo;approche du mois de mai, nos pas nous guideront de l&rsquo;autre c\u00f4t\u00e9 de l&rsquo;Atlantique, au pays de nos cousins du nord, grands amoureux d&rsquo;histoire et de langue fran\u00e7aise. C&rsquo;est la terre de Vigneault, de Charlebois, de Fred Pellerin et de tant d&rsquo;autres encore. Vous l&rsquo;avez compris, nous parlons du Qu\u00e9bec.<\/p>\n\n\n\n<p class=\"classe text_justify\">A deux pas de Montr\u00e9al, se tiendra, en effet, les 1, 2 et 3 mai prochain, une nouvelle \u00e9dition du <strong>Salon de la Passion m\u00e9di\u00e9vale<\/strong> de Laval. L&rsquo;aventure a commenc\u00e9 il y a plus de 15 ans et l&rsquo;\u00e9v\u00e9nement est d\u00e9sormais bien install\u00e9. Il rassemble, \u00e0 chaque nouvelle \u00e9dition, des milliers de visiteurs qu\u00e9b\u00e9cois.<\/p>\n\n\n\n<h2 class=\"wp-block-heading\">Animations &amp; programme 2026<\/h2>\n\n\n<div class=\"wp-block-image\">\n<figure class=\"alignright size-full is-resized\"><a href=\"https:\/\/www.moyenagepassion.com\/wp-content\/uploads\/2026\/04\/affiche-salon-passion-medievale-et-historique-2026.jpg\"><img decoding=\"async\" width=\"350\" height=\"482\" src=\"https:\/\/www.moyenagepassion.com\/wp-content\/uploads\/2026\/04\/affiche-salon-passion-medievale-et-historique-2026.jpg\" alt=\"Affiche officielle du Salon de la Passion M\u00e9di\u00e9vale, Mai 2026, avec un armure de chevalier en arri\u00e8re plan et un blason dor\u00e9\" class=\"wp-image-53403\" style=\"width:222px;height:auto\" srcset=\"https:\/\/www.moyenagepassion.com\/wp-content\/uploads\/2026\/04\/affiche-salon-passion-medievale-et-historique-2026.jpg 350w, https:\/\/www.moyenagepassion.com\/wp-content\/uploads\/2026\/04\/affiche-salon-passion-medievale-et-historique-2026-218x300.jpg 218w\" sizes=\"(max-width: 350px) 100vw, 350px\" \/><\/a><\/figure><\/div>\n\n\n<p class=\"classe text_justify\">La programmation de ce nouveau cru renouera avec les axes forts du salon, entre troupes de reconstitution historique, artistes et artisans, mais aussi musiciens et bateleurs.<\/p>\n\n\n\n<p class=\"classe text_justify\">Ici, l&rsquo;\u00e9vocation m\u00e9di\u00e9vale se conjugue au sens large. On trouve d&rsquo;ailleurs quelquefois cet \u00e9v\u00e9nement sous le nom de <em>Salon de la Passion m\u00e9di\u00e9vale et historique<\/em>. Si le Moyen \u00c2ge reste un axe fort, les activit\u00e9s, spectacles et campements \u00e9voque aussi des p\u00e9riodes plus r\u00e9centes : Pirates, Vikings, Mousquetaires, Habitants de la Nouvelle-France, etc\u2026 L&rsquo;artillerie s&rsquo;invitera m\u00eame avec un tir de canon. Le m\u00e9di\u00e9val fantastique y trouve aussi sa place.<\/p>\n\n\n\n<h3 class=\"wp-block-heading\">Animations m\u00e9di\u00e9vales et historiques<\/h3>\n\n\n<div class=\"wp-block-image\">\n<figure class=\"alignleft size-full is-resized\"><a href=\"https:\/\/www.moyenagepassion.com\/wp-content\/uploads\/2026\/04\/deco-salon-medieval.jpg\"><img decoding=\"async\" width=\"115\" height=\"495\" src=\"https:\/\/www.moyenagepassion.com\/wp-content\/uploads\/2026\/04\/deco-salon-medieval.jpg\" alt=\"\" class=\"wp-image-53408\" style=\"width:80px\" srcset=\"https:\/\/www.moyenagepassion.com\/wp-content\/uploads\/2026\/04\/deco-salon-medieval.jpg 115w, https:\/\/www.moyenagepassion.com\/wp-content\/uploads\/2026\/04\/deco-salon-medieval-70x300.jpg 70w\" sizes=\"(max-width: 115px) 100vw, 115px\" \/><\/a><\/figure><\/div>\n\n\n<p class=\"classe text_justify\">Entre les spectacles et les temps forts, les animations permanentes ne manqueront pas : d\u00e9ambulations joyeuses dans les all\u00e9es du salon ou hors les murs, chasse au tr\u00e9sor, concours, jeux pour enfants, jeux de r\u00f4le grandeur nature, d\u00e9fil\u00e9s artistiques. Pour les plus f\u00e9rus d&rsquo;histoire et de nourritures c\u00e9r\u00e9brales, des conf\u00e9rences sont aussi au programme.<\/p>\n\n\n\n<p class=\"classe text_justify\">C\u00f4t\u00e9 ambiance musicale, de nombreux concerts de musiques historiques et d&rsquo;inspiration m\u00e9di\u00e9vale sont \u00e9galement programm\u00e9s : chants du Moyen-\u00c2ge, musiques de pirate et m\u00eame encore danse fantastique se m\u00ealeront dans une joyeuse f\u00eate.<\/p>\n\n\n\n<p class=\"classe text_justify\">Enfin, sur les nombreux campements, les troupes et reconstituteurs \u00e9voqueront tous ces temps anciens entre ateliers, activit\u00e9s ludiques et animations. Les d\u00e9monstrations de combats en armure et maniements d&rsquo;armes diverses seront \u00e9galement au menu : combats \u00e0 l&rsquo;\u00e9p\u00e9e, combats vikings, archerie et, bien s\u00fbr, combat de B\u00e9hourd.<\/p>\n\n\n<div class=\"wp-block-image\">\n<figure class=\"aligncenter size-full\"><a href=\"https:\/\/www.moyenagepassion.com\/wp-content\/uploads\/2026\/04\/Salon-passion-medievale-et-historique-Montreal-Quebec-2026.jpg\"><img decoding=\"async\" width=\"650\" height=\"499\" src=\"https:\/\/www.moyenagepassion.com\/wp-content\/uploads\/2026\/04\/Salon-passion-medievale-et-historique-Montreal-Quebec-2026-s.jpg\" alt=\"Animations historiques au Salon de la Passion M\u00e9di\u00e9vale de Laval, au Qu\u00e9bec (combat m\u00e9di\u00e9val, d\u00e9fil\u00e9 fantastique, tir de canon, concert, spectacle de feu, artisans en costume.\" class=\"wp-image-53405\" srcset=\"https:\/\/www.moyenagepassion.com\/wp-content\/uploads\/2026\/04\/Salon-passion-medievale-et-historique-Montreal-Quebec-2026-s.jpg 650w, https:\/\/www.moyenagepassion.com\/wp-content\/uploads\/2026\/04\/Salon-passion-medievale-et-historique-Montreal-Quebec-2026-s-300x230.jpg 300w\" sizes=\"(max-width: 650px) 100vw, 650px\" \/><\/a><\/figure><\/div>\n\n\n<h4 class=\"wp-block-heading\">Compagnies historiques et troupes invit\u00e9es<\/h4>\n\n\n\n<p class=\"classe text_justify\"><em><mark style=\"background-color:rgba(0, 0, 0, 0)\" class=\"has-inline-color has-green-color\">Skarazula &#8211; Andy St-Louis &#8211; Sang Vertu &#8211; Wakinyan &#8211; Acad\u00e9mie Scrimicie (Escrime m\u00e9di\u00e9vale) &#8211; Sis Void &#8211; D\u00e9ferlante &#8211; Lance et Conte &#8211; Isa &#8211; Sellsword Arts &#8211; Le Dogue de Montr\u00e9al (B\u00e9hourd) &#8211; Urwaz (Combats Vikings) &#8211; Destreza Nova &#8211; La Garde du Lys<\/mark><\/em>.<\/p>\n\n\n\n<h2 class=\"wp-block-heading\">Grand march\u00e9 artisanal<\/h2>\n\n\n<div class=\"wp-block-image\">\n<figure class=\"alignright size-full is-resized\"><a href=\"https:\/\/www.moyenagepassion.com\/wp-content\/uploads\/2026\/04\/deco-salon-medieval.jpg\"><img decoding=\"async\" width=\"115\" height=\"495\" src=\"https:\/\/www.moyenagepassion.com\/wp-content\/uploads\/2026\/04\/deco-salon-medieval.jpg\" alt=\"\" class=\"wp-image-53408\" style=\"width:80px\" srcset=\"https:\/\/www.moyenagepassion.com\/wp-content\/uploads\/2026\/04\/deco-salon-medieval.jpg 115w, https:\/\/www.moyenagepassion.com\/wp-content\/uploads\/2026\/04\/deco-salon-medieval-70x300.jpg 70w\" sizes=\"(max-width: 115px) 100vw, 115px\" \/><\/a><\/figure><\/div>\n\n\n<p class=\"classe text_justify\">Avec plus de 100 exposants, le march\u00e9 sera un autre c\u0153ur battant du salon. Ici, les artisans r\u00e9gneront en ma\u00eetre : travail du cuir, confection d&rsquo;armures et de costumes, cr\u00e9ation artistique, art et d\u00e9coration, bijouterie, bougies, et beaucoup d\u2019autres sp\u00e9cialit\u00e9s.  <\/p>\n\n\n\n<p class=\"classe text_justify\">Il va sans dire que des espaces sont aussi pr\u00e9vus sur le salon pour banqueter et \u00e9tancher sa grand soif.  <\/p>\n\n\n\n<p class=\"classe text_justify\">Nous vous laisserons explorer le <a href=\"https:\/\/salonmedieval.ca\/\">site officiel du salon de la passion m\u00e9di\u00e9vale<\/a> pour en savoir plus sur ces nombreuses \u00e9choppes et le d\u00e9tail du programme.<\/p>\n\n\n\n<p>Consulter nos articles sur les \u00e9ditions pr\u00e9c\u00e9dentes de cet \u00e9v\u00e9nement : <a href=\"https:\/\/www.moyenagepassion.com\/index.php\/2023\/04\/30\/le-salon-de-la-passion-medievale-du-quebec-edition-2023\/\">Edition 2023 <\/a> &#8211; <a href=\"https:\/\/www.moyenagepassion.com\/index.php\/2022\/05\/12\/agenda-le-salon-de-la-passion-medievale-de-montreal\/\">Edition 2022<\/a> &#8211; <a href=\"https:\/\/www.moyenagepassion.com\/index.php\/2018\/05\/04\/le-salon-quebecois-de-la-passion-medievale-2018\/\">Edition 2018<\/a> &#8211; <a href=\"https:\/\/www.moyenagepassion.com\/index.php\/2017\/04\/18\/le-salon-de-la-passion-medievale-de-nos-amis-quebecois-la-passion-du-moyen-age-a-lechelle-de-la-francophonie\/\">Edition 2017<\/a> <\/p>\n\n\n\n<p class=\"classe text_justify\">En vous remerciant de votre lecture et, en saluant chaleureusement, au passage, tous nos amis qu\u00e9b\u00e9cois. <\/p>\n\n\n\n<p>Fr\u00e9d\u00e9ric EFFE<br>Pour Moyenagepassion.com<br><em>A la d\u00e9couverte du Monde M\u00e9di\u00e9val sous toutes ses formes.<\/em><\/p>\n","protected":false},"excerpt":{"rendered":"<p>Sujet&nbsp;: salon m\u00e9di\u00e9val, \u00e9vocation historique, reconstitution m\u00e9di\u00e9vale, Moyen \u00c2ge, animations, compagnies m\u00e9di\u00e9vales, march\u00e9 artisanal, m\u00e9di\u00e9val fantastique.Ev\u00e9nement&nbsp;: Salon de la Passion m\u00e9di\u00e9vale 2026Lieu&nbsp;: Place Bell, 1950 rue Claude-Gagn\u00e9, Laval, Qu\u00e9bec, CanadaDates&nbsp;: &nbsp;les 1,&nbsp;2 et&nbsp;3 mai. Bonjour, l&rsquo;approche du mois de mai, nos pas nous guideront de l&rsquo;autre c\u00f4t\u00e9 de l&rsquo;Atlantique, au pays de nos cousins du &hellip; <a href=\"https:\/\/www.moyenagepassion.com\/index.php\/2026\/04\/25\/salon-passion-medievale-quebec\/\" class=\"more-link\">Continuer la lecture de <span class=\"screen-reader-text\">Direction le Qu\u00e9bec pour le Salon de la Passion m\u00e9di\u00e9vale 2026<\/span>  <span class=\"meta-nav\">&rarr;<\/span><\/a><\/p>\n","protected":false},"author":2,"featured_media":53404,"comment_status":"open","ping_status":"open","sticky":false,"template":"","format":"standard","meta":{"_monsterinsights_skip_tracking":false,"_monsterinsights_sitenote_active":false,"_monsterinsights_sitenote_note":"","_monsterinsights_sitenote_category":0,"footnotes":""},"categories":[11],"tags":[1780,212,3862,5143,5500,182,994,5725,5733,6475,5737,3309],"class_list":["post-53396","post","type-post","status-publish","format-standard","has-post-thumbnail","hentry","category-fetes-medievales-evenement","tag-animations","tag-compagnies-medievales","tag-evocation-historique","tag-francophonie","tag-marche-artisanal-2","tag-monde-medieval","tag-montreal","tag-moyen-age-4","tag-quebec-2","tag-reconstitution-medievale","tag-salon-de-la-passion-medievale","tag-salon-medieval"],"aioseo_notices":[],"_links":{"self":[{"href":"https:\/\/www.moyenagepassion.com\/index.php\/wp-json\/wp\/v2\/posts\/53396"}],"collection":[{"href":"https:\/\/www.moyenagepassion.com\/index.php\/wp-json\/wp\/v2\/posts"}],"about":[{"href":"https:\/\/www.moyenagepassion.com\/index.php\/wp-json\/wp\/v2\/types\/post"}],"author":[{"embeddable":true,"href":"https:\/\/www.moyenagepassion.com\/index.php\/wp-json\/wp\/v2\/users\/2"}],"replies":[{"embeddable":true,"href":"https:\/\/www.moyenagepassion.com\/index.php\/wp-json\/wp\/v2\/comments?post=53396"}],"version-history":[{"count":12,"href":"https:\/\/www.moyenagepassion.com\/index.php\/wp-json\/wp\/v2\/posts\/53396\/revisions"}],"predecessor-version":[{"id":53414,"href":"https:\/\/www.moyenagepassion.com\/index.php\/wp-json\/wp\/v2\/posts\/53396\/revisions\/53414"}],"wp:featuredmedia":[{"embeddable":true,"href":"https:\/\/www.moyenagepassion.com\/index.php\/wp-json\/wp\/v2\/media\/53404"}],"wp:attachment":[{"href":"https:\/\/www.moyenagepassion.com\/index.php\/wp-json\/wp\/v2\/media?parent=53396"}],"wp:term":[{"taxonomy":"category","embeddable":true,"href":"https:\/\/www.moyenagepassion.com\/index.php\/wp-json\/wp\/v2\/categories?post=53396"},{"taxonomy":"post_tag","embeddable":true,"href":"https:\/\/www.moyenagepassion.com\/index.php\/wp-json\/wp\/v2\/tags?post=53396"}],"curies":[{"name":"wp","href":"https:\/\/api.w.org\/{rel}","templated":true}]}}