{"id":5496,"date":"2016-08-12T04:42:12","date_gmt":"2016-08-12T03:42:12","guid":{"rendered":"http:\/\/www.moyenagepassion.com\/?p=5496"},"modified":"2021-08-28T18:44:51","modified_gmt":"2021-08-28T17:44:51","slug":"se-defier-de-la-manie-du-jugement-du-passe-a-laulne-de-nos-valeurs-march-bloch","status":"publish","type":"post","link":"https:\/\/www.moyenagepassion.com\/index.php\/2016\/08\/12\/se-defier-de-la-manie-du-jugement-du-passe-a-laulne-de-nos-valeurs-march-bloch\/","title":{"rendered":"Se d\u00e9fier de la manie du jugement du pass\u00e9 \u00e0 l&rsquo;aulne de nos valeurs pr\u00e9sentes, March Bloch"},"content":{"rendered":"<div id=\"moyen-50995087\" class=\"moyen-before-content moyen-entity-placement\"><script async src=\"\/\/pagead2.googlesyndication.com\/pagead\/js\/adsbygoogle.js?client=ca-pub-3035390706780632\" crossorigin=\"anonymous\"><\/script><ins class=\"adsbygoogle\" style=\"display:block;\" data-ad-client=\"ca-pub-3035390706780632\" \ndata-ad-slot=\"\" \ndata-ad-format=\"auto\"><\/ins>\n<script> \n(adsbygoogle = window.adsbygoogle || []).push({}); \n<\/script>\n<\/div><p style=\"text-align: justify;\"><span style=\"color: #008000;\"><strong><em><span class=\"citation\"><img decoding=\"async\" class=\"alignleft wp-image-5635\" src=\"https:\/\/www.moyenagepassion.com\/wp-content\/uploads\/2016\/08\/marc_bloch_citations_moyen-age_medievales.jpg\" alt=\"marc_bloch_citations_moyen-age_medievales\" width=\"133\" height=\"186\">\u00ab\u00a0Satanique ennemi de la v\u00e9ritable histoire&nbsp;: la manie du jugement.\u00a0\u00bb<br \/>\n<\/span><\/em><\/strong><span style=\"color: #000000;\"><span class=\"citation\">Citation tir\u00e9e de&nbsp;<i>Apologie pour l&rsquo;histoire ou m\u00e9tier d &lsquo;historien.<br \/>\n<\/i><\/span><\/span><\/span>Marc BLOCH (1886-1944),&nbsp;historien fran\u00e7ais, fondateur avec Lucien Febvre des Annales d&rsquo;histoire \u00e9conomiques et sociales. grand pr\u00e9curseur d&rsquo;une approche pluridisciplinaire de l&rsquo;Histoire<\/p>\n","protected":false},"excerpt":{"rendered":"<p>\u00ab\u00a0Satanique ennemi de la v\u00e9ritable histoire&nbsp;: la manie du jugement.\u00a0\u00bb Citation tir\u00e9e de&nbsp;Apologie pour l&rsquo;histoire ou m\u00e9tier d &lsquo;historien. Marc BLOCH (1886-1944),&nbsp;historien fran\u00e7ais, fondateur avec Lucien Febvre des Annales d&rsquo;histoire \u00e9conomiques et sociales. grand pr\u00e9curseur d&rsquo;une approche pluridisciplinaire de l&rsquo;Histoire<\/p>\n","protected":false},"author":2,"featured_media":0,"comment_status":"open","ping_status":"open","sticky":false,"template":"","format":"quote","meta":{"_monsterinsights_skip_tracking":false,"_monsterinsights_sitenote_active":false,"_monsterinsights_sitenote_note":"","_monsterinsights_sitenote_category":0,"footnotes":""},"categories":[154],"tags":[155,189,525,1446,4441],"class_list":["post-5496","post","type-post","status-publish","format-quote","hentry","category-citations-moyen-age-medievales","tag-citation","tag-histoire","tag-historien","tag-marc-bloch","tag-nouvelle-histoire","post_format-post-format-quote"],"aioseo_notices":[],"_links":{"self":[{"href":"https:\/\/www.moyenagepassion.com\/index.php\/wp-json\/wp\/v2\/posts\/5496"}],"collection":[{"href":"https:\/\/www.moyenagepassion.com\/index.php\/wp-json\/wp\/v2\/posts"}],"about":[{"href":"https:\/\/www.moyenagepassion.com\/index.php\/wp-json\/wp\/v2\/types\/post"}],"author":[{"embeddable":true,"href":"https:\/\/www.moyenagepassion.com\/index.php\/wp-json\/wp\/v2\/users\/2"}],"replies":[{"embeddable":true,"href":"https:\/\/www.moyenagepassion.com\/index.php\/wp-json\/wp\/v2\/comments?post=5496"}],"version-history":[{"count":2,"href":"https:\/\/www.moyenagepassion.com\/index.php\/wp-json\/wp\/v2\/posts\/5496\/revisions"}],"predecessor-version":[{"id":41001,"href":"https:\/\/www.moyenagepassion.com\/index.php\/wp-json\/wp\/v2\/posts\/5496\/revisions\/41001"}],"wp:attachment":[{"href":"https:\/\/www.moyenagepassion.com\/index.php\/wp-json\/wp\/v2\/media?parent=5496"}],"wp:term":[{"taxonomy":"category","embeddable":true,"href":"https:\/\/www.moyenagepassion.com\/index.php\/wp-json\/wp\/v2\/categories?post=5496"},{"taxonomy":"post_tag","embeddable":true,"href":"https:\/\/www.moyenagepassion.com\/index.php\/wp-json\/wp\/v2\/tags?post=5496"}],"curies":[{"name":"wp","href":"https:\/\/api.w.org\/{rel}","templated":true}]}}