{"id":576,"date":"2015-12-24T01:07:01","date_gmt":"2015-12-24T00:07:01","guid":{"rendered":"http:\/\/www.moyenagepassion.com\/?p=576"},"modified":"2021-08-28T20:32:31","modified_gmt":"2021-08-28T19:32:31","slug":"roman-historique-et-medieval-la-cathedrale-de-la-mer","status":"publish","type":"post","link":"https:\/\/www.moyenagepassion.com\/index.php\/2015\/12\/24\/roman-historique-et-medieval-la-cathedrale-de-la-mer\/","title":{"rendered":"Roman historique et m\u00e9di\u00e9val : la cath\u00e9drale de la mer"},"content":{"rendered":"<div id=\"moyen-2010896117\" class=\"moyen-before-content moyen-entity-placement\"><script async src=\"\/\/pagead2.googlesyndication.com\/pagead\/js\/adsbygoogle.js?client=ca-pub-3035390706780632\" crossorigin=\"anonymous\"><\/script><ins class=\"adsbygoogle\" style=\"display:block;\" data-ad-client=\"ca-pub-3035390706780632\" \ndata-ad-slot=\"\" \ndata-ad-format=\"auto\"><\/ins>\n<script> \n(adsbygoogle = window.adsbygoogle || []).push({}); \n<\/script>\n<\/div><p style=\"text-align: justify;\"><strong>Un Roman historique sur la p\u00e9riode m\u00e9di\u00e9vale et le moyen-\u00e2ge<\/strong><\/p>\n<p><strong><a href=\"https:\/\/www.moyenagepassion.com\/wp-content\/uploads\/2015\/12\/roman_livre_moyen_age_medieval_la_cathedrale_de_la_mer.jpg\"><img decoding=\"async\" class=\"alignleft wp-image-580\" src=\"https:\/\/www.moyenagepassion.com\/wp-content\/uploads\/2015\/12\/roman_livre_moyen_age_medieval_la_cathedrale_de_la_mer.jpg\" alt=\"roman_livre_moyen_age_medieval_la_cathedrale_de_la_mer\" width=\"156\" height=\"237\" srcset=\"https:\/\/www.moyenagepassion.com\/wp-content\/uploads\/2015\/12\/roman_livre_moyen_age_medieval_la_cathedrale_de_la_mer.jpg 319w, https:\/\/www.moyenagepassion.com\/wp-content\/uploads\/2015\/12\/roman_livre_moyen_age_medieval_la_cathedrale_de_la_mer-198x300.jpg 198w\" sizes=\"(max-width: 156px) 100vw, 156px\" \/><\/a>Auteur<\/strong> : Ildefonso Falcones<br \/>\n<strong>Titre fran\u00e7ais<\/strong> : La cath\u00e9drale de la mer<br \/>\n<strong>Titre original<\/strong> : la catedral del mar<\/p>\n<p><strong>Genre<\/strong> : roman historique, moyen-\u00e2ge r\u00e9aliste<br \/>\n<strong>P\u00e9riode<\/strong> : XIVe si\u00e8cle, bas moyen-\u00e2ge<br \/>\n<strong>Date de Sortie<\/strong> : 2006.<br \/>\n<strong>Editeur<\/strong> : disponible chez pocket<\/p>\n<h2 style=\"text-align: justify;\"><strong>L&rsquo;histoire d&rsquo;un serf \u00e9pris de libert\u00e9<\/strong><\/h2>\n<p style=\"text-align: justify;\"><a href=\"https:\/\/www.moyenagepassion.com\/wp-content\/uploads\/2015\/12\/C_lettrine_moyen_age_passion.jpg\"><img decoding=\"async\" class=\"alignleft size-full wp-image-36\" src=\"https:\/\/www.moyenagepassion.com\/wp-content\/uploads\/2015\/12\/C_lettrine_moyen_age_passion.jpg\" alt=\"C_lettrine_moyen_age_passion\" width=\"84\" height=\"103\" \/><\/a>atalogne, quatorzi\u00e8me si\u00e8cle, Arnau Estanyol, jeune serf, issu de l&rsquo;union de sa m\u00e8re et du tyrannique seigneur du domaine (ayant abus\u00e9 de cette derni\u00e8re le jour m\u00eame de son mariage), s&rsquo;enfuit. Il d\u00e9cidera de se rendre vers la ville de Barcelone o\u00f9, dit-on, un loi permet aux serfs de s&rsquo;affranchir et de devenir des hommes libres. A cette p\u00e9riode, la capitale catalane est en plein essor et l&rsquo;on y construit la cath\u00e9drale Santa Maria Del Mar, un \u00e9difice majestueux \u00e9lev\u00e9 \u00e0 la gloire de Dieu.<\/p>\n<figure id=\"attachment_582\" aria-describedby=\"caption-attachment-582\" style=\"width: 300px\" class=\"wp-caption alignleft\"><a href=\"https:\/\/www.moyenagepassion.com\/wp-content\/uploads\/2015\/12\/cathedrale_moyen_age_sainte_marie_barcelone.jpg\"><img decoding=\"async\" class=\"wp-image-582 size-medium\" src=\"https:\/\/www.moyenagepassion.com\/wp-content\/uploads\/2015\/12\/cathedrale_moyen_age_sainte_marie_barcelone-300x199.jpg\" alt=\"cathedrale_moyen_age_sainte_marie_barcelone\" width=\"300\" height=\"199\" srcset=\"https:\/\/www.moyenagepassion.com\/wp-content\/uploads\/2015\/12\/cathedrale_moyen_age_sainte_marie_barcelone-300x199.jpg 300w, https:\/\/www.moyenagepassion.com\/wp-content\/uploads\/2015\/12\/cathedrale_moyen_age_sainte_marie_barcelone.jpg 960w\" sizes=\"(max-width: 300px) 100vw, 300px\" \/><\/a><figcaption id=\"caption-attachment-582\" class=\"wp-caption-text\">La cath\u00e9drale m\u00e9dievale de Santa Maria del Mar, Barcelone<\/figcaption><\/figure>\n<p style=\"text-align: justify;\">Tout semble possible alors dans la capitale catalane, vibrante de vie et foisonnante de projets. Le livre suivra les p\u00e9r\u00e9grinations et la vie du tout jeune h\u00e9ros dans cette Barcelone du XIVe si\u00e8cle. Il tentera d&rsquo;y gravir peu \u00e0 peu les \u00e9chelons sociaux.<\/p>\n<p style=\"text-align: justify;\">Plong\u00e9 dans ce monde m\u00e9di\u00e9val, que Ildefonso Falcones restitue avec les d\u00e9tails et la patience d&rsquo;un orf\u00e8vre, on y d\u00e9couvrira les m\u00e9tiers du moyen-\u00e2ge, les lois, les gens et les nobles de l&rsquo;\u00e9poque, et on arpentera les rues de la cit\u00e9 catalane, comme si l&rsquo;on s&rsquo;y trouvait r\u00e9ellement. La vie des b\u00e2tisseurs et leur travail nous <a href=\"https:\/\/www.moyenagepassion.com\/wp-content\/uploads\/2015\/12\/roman_moyen_age_monde_medieval_cathedrale_mer.jpg\"><img decoding=\"async\" class=\"alignright wp-image-583\" src=\"https:\/\/www.moyenagepassion.com\/wp-content\/uploads\/2015\/12\/roman_moyen_age_monde_medieval_cathedrale_mer-219x300.jpg\" alt=\"roman_moyen_age_monde_medieval_cathedrale_mer\" width=\"107\" height=\"147\" srcset=\"https:\/\/www.moyenagepassion.com\/wp-content\/uploads\/2015\/12\/roman_moyen_age_monde_medieval_cathedrale_mer-219x300.jpg 219w, https:\/\/www.moyenagepassion.com\/wp-content\/uploads\/2015\/12\/roman_moyen_age_monde_medieval_cathedrale_mer.jpg 410w\" sizes=\"(max-width: 107px) 100vw, 107px\" \/><\/a>permettront encore d&rsquo;apprendre quelques d\u00e9tails d\u2019int\u00e9r\u00eat sur l&rsquo;architecture m\u00e9di\u00e9vale, et nous sera encore r\u00e9v\u00e9l\u00e9e la forte passion du peuple d&rsquo;alors et son implication dans l&rsquo;\u00e9dification des b\u00e2timents d\u00e9di\u00e9s \u00e0 Dieu. Sous la plume de Falcones, cette cath\u00e9drale de la mer, d\u00e9di\u00e9e \u00e0 la Sainte M\u00e8re Marie et au culte marial, emportera l&rsquo;adh\u00e9sion des citadins de Barcelone de mani\u00e8re toute particuli\u00e8re. H\u00e9las! Quelques ombres viendront aussi ternir le tableau ; la peste noire et l&rsquo;inquisition planeront, in\u00e9vitablement, sur les ambitions de notre h\u00e9ros mena\u00e7ant de faire barrage \u00e0 son ascension sociale et \u00e0 son avenir.<\/p>\n<p style=\"text-align: justify;\"><strong>EXTRAIT DU ROMAN<\/strong><\/p>\n<figure id=\"attachment_586\" aria-describedby=\"caption-attachment-586\" style=\"width: 194px\" class=\"wp-caption alignleft\"><a href=\"https:\/\/www.moyenagepassion.com\/wp-content\/uploads\/2015\/12\/roman_historique_moyen_age_cathedrale_de_la_mer.jpg\"><img decoding=\"async\" class=\" wp-image-586\" src=\"https:\/\/www.moyenagepassion.com\/wp-content\/uploads\/2015\/12\/roman_historique_moyen_age_cathedrale_de_la_mer-300x293.jpg\" alt=\"&quot;L'annonce faite \u00e0 Marie&quot; Sainte Marie,Barcelone. \" width=\"194\" height=\"190\" srcset=\"https:\/\/www.moyenagepassion.com\/wp-content\/uploads\/2015\/12\/roman_historique_moyen_age_cathedrale_de_la_mer-300x293.jpg 300w, https:\/\/www.moyenagepassion.com\/wp-content\/uploads\/2015\/12\/roman_historique_moyen_age_cathedrale_de_la_mer.jpg 400w\" sizes=\"(max-width: 194px) 100vw, 194px\" \/><\/a><figcaption id=\"caption-attachment-586\" class=\"wp-caption-text\">\u00ab\u00a0L&rsquo;annonce faite \u00e0 Marie\u00a0\u00bb \u00a0Cath\u00e9drale Sainte Marie,Barcelone.<\/figcaption><\/figure>\n<p style=\"text-align: justify;\"><em><span style=\"color: #008000;\"><strong>\u00abRegarde Arnau &#8211; dit Bernat au gar\u00e7on qui dormait paisiblement contre sa poitrine &#8211; Barcelone .. Ici nous serons libres. Si nous r\u00e9ussissons y vivre durant un an et un jour sans \u00eatre arr\u00eat\u00e9 par le Seigneur, nous obtiendrons \u00a0une\u00a0lettre de quartier y nous serons alors libres. Du haut de la montagne de Collserola, sur\u00a0l&rsquo;ancienne voie romaine qui reliait Ampurias et Tarragone, Bernat contemplait la libert\u00e9 et &#8230; la mer! Je n&rsquo;avais jamais vu, ni imagin\u00e9, cette immensit\u00e9 qui semble ne pas avoir\u00a0de\u00a0fin. C&rsquo;\u00e9tait la premi\u00e8re fois qu&rsquo;il se trouvait face \u00e0\u00a0quelque chose dont on ne pouvait voir la fin\u00a0\u00bb.<\/strong><br \/>\n<\/span><\/em>Idelfonso Falcones &#8211; La cath\u00e9drale de la mer.<\/p>\n<h2><strong>Premier roman &amp; best-seller au succ\u00e8s mondial<\/strong><\/h2>\n<p style=\"text-align: justify;\">Avocat de m\u00e9tier, passionn\u00e9 d&rsquo;histoire, Catalan pur souche, vivant encore \u00e0 Barcelone, Ildefonso Falcones a rencontr\u00e9, avec ce premier roman, un succ\u00e8s ph\u00e9nom\u00e9nal , franchement m\u00e9rit\u00e9 au vue de la qualit\u00e9 de cet <img decoding=\"async\" class=\"alignright wp-image-585\" src=\"https:\/\/www.moyenagepassion.com\/wp-content\/uploads\/2015\/12\/auteur_roman_moyen_age_medieval_ildefonso_falcones_.jpg\" alt=\"auteur_roman_moyen_age_medieval_ildefonso_falcones_\" width=\"108\" height=\"159\" \/>ouvrage. Traduit en 15 langues, vendu \u00e0 des millions d&rsquo;exemplaires dont un million en Espagne uniquement, ce roman sur le monde m\u00e9di\u00e9val et le bas moyen-\u00e2ge a pratiquement fait le tour du monde. L&rsquo;histoire dit que l&rsquo;auteur a mis quatre ans \u00e0 l&rsquo;\u00e9crire et, tr\u00e8s franchement, je n&rsquo;en serais pas surpris au vue du r\u00e9sultat et surtout de la pr\u00e9cision descriptive et historique de ce livre.<\/p>\n<p style=\"text-align: justify;\">Amateurs d&rsquo;Histoire, de r\u00e9alisme m\u00e9di\u00e9val et de patient travail de reconstitution, ce livre est fait pour vous. Difficile, en effet, de faire plus pr\u00e9cis et plus monographique. Il \u00e9gale largement les fresques historiques tr\u00e8s document\u00e9es d&rsquo;un Ken Follett et vous vous y divertirez tout en apprenant. En bref, voil\u00e0 un roman historique dans les r\u00e8gles de l&rsquo;art.<\/p>\n<h3><strong>Suivre les pas du h\u00e9ros de Falcones \u00e0 Barcelone<\/strong><\/h3>\n<p style=\"text-align: justify;\">Pour ceux que cela pourrait int\u00e9resser, il existe un circuit possible \u00e0 Barcelone pour visiter les lieux mentionn\u00e9s dans le livre et suivre les pas du jeune h\u00e9ros du roman de Idelfonso Falcones. Ce circuit est propos\u00e9 par plusieurs agences de tourisme sur le web.<\/p>\n<p>Bonne journ\u00e9e \u00e0 tous!<\/p>\n<p>Fred<br \/>\nPour moyenagepassion.com<\/p>\n<p><strong><em><q>\u00ab\u00a0L\u2019ardente passion, que nul frein ne retient, poursuit ce qu\u2019elle veut et non ce qui convient.\u00a0\u00bb\u00a0<\/q>Publiliue Syrus\u00a0\u00a0I<sup>er<\/sup> s. av. J.-C<\/em><\/strong><\/p>\n","protected":false},"excerpt":{"rendered":"<p>Un Roman historique sur la p\u00e9riode m\u00e9di\u00e9vale et le moyen-\u00e2ge Auteur : Ildefonso Falcones Titre fran\u00e7ais : La cath\u00e9drale de la mer Titre original : la catedral del mar Genre : roman historique, moyen-\u00e2ge r\u00e9aliste P\u00e9riode : XIVe si\u00e8cle, bas moyen-\u00e2ge Date de Sortie : 2006. Editeur : disponible chez pocket L&rsquo;histoire d&rsquo;un serf \u00e9pris &hellip; <a href=\"https:\/\/www.moyenagepassion.com\/index.php\/2015\/12\/24\/roman-historique-et-medieval-la-cathedrale-de-la-mer\/\" class=\"more-link\">Continuer la lecture de <span class=\"screen-reader-text\">Roman historique et m\u00e9di\u00e9val : la cath\u00e9drale de la mer<\/span>  <span class=\"meta-nav\">&rarr;<\/span><\/a><\/p>\n","protected":false},"author":2,"featured_media":41034,"comment_status":"open","ping_status":"open","sticky":false,"template":"","format":"standard","meta":{"_monsterinsights_skip_tracking":false,"_monsterinsights_sitenote_active":false,"_monsterinsights_sitenote_note":"","_monsterinsights_sitenote_category":0,"footnotes":""},"categories":[13,3],"tags":[290,188,283,284,292,492,289,281,291,180,630,189,493,287,629,631,1146,22,182,18,34,38,280,285],"class_list":["post-576","post","type-post","status-publish","format-standard","has-post-thumbnail","hentry","category-lieux-moyen-age-medievaux","category-livre-moyen-age-medieval-fantaisie","tag-architecture-medievale","tag-auteur","tag-barcelone","tag-bas-moyen-age","tag-best-seller","tag-catalan","tag-catalogne","tag-cathedrale","tag-cathedrale-de-la-mer","tag-dieu","tag-fresque-historique","tag-histoire","tag-ildefonso-falcones","tag-inquisition","tag-ken-follett","tag-lieu-dinteret","tag-livres","tag-medievale","tag-monde-medieval","tag-moyen-age","tag-passion","tag-peste-noire","tag-roman","tag-roman-historique"],"aioseo_notices":[],"_links":{"self":[{"href":"https:\/\/www.moyenagepassion.com\/index.php\/wp-json\/wp\/v2\/posts\/576"}],"collection":[{"href":"https:\/\/www.moyenagepassion.com\/index.php\/wp-json\/wp\/v2\/posts"}],"about":[{"href":"https:\/\/www.moyenagepassion.com\/index.php\/wp-json\/wp\/v2\/types\/post"}],"author":[{"embeddable":true,"href":"https:\/\/www.moyenagepassion.com\/index.php\/wp-json\/wp\/v2\/users\/2"}],"replies":[{"embeddable":true,"href":"https:\/\/www.moyenagepassion.com\/index.php\/wp-json\/wp\/v2\/comments?post=576"}],"version-history":[{"count":11,"href":"https:\/\/www.moyenagepassion.com\/index.php\/wp-json\/wp\/v2\/posts\/576\/revisions"}],"predecessor-version":[{"id":41037,"href":"https:\/\/www.moyenagepassion.com\/index.php\/wp-json\/wp\/v2\/posts\/576\/revisions\/41037"}],"wp:featuredmedia":[{"embeddable":true,"href":"https:\/\/www.moyenagepassion.com\/index.php\/wp-json\/wp\/v2\/media\/41034"}],"wp:attachment":[{"href":"https:\/\/www.moyenagepassion.com\/index.php\/wp-json\/wp\/v2\/media?parent=576"}],"wp:term":[{"taxonomy":"category","embeddable":true,"href":"https:\/\/www.moyenagepassion.com\/index.php\/wp-json\/wp\/v2\/categories?post=576"},{"taxonomy":"post_tag","embeddable":true,"href":"https:\/\/www.moyenagepassion.com\/index.php\/wp-json\/wp\/v2\/tags?post=576"}],"curies":[{"name":"wp","href":"https:\/\/api.w.org\/{rel}","templated":true}]}}