{"id":6112,"date":"2016-09-02T07:14:44","date_gmt":"2016-09-02T06:14:44","guid":{"rendered":"http:\/\/www.moyenagepassion.com\/?p=6112"},"modified":"2020-10-04T19:56:17","modified_gmt":"2020-10-04T18:56:17","slug":"idee-sortie-medievale-tous-au-chateau-dangillon-ce-week-end-pour-faire-la-nique-a-la-rentree","status":"publish","type":"post","link":"https:\/\/www.moyenagepassion.com\/index.php\/2016\/09\/02\/idee-sortie-medievale-tous-au-chateau-dangillon-ce-week-end-pour-faire-la-nique-a-la-rentree\/","title":{"rendered":"grande f\u00eate m\u00e9di\u00e9vale : tous au ch\u00e2teau d&rsquo;Angillon ce week end pour faire la nique \u00e0 la rentr\u00e9e!"},"content":{"rendered":"<div id=\"moyen-2859026878\" class=\"moyen-before-content moyen-entity-placement\"><script async src=\"\/\/pagead2.googlesyndication.com\/pagead\/js\/adsbygoogle.js?client=ca-pub-3035390706780632\" crossorigin=\"anonymous\"><\/script><ins class=\"adsbygoogle\" style=\"display:block;\" data-ad-client=\"ca-pub-3035390706780632\" \ndata-ad-slot=\"\" \ndata-ad-format=\"auto\"><\/ins>\n<script> \n(adsbygoogle = window.adsbygoogle || []).push({}); \n<\/script>\n<\/div><p><img decoding=\"async\" class=\"alignleft wp-image-6117\" src=\"https:\/\/www.moyenagepassion.com\/wp-content\/uploads\/2016\/09\/heraldique_chapelle_angillon_chateau-fort.jpg\" alt=\"heraldique_chapelle_angillon_chateau-fort\" width=\"182\" height=\"179\" srcset=\"https:\/\/www.moyenagepassion.com\/wp-content\/uploads\/2016\/09\/heraldique_chapelle_angillon_chateau-fort.jpg 566w, https:\/\/www.moyenagepassion.com\/wp-content\/uploads\/2016\/09\/heraldique_chapelle_angillon_chateau-fort-300x296.jpg 300w\" sizes=\"(max-width: 182px) 100vw, 182px\" \/><strong>Sujet :<\/strong> r\u00e9jouissances et f\u00eates m\u00e9di\u00e9vales, f\u00eates historiques, id\u00e9es sortie, id\u00e9es week end, lieu d&rsquo;int\u00e9r\u00eat<br \/>\n<strong>Lieu :<\/strong> ch\u00e2teau de la \u00a0chapelle d&rsquo;angillon <strong>D\u00e9partement<\/strong> : Cher<br \/>\n<strong>Date :<\/strong> 3 et 4 septembre 2016<br \/>\n<strong>Nom<\/strong> : 6\u00e8me grande f\u00eate m\u00e9di\u00e9vale du Ch\u00e2teau d&rsquo;Angillon<\/p>\n<p>Bonjour \u00e0 tous,<\/p>\n<p style=\"text-align: justify;\"><img decoding=\"async\" class=\"alignleft size-full wp-image-397\" src=\"https:\/\/www.moyenagepassion.com\/wp-content\/uploads\/2015\/12\/O_lettrine_moyen_age_passion.jpg\" alt=\"O_lettrine_moyen_age_passion\" width=\"96\" height=\"103\" \/>ui mes amis, nous nous le sommes\u00a0jur\u00e9s! Bien que septembre soit\u00a0d\u00e9j\u00e0 l\u00e0 et m\u00eame si la liste de choses \u00e0 faire pour engager cette\u00a0rentr\u00e9e du meilleur pied semble, pour certains d&rsquo;entre vous, n&rsquo;en pas finir de s&rsquo;allonger, nous ne nous laisserons pas abattre, pas plus que nous ne vous laisserons c\u00e9der \u00e0 la <img decoding=\"async\" class=\"alignright wp-image-6125\" src=\"https:\/\/www.moyenagepassion.com\/wp-content\/uploads\/2016\/09\/fete_medievale_festivale_historique_chateau_anguillon.jpg\" alt=\"fete_medievale_festivale_historique_chateau_anguillon\" width=\"143\" height=\"304\" srcset=\"https:\/\/www.moyenagepassion.com\/wp-content\/uploads\/2016\/09\/fete_medievale_festivale_historique_chateau_anguillon.jpg 300w, https:\/\/www.moyenagepassion.com\/wp-content\/uploads\/2016\/09\/fete_medievale_festivale_historique_chateau_anguillon-141x300.jpg 141w\" sizes=\"(max-width: 143px) 100vw, 143px\" \/>morosit\u00e9 qui, quelquefois, assaille les pauvres cr\u00e9atures que nous sommes face aux dures lois du temps social: ce dr\u00f4le de temps qui s&rsquo;est affranchi des lois naturelles et qui nous dit quand, o\u00f9 et comment s&rsquo;affairer, se stresser, et m\u00eame se d\u00e9tendre et qui p\u00e8se, parfois, en ces p\u00e9riodes de reprise, comme une fatalit\u00e9 sur nos fragiles \u00e9paules d&rsquo;hommes et femmes modernes.<\/p>\n<p style=\"text-align: justify;\">Alors, Fi!\u00a0Nenni!\u00a0Et j&rsquo;irais m\u00eame plus loin, nenni non point! Nous ne baisserons pas la garde et nous brandirons haut et fier\u00a0notre plume,\u00a0telle une Excalibur r\u00e9demptrice et vengeresse, pour nous lib\u00e9rer du\u00a0joug de ce m\u00e9chant calendrier\u00a0et pour d\u00e9marrer ce coquin de mois de septembre sous les meilleurs auspices. Oui, vous l&rsquo;avez compris, en d\u00e9pit du contexte et contre vents et mar\u00e9es, nous vous livrerons une belle id\u00e9e de sortie m\u00e9di\u00e9vale pour ce week end, comme pour mieux pour faire la nique aux agendas de rentr\u00e9e. Alors, une fois de plus ouvrons en grand la porte au moyen-\u00e2ge avec ses r\u00eaves de ch\u00e2teaux, de batailles,\u00a0de chevaliers et de princesses.<\/p>\n<h2 style=\"text-align: left;\">Deux jours entiers pour c\u00e9l\u00e9brer<br \/>\nle moyen-\u00e2ge au ch\u00e2teau d&rsquo;Angillon<\/h2>\n<p><a href=\"https:\/\/www.moyenagepassion.com\/wp-content\/uploads\/2016\/09\/fete_festival_rejouissances_medieval_chateau_chapelle_anguillon_cher.jpg\"><img decoding=\"async\" class=\"alignnone size-full wp-image-6136\" src=\"https:\/\/www.moyenagepassion.com\/wp-content\/uploads\/2016\/09\/fete_festival_rejouissances_medieval_chateau_chapelle_anguillon_cher.jpg\" alt=\"fete_festival_rejouissances_medieval_chateau_chapelle_anguillon_cher\" width=\"564\" height=\"399\" srcset=\"https:\/\/www.moyenagepassion.com\/wp-content\/uploads\/2016\/09\/fete_festival_rejouissances_medieval_chateau_chapelle_anguillon_cher.jpg 564w, https:\/\/www.moyenagepassion.com\/wp-content\/uploads\/2016\/09\/fete_festival_rejouissances_medieval_chateau_chapelle_anguillon_cher-300x212.jpg 300w\" sizes=\"(max-width: 564px) 100vw, 564px\" \/><\/a><\/p>\n<p style=\"text-align: justify;\"><img decoding=\"async\" class=\"alignleft size-full wp-image-162\" src=\"https:\/\/www.moyenagepassion.com\/wp-content\/uploads\/2015\/12\/N_lettrine_moyen_age_passion.jpg\" alt=\"N_lettrine_moyen_age_passion\" width=\"84\" height=\"103\" \/>ous voil\u00e0 donc rendus, cette fois-ci,\u00a0au centre de la France, \u00e0 quelques lieues au nord de Bourges et dans le \u00a0Cher, pour nous replonger dans l&rsquo;histoire du moyen-\u00e2ge et nous ressourcer \u00e0 l&rsquo;ombre de ses vieilles pierres, et pas n&rsquo;importe lesquelles puisqu&rsquo;il s&rsquo;agit, cette fois, de se rendre dans un ch\u00e2teau que le XIe si\u00e8cle a vu na\u00eetre: celui de la Chapelle d&rsquo;Angillon. \u00a0Monsieur le comte Jean d&rsquo;Ogny et sa famille, dont la lign\u00e9e est propri\u00e9taire et fortement attach\u00e9e au lieu depuis plus d&rsquo;un demi-si\u00e8cle vous y ont, <a href=\"https:\/\/www.moyenagepassion.com\/wp-content\/uploads\/2016\/09\/fete_festival_moyen-age_chateau_angillon_lieux_dinteret_idee_sortie_week_end.jpg\"><img decoding=\"async\" class=\"alignright wp-image-6130\" src=\"https:\/\/www.moyenagepassion.com\/wp-content\/uploads\/2016\/09\/fete_festival_moyen-age_chateau_angillon_lieux_dinteret_idee_sortie_week_end.jpg\" alt=\"fete_festival_moyen-age_chateau_angillon_lieux_d'interet_idee_sortie_week_end\" width=\"196\" height=\"294\" srcset=\"https:\/\/www.moyenagepassion.com\/wp-content\/uploads\/2016\/09\/fete_festival_moyen-age_chateau_angillon_lieux_dinteret_idee_sortie_week_end.jpg 450w, https:\/\/www.moyenagepassion.com\/wp-content\/uploads\/2016\/09\/fete_festival_moyen-age_chateau_angillon_lieux_dinteret_idee_sortie_week_end-200x300.jpg 200w\" sizes=\"(max-width: 196px) 100vw, 196px\" \/><\/a>en effet, concoct\u00e9 deux jours de f\u00eates et de c\u00e9l\u00e9brations intensives autour du monde m\u00e9di\u00e9val.<\/p>\n<p style=\"text-align: justify;\">Mais de gr\u00e2ce, bonne gens, ne vous laissez surtout pas abuser par la taille modeste de la commune de la Chapelle d&rsquo;Angillon toute proche du ch\u00e2teau pour juger de la prestigieuse histoire du site, pas d&rsquo;avantage que de la qualit\u00e9 de ses r\u00e9jouissances m\u00e9di\u00e9vales. C&rsquo;est en effet la sixi\u00e8me \u00e9dition de l&rsquo;\u00e9v\u00e9nement que l&rsquo;on y c\u00e9l\u00e8bre durant cette fin de semaine et le succ\u00e8s y a toujours \u00e9t\u00e9 au rendez-vous, depuis\u00a0le premier jour; jugez plut\u00f4t, les cinq premi\u00e8res ann\u00e9es de cette grand f\u00eate ont d\u00e9j\u00e0 vu passer et accueilli plus de 50 000 visiteurs au ch\u00e2teau!<\/p>\n<h2 style=\"text-align: justify;\">Le programme des r\u00e9jouissances<\/h2>\n<p><img decoding=\"async\" class=\"alignnone size-full wp-image-6147\" src=\"https:\/\/www.moyenagepassion.com\/wp-content\/uploads\/2016\/09\/fetes_medievales_lieux_interet_histoire_patrimoine_historique_chateau_anguillon.jpg\" alt=\"fetes_medievales_lieux_interet_histoire_patrimoine_historique_chateau_anguillon\" width=\"564\" height=\"399\" srcset=\"https:\/\/www.moyenagepassion.com\/wp-content\/uploads\/2016\/09\/fetes_medievales_lieux_interet_histoire_patrimoine_historique_chateau_anguillon.jpg 564w, https:\/\/www.moyenagepassion.com\/wp-content\/uploads\/2016\/09\/fetes_medievales_lieux_interet_histoire_patrimoine_historique_chateau_anguillon-300x212.jpg 300w\" sizes=\"(max-width: 564px) 100vw, 564px\" \/><\/p>\n<p style=\"text-align: justify;\"><img decoding=\"async\" class=\"alignleft size-full wp-image-445\" src=\"https:\/\/www.moyenagepassion.com\/wp-content\/uploads\/2015\/12\/P_lettrine_moyen_age_passion-copia.jpg\" alt=\"P_lettrine_moyen_age_passion copia\" width=\"96\" height=\"103\" \/>our la modique somme de 9 euros pour les adultes et une entr\u00e9e totalement gratuite pour les enfants de moins de 14 ans, vous pourrez d\u00e9couvrir, en plus d&rsquo;un grand march\u00e9 m\u00e9di\u00e9val, plus de vingt troupes de professionnels venues sur place pour recr\u00e9er devant vous une ambiance m\u00e9di\u00e9vale joyeuse et festive.\u00a0Entre ateliers, jeux, th\u00e9\u00e2tre, musique, troubadours, cracheurs de feu, saltimbanques, animations et spectacles, vous pourrez \u00e9galement revivre l&rsquo;attaque du ch\u00e2teau et\u00a0d&rsquo;\u00e9piques combats d&rsquo;\u00e9poque et d&rsquo;\u00e9p\u00e9es (<span style=\"color: #999999;\">Bobby lapointe sors de ce corps!<\/span>), mais encore d\u00e9couvrir de nombreux camps m\u00e9di\u00e9vaux, dont un d\u00e9di\u00e9 au merveilleux et devenu trop rare m\u00e9tier de la taille de pierre avec la pr\u00e9sence d&rsquo;un compagnon, meilleur \u00a0ouvrier de France.<\/p>\n<p style=\"text-align: justify;\">Pour la joie des plus petits mais aussi des plus grands qui les aiment,\u00a0il faut \u00e9galement souligner la\u00a0\u00a0grand place faite au ch\u00e2teau, aux animaux et aux spectacles les concernant. En plus des animaux de la ferme, des cerfs et des biches, vous pourrez en effet, <img decoding=\"async\" class=\"alignleft wp-image-6132\" src=\"https:\/\/www.moyenagepassion.com\/wp-content\/uploads\/2016\/09\/fete_marche_festivites_medievales_chateau_angillon_cher.jpg\" alt=\"fete_marche_festivites_medievales_chateau_angillon_cher\" width=\"221\" height=\"229\" srcset=\"https:\/\/www.moyenagepassion.com\/wp-content\/uploads\/2016\/09\/fete_marche_festivites_medievales_chateau_angillon_cher.jpg 364w, https:\/\/www.moyenagepassion.com\/wp-content\/uploads\/2016\/09\/fete_marche_festivites_medievales_chateau_angillon_cher-291x300.jpg 291w\" sizes=\"(max-width: 221px) 100vw, 221px\" \/>d\u00e9couvrir une meute de loups ainsi que des d\u00e9monstrations de fauconnerie, avec aigles, vautours et m\u00eame hiboux!<\/p>\n<p style=\"text-align: justify;\">Sur place, vous trouverez bien entendu\u00a0de quoi vous sustenter mais pour les app\u00e9tits plus s\u00e9rieux et une f\u00eate prolong\u00e9e en soir\u00e9e, de grandes ripailles anim\u00e9es sont pr\u00e9vues le samedi soir sur r\u00e9servation. C&rsquo;est ce m\u00eame soir que l&rsquo;ensemble <a href=\"http:\/\/www.guingamor.com\/\" target=\"_blank\" rel=\"noopener noreferrer\">Carit\u00e9 de Guingamor<\/a>, \u00ab\u00a0compaignie de joyeux jongleurs*\u00a0\u00bb (*au sens m\u00e9di\u00e9val du terme) comme ils se d\u00e9finissent eux-m\u00eame, donnera un concert de musique m\u00e9di\u00e9vale.<\/p>\n<p style=\"text-align: justify;\"><a href=\"https:\/\/www.moyenagepassion.com\/wp-content\/uploads\/2016\/09\/concert_medieval_chateau_angillon_fetes_historiques.jpg\"><img decoding=\"async\" class=\"alignnone size-full wp-image-6134\" src=\"https:\/\/www.moyenagepassion.com\/wp-content\/uploads\/2016\/09\/concert_medieval_chateau_angillon_fetes_historiques.jpg\" alt=\"concert_medieval_chateau_angillon_fetes_historiques\" width=\"700\" height=\"507\" srcset=\"https:\/\/www.moyenagepassion.com\/wp-content\/uploads\/2016\/09\/concert_medieval_chateau_angillon_fetes_historiques.jpg 700w, https:\/\/www.moyenagepassion.com\/wp-content\/uploads\/2016\/09\/concert_medieval_chateau_angillon_fetes_historiques-300x217.jpg 300w\" sizes=\"(max-width: 700px) 100vw, 700px\" \/><\/a><\/p>\n<p style=\"text-align: justify;\">Pour tous renseignements suppl\u00e9mentaires ou r\u00e9servation, rendez-vous directement sur <a href=\"http:\/\/www.chateau-angillon.fr\/index.php\/fete-medievale\" target=\"_blank\" rel=\"noopener noreferrer\">le site web du ch\u00e2teau de la Chapelle d&rsquo;Angillon<\/a>. Tout y est.<\/p>\n<h2>Les riches heures du<br \/>\nch\u00e2teau de la Chapelle d&rsquo;Angillon<\/h2>\n<p style=\"text-align: justify;\"><img decoding=\"async\" class=\"alignleft size-full wp-image-394\" src=\"https:\/\/www.moyenagepassion.com\/wp-content\/uploads\/2015\/12\/Q_lettrine_moyen_age_passion.jpg\" alt=\"Q_lettrine_moyen_age_passion\" width=\"96\" height=\"103\" \/>uand bien m\u00eame aucun \u00e9v\u00e9nement n&rsquo;y tiendrait place, une visite du Ch\u00e2teau d&rsquo;Angillon repr\u00e9sente, \u00e0 elle seule, une plong\u00e9e au coeur de neuf si\u00e8cles d&rsquo;Histoire. Monument class\u00e9 au patrimoine historique fran\u00e7ais depuis les ann\u00e9es soixante, le lieu se visite, par ailleurs toute l&rsquo;ann\u00e9e et c&rsquo;est m\u00eame le comte d&rsquo;Ogny en personne\u00a0qui se charge le plus souvent de vous faire d\u00e9couvrir le riche pass\u00e9 du site et son histoire.<\/p>\n<p style=\"text-align: justify;\"><img decoding=\"async\" class=\"alignnone size-full wp-image-6135\" src=\"https:\/\/www.moyenagepassion.com\/wp-content\/uploads\/2016\/09\/monument_classe_historique_donjon_medieval_carre_chateau_anguillon.jpg\" alt=\"monument_classe_historique_donjon_medieval_carre_chateau_anguillon\" width=\"564\" height=\"399\" srcset=\"https:\/\/www.moyenagepassion.com\/wp-content\/uploads\/2016\/09\/monument_classe_historique_donjon_medieval_carre_chateau_anguillon.jpg 564w, https:\/\/www.moyenagepassion.com\/wp-content\/uploads\/2016\/09\/monument_classe_historique_donjon_medieval_carre_chateau_anguillon-300x212.jpg 300w\" sizes=\"(max-width: 564px) 100vw, 564px\" \/><\/p>\n<p style=\"text-align: justify;\">Songez qu&rsquo;au XIe si\u00e8cle, \u00e9poque o\u00f9 l&rsquo;on b\u00e2tissait presque partout en France des ch\u00e2teaux de bois et des mottes castrales, le site poss\u00e9dait d\u00e9j\u00e0 son donjon de pierre carr\u00e9, l&rsquo;un des plus anciens de la r\u00e9gion.\u00a0Gillon, l&rsquo;un des fils de la puissante famille des Seuly alors propri\u00e9taire du site l&rsquo;\u00e9rigea autour de l&rsquo;an 1050. Au cours des si\u00e8cles suivants, le ch\u00e2teau s&rsquo;\u00e9toffera de murailles et d&rsquo;autres tours ou b\u00e2timents, prenant des allures d&rsquo;\u00e9difice plus r\u00e9solument r\u00e9sidentiel que d\u00e9fensif\u00a0et\u00a0offrant, \u00e0 lui seul, un panorama de l&rsquo;architecture du moyen-\u00e2ge \u00e0 la renaissance. \u00a0Au del\u00e0 de ses pierres, de ses tours et de ses murailles et durant ses neuf cents ans d&rsquo;histoire, il verra aussi d\u00e9filer de prestigieuses familles.<\/p>\n<p style=\"text-align: justify;\"><a href=\"https:\/\/www.moyenagepassion.com\/wp-content\/uploads\/2016\/09\/principaute_princes_boisbelle_moyen-age_histoire_chateau_angillon.jpg\"><img decoding=\"async\" class=\"alignleft wp-image-31843 size-full\" src=\"https:\/\/www.moyenagepassion.com\/wp-content\/uploads\/2016\/09\/principaute_princes_boisbelle_moyen-age_histoire_chateau_angillon-s.jpg\" alt=\"principaute princes boisbelle moyen age histoire chateau angillon\" width=\"219\" height=\"303\" srcset=\"https:\/\/www.moyenagepassion.com\/wp-content\/uploads\/2016\/09\/principaute_princes_boisbelle_moyen-age_histoire_chateau_angillon-s.jpg 219w, https:\/\/www.moyenagepassion.com\/wp-content\/uploads\/2016\/09\/principaute_princes_boisbelle_moyen-age_histoire_chateau_angillon-s-217x300.jpg 217w\" sizes=\"(max-width: 219px) 100vw, 219px\" \/><\/a>R\u00e9sidence des princes de Bois Bel (BoisBelle), dont Gillon h\u00e9ritera en dote, \u00e0 la suite d&rsquo;un mariage avec la fille du vicomte de \u00a0Bourges, le ch\u00e2teau fera alors partie d&rsquo;une\u00a0 principaut\u00e9 autonome et ind\u00e9pendante au coeur du royaume de France, qui sera patent\u00e9e et reconnue, durant de longs si\u00e8cles par les ducs de Berry et les rois de France eux-m\u00eames.\u00a0S&rsquo;il reste difficile de dater pr\u00e9cis\u00e9ment la naissance de cette principaut\u00e9, elle est attest\u00e9e dans des documents du XIIIe si\u00e8cle mais\u00a0la premi\u00e8re mention des Boisbelle datant d&rsquo;avant l&rsquo;an 1000, il est \u00e0 supposer que la reconnaissance de l&rsquo;ind\u00e9pendance de ce territoire \u00e9tait certainement ant\u00e9rieur \u00e0 ce XIIIe.<\/p>\n<p style=\"text-align: justify;\">Les seigneurs et princes de Boisbelle avaient alors sur leur domaine des privil\u00e8ges souverains, y \u00e9dictant les lois,\u00a0rendant la justice et battant m\u00eame leur propre \u00a0monnaie. Exempt\u00e9s d&rsquo;obligations militaires, les habitants y \u00e9chappaient \u00e0 l&rsquo;imp\u00f4t ainsi qu&rsquo;\u00e0 la gabelle et m\u00eame aux t\u00e2ches ou corv\u00e9es qui s\u00e9vissaient alors dans bien des seigneuries sur les terres de France. Fait int\u00e9ressant qui d\u00e9note bien de l&rsquo;autonomie juridique de la principaut\u00e9, au moment o\u00f9 l&rsquo;on brandissait la vieille loi salique qui proscrivait l&rsquo;h\u00e9ritage du royaume par les femmes pour contester la l\u00e9gitimit\u00e9 d&rsquo;Edouard III d&rsquo;Angleterre sur le tr\u00f4ne de France, loi qui permit\u00a0notamment aux<span style=\"color: #ff0000;\">\u00a0<span style=\"color: #000000;\">Valois<\/span><\/span> de succ\u00e9der aux Cap\u00e9tiens \u00e0 la couronne, les femmes comme les hommes pouvaient h\u00e9rit\u00e9s directement de la principaut\u00e9 de BoisBelle.<\/p>\n<p style=\"text-align: justify;\">Quand le Berry sera rattach\u00e9 \u00e0 la France, l&rsquo;ind\u00e9pendance de ce territoire perdurera et la principaut\u00e9 reviendra d&rsquo;ailleurs en h\u00e9ritage \u00e0 la maison\u00a0de Cl\u00e8ves, en la personne d&rsquo;Henriette de Cl\u00e8ves, Duchesse de Nevers, puis elle passera aux <img decoding=\"async\" class=\"wp-image-6149 alignleft\" src=\"https:\/\/www.moyenagepassion.com\/wp-content\/uploads\/2016\/09\/alain_fournier_grand_meaulnes_histoire_chateau_chapelle_angillon.jpg\" alt=\"alain_fournier_grand_meaulnes_histoire_chateau_chapelle_angillon\" width=\"230\" height=\"335\" srcset=\"https:\/\/www.moyenagepassion.com\/wp-content\/uploads\/2016\/09\/alain_fournier_grand_meaulnes_histoire_chateau_chapelle_angillon.jpg 434w, https:\/\/www.moyenagepassion.com\/wp-content\/uploads\/2016\/09\/alain_fournier_grand_meaulnes_histoire_chateau_chapelle_angillon-205x300.jpg 205w\" sizes=\"(max-width: 230px) 100vw, 230px\" \/>mains de Charles de Gonzague. Plus tard encore dans le temps, \u00a0ce dernier la revendra \u00e0 Maximilien de B\u00e9thune c\u00e9l\u00e8bre ministre d&rsquo;Henri IV, que l&rsquo;on conna\u00eetra mieux par la suite, sous le nom de Sully.<\/p>\n<p style=\"text-align: justify;\">Pour en finir avec cette\u00a0courte histoire du\u00a0ch\u00e2teau d&rsquo;Angillon, on ne peut bien s\u00fbr parler de l&rsquo;endroit sans \u00e9voquer l&rsquo;enfant du pays, n\u00e9 \u00e0 la chapelle d&rsquo;Angillon, qui au d\u00e9but du XXe si\u00e8cle, partit mourir sous les drapeaux et pour la France, lors de la premi\u00e8re guerre mondiale, cet \u00e9crivain qui entra dans la post\u00e9rit\u00e9 avec un seul roman dont on parle encore et que l&rsquo;on lit toujours, plus d&rsquo;un si\u00e8cle apr\u00e8s, je veux parler d&rsquo;Alain Fournier et du Grand Meaulnes.<\/p>\n<p style=\"text-align: justify;\">Voil\u00e0 donc pour cette id\u00e9e sortie du week end dans la qualit\u00e9. Comme je vous l&rsquo;avais annonc\u00e9 c&rsquo;est un lieu riche en Histoire qui vous ouvre ses portes et vous invite, ce\u00a0week end, \u00e0 venir\u00a0revivre avec lui le moyen-\u00e2ge dans la joie et la bonne humeur. Alors si vous en avez l&rsquo;opportunit\u00e9, n&rsquo;h\u00e9sitez pas un seul instant \u00e0 vous rendre au ch\u00e2teau de la Chapelle d&rsquo;Angillon et sa grande f\u00eate m\u00e9di\u00e9vale.<\/p>\n<p style=\"text-align: justify;\">En vous souhaitant une belle journ\u00e9e et un tr\u00e8s beau vendredi!<\/p>\n<p style=\"text-align: justify;\">Fr\u00e9d\u00e9ric EFFE<br \/>\nPour moyenagepassion.com<br \/>\n<span style=\"color: #008000;\"><em><strong>A la d\u00e9couverte du monde m\u00e9di\u00e9val sous toutes ses formes<\/strong><\/em><\/span><\/p>\n","protected":false},"excerpt":{"rendered":"<p>Sujet : r\u00e9jouissances et f\u00eates m\u00e9di\u00e9vales, f\u00eates historiques, id\u00e9es sortie, id\u00e9es week end, lieu d&rsquo;int\u00e9r\u00eat Lieu : ch\u00e2teau de la \u00a0chapelle d&rsquo;angillon D\u00e9partement : Cher Date : 3 et 4 septembre 2016 Nom : 6\u00e8me grande f\u00eate m\u00e9di\u00e9vale du Ch\u00e2teau d&rsquo;Angillon Bonjour \u00e0 tous, ui mes amis, nous nous le sommes\u00a0jur\u00e9s! Bien que septembre soit\u00a0d\u00e9j\u00e0 &hellip; <a href=\"https:\/\/www.moyenagepassion.com\/index.php\/2016\/09\/02\/idee-sortie-medievale-tous-au-chateau-dangillon-ce-week-end-pour-faire-la-nique-a-la-rentree\/\" class=\"more-link\">Continuer la lecture de <span class=\"screen-reader-text\">grande f\u00eate m\u00e9di\u00e9vale : tous au ch\u00e2teau d&rsquo;Angillon ce week end pour faire la nique \u00e0 la rentr\u00e9e!<\/span>  <span class=\"meta-nav\">&rarr;<\/span><\/a><\/p>\n","protected":false},"author":2,"featured_media":0,"comment_status":"open","ping_status":"open","sticky":false,"template":"","format":"standard","meta":{"_monsterinsights_skip_tracking":false,"_monsterinsights_sitenote_active":false,"_monsterinsights_sitenote_note":"","_monsterinsights_sitenote_category":0,"footnotes":""},"categories":[11,13],"tags":[1519,1515,1516,1518,1521,19,1510,1511,136,632,1233,1380,1339,1513,1514,189,520,1520,631,1438,636,22,182,230,18,1512,1517,1383,1379,1396,1522,138],"class_list":["post-6112","post","type-post","status-publish","format-standard","hentry","category-fetes-medievales-evenement","category-lieux-moyen-age-medievaux","tag-6eme-grande-fete-medievale-du-chateau-dangillon","tag-boibel","tag-boisbelle","tag-chapelle-dangillon","tag-charles-de-gonzague","tag-chateau","tag-chateau-dangillon","tag-comte-dogny","tag-festival","tag-festival-medieval","tag-festivites","tag-fetes","tag-fetes-historiques","tag-gillon-seuly","tag-henriette-de-cleves","tag-histoire","tag-histoire-medievale","tag-jean-dogny","tag-lieu-dinteret","tag-marche","tag-marche-medieval","tag-medievale","tag-monde-medieval","tag-monument-historique","tag-moyen-age","tag-ogny","tag-principaute","tag-rejouissances","tag-ripailles","tag-saltimbanques","tag-sully","tag-troubadour"],"aioseo_notices":[],"_links":{"self":[{"href":"https:\/\/www.moyenagepassion.com\/index.php\/wp-json\/wp\/v2\/posts\/6112"}],"collection":[{"href":"https:\/\/www.moyenagepassion.com\/index.php\/wp-json\/wp\/v2\/posts"}],"about":[{"href":"https:\/\/www.moyenagepassion.com\/index.php\/wp-json\/wp\/v2\/types\/post"}],"author":[{"embeddable":true,"href":"https:\/\/www.moyenagepassion.com\/index.php\/wp-json\/wp\/v2\/users\/2"}],"replies":[{"embeddable":true,"href":"https:\/\/www.moyenagepassion.com\/index.php\/wp-json\/wp\/v2\/comments?post=6112"}],"version-history":[{"count":1,"href":"https:\/\/www.moyenagepassion.com\/index.php\/wp-json\/wp\/v2\/posts\/6112\/revisions"}],"predecessor-version":[{"id":34541,"href":"https:\/\/www.moyenagepassion.com\/index.php\/wp-json\/wp\/v2\/posts\/6112\/revisions\/34541"}],"wp:attachment":[{"href":"https:\/\/www.moyenagepassion.com\/index.php\/wp-json\/wp\/v2\/media?parent=6112"}],"wp:term":[{"taxonomy":"category","embeddable":true,"href":"https:\/\/www.moyenagepassion.com\/index.php\/wp-json\/wp\/v2\/categories?post=6112"},{"taxonomy":"post_tag","embeddable":true,"href":"https:\/\/www.moyenagepassion.com\/index.php\/wp-json\/wp\/v2\/tags?post=6112"}],"curies":[{"name":"wp","href":"https:\/\/api.w.org\/{rel}","templated":true}]}}