{"id":6334,"date":"2016-09-11T02:05:59","date_gmt":"2016-09-11T01:05:59","guid":{"rendered":"http:\/\/www.moyenagepassion.com\/?p=6334"},"modified":"2020-10-05T01:10:50","modified_gmt":"2020-10-05T00:10:50","slug":"abelard-et-heloise-une-histoire-passionnelle-de-moyen-age-devenue-mythique","status":"publish","type":"post","link":"https:\/\/www.moyenagepassion.com\/index.php\/2016\/09\/11\/abelard-et-heloise-une-histoire-passionnelle-de-moyen-age-devenue-mythique\/","title":{"rendered":"Ab\u00e9lard et H\u00e9lo\u00efse : une histoire passionnelle du moyen-\u00e2ge devenue mythique"},"content":{"rendered":"<div id=\"moyen-2057976198\" class=\"moyen-before-content moyen-entity-placement\"><script async src=\"\/\/pagead2.googlesyndication.com\/pagead\/js\/adsbygoogle.js?client=ca-pub-3035390706780632\" crossorigin=\"anonymous\"><\/script><ins class=\"adsbygoogle\" style=\"display:block;\" data-ad-client=\"ca-pub-3035390706780632\" \ndata-ad-slot=\"\" \ndata-ad-format=\"auto\"><\/ins>\n<script> \n(adsbygoogle = window.adsbygoogle || []).push({}); \n<\/script>\n<\/div><p><span style=\"color: #008000;\"><strong><em><a href=\"https:\/\/www.moyenagepassion.com\/wp-content\/uploads\/2016\/09\/citation_medievale_pierre_abelard_philosophie_moyen-age.jpg\"><img decoding=\"async\" class=\"alignnone size-full wp-image-6336\" src=\"https:\/\/www.moyenagepassion.com\/wp-content\/uploads\/2016\/09\/citation_medievale_pierre_abelard_philosophie_moyen-age.jpg\" alt=\"citation_medievale_pierre_abelard_philosophie_moyen-age\" width=\"1200\" height=\"540\" srcset=\"https:\/\/www.moyenagepassion.com\/wp-content\/uploads\/2016\/09\/citation_medievale_pierre_abelard_philosophie_moyen-age.jpg 1200w, https:\/\/www.moyenagepassion.com\/wp-content\/uploads\/2016\/09\/citation_medievale_pierre_abelard_philosophie_moyen-age-300x135.jpg 300w, https:\/\/www.moyenagepassion.com\/wp-content\/uploads\/2016\/09\/citation_medievale_pierre_abelard_philosophie_moyen-age-1024x461.jpg 1024w, https:\/\/www.moyenagepassion.com\/wp-content\/uploads\/2016\/09\/citation_medievale_pierre_abelard_philosophie_moyen-age-768x346.jpg 768w\" sizes=\"(max-width: 1200px) 100vw, 1200px\" \/><\/a><\/em><\/strong><\/span><\/p>\n<p><span style=\"color: #008000;\"><strong><em>\u201cCe n\u2019est pas la quantit\u00e9 de tes paroles que je mesure, mais la f\u00e9condit\u00e9 du c\u0153ur d\u2019o\u00f9 provient ce que tu dis.\u201d<\/em><\/strong><\/span><br \/>\nPierre Ab\u00e9lard (1079-1142),\u00a0 philosophe, dialecticien et th\u00e9ologien chr\u00e9tien\u00a0du moyen-\u00e2ge central.<\/p>\n<p>Bonjour \u00e0 tous,<\/p>\n<p style=\"text-align: justify;\"><img decoding=\"async\" class=\"alignleft size-full wp-image-397\" src=\"https:\/\/www.moyenagepassion.com\/wp-content\/uploads\/2015\/12\/O_lettrine_moyen_age_passion.jpg\" alt=\"O_lettrine_moyen_age_passion\" width=\"96\" height=\"103\" \/>utre son legs philosophique, Pierre Ab\u00e9lard, clerc et philosophe du moyen-\u00e2ge central, \u00e9pris de logique et de didactique, sera aussi rendu c\u00e9l\u00e8bre pour son idylle avec la brillante H\u00e9lo\u00efse d&rsquo;Argenteuil, aristocrate cultiv\u00e9e qui \u00e9tonne le tout<br \/>\n<a href=\"https:\/\/www.moyenagepassion.com\/wp-content\/uploads\/2016\/09\/pierre_abelard_amour_courtois_moyen-age_central1.jpg\"><img decoding=\"async\" class=\"wp-image-6354 alignright\" src=\"https:\/\/www.moyenagepassion.com\/wp-content\/uploads\/2016\/09\/pierre_abelard_amour_courtois_moyen-age_central1.jpg\" alt=\"pierre_abelard_amour_courtois_moyen-age_central\" width=\"162\" height=\"363\" \/><\/a>Paris du d\u00e9but de XIIe si\u00e8cle par son \u00e9rudition et ses connaissances des langues anciennes, autant que par son esprit libre et \u00e9mancip\u00e9.\u00a0A la trentaine pass\u00e9e, issu de famille noble et fils de chevalier,\u00a0Pierre Ab\u00e9lard est alors un enseignant reconnu et s\u00fbr de lui, doubl\u00e9 d&rsquo;un s\u00e9ducteur. Il\u00a0se fera d&rsquo;ailleurs le\u00a0pr\u00e9cepteur de la jeune fille, dans le but avou\u00e9, dit-on, de la conqu\u00e9rir.<\/p>\n<p style=\"text-align: justify;\">De fait, leur relation \u00e9pistolaire et platonique se transformera bient\u00f4t \u00a0au point que \u00a0les mots ne seront plus les seuls \u00e0 se retrouver couch\u00e9s sur le papier, mais tout le reste avec. Le fruit de l&rsquo;amour courtois sera alors largement croqu\u00e9 et la passion br\u00fblera d&rsquo;un feu ardent entre les deux amants. Elle s&rsquo;\u00e9garera m\u00eame, quelquefois, sur les rivages d&rsquo;une relation explosive et sulfureuse, \u00e0 la fois intellectuelle et charnelle, qui n&rsquo;est pas sans \u00e9voquer par certains c\u00f4t\u00e9s le marquis de Sade, et dans laquelle, les points ne sembleront pas tous s&rsquo;\u00e9crire avec un T, ni se trouver uniquement sur les I.<\/p>\n<figure id=\"attachment_6348\" aria-describedby=\"caption-attachment-6348\" style=\"width: 697px\" class=\"wp-caption alignnone\"><a href=\"https:\/\/www.moyenagepassion.com\/wp-content\/uploads\/2016\/09\/abelart_et_heloise_naissance_legende_mythe_medievale_amour_passion.jpg\"><img decoding=\"async\" class=\"wp-image-6348 size-full\" src=\"https:\/\/www.moyenagepassion.com\/wp-content\/uploads\/2016\/09\/abelart_et_heloise_naissance_legende_mythe_medievale_amour_passion.jpg\" alt=\"Jean Vignaud, &quot;Ab\u00e9lard et H\u00e9lo\u00efse surpris par Fulbert (1819), Joslyn Art Museum, Nebraska. USA\" width=\"697\" height=\"443\" srcset=\"https:\/\/www.moyenagepassion.com\/wp-content\/uploads\/2016\/09\/abelart_et_heloise_naissance_legende_mythe_medievale_amour_passion.jpg 697w, https:\/\/www.moyenagepassion.com\/wp-content\/uploads\/2016\/09\/abelart_et_heloise_naissance_legende_mythe_medievale_amour_passion-300x191.jpg 300w\" sizes=\"(max-width: 697px) 100vw, 697px\" \/><\/a><figcaption id=\"caption-attachment-6348\" class=\"wp-caption-text\">Jean Vignaud, \u00ab\u00a0Ab\u00e9lard et H\u00e9lo\u00efse surpris par Fulbert (1819), Joslyn Art Museum, Nebraska. USA<\/figcaption><\/figure>\n<p style=\"text-align: justify;\"><img decoding=\"async\" class=\"alignleft size-full wp-image-59\" src=\"https:\/\/www.moyenagepassion.com\/wp-content\/uploads\/2015\/12\/A_lettrine_moyen_age_passion.jpg\" alt=\"A_lettrine_moyen_age_passion\" width=\"84\" height=\"103\" \/>pr\u00e8s qu&rsquo;il lui ait donn\u00e9 un enfant et se soit mari\u00e9 avec la belle H\u00e9lo\u00efse pour r\u00e9parer la faute, non qu&rsquo;ils y tenaient tous deux particuli\u00e8rement mais contraints et forc\u00e9s, l&rsquo;histoire vaudra tout de m\u00eame au clerc philosophe d&rsquo;\u00eatre \u00e9mascul\u00e9 sur une erreur de jugement par l&rsquo;oncle et tuteur de la jeune femme, le d\u00e9nomm\u00e9 Fulbert, chanoine de caract\u00e8re, tr\u00e8s en vue \u00e0 la cour de l&rsquo;\u00e9poque qui lui m\u00eame avait exig\u00e9 leur mariage.<\/p>\n<p style=\"text-align: justify;\">Instrument du rapprochement d&rsquo;Ab\u00e9lard avec sa ni\u00e8ce et complice involontaire du fruit d\u00e9fendu de leur passion. \u00a0l&rsquo;homme\u00a0 avait \u00a0h\u00e9rit\u00e9 du noyau qu&rsquo;il avait, semble-t&rsquo;il, mal\u00a0dig\u00e9r\u00e9.\u00a0Alors qu&rsquo;H\u00e9lo\u00efse\u00a0s&rsquo;\u00e9tait retir\u00e9 un temps au pensionnat \u00a0pour \u00e9chapper aux remontrances\u00a0de ce tuteur furibard, ce dernier, encore \u00e0 cran et\u00a0la croyant r\u00e9pudi\u00e9e par Ab\u00e9lard \u00a0dont une\u00a0\u00e9pouse pouvait g\u00eaner la carri\u00e8re (\u00a0un clerc ne pouvait d\u00e9j\u00e0 plus alors faire un bon mari pour l&rsquo;\u00e9glise)\u00a0ne fit ni une, ni deux. Il\u00a0 envoya des hommes de main pour ch\u00e2tier, je devrais dire ch\u00e2trer Ab\u00e9lard. La langue du chanoine a-t&rsquo;elle fourch\u00e9 au moment de lancer ses sbires au train du\u00a0clerc? L&rsquo;histoire ne le dit pas. Les deux ex\u00e9cutants\u00a0finiront, en tout <a href=\"https:\/\/www.moyenagepassion.com\/wp-content\/uploads\/2016\/09\/amour_passion_moyen-age_abelard_heloise.jpg\"><img decoding=\"async\" class=\"alignright wp-image-6352\" src=\"https:\/\/www.moyenagepassion.com\/wp-content\/uploads\/2016\/09\/amour_passion_moyen-age_abelard_heloise.jpg\" alt=\"amour_passion_moyen-age_abelard_heloise\" width=\"262\" height=\"264\" srcset=\"https:\/\/www.moyenagepassion.com\/wp-content\/uploads\/2016\/09\/amour_passion_moyen-age_abelard_heloise.jpg 412w, https:\/\/www.moyenagepassion.com\/wp-content\/uploads\/2016\/09\/amour_passion_moyen-age_abelard_heloise-150x150.jpg 150w\" sizes=\"(max-width: 262px) 100vw, 262px\" \/><\/a>cas, punis par l\u00e0 o\u00f9 ils avaient p\u00e9ch\u00e9 en vertu de la loi du talion. Couic! Fulbert, quant \u00e0 \u00a0lui, sera suspendu, non, pas par l&rsquo;objet du d\u00e9lit, mais de ses fonctions et verra ses biens confisqu\u00e9s.<\/p>\n<p style=\"text-align: justify;\">Suite au drame, les deux amants finiront religieux: Ab\u00e9lard moine, H\u00e9lo\u00efse \u00a0au convent. L&rsquo;histoire des deux amants autant que l&rsquo;infortune d&rsquo;Ab\u00e9lard,\u00a0fera grand bruit. Elle entrera, par la suite, dans la post\u00e9rit\u00e9 par les lettres qu&rsquo;ils ont \u00e9chang\u00e9 mais pas seulement. En litt\u00e9rature, cit\u00e9es ou reprises par Jean de Meung dans le nom de la Rose, <a href=\"https:\/\/www.moyenagepassion.com\/index.php\/2016\/07\/11\/le-chemin-de-la-vie-par-francois-petrarque\/\">P\u00e9trarque<\/a>, les amours d&rsquo;H\u00e9lo\u00efse et Abelard\u00a0deviendront bient\u00f4t mythiques et\u00a0inspireront encore nombre d&rsquo;artistes, de peintres et de grands auteurs pour de longs si\u00e8cles, <span style=\"color: #808080;\">\u00a0(ci-dessus\u00a0\u00ab\u00a0l&rsquo;adieu d&rsquo;Ab\u00e9lard et H\u00e9lo\u00efse , de \u00a0Maria Angelica Kauffmann XIIXe si\u00e8cle). \u00a0<\/span>Souvenons-nous encore, ici, de l&rsquo;hommage que fit\u00a0<a href=\"https:\/\/www.moyenagepassion.com\/?s=Villon\" target=\"_blank\" rel=\"noopener noreferrer\">Fran\u00e7ois\u00a0Villon<\/a>, plus de trois cent ans plus tard dans <a href=\"https:\/\/www.moyenagepassion.com\/index.php\/2016\/05\/10\/francois-villon-par-brassens\/\">sa ballade des dames du temps jadis<\/a>\u00a0\u00e0 cette \u00e9crivain et femme du XIIe si\u00e8cle, hors du commun, qui fut H\u00e9lo\u00efse d&rsquo;Argenteuil.<\/p>\n<p><span style=\"color: #008000;\"><strong><em><a href=\"https:\/\/www.moyenagepassion.com\/wp-content\/uploads\/2016\/07\/poesie_medievale_epitaphe_villon_ballade_pendu_erik_satie_lecture_audio.jpg\"><img decoding=\"async\" class=\"wp-image-5298 alignleft\" src=\"https:\/\/www.moyenagepassion.com\/wp-content\/uploads\/2016\/07\/poesie_medievale_epitaphe_villon_ballade_pendu_erik_satie_lecture_audio.jpg\" alt=\"poesie_medievale_epitaphe_villon_ballade_pendu_erik_satie_lecture_audio\" width=\"76\" height=\"95\" \/><\/a>\u00ab\u00a0O\u00f9 est la tr\u00e8s sage H\u00e9lois,<\/em><\/strong><\/span><br \/>\n<span style=\"color: #008000;\"><strong><em>Pour qui fut chastr\u00e9 et puis moyne<\/em><\/strong><\/span><br \/>\n<span style=\"color: #008000;\"><strong><em>Pierre Esbaillart \u00e0 Sainct-Denys.<\/em><\/strong><\/span><br \/>\n<span style=\"color: #008000;\"><strong><em>Pour son amour eut cest essoyne.\u00a0\u00bb<br \/>\n<\/em><\/strong><span style=\"color: #000000;\">Fran\u00e7ois Villon \u00a0&#8211; Les neiges d&rsquo;Antan<\/span><\/span><\/p>\n<p style=\"text-align: justify;\"><span style=\"color: #000000;\">Bien au del\u00e0 du moyen-\u00e2ge, l<\/span>a dimension tragique et passionnelle de cette histoire du XIIe si\u00e8cle, en fera le\u00a0symbole d&rsquo;une forme d&rsquo;amour libre, d\u00e9passant de loin les formes et le cadre de l&rsquo;amour courtois, qui trouvera, tour \u00e0 tour, un \u00e9cho aupr\u00e8s des libertins, comme des romantiques.<\/p>\n<p style=\"text-align: justify;\">Une belle journ\u00e9e \u00e0 tous!<br \/>\nFred<br \/>\nPour moyenagepassion.com<br \/>\n<em><span style=\"color: #008000;\"><strong><q>\u00ab\u00a0L\u2019ardente passion, que nul frein ne retient, poursuit ce qu\u2019elle veut et non ce qui convient.\u00a0\u00bb<\/q><\/strong><\/span><strong><q>\u00a0<\/q><\/strong><\/em>Publiliue Syrus\u00a0\u00a0I<sup>er<\/sup> s. av. J.-C.<\/p>\n","protected":false},"excerpt":{"rendered":"<p>\u201cCe n\u2019est pas la quantit\u00e9 de tes paroles que je mesure, mais la f\u00e9condit\u00e9 du c\u0153ur d\u2019o\u00f9 provient ce que tu dis.\u201d Pierre Ab\u00e9lard (1079-1142),\u00a0 philosophe, dialecticien et th\u00e9ologien chr\u00e9tien\u00a0du moyen-\u00e2ge central. Bonjour \u00e0 tous, utre son legs philosophique, Pierre Ab\u00e9lard, clerc et philosophe du moyen-\u00e2ge central, \u00e9pris de logique et de didactique, sera aussi &hellip; <a href=\"https:\/\/www.moyenagepassion.com\/index.php\/2016\/09\/11\/abelard-et-heloise-une-histoire-passionnelle-de-moyen-age-devenue-mythique\/\" class=\"more-link\">Continuer la lecture de <span class=\"screen-reader-text\">Ab\u00e9lard et H\u00e9lo\u00efse : une histoire passionnelle du moyen-\u00e2ge devenue mythique<\/span>  <span class=\"meta-nav\">&rarr;<\/span><\/a><\/p>\n","protected":false},"author":2,"featured_media":0,"comment_status":"open","ping_status":"open","sticky":false,"template":"","format":"standard","meta":{"_monsterinsights_skip_tracking":false,"_monsterinsights_sitenote_active":false,"_monsterinsights_sitenote_note":"","_monsterinsights_sitenote_category":0,"footnotes":""},"categories":[154,16],"tags":[1544,1546,155,1550,1545,1547,1543,1542,1551,1552,22,18,85,34,1541,332,1540,1548,1549],"class_list":["post-6334","post","type-post","status-publish","format-standard","hentry","category-citations-moyen-age-medievales","category-sources-et-articles-moyen-age-periode-medievale","tag-abelard","tag-amour","tag-citation","tag-clerc","tag-fulbert","tag-helois","tag-heloise","tag-heloise-dargenteuil","tag-jean-vignaud","tag-maria-angelica-kauffmann","tag-medievale","tag-moyen-age","tag-moyen-age-central","tag-passion","tag-petrus-abaelardus","tag-philosophe","tag-pierre-abelard","tag-pierre-esbaillart","tag-romantique"],"aioseo_notices":[],"_links":{"self":[{"href":"https:\/\/www.moyenagepassion.com\/index.php\/wp-json\/wp\/v2\/posts\/6334"}],"collection":[{"href":"https:\/\/www.moyenagepassion.com\/index.php\/wp-json\/wp\/v2\/posts"}],"about":[{"href":"https:\/\/www.moyenagepassion.com\/index.php\/wp-json\/wp\/v2\/types\/post"}],"author":[{"embeddable":true,"href":"https:\/\/www.moyenagepassion.com\/index.php\/wp-json\/wp\/v2\/users\/2"}],"replies":[{"embeddable":true,"href":"https:\/\/www.moyenagepassion.com\/index.php\/wp-json\/wp\/v2\/comments?post=6334"}],"version-history":[{"count":1,"href":"https:\/\/www.moyenagepassion.com\/index.php\/wp-json\/wp\/v2\/posts\/6334\/revisions"}],"predecessor-version":[{"id":34535,"href":"https:\/\/www.moyenagepassion.com\/index.php\/wp-json\/wp\/v2\/posts\/6334\/revisions\/34535"}],"wp:attachment":[{"href":"https:\/\/www.moyenagepassion.com\/index.php\/wp-json\/wp\/v2\/media?parent=6334"}],"wp:term":[{"taxonomy":"category","embeddable":true,"href":"https:\/\/www.moyenagepassion.com\/index.php\/wp-json\/wp\/v2\/categories?post=6334"},{"taxonomy":"post_tag","embeddable":true,"href":"https:\/\/www.moyenagepassion.com\/index.php\/wp-json\/wp\/v2\/tags?post=6334"}],"curies":[{"name":"wp","href":"https:\/\/api.w.org\/{rel}","templated":true}]}}