{"id":6806,"date":"2016-09-29T01:59:34","date_gmt":"2016-09-29T00:59:34","guid":{"rendered":"http:\/\/www.moyenagepassion.com\/?p=6806"},"modified":"2020-10-04T23:22:46","modified_gmt":"2020-10-04T22:22:46","slug":"edito-de-rentree","status":"publish","type":"post","link":"https:\/\/www.moyenagepassion.com\/index.php\/2016\/09\/29\/edito-de-rentree\/","title":{"rendered":"Edito de rentr\u00e9e"},"content":{"rendered":"<div id=\"moyen-802904153\" class=\"moyen-before-content moyen-entity-placement\"><script async src=\"\/\/pagead2.googlesyndication.com\/pagead\/js\/adsbygoogle.js?client=ca-pub-3035390706780632\" crossorigin=\"anonymous\"><\/script><ins class=\"adsbygoogle\" style=\"display:block;\" data-ad-client=\"ca-pub-3035390706780632\" \ndata-ad-slot=\"\" \ndata-ad-format=\"auto\"><\/ins>\n<script> \n(adsbygoogle = window.adsbygoogle || []).push({}); \n<\/script>\n<\/div><p style=\"text-align: justify;\">Bonjour \u00e0 tous,<\/p>\n<p style=\"text-align: justify;\"><img decoding=\"async\" class=\"alignleft size-full wp-image-153\" src=\"https:\/\/www.moyenagepassion.com\/wp-content\/uploads\/2015\/12\/L_lettrine_moyen_age_passion.jpg\" alt=\"L_lettrine_moyen_age_passion\" width=\"84\" height=\"103\" \/>a fin septembre approche\u00a0et\u00a0il est temps de faire notre \u00e9dito de rentr\u00e9e. Il est d&rsquo;abord et avant tout, en forme d&rsquo;un grand merci pour tous ceux qui nous suivent d\u00e9j\u00e0 et nous en profitons pour souhaiter\u00a0du m\u00eame coup, une bienvenue chaleureuse \u00e0\u00a0tous nos nouveaux visiteurs.<\/p>\n<p style=\"text-align: justify;\"><a href=\"https:\/\/www.moyenagepassion.com\/wp-content\/uploads\/2016\/09\/edito_rentree_2016_monde_medieval_moyen-age_moyenagepassion.jpg\"><img decoding=\"async\" class=\"alignright wp-image-6832\" src=\"https:\/\/www.moyenagepassion.com\/wp-content\/uploads\/2016\/09\/edito_rentree_2016_monde_medieval_moyen-age_moyenagepassion-114x300.jpg\" alt=\"edito_rentree_2016_monde_medieval_moyen-age_moyenagepassion\" width=\"134\" height=\"353\" srcset=\"https:\/\/www.moyenagepassion.com\/wp-content\/uploads\/2016\/09\/edito_rentree_2016_monde_medieval_moyen-age_moyenagepassion-114x300.jpg 114w, https:\/\/www.moyenagepassion.com\/wp-content\/uploads\/2016\/09\/edito_rentree_2016_monde_medieval_moyen-age_moyenagepassion.jpg 290w\" sizes=\"(max-width: 134px) 100vw, 134px\" \/><\/a>Moyenagepassion\u00a0est une sorte de machine \u00e0 remonter le temps pour voyager dans le moyen-\u00e2ge de ses p\u00e9riodes les plus recul\u00e9es jusqu&rsquo;\u00e0 nos jours. Pour les curieux comme les passionn\u00e9s, c&rsquo;est aussi un \u00a0laboratoire d&rsquo;exp\u00e9rimentation pour explorer et d\u00e9couvrir\u00a0tout en se divertissant,\u00a0les mille ans d&rsquo;histoire fascinante que couvre le monde m\u00e9di\u00e9val.<\/p>\n<p style=\"text-align: justify;\">Depuis ses premiers pas et \u00e0 quelques rares exceptions pr\u00e8s, nous avons publi\u00e9, quotidiennement,\u00a0un nouvel article, quelquefois plus. De fait,\u00a0aujourd&rsquo;hui, \u00e0 pr\u00e8s de neuf mois de\u00a0lancement, vous pourrez y retrouver pr\u00e8s de 300 articles sur des sujets aussi vari\u00e9s que l&rsquo;histoire, la po\u00e9sie, la litt\u00e9rature, la musique, la science, les ch\u00e2teaux, les manuscrits anciens, des livres ou\u00a0romans plus r\u00e9cents sur le sujet, mais aussi sur des \u00e9v\u00e9nements d&rsquo;actualit\u00e9 ou des festivals \u00a0c\u00e9l\u00e9brant le\u00a0moyen-\u00e2ge, et m\u00eame\u00a0encore des billets d&rsquo;humour.<\/p>\n<p style=\"text-align: justify;\"><a href=\"https:\/\/www.moyenagepassion.com\/wp-content\/uploads\/2016\/09\/machine_a_remonter_le_temps_moyen-age_monde_histoire_encyclopedie_medievale.jpg\"><img decoding=\"async\" class=\"alignnone wp-image-6831 size-full\" src=\"https:\/\/www.moyenagepassion.com\/wp-content\/uploads\/2016\/09\/machine_a_remonter_le_temps_moyen-age_monde_histoire_encyclopedie_medievale.jpg\" alt=\"machine_a_remonter_le_temps_moyen-age_monde_histoire_encyclopedie_medievale\" width=\"1024\" height=\"1261\" srcset=\"https:\/\/www.moyenagepassion.com\/wp-content\/uploads\/2016\/09\/machine_a_remonter_le_temps_moyen-age_monde_histoire_encyclopedie_medievale.jpg 1024w, https:\/\/www.moyenagepassion.com\/wp-content\/uploads\/2016\/09\/machine_a_remonter_le_temps_moyen-age_monde_histoire_encyclopedie_medievale-244x300.jpg 244w, https:\/\/www.moyenagepassion.com\/wp-content\/uploads\/2016\/09\/machine_a_remonter_le_temps_moyen-age_monde_histoire_encyclopedie_medievale-832x1024.jpg 832w\" sizes=\"(max-width: 1024px) 100vw, 1024px\" \/><\/a><\/p>\n<p style=\"text-align: justify;\"><img decoding=\"async\" class=\"alignleft size-full wp-image-128\" src=\"https:\/\/www.moyenagepassion.com\/wp-content\/uploads\/2015\/12\/S_lettrine_moyen_age_passion.jpg\" alt=\"S_lettrine_moyen_age_passion\" width=\"84\" height=\"103\" \/>i nous\u00a0y parlons tr\u00e8s s\u00e9rieusement et quelquefois plus trivialement d&rsquo;Histoire, nous n&rsquo;oublions pas non plus, dans nos p\u00e9r\u00e9grinations, le moyen-\u00e2ge imaginaire, celui qui vit encore dans nos esprits et m\u00eame encore celui qui nous transporte jusqu&rsquo;aux rivages du fantastique et de la fantaisie sur les ailes des dragons. C&rsquo;est en effet,\u00a0dans la confrontation de ses faits historiques comme de sa r\u00e9sonance r\u00e9elle ou r\u00e9v\u00e9e, \u00a0que nous voulons saisir le monde m\u00e9di\u00e9val. \u00a0Que nous a-t&rsquo;il l\u00e9gu\u00e9? Que nous en reste-t&rsquo;il? Comment s&rsquo;invite-t&rsquo;il encore dans nos vies, dans nos valeurs, dans notre imaginaire? Etait-il donc si barbare? Y \u00e9tait-on si mis\u00e9rable et si triste que nous l&rsquo;ont cont\u00e9 les <a href=\"https:\/\/www.moyenagepassion.com\/wp-content\/uploads\/2016\/09\/georges_duby_histoire_monde_medieval_moyen-age_temps_des_cathedrales.jpg\"><img decoding=\"async\" class=\"size-full wp-image-6837 alignright\" src=\"https:\/\/www.moyenagepassion.com\/wp-content\/uploads\/2016\/09\/georges_duby_histoire_monde_medieval_moyen-age_temps_des_cathedrales.jpg\" alt=\"georges_duby_histoire_monde_medieval_moyen-age_temps_des_cathedrales\" width=\"150\" height=\"183\" \/><\/a>si\u00e8cles qui le suivirent ou\u00a0que nous le d\u00e9couvrait m\u00eame parfois le Georges Duby au\u00a0temps des cath\u00e9drales, dans de grands \u00e9lans lyriques et dramatiques t\u00e9l\u00e9visuels? Pour paraphraser Pierre Desproges qui voulait vivre heureux en attendant la mort, ne pouvait-on y vivre heureux en attendant la peste?<\/p>\n<p style=\"text-align: justify;\">Sans aller dans ces deux extr\u00eames, peut-\u00eatre faut-il trouver une juste demi-mesure et si vous suivez moyenagepassion depuis quelques temps d\u00e9j\u00e0, vous avez d\u00e9j\u00e0 compris que c&rsquo;est \u00e0 cela que nous nous employons. De la deuxi\u00e8me moiti\u00e9 du XXe si\u00e8cle jusqu&rsquo;\u00e0 r\u00e9cemment, les historiens m\u00e9di\u00e9vistes se sont employ\u00e9s \u00e0 r\u00e9habiliter cette p\u00e9riode et c&rsquo;est avec ce regard neuf, que nous tentons de l&rsquo;aborder nous-m\u00eame, pour d\u00e9montrer qu&rsquo;on peut, aujourd&rsquo;hui, s&rsquo;int\u00e9resser au monde m\u00e9di\u00e9val sans pour autant le consid\u00e9rer moyen\u00e2geux.<\/p>\n<figure id=\"attachment_6833\" aria-describedby=\"caption-attachment-6833\" style=\"width: 635px\" class=\"wp-caption alignnone\"><a href=\"https:\/\/www.moyenagepassion.com\/wp-content\/uploads\/2016\/09\/le_livre_dou_tresor_encyclopedie_histoire_medievale_passion_moyen-age.jpg\"><img decoding=\"async\" class=\"size-full wp-image-6833\" src=\"https:\/\/www.moyenagepassion.com\/wp-content\/uploads\/2016\/09\/le_livre_dou_tresor_encyclopedie_histoire_medievale_passion_moyen-age.jpg\" alt=\"Li livres dou tresor, une encyclop\u00e9die m\u00e9di\u00e9vale du XIIIe si\u00e8cle par Brunetto Latini\" width=\"635\" height=\"403\" srcset=\"https:\/\/www.moyenagepassion.com\/wp-content\/uploads\/2016\/09\/le_livre_dou_tresor_encyclopedie_histoire_medievale_passion_moyen-age.jpg 635w, https:\/\/www.moyenagepassion.com\/wp-content\/uploads\/2016\/09\/le_livre_dou_tresor_encyclopedie_histoire_medievale_passion_moyen-age-300x190.jpg 300w\" sizes=\"(max-width: 635px) 100vw, 635px\" \/><\/a><figcaption id=\"caption-attachment-6833\" class=\"wp-caption-text\">Le livre du tr\u00e9sor, une encyclop\u00e9die m\u00e9di\u00e9vale du XIIIe si\u00e8cle par Brunetto Latini<\/figcaption><\/figure>\n<p style=\"text-align: justify;\"><img decoding=\"async\" class=\"alignleft wp-image-414 size-full\" src=\"https:\/\/www.moyenagepassion.com\/wp-content\/uploads\/2015\/12\/T_lettrine_moyen_age_passion.jpg\" alt=\"T_lettrine_moyen_age_passion\" width=\"96\" height=\"103\" \/>oute proportion gard\u00e9e et en forme de clin d&rsquo;oeil, \u00a0il y a derri\u00e8re tout cela un projet un peu foufou qui n&rsquo;est pas sans \u00e9voquer les projets d&rsquo;encyclop\u00e9die auxquels certains auteurs m\u00e9di\u00e9vaux pouvaient s&rsquo;atteler, seuls. Nous avons de notre c\u00f4t\u00e9,\u00a0le parchemin et la plume en \u00a0moins, mais le multim\u00e9dia et la souris en plus, avec des images, des illustrations, des vid\u00e9os, des documentaires, des films, des conf\u00e9rences et m\u00eame des lectures audio en vieux fran\u00e7ais.\u00a0Au final, encore une fois en le comprenant plus dans son sens m\u00e9di\u00e9val que contemporain et en le projetant un peu dans le temps, cela pourrait prendre la forme d&rsquo;une sorte de petite\u00a0encyclop\u00e9die m\u00e9di\u00e9vale artisanale qui, sans trop se prendre au s\u00e9rieux, se mettrait par instant \u00e0 r\u00eaver qu&rsquo;elle puisse, peut-\u00eatre un jour, devenir id\u00e9ale, comme l&rsquo;\u00e9tait le beau palais du facteur Cheval.<\/p>\n<figure id=\"attachment_6835\" aria-describedby=\"caption-attachment-6835\" style=\"width: 693px\" class=\"wp-caption aligncenter\"><a href=\"https:\/\/www.moyenagepassion.com\/wp-content\/uploads\/2016\/09\/palais_ideal_du_facteur_cheval_encyclop\u00e9die_medievale.jpg\"><img decoding=\"async\" class=\"wp-image-6835 size-full\" src=\"https:\/\/www.moyenagepassion.com\/wp-content\/uploads\/2016\/09\/palais_ideal_du_facteur_cheval_encyclop\u00e9die_medievale.jpg\" alt=\"palais_ideal_du_facteur_cheval_encyclop\u00e9die_medievale\" width=\"693\" height=\"468\" srcset=\"https:\/\/www.moyenagepassion.com\/wp-content\/uploads\/2016\/09\/palais_ideal_du_facteur_cheval_encyclop\u00e9die_medievale.jpg 693w, https:\/\/www.moyenagepassion.com\/wp-content\/uploads\/2016\/09\/palais_ideal_du_facteur_cheval_encyclop\u00e9die_medievale-300x203.jpg 300w\" sizes=\"(max-width: 693px) 100vw, 693px\" \/><\/a><figcaption id=\"caption-attachment-6835\" class=\"wp-caption-text\">Le palais id\u00e9al du facteur Cheval \u00e0 Hauterives (dr\u00f4me)<\/figcaption><\/figure>\n<p style=\"text-align: justify;\">Nous allons donc, de notre c\u00f4t\u00e9, pierre par pierre, continuer de l&rsquo;\u00e9difier. Vous \u00eates d\u00e9j\u00e0 des milliers tous les mois \u00e0 nous \u00a0encourager \u00e0 le faire et nous vous remercions encore du fond du coeur pour cela, et pour ceux qui nous d\u00e9couvrent, restez encore un peu, vous \u00eates les bienvenus!<\/p>\n<p style=\"text-align: justify;\">En vous souhaitant une tr\u00e8s belle journ\u00e9e \u00e0 tous.<br \/>\nFr\u00e9d\u00e9ric EFFE<br \/>\nPour moyenagepassion.com<br \/>\n<em><strong>A la d\u00e9couverte du monde m\u00e9di\u00e9val sous toutes ses formes<\/strong><\/em><\/p>\n","protected":false},"excerpt":{"rendered":"<p>Bonjour \u00e0 tous, a fin septembre approche\u00a0et\u00a0il est temps de faire notre \u00e9dito de rentr\u00e9e. Il est d&rsquo;abord et avant tout, en forme d&rsquo;un grand merci pour tous ceux qui nous suivent d\u00e9j\u00e0 et nous en profitons pour souhaiter\u00a0du m\u00eame coup, une bienvenue chaleureuse \u00e0\u00a0tous nos nouveaux visiteurs. Moyenagepassion\u00a0est une sorte de machine \u00e0 remonter &hellip; <a href=\"https:\/\/www.moyenagepassion.com\/index.php\/2016\/09\/29\/edito-de-rentree\/\" class=\"more-link\">Continuer la lecture de <span class=\"screen-reader-text\">Edito de rentr\u00e9e<\/span>  <span class=\"meta-nav\">&rarr;<\/span><\/a><\/p>\n","protected":false},"author":2,"featured_media":0,"comment_status":"open","ping_status":"open","sticky":false,"template":"","format":"standard","meta":{"_monsterinsights_skip_tracking":false,"_monsterinsights_sitenote_active":false,"_monsterinsights_sitenote_note":"","_monsterinsights_sitenote_category":0,"footnotes":""},"categories":[1],"tags":[1640,728,19,443,1645,1639,1643,189,520,1248,779,61,1641,1010,22,182,18,1266,34,1644,80,1646,507],"class_list":["post-6806","post","type-post","status-publish","format-standard","hentry","category-moyen-age-passion","tag-artisanale","tag-auteur-medieval","tag-chateau","tag-chateaux","tag-edito","tag-encyclopedie","tag-georges-duby","tag-histoire","tag-histoire-medievale","tag-historien-medieviste","tag-humour","tag-humour-medieval","tag-litterature","tag-manuscrit-ancien","tag-medievale","tag-monde-medieval","tag-moyen-age","tag-moyenageux","tag-passion","tag-pierre-desproges","tag-poesie","tag-rentree","tag-science"],"aioseo_notices":[],"_links":{"self":[{"href":"https:\/\/www.moyenagepassion.com\/index.php\/wp-json\/wp\/v2\/posts\/6806"}],"collection":[{"href":"https:\/\/www.moyenagepassion.com\/index.php\/wp-json\/wp\/v2\/posts"}],"about":[{"href":"https:\/\/www.moyenagepassion.com\/index.php\/wp-json\/wp\/v2\/types\/post"}],"author":[{"embeddable":true,"href":"https:\/\/www.moyenagepassion.com\/index.php\/wp-json\/wp\/v2\/users\/2"}],"replies":[{"embeddable":true,"href":"https:\/\/www.moyenagepassion.com\/index.php\/wp-json\/wp\/v2\/comments?post=6806"}],"version-history":[{"count":1,"href":"https:\/\/www.moyenagepassion.com\/index.php\/wp-json\/wp\/v2\/posts\/6806\/revisions"}],"predecessor-version":[{"id":34193,"href":"https:\/\/www.moyenagepassion.com\/index.php\/wp-json\/wp\/v2\/posts\/6806\/revisions\/34193"}],"wp:attachment":[{"href":"https:\/\/www.moyenagepassion.com\/index.php\/wp-json\/wp\/v2\/media?parent=6806"}],"wp:term":[{"taxonomy":"category","embeddable":true,"href":"https:\/\/www.moyenagepassion.com\/index.php\/wp-json\/wp\/v2\/categories?post=6806"},{"taxonomy":"post_tag","embeddable":true,"href":"https:\/\/www.moyenagepassion.com\/index.php\/wp-json\/wp\/v2\/tags?post=6806"}],"curies":[{"name":"wp","href":"https:\/\/api.w.org\/{rel}","templated":true}]}}