{"id":7053,"date":"2016-10-12T05:26:43","date_gmt":"2016-10-12T04:26:43","guid":{"rendered":"http:\/\/www.moyenagepassion.com\/?p=7053"},"modified":"2023-11-20T01:02:43","modified_gmt":"2023-11-20T00:02:43","slug":"le-dit-de-loeil-aux-sources-du-pauvre-rutebeuf-de-leo-ferre-et-un-beau-bouquet-de-violettes","status":"publish","type":"post","link":"https:\/\/www.moyenagepassion.com\/index.php\/2016\/10\/12\/le-dit-de-loeil-aux-sources-du-pauvre-rutebeuf-de-leo-ferre-et-un-beau-bouquet-de-violettes\/","title":{"rendered":"Le dit de l&rsquo;\u0153il, aux sources de la chanson \u00ab\u00a0Pauvre Rutebeuf\u00a0\u00bb de L\u00e9o Ferr\u00e9"},"content":{"rendered":"<div id=\"moyen-2065923417\" class=\"moyen-before-content moyen-entity-placement\"><script async src=\"\/\/pagead2.googlesyndication.com\/pagead\/js\/adsbygoogle.js?client=ca-pub-3035390706780632\" crossorigin=\"anonymous\"><\/script><ins class=\"adsbygoogle\" style=\"display:block;\" data-ad-client=\"ca-pub-3035390706780632\" \ndata-ad-slot=\"\" \ndata-ad-format=\"auto\"><\/ins>\n<script> \n(adsbygoogle = window.adsbygoogle || []).push({}); \n<\/script>\n<\/div><p style=\"text-align: justify;\"><strong><img decoding=\"async\" class=\"alignleft wp-image-7067\" src=\"https:\/\/www.moyenagepassion.com\/wp-content\/uploads\/2016\/10\/pauvre_rutebeuf_poesie_medievale_occitan_joan_pau_verdier.jpg\" alt=\"pauvre_rutebeuf_poesie_medievale_occitan_joan_pau_verdier\" width=\"153\" height=\"156\" \/>Sujet<\/strong> : po\u00e9sie m\u00e9di\u00e9vale, po\u00e9sie r\u00e9aliste, trouv\u00e8re, hommage L\u00e9o Ferr\u00e9, Vieux fran\u00e7ais, langue d&rsquo;o\u00efl, adaptation, traduction fran\u00e7ais moderne, Rutebeuf<br \/>\n<strong>P\u00e9riode<\/strong> : Moyen \u00c2ge central, XIIIe si\u00e8cle<br \/>\n<strong>Auteur<\/strong>\u00a0; Rutebeuf (1230-1285?)<br \/>\n<strong>Titre<\/strong> : le dit de l&rsquo;\u0153il, la complainte de l&rsquo;\u0153il.<\/p>\n<p>Bonjour \u00e0 tous,<\/p>\n<p style=\"text-align: justify;\"><img decoding=\"async\" class=\"alignleft size-full wp-image-59\" src=\"https:\/\/www.moyenagepassion.com\/wp-content\/uploads\/2015\/12\/A_lettrine_moyen_age_passion.jpg\" alt=\"A_lettrine_moyen_age_passion\" width=\"84\" height=\"103\" \/>ujourd&rsquo;hui nous publions un autre des textes originaux du po\u00e8te m\u00e9di\u00e9val Rutebeuf qui inspira au grand\u00a0<em><strong>L\u00e9o Ferr\u00e9<\/strong><\/em>, ce \u00ab\u00a0<em><strong>Pauvre Rutebeuf<\/strong><\/em>\u00a0\u00bb qu&rsquo;il a tellement fait sien et que tant d&rsquo;autres interpr\u00e8tes \u00a0ont repris depuis.<\/p>\n<p style=\"text-align: justify;\">L&rsquo;alchimie po\u00e9tique est un proc\u00e9d\u00e9 imp\u00e9n\u00e9trable et secret qui s&rsquo;op\u00e8re entre le coeur et la plume du po\u00e8te et, m\u00eame une fois connus quelques uns des ingr\u00e9dients utilis\u00e9s, on n&rsquo;est pas pour autant plus avanc\u00e9. Aussi, ne voyez derri\u00e8re tout cela, aucune volont\u00e9 de d\u00e9shabiller la mari\u00e9e, entendez le g\u00e9nie po\u00e9tique de <em><strong>L\u00e9o Ferr\u00e9<\/strong><\/em>, juste peut-\u00eatre une tentative pour mieux entrapercevoir ce qui passa du coeur de <em><strong>Rutebeuf<\/strong><\/em> au sien, en esp\u00e9rant peut-\u00eatre un peu mieux les comprendre tout deux, dans ce jeu de miroirs po\u00e9tiques. Le reste demeurera, quoiqu&rsquo;il arrive un myst\u00e8re dans l&rsquo;ailleurs de mots, l\u00e0\u00a0o\u00f9 les po\u00e8tes cuisinent leurs math\u00e9matiques secr\u00e8tes et o\u00f9 quelquefois ils se rencontrent, au del\u00e0 de l&rsquo;espace et du \u00a0temps.<\/p>\n<p style=\"text-align: justify;\"><a href=\"https:\/\/www.moyenagepassion.com\/wp-content\/uploads\/2016\/10\/poesie_realiste_medievale_trouvere_rutebeuf_leo_ferre_le_dit_de_l_oeil_moyen-age.jpg\"><img decoding=\"async\" class=\"alignnone size-full wp-image-7447\" src=\"https:\/\/www.moyenagepassion.com\/wp-content\/uploads\/2016\/10\/poesie_realiste_medievale_trouvere_rutebeuf_leo_ferre_le_dit_de_l_oeil_moyen-age.jpg\" alt=\"poesie_realiste_medievale_trouvere_rutebeuf_leo_ferre_le_dit_de_l_oeil_moyen-age\" width=\"1920\" height=\"833\" srcset=\"https:\/\/www.moyenagepassion.com\/wp-content\/uploads\/2016\/10\/poesie_realiste_medievale_trouvere_rutebeuf_leo_ferre_le_dit_de_l_oeil_moyen-age.jpg 1920w, https:\/\/www.moyenagepassion.com\/wp-content\/uploads\/2016\/10\/poesie_realiste_medievale_trouvere_rutebeuf_leo_ferre_le_dit_de_l_oeil_moyen-age-300x130.jpg 300w, https:\/\/www.moyenagepassion.com\/wp-content\/uploads\/2016\/10\/poesie_realiste_medievale_trouvere_rutebeuf_leo_ferre_le_dit_de_l_oeil_moyen-age-1024x444.jpg 1024w\" sizes=\"(max-width: 1920px) 100vw, 1920px\" \/><\/a><\/p>\n<p style=\"text-align: justify;\">Avant de vous livrer cette po\u00e9sie m\u00e9di\u00e9vale originale du trouv\u00e8re m\u00e9di\u00e9val, qui souffla \u00e0 l&rsquo;oreille de L\u00e9o son <em><strong>Pauvre Rutebeuf<\/strong><\/em>, permettez-nous, toutefois, de faire plus un peu qu&rsquo;une simple parenth\u00e8se pour\u00a0envoyer un bouquet de violettes fra\u00eeches et quelques lys blancs \u00e0 l&rsquo;\u00e2me du grand po\u00e8te que fut L\u00e9o Ferr\u00e9. La po\u00e9sie, autant que la langue fran\u00e7aise, lui doivent bien cela et ne nous ont d&rsquo;ailleurs pas attendu pour lui rendre au hommage, mais nous voulons lui faire cette place, ici aussi.<\/p>\n<p>________________________________________________________________________<\/p>\n<h2>Portrait : L\u00e9o Ferr\u00e9, artiste, po\u00e8te et\u00a0rebelle<\/h2>\n<p><a href=\"https:\/\/www.moyenagepassion.com\/wp-content\/uploads\/2016\/10\/poesie_art_majeur_poesie_medieval_rutebeuf_leo_ferre_anarchiste_poete_rebelle_hommage_portrait.jpg\"><img decoding=\"async\" class=\"alignleft wp-image-7461 size-full\" src=\"https:\/\/www.moyenagepassion.com\/wp-content\/uploads\/2016\/10\/poesie_art_majeur_poesie_medieval_rutebeuf_leo_ferre_anarchiste_poete_rebelle_hommage_portrait.jpg\" alt=\"poesie_art_majeur_poesie_medieval_rutebeuf_leo_ferre_anarchiste_poete_rebelle_hommage_portrait\" width=\"600\" height=\"343\" srcset=\"https:\/\/www.moyenagepassion.com\/wp-content\/uploads\/2016\/10\/poesie_art_majeur_poesie_medieval_rutebeuf_leo_ferre_anarchiste_poete_rebelle_hommage_portrait.jpg 600w, https:\/\/www.moyenagepassion.com\/wp-content\/uploads\/2016\/10\/poesie_art_majeur_poesie_medieval_rutebeuf_leo_ferre_anarchiste_poete_rebelle_hommage_portrait-300x172.jpg 300w\" sizes=\"(max-width: 600px) 100vw, 600px\" \/><\/a><\/p>\n<p style=\"text-align: justify;\">N\u00e9 en Aout 1916 \u00e0 Monaco. Mort \u00e0 Castellina in Chianti, en Toscane, en juillet 1993. Un \u00e9pitaphe c&rsquo;est bien court pour r\u00e9sumer \u00e0 la fois la vie d&rsquo;un homme et d&rsquo;un artiste v\u00e9ritable, mais c&rsquo;est \u00e0 ce dernier que nous nous attachons ici.<\/p>\n<p style=\"text-align: justify;\"><img decoding=\"async\" class=\"alignright wp-image-7448\" src=\"https:\/\/www.moyenagepassion.com\/wp-content\/uploads\/2016\/10\/poesie_medievale_hommage_leo_ferre_rutebeuf_trouvere_moyen-age_central.jpg\" alt=\"poesie_medievale_hommage_leo_ferre_rutebeuf_trouvere_moyen-age_central\" width=\"211\" height=\"169\" srcset=\"https:\/\/www.moyenagepassion.com\/wp-content\/uploads\/2016\/10\/poesie_medievale_hommage_leo_ferre_rutebeuf_trouvere_moyen-age_central.jpg 411w, https:\/\/www.moyenagepassion.com\/wp-content\/uploads\/2016\/10\/poesie_medievale_hommage_leo_ferre_rutebeuf_trouvere_moyen-age_central-300x240.jpg 300w\" sizes=\"(max-width: 211px) 100vw, 211px\" \/>Auteur,\u00a0compositeur interpr\u00e8te, musicien, po\u00e8te et Anarchiste, L\u00e9o Ferr\u00e9 \u00e9tait tout cela \u00e0 la fois.\u00a0\u00c9ternel rebelle \u00e0 l&rsquo;autorit\u00e9, ce grand artiste qui ne s&rsquo;inclinait devant rien, sauf peut-\u00eatre la po\u00e9sie des autres pour mieux la partager, nous a l\u00e9gu\u00e9, durant sa carri\u00e8re, de merveilleux textes \u00e9crits de sa plume, mais a\u00a0aussi fait red\u00e9couvrir au public de grands noms de la po\u00e9sie fran\u00e7aise, du moyen-\u00e2g au XXe si\u00e8cle: Fran\u00e7ois Villon, Rutebeuf, Verlaine, Baudelaire, Rimbaud, Aragon, L\u00e9o Ferr\u00e9 a mis en musique, devant son piano, des joyaux et des tr\u00e9sors po\u00e9tiques. L&rsquo;\u00e9motion et la sinc\u00e9rit\u00e9 toujours \u00e0 fleur de peau, avec le clignement de cet oeil qui battait l&rsquo;\u00e9motion comme un coeur, comme pour dire aussi \u00e0 chacun, d&rsquo;un air complice: \u00ab\u00a0\u00e9coutes, c&rsquo;est pour toi\u00a0\u00bb. Tir\u00e9es de leur sommeil de papier,\u00a0les plus grandes po\u00e9sies fran\u00e7aises, prenaient soudain de la proximit\u00e9 et dans ce panth\u00e9on\u00a0d&rsquo;\u00e9ternit\u00e9 dans lequel elles s&rsquo;\u00e9taient<br \/>\ntenues loin du public et si souvent coites, elles redevenaient alors, le temps d&rsquo;un r\u00e9cital, fra\u00eeches comme au premier jour, dans leur intemporalit\u00e9 sublime. Et <a href=\"https:\/\/www.moyenagepassion.com\/wp-content\/uploads\/2016\/10\/poesie_art_majeur_leo_ferre_rebelle_hommage_portrait_rutebeuf.jpg\"><img decoding=\"async\" class=\"alignleft wp-image-7463\" src=\"https:\/\/www.moyenagepassion.com\/wp-content\/uploads\/2016\/10\/poesie_art_majeur_leo_ferre_rebelle_hommage_portrait_rutebeuf-300x231.jpg\" alt=\"poesie_art_majeur_leo_ferre_rebelle_hommage_portrait_rutebeuf\" width=\"262\" height=\"202\" srcset=\"https:\/\/www.moyenagepassion.com\/wp-content\/uploads\/2016\/10\/poesie_art_majeur_leo_ferre_rebelle_hommage_portrait_rutebeuf-300x231.jpg 300w, https:\/\/www.moyenagepassion.com\/wp-content\/uploads\/2016\/10\/poesie_art_majeur_leo_ferre_rebelle_hommage_portrait_rutebeuf.jpg 586w\" sizes=\"(max-width: 262px) 100vw, 262px\" \/><\/a>c&rsquo;\u00e9tait \u00e7a aussi Ferr\u00e9,\u00a0de l&rsquo;amour et de la g\u00e9n\u00e9rosit\u00e9 pour les autres, une fa\u00e7on de tutoyer les \u00e2mes.<\/p>\n<p style=\"text-align: justify;\">Pour le reste et sur ses convictions, rien n&rsquo;a jamais chang\u00e9 Ferr\u00e9: anarchiste comme rebelle aux cons, \u00e9loge de l&rsquo;\u00eatre \u00ab\u00a0contre\u00a0\u00bb,\u00a0r\u00e9tif aux morales toutes faites, aux emp\u00eacheurs de libert\u00e9, \u00e0 ceux qui ne sont rassur\u00e9s que quand les choses tournent en rond et\u00a0tous\u00a0les autres avec. Et puis, il \u00e9tait aussi de cette g\u00e9n\u00e9ration de pensionnaires religieux qui, souvent, pour les m\u00eames raisons, de s\u00e9vices jusqu&rsquo;\u00e0 plus loin, ne pouvaient plus voir le Bon Dieu, pas m\u00eame en peinture tant les hommes qui s&rsquo;en r\u00e9clamaient, avaient r\u00e9ussi \u00e0 les en d\u00e9go\u00fbter. C&rsquo;est cette m\u00eame g\u00e9n\u00e9ration qui, dans les ann\u00e9es soixante soixante-dix, \u00e9taient devenus les enfants terribles des premiers HaraKiris et Charlie:\u00a0les Cavanas, les \u00a0Chorons et les autres, qui firent alors j&rsquo;aillir et exploser leurs paroles dans une apocalypse anticl\u00e9ricale \u00e0 laquelle la p\u00e9riode post soixante-huitarde offrit ces lettres de noblesse.<\/p>\n<p style=\"text-align: justify;\"><a href=\"https:\/\/www.moyenagepassion.com\/wp-content\/uploads\/2016\/10\/poesie_art_majeur_poesie_medieval_rutebeuf_leo_ferre_rebelle_hommage_portrait.jpg\"><img decoding=\"async\" class=\"alignnone wp-image-7457 size-full\" src=\"https:\/\/www.moyenagepassion.com\/wp-content\/uploads\/2016\/10\/poesie_art_majeur_poesie_medieval_rutebeuf_leo_ferre_rebelle_hommage_portrait.jpg\" alt=\"poesie_art_majeur_poesie_medieval_rutebeuf_leo_ferre_rebelle_hommage_portrait\" width=\"600\" height=\"343\" srcset=\"https:\/\/www.moyenagepassion.com\/wp-content\/uploads\/2016\/10\/poesie_art_majeur_poesie_medieval_rutebeuf_leo_ferre_rebelle_hommage_portrait.jpg 600w, https:\/\/www.moyenagepassion.com\/wp-content\/uploads\/2016\/10\/poesie_art_majeur_poesie_medieval_rutebeuf_leo_ferre_rebelle_hommage_portrait-300x172.jpg 300w\" sizes=\"(max-width: 600px) 100vw, 600px\" \/><\/a><\/p>\n<p style=\"text-align: justify;\">En dehors de cela, L\u00e9o Ferr\u00e9, fid\u00e8le au dictionnaire d\u00e9finissait son anarchisme comme une forme d&rsquo;insoumission qui ne reconnait la l\u00e9gitimit\u00e9 d&rsquo;aucune autorit\u00e9 d&rsquo;o\u00f9 qu&rsquo;elle vienne, avec river au ventre, une seule ivresse, celle de la \u00a0libert\u00e9: lib\u00e9rer la parole et les mots \u00a0semblait presque chez lui comme une urgence, et avec cela, rendre tout son sens \u00e0 l&rsquo;injure et red\u00e9finir le grossier. Etre vulgaire,\u00a0\u00a0c&rsquo;est se coucher et c&rsquo;est refuser d&rsquo;\u00eatre libre. Au del\u00e0 de la politique, Ferr\u00e9 c&rsquo;est quand un cul, retrouvant sa gr\u00e2ce, devient, tout soudain, un mot rond \u00e0 faire fuir <em><strong>Andr\u00e9 Breton<\/strong><\/em>. La vie, l&rsquo;Amour, comme religion. \u00ab\u00a0Ni Dieu, ni ma\u00eetre\u00a0\u00bb, le temps qui fout le camp et cette mer ent\u00eatante qui se fracasse sur les rives du souvenir comme une douleur sublim\u00e9e. Magie des mots qui ensorcellent. Le sourire sur les l\u00e8vres et la tristesse au bord du coeur, le d\u00e9sespoir comme une seconde peau: un coeur ouvert, \u00e7a re\u00e7oit tout et \u00e7a finit, souvent, par se blesser aux \u00e9pines du monde. L\u00e9o col\u00e8re. L\u00e9o \u00e0 vif. L\u00e9o amer. Et pourtant, continuer, aimer la vie jusqu&rsquo;\u00e0 plus soif, l&rsquo;aimer d&rsquo;amour \u00e0 <img decoding=\"async\" class=\"alignright wp-image-7449\" src=\"https:\/\/www.moyenagepassion.com\/wp-content\/uploads\/2016\/10\/leo_ferre_poetes_vos_papiers_pauvre_rutebeuf_poesie_hommage_portrait.jpg\" alt=\"leo_ferre_poetes_vos_papiers_pauvre_rutebeuf_poesie_hommage_portrait\" width=\"217\" height=\"317\" srcset=\"https:\/\/www.moyenagepassion.com\/wp-content\/uploads\/2016\/10\/leo_ferre_poetes_vos_papiers_pauvre_rutebeuf_poesie_hommage_portrait.jpg 350w, https:\/\/www.moyenagepassion.com\/wp-content\/uploads\/2016\/10\/leo_ferre_poetes_vos_papiers_pauvre_rutebeuf_poesie_hommage_portrait-205x300.jpg 205w\" sizes=\"(max-width: 217px) 100vw, 217px\" \/>faire crever \u00e0 sa surface des bulles de beaut\u00e9s po\u00e9tiques, comme de l&rsquo;oxyg\u00e8ne pour ne pas suffoquer.<\/p>\n<p style=\"text-align: justify;\">Dans la France des ann\u00e9es cinquante et soixante, il fallait avoir le courage d&rsquo;avoir des ennemis, et c&rsquo;est un courage comme toujours qui va jusque dans l&rsquo;assiette. Il faut le comprendre. le prix que paye l&rsquo;artiste entier (y en a-t&rsquo;il d&rsquo;autres?) n&rsquo;est jamais abstrait et\u00a0la libert\u00e9 d&rsquo;expression a toujours un prix bien r\u00e9elle que son quotidien lui rappelle. Mais\u00a0c&rsquo;est peut-\u00eatre, l\u00e0\u00a0encore, l&rsquo;absence de choix qui est aux commandes, l&rsquo;impossibilit\u00e9 de faire autrement\u00a0et\u00a0de composer avec sa nature autre chose que de la musique et des mots. Pour le reste, vivre debout! Et La provocation qui naissait parfois de tout cela, au point de voir certains de ses textes interdits n&rsquo;\u00e9tait\u00a0qu&rsquo;une cons\u00e9quence de cette nature insoumise, pas\u00a0un ustensile marketing: la cons\u00e9quence d&rsquo;un \u00eatre au monde.<\/p>\n<p style=\"text-align: justify;\"><em><strong>\u00ab\u00a0Po\u00e8tes, vos papiers!\u00a0\u00bb<\/strong><\/em>, L\u00e9o passait, indiff\u00e9rent, sans s&rsquo;arr\u00eater ou bien se mettait \u00e0 gueuler et, bien avant la vie de ch\u00e2teau, qui ne dura pas tant que \u00e7a et puis, qui se finit en drame, la mis\u00e8re lui a coll\u00e9 longtemps \u00e0 la peau, de longues ann\u00e9es et ce n&rsquo;est, surement pas par hasard, qu&rsquo;\u00e0 travers les si\u00e8cles, celle de Rutebeuf et ses longues complaintes lui a parl\u00e9.<\/p>\n<h2>\u00ab\u00a0La m\u00e9moire et la mer\u00a0\u00bb<br \/>\nLe chemin de l&rsquo;envers po\u00e9tique<\/h2>\n<p><a href=\"https:\/\/www.moyenagepassion.com\/wp-content\/uploads\/2016\/10\/poesie_art_majeur_poesie_medieval_rutebeuf_leo_ferre_hommage_portrait.jpg\"><img decoding=\"async\" class=\"alignnone wp-image-7455 size-full\" src=\"https:\/\/www.moyenagepassion.com\/wp-content\/uploads\/2016\/10\/poesie_art_majeur_poesie_medieval_rutebeuf_leo_ferre_hommage_portrait.jpg\" alt=\"poesie_art_majeur_poesie_medieval_rutebeuf_leo_ferre_hommage_portrait\" width=\"600\" height=\"343\" srcset=\"https:\/\/www.moyenagepassion.com\/wp-content\/uploads\/2016\/10\/poesie_art_majeur_poesie_medieval_rutebeuf_leo_ferre_hommage_portrait.jpg 600w, https:\/\/www.moyenagepassion.com\/wp-content\/uploads\/2016\/10\/poesie_art_majeur_poesie_medieval_rutebeuf_leo_ferre_hommage_portrait-300x172.jpg 300w\" sizes=\"(max-width: 600px) 100vw, 600px\" \/><\/a><\/p>\n<p style=\"text-align: justify;\">Dans ce Moyen \u00c2ge o\u00f9 les rimes et les vers n&rsquo;\u00e9taient souvent que chant\u00e9s, <a href=\"https:\/\/www.moyenagepassion.com\/?s=Eustache\" target=\"_blank\" rel=\"noopener\">Eustache Deschamps,<\/a> au XIVe si\u00e8cle cr\u00e9a une rupture pour affranchir l&rsquo;art po\u00e9tique de l&rsquo;art musical. La po\u00e9sie avait son langage, une musique inn\u00e9e, nich\u00e9e dans le c\u0153ur de ceux qui la comprenaient. Elle n&rsquo;avait besoin de rien d&rsquo;autre qu&rsquo;elle-m\u00eame pour tenir debout; c&rsquo;\u00e9tait un art majeur, un art \u00e0 part enti\u00e8re et en lui donnant ses lettres de noblesses, le po\u00e8te m\u00e9di\u00e9val l&rsquo;affranchissait pour les si\u00e8cles \u00e0 venir. Six cents ans plus tard, elle avait m\u00fbri, grandi, <img decoding=\"async\" class=\"alignright wp-image-7459\" src=\"https:\/\/www.moyenagepassion.com\/wp-content\/uploads\/2016\/10\/leo_ferre_hommage_portrait_anarchiste_poesie_rutebeuf_art_majeur.jpg\" alt=\"leo_ferre_hommage_portrait_anarchiste_poesie_rutebeuf_art_majeur\" width=\"97\" height=\"570\" srcset=\"https:\/\/www.moyenagepassion.com\/wp-content\/uploads\/2016\/10\/leo_ferre_hommage_portrait_anarchiste_poesie_rutebeuf_art_majeur.jpg 204w, https:\/\/www.moyenagepassion.com\/wp-content\/uploads\/2016\/10\/leo_ferre_hommage_portrait_anarchiste_poesie_rutebeuf_art_majeur-51x300.jpg 51w, https:\/\/www.moyenagepassion.com\/wp-content\/uploads\/2016\/10\/leo_ferre_hommage_portrait_anarchiste_poesie_rutebeuf_art_majeur-174x1024.jpg 174w\" sizes=\"(max-width: 97px) 100vw, 97px\" \/>des auteurs gigantesques \u00e9taient pass\u00e9s par l\u00e0, et L\u00e9o Ferr\u00e9 s&rsquo;en m\u00ealait. En faisant le chemin \u00e0 l&rsquo;envers, le po\u00e8te anarchiste de Saint Germain des pr\u00e9s ouvrait sa propre voie\u00a0pour une\u00a0r\u00e9conciliation des deux: mettre\u00a0la musique au service de la d\u00e9couverte po\u00e9tique ou de son errance. Avait-il \u00e9t\u00e9 le seul? Sans doute pas mais dans ses plus grandes envol\u00e9es po\u00e9tique, marque des v\u00e9ritables artistes, il cr\u00e9ait un genre unique qui n&rsquo;appartenait qu&rsquo;\u00e0 lui et\u00a0qui n&rsquo;avait plus grand chose \u00e0 voir avec\u00a0des\u00a0\u00ab\u00a0chansonnettes\u00a0\u00bb.<\/p>\n<p style=\"text-align: justify;\">Un des\u00a0points culminants de cet art po\u00e9tique est un texte merveilleux qu&rsquo;il \u00e9crivit lui-m\u00eame et\u00a0qui pourrait, sans en rougir, figurer aux c\u00f4t\u00e9s des plus grands, dans\u00a0l&rsquo;anthologie de la po\u00e9sie fran\u00e7aise. Il y consacra des ann\u00e9es, plus de seize dit-on. Ceci n&rsquo;est pas une chanson, ou si c&rsquo;en est une, la plupart des autres ne le sont plus,\u00a0parce que soudain, avec \u00ab\u00a0L<em><strong>a m\u00e9moire et la mer<\/strong><\/em>\u00a0\u00bb \u00a0qu&rsquo;il donna pour la premi\u00e8re fois dans les ann\u00e9es soixante-dix, le mot \u00a0\u00ab\u00a0chanson\u00a0\u00bb devenait trop \u00e9troit pour d\u00e9crire ce moment, ce texte et cette \u00e9motion qu&rsquo;il \u00a0offrait \u00e0 son public. Encore une fois, Cela n&rsquo;a rien de m\u00e9di\u00e9val et il s&rsquo;agit po\u00e9sie, mais si on doit \u00e0 L\u00e9o Ferr\u00e9 d&rsquo;avoir fait red\u00e9couvrir Villon ou Rutebeuf, alors, autant que la po\u00e9sie fran\u00e7aise lui est redevable, le Moyen \u00c2ge aussi lui doit bien cela.<\/p>\n<h2 style=\"text-align: left;\">La M\u00e9moire et la Mer :<br \/>\noeuvre po\u00e9tique majeure<\/h2>\n<p style=\"text-align: justify;\"><code><iframe src=\"https:\/\/www.youtube.com\/embed\/aDHu3r2VLv0\" width=\"600\" height=\"333\" frameborder=\"0\" allowfullscreen=\"allowfullscreen\"><\/iframe><\/code><\/p>\n<p style=\"text-align: justify;\"><img decoding=\"async\" class=\"alignleft wp-image-7453\" src=\"https:\/\/www.moyenagepassion.com\/wp-content\/uploads\/2016\/10\/leo_ferre_hommage_poesie_art_majeur.jpg\" alt=\"leo_ferre_hommage_poesie_art_majeur\" width=\"168\" height=\"235\" srcset=\"https:\/\/www.moyenagepassion.com\/wp-content\/uploads\/2016\/10\/leo_ferre_hommage_poesie_art_majeur.jpg 300w, https:\/\/www.moyenagepassion.com\/wp-content\/uploads\/2016\/10\/leo_ferre_hommage_poesie_art_majeur-214x300.jpg 214w\" sizes=\"(max-width: 168px) 100vw, 168px\" \/>Quant\u00a0au\u00a0sens litt\u00e9ral de cette po\u00e9sie biographique, surr\u00e9aliste et \u00e9vocatrice de la vie de L\u00e9o Ferr\u00e9, on n&rsquo;a, pour \u00eatre \u00e9mu, pas besoin d&rsquo;en avoir les cl\u00e9s. Les images naissent, merveilleuses, et les mots font surgir, dans leur \u00e9cume, des tr\u00e9sors d&rsquo;\u00e9motions. La beaut\u00e9 de l&rsquo;alchimie po\u00e9tique. Ce proc\u00e9d\u00e9 secret et magique dont nous parlions plus haut convertissait, ici, les souvenirs de l&rsquo;auteur en un\u00a0joyau de po\u00e9sie surr\u00e9aliste. Combien de vocations sont-elles n\u00e9es de l&rsquo;\u00e9couter? Combien d&rsquo;Hubert Felix Thiefaine? Combien d&rsquo;autres? Et au del\u00e0 de cet ailleurs po\u00e9tique qui ne conc\u00e8de rien de facile, ce qui se donne encore ici, c&rsquo;est la magie d&rsquo;un \u00eatre unique qui porte en lui ce don de donner des textures au mots et qui nous offre de tout son \u00e2me,\u00a0une d\u00e9finition de la po\u00e9sie comme Art majeur. Alors une fois encore un grand merci monsieur L\u00e9o Ferr\u00e9 pour cette le\u00e7on de musique et d&rsquo;alchimie po\u00e9tique.<\/p>\n<p style=\"text-align: justify;\">________________________________________________________________________<\/p>\n<h2>Le dit de l&rsquo;oeil<br \/>\nou la complainte de l&rsquo;oeil de Rutebeuf<\/h2>\n<p><a href=\"https:\/\/www.moyenagepassion.com\/wp-content\/uploads\/2016\/10\/poesie_medievale_rutebeuf_leo_ferre_pauvre_rutebeuf_alchimie_poetique_le_miroir_des_poetes_.jpg\"><img decoding=\"async\" class=\"alignleft wp-image-7464 size-full\" src=\"https:\/\/www.moyenagepassion.com\/wp-content\/uploads\/2016\/10\/poesie_medievale_rutebeuf_leo_ferre_pauvre_rutebeuf_alchimie_poetique_le_miroir_des_poetes_.jpg\" alt=\"poesie_medievale_rutebeuf_leo_ferre_pauvre_rutebeuf_alchimie_poetique_le_miroir_des_poetes_\" width=\"671\" height=\"403\" srcset=\"https:\/\/www.moyenagepassion.com\/wp-content\/uploads\/2016\/10\/poesie_medievale_rutebeuf_leo_ferre_pauvre_rutebeuf_alchimie_poetique_le_miroir_des_poetes_.jpg 671w, https:\/\/www.moyenagepassion.com\/wp-content\/uploads\/2016\/10\/poesie_medievale_rutebeuf_leo_ferre_pauvre_rutebeuf_alchimie_poetique_le_miroir_des_poetes_-300x180.jpg 300w\" sizes=\"(max-width: 671px) 100vw, 671px\" \/><\/a><\/p>\n<p style=\"text-align: justify;\">Cette po\u00e9sie de Rutebeuf, nous y venons, dont L\u00e9o Ferr\u00e9 cita de longs passages, est,\u00a0 \u00e0 l&rsquo;origine, une longue complainte du po\u00e8te m\u00e9di\u00e9val sur sa situation \u00a0et sur ses mis\u00e8res. Rutebeuf, pris \u00e0 la gorge de toute part, \u00e0 sa mani\u00e8re presque devenue habituelle, y livre ses malheurs, en vrac, et sans m\u00e9nagement. Et tout y passe, sa sant\u00e9, son mariage a demi-rat\u00e9, un enfant en bas \u00e2ge qu&rsquo;il faut alimenter et dont il faut payer la nurse, sa grande pauvret\u00e9 et cette solitude aussi qu&rsquo;il traverse dans ce d\u00e9sert que ne laissent que les faux amis.<\/p>\n<p style=\"text-align: justify;\">C&rsquo;est un texte tr\u00e8s ardu \u00e0 comprendre par endroits, et tr\u00e8s long. Il est de cette langue parisienne de Rutebeuf que les autres auteurs peinent tant par moments \u00e0 parler ce dont quelquefois d&rsquo;ailleurs ils s&rsquo;excusent m\u00eame (<a href=\"https:\/\/www.moyenagepassion.com\/index.php\/2016\/09\/16\/reconnaissance-de-la-langue-doil-et-de-paris-et-naissance-du-francais-moderne\/\" target=\"_blank\" rel=\"noopener\">cf citation de Jehan de Meung<\/a>)\u00a0mais nous vous en proposons tout de m\u00eame une adaptation entre les lignes. Elle se base sur quelques traductions existantes, notamment celle de Michel Zinc mais\u00a0aussi\u00a0sur diff\u00e9rentes recherches p\u00e9riph\u00e9riques en vieux fran\u00e7ais.<\/p>\n<h2 style=\"text-align: center;\"><em>Ci encoumence la complainte Rutebuef de son oeul<\/em> ou<em> le dit de l&rsquo;oeil<\/em><\/h2>\n<p style=\"text-align: center;\"><strong><em><span style=\"color: #008000;\">Ne covient pas je vos raconte<\/span><\/em><\/strong><br \/>\n<strong><em><span style=\"color: #008000;\"> Coument je me sui mis a hunte,<\/span><\/em><\/strong><br \/>\n<strong><em><span style=\"color: #008000;\"> Quar bien aveiz o\u00ef le conte<\/span><\/em><\/strong><br \/>\n<strong><em><span style=\"color: #008000;\"> En queil meniere<\/span><\/em><\/strong><br \/>\n<strong><em><span style=\"color: #008000;\"> Je pris ma fame darreniere,<\/span><\/em><\/strong><br \/>\n<strong><em><span style=\"color: #008000;\"> Qui bele ne gente nen iere.<\/span><\/em><\/strong><br \/>\n<strong><em><span style=\"color: #008000;\"> Lors nasqui painne<\/span><\/em><\/strong><br \/>\n<strong><em><span style=\"color: #008000;\"> Qui dura plus d&rsquo;une semainne,<\/span><\/em><\/strong><br \/>\n<strong><em><span style=\"color: #008000;\"> Qu&rsquo;el coumensa en lune plainne<\/span><\/em><\/strong>.<\/p>\n<p style=\"text-align: center;\"><em>Ne convient pas que vous raconte<\/em><br \/>\n<em> Comment je me suis mis la honte<\/em><br \/>\n<em> Car je vous ai d\u00e9j\u00e0 cont\u00e9<\/em><br \/>\n<em> En quelle mani\u00e8re<\/em><br \/>\n<em> J&rsquo;\u00e9pousa ma derni\u00e8re femme<\/em><br \/>\n<span style=\"color: #000000;\"><em> Qui n&rsquo;est ni belle ni gracieuse<\/em><\/span><br \/>\n<em> Tout cela causa de grandes peines<\/em><br \/>\n<em> Qui dur\u00e8rent plus d&rsquo;une semaine<\/em><br \/>\n<em> Et commenc\u00e8rent en lune pleine<\/em><\/p>\n<p style=\"text-align: center;\"><span style=\"color: #008000;\"><em><strong>Or entendeiz,<\/strong><\/em><\/span><br \/>\n<span style=\"color: #008000;\"><em><strong> Vos qui rime me demandeiz,<\/strong><\/em><\/span><br \/>\n<span style=\"color: #008000;\"><em><strong> Coument je me sui amendeiz<\/strong><\/em><\/span><br \/>\n<span style=\"color: #008000;\"><em><strong> De fame panrre.<\/strong><\/em><\/span><br \/>\n<span style=\"color: #008000;\"><em><strong> Je n&rsquo;ai qu&rsquo;engagier ne que vendre,<\/strong><\/em><\/span><br \/>\n<span style=\"color: #008000;\"><em><strong> Que j&rsquo;ai tant e\u00fc a entendre<\/strong><\/em><\/span><br \/>\n<span style=\"color: #008000;\"><em><strong> Et tant a faire,<\/strong><\/em><\/span><br \/>\n<span style=\"color: #008000;\"><em><strong> Et tant d&rsquo;anui et de contraire,<\/strong><\/em><\/span><br \/>\n<span style=\"color: #008000;\"><em><strong> Car, qui le vos vauroit retraire,<\/strong><\/em><\/span><br \/>\n<span style=\"color: #008000;\"><em><strong> Il durroit trop.<\/strong><\/em><\/span><\/p>\n<p style=\"text-align: center;\"><span style=\"color: #000000;\"><em>Aussi \u00e9coutez<\/em><\/span><br \/>\n<span style=\"color: #000000;\"><em> Vous qui me demandez de rimer<\/em><\/span><br \/>\n<span style=\"color: #000000;\"><em> Comment je me suis amend\u00e9* \u00a0(\u00ab\u00a0gu\u00e9ri\u00a0\u00bb)<\/em><\/span><br \/>\n<span style=\"color: #000000;\"><em> De prendre femme \u00a0(\u00ab\u00a0de me marier\u00a0\u00bb)<\/em><\/span><br \/>\n<span style=\"color: #000000;\"><em> Je n&rsquo;ai plus rien \u00e0 gager ni \u00e0 vendre<\/em><\/span><br \/>\n<span style=\"color: #000000;\"><em> J&rsquo;ai du \u00a0faire face \u00e0 tant de choses<\/em><\/span><br \/>\n<span style=\"color: #000000;\"><em> Et tant \u00e0 faire,<\/em><\/span><br \/>\n<span style=\"color: #000000;\"><em> Et tant de chagrins et d&rsquo;ennuis<\/em><\/span><br \/>\n<span style=\"color: #000000;\"><em> Que si je devais tous vous les conter<\/em><\/span><br \/>\n<span style=\"color: #000000;\"><em> Cela durerait trop longtemps<\/em><\/span><\/p>\n<p style=\"text-align: center;\"><span style=\"color: #008000;\"><em><strong>Diex m&rsquo;a fait compaignon a Job:<\/strong><\/em><\/span><br \/>\n<span style=\"color: #008000;\"><em><strong> Il m&rsquo;a tolu a un sol cop<\/strong><\/em><\/span><br \/>\n<span style=\"color: #008000;\"><em><strong> Quanque j&rsquo;avoie.<\/strong><\/em><\/span><br \/>\n<span style=\"color: #008000;\"><em><strong> De l&rsquo;ueil destre, dont miex veoie,<\/strong><\/em><\/span><br \/>\n<span style=\"color: #008000;\"><em><strong> Ne voi ge pas aleir la voie<\/strong><\/em><\/span><br \/>\n<span style=\"color: #008000;\"><em><strong> Ne moi conduire.<\/strong><\/em><\/span><br \/>\n<span style=\"color: #008000;\"><em><strong> Ci at doleur dolante et dure,<\/strong><\/em><\/span><br \/>\n<span style=\"color: #008000;\"><em><strong> Qu&rsquo;endroit meidi m&rsquo;est nuit oscure<\/strong><\/em><\/span><br \/>\n<span style=\"color: #008000;\"><em><strong> De celui eul.<\/strong><\/em><\/span><\/p>\n<p style=\"text-align: center;\"><span style=\"color: #000000;\"><em>Dieu m&rsquo;a fait compagnon de Job<\/em><\/span><br \/>\n<span style=\"color: #000000;\"><em>Il m&rsquo;a \u00f4t\u00e9 en une seule fois<\/em><\/span><br \/>\n<span style=\"color: #000000;\"><em>Tout ce que j&rsquo;avais<\/em><\/span><br \/>\n<span style=\"color: #000000;\"><em>De l&rsquo;oeil droit, \u00a0dont je vois \u00a0mieux\u00a0<\/em><\/span><br \/>\n<span style=\"color: #000000;\"><em>Je ne vois pas o\u00f9 va la voie<\/em><\/span><br \/>\n<span style=\"color: #000000;\"><em>Et ne peux me conduire (m&rsquo;orienter)<\/em><\/span><br \/>\n<span style=\"color: #000000;\"><em>C&rsquo;est vraiment douloureux et dur<\/em><\/span><br \/>\n<span style=\"color: #000000;\"><em>Qu&rsquo;en plein midi, c&rsquo;est nuit obscure<\/em><\/span><br \/>\n<span style=\"color: #000000;\"><em>Pour cet oeil.<br \/>\n<\/em><\/span><br \/>\n<strong><em><span style=\"color: #008000;\">Or n&rsquo;ai ge pas quanque je weil,<\/span><\/em><\/strong><br \/>\n<strong><em><span style=\"color: #008000;\"> Ainz sui dolanz et si me dueil<\/span><\/em><\/strong><br \/>\n<strong><em><span style=\"color: #008000;\"> Parfondement,<\/span><\/em><\/strong><br \/>\n<strong><em><span style=\"color: #008000;\"> C&rsquo;or sui en grant afondement<\/span><\/em><\/strong><br \/>\n<strong><em><span style=\"color: #008000;\"> Ce par ceulz n&rsquo;ai relevement<\/span><\/em><\/strong><br \/>\n<strong><em><span style=\"color: #008000;\"> Qui jusque ci<\/span><\/em><\/strong><br \/>\n<strong><em><span style=\"color: #008000;\"> M&rsquo;ont secorru, la lor merci.<\/span><\/em><\/strong><br \/>\n<strong><em><span style=\"color: #008000;\"> Moult ai le cuer triste et marri<\/span><\/em><\/strong><br \/>\n<strong><em><span style=\"color: #008000;\"> De cest mehaing,<\/span><\/em><\/strong><br \/>\n<strong><em><span style=\"color: #008000;\"> Car je n&rsquo;i voi pas mon gaaing.<\/span><\/em><\/strong><br \/>\n<strong><em><span style=\"color: #008000;\"> Or n&rsquo;ai je pas quanque je aing:<\/span><\/em><\/strong><br \/>\n<strong><em><span style=\"color: #008000;\"> C&rsquo;est mes damaiges.<\/span><\/em><\/strong><\/p>\n<p style=\"text-align: center;\"><em><span style=\"color: #000000;\">Alors\u00a0rien ne va comme je voudrais<\/span><\/em><br \/>\n<em>Mais je suis plut\u00f4t triste et afflig\u00e9<\/em><br \/>\n<em> Profond\u00e9ment.<\/em><br \/>\n<em>Car je me trouve \u00a0au fond du gouffre<\/em><br \/>\n<em> Et ne dois de me relever qu&rsquo; \u00e0 ceux<\/em><br \/>\n<em> Qui jusqu&rsquo;ici<\/em><br \/>\n<em> M&rsquo;ont secouru. Merci \u00e0 eux.<\/em><br \/>\n<em> J&rsquo;ai le coeur si triste et afflig\u00e9<\/em><br \/>\n<em> De cette infirmit\u00e9<\/em><br \/>\n<em> Car je n&rsquo;y vois rien \u00e0 gagner<\/em><br \/>\n<em><span style=\"color: #333333;\">Et rien ne va comme j&rsquo;aimerais<\/span><\/em><br \/>\n<em> Tel est mon grand malheur<\/em><\/p>\n<p style=\"text-align: center;\"><strong><span style=\"color: #008000;\"><em>Ne sai ce s&rsquo;a fait mes outrages.<\/em><\/span><\/strong><br \/>\n<strong><span style=\"color: #008000;\"><em> Or devanrrai sobres et sages<\/em><\/span><\/strong><br \/>\n<strong><span style=\"color: #008000;\"><em> Apr\u00e9s le fait<\/em><\/span><\/strong><br \/>\n<strong><span style=\"color: #008000;\"><em> Et me garderai de forfait.<\/em><\/span><\/strong><br \/>\n<strong><span style=\"color: #008000;\"><em> Mais ce que vaut quant c&rsquo;est ja fait?<\/em><\/span><\/strong><br \/>\n<strong><span style=\"color: #008000;\"><em> Tart sui me\u00fcz.<\/em><\/span><\/strong><br \/>\n<strong><span style=\"color: #008000;\"><em> A tart me sui aparce\u00fcz<\/em><\/span><\/strong><br \/>\n<strong><span style=\"color: #008000;\"><em> Quant je sui en mes laz che\u00fcz<\/em><\/span><\/strong><br \/>\n<strong><span style=\"color: #008000;\"><em> Ce premier an.<\/em><\/span><\/strong><br \/>\n<strong><span style=\"color: #008000;\"><em> Me gart cil Diex en mon droit san<\/em><\/span><\/strong><br \/>\n<strong><span style=\"color: #008000;\"><em> Qui por nous ot poinne et ahan,<\/em><\/span><\/strong><br \/>\n<strong><span style=\"color: #008000;\"><em> Et me gart l&rsquo;arme!<\/em><\/span><\/strong><\/p>\n<p style=\"text-align: center;\"><em>Je ne sais si je dois cela \u00e0\u00a0mes exc\u00e8s,<\/em><br \/>\n<em> Mais, dor\u00e9navant, je serais sobre et sage<\/em><br \/>\n<em> Apr\u00e8s tout cela,<\/em><br \/>\n<em> Et me garderai de mal me conduire <\/em><br \/>\n<em>Mais que valent les mots puisque le mal est fait<\/em><br \/>\n<em>Je m&rsquo;\u00e9meus trop tard<\/em><br \/>\n<em>Trop\u00a0tard je m&rsquo;en suis aper\u00e7u<\/em><br \/>\n<em>Alors que j&rsquo;avais d\u00e9j\u00e0 chu \u00a0(dans l&rsquo;infortune)<\/em><br \/>\n<em>Cette\u00a0premi\u00e8re ann\u00e9e<br \/>\nQue Dieu me garde \u00a0mon bon sens<br \/>\nQui pour nous eut peine et douleur<br \/>\nEt prot\u00e8ge mon \u00e2me<\/em><\/p>\n<p style=\"text-align: center;\"><span style=\"color: #008000;\"><strong><em>Or a d&rsquo;enfant ge\u00fc ma fame;<\/em><\/strong><\/span><br \/>\n<span style=\"color: #008000;\"> <strong><em> Mes chevaux ot brizi\u00e9 la jambe<\/em><\/strong><\/span><br \/>\n<span style=\"color: #008000;\"> <strong><em> A une lice;<\/em><\/strong><\/span><br \/>\n<span style=\"color: #008000;\"> <strong><em> Or wet de l&rsquo;argent ma norrice,<\/em><\/strong><\/span><br \/>\n<span style=\"color: #008000;\"> <strong><em> Qui m&rsquo;en destraint et m&rsquo;en pelice<\/em><\/strong><\/span><br \/>\n<span style=\"color: #008000;\"> <strong><em> Por l&rsquo;enfant paistre,<\/em><\/strong><\/span><br \/>\n<span style=\"color: #008000;\"> <strong><em> Ou il revanrra braire en l&rsquo;aitre.<\/em><\/strong><\/span><br \/>\n<span style=\"color: #008000;\"> <strong><em> Cil sire Diex qui le fit naitre<\/em><\/strong><\/span><br \/>\n<span style=\"color: #008000;\"> <strong><em> Li doint chevance<\/em><\/strong><\/span><br \/>\n<span style=\"color: #008000;\"> <strong><em> Et li envoit sa soutenance,<\/em><\/strong><\/span><br \/>\n<span style=\"color: #008000;\"> <strong><em> Et me doint ancor alijance<\/em><\/strong><\/span><br \/>\n<span style=\"color: #008000;\"> <strong><em> Qu&rsquo;aidier li puisse,<\/em><\/strong><\/span><br \/>\n<span style=\"color: #008000;\"> <strong><em> Et que miex son vivre li truisse,<\/em><\/strong><\/span><br \/>\n<span style=\"color: #008000;\"> <strong><em> Et que miex mon hosteil conduisse<\/em><\/strong><\/span><br \/>\n<span style=\"color: #008000;\"> <strong><em> Que je ne fais.<\/em><\/strong><\/span><\/p>\n<p style=\"text-align: center;\"><em>Et\u00a0voil\u00e0 que\u00a0ma femme m&rsquo;a fait un enfant;\u00a0<\/em><br \/>\n<em> Mon cheval s&rsquo;est bris\u00e9 la patte<\/em><br \/>\n<em> Contre une barri\u00e8re<\/em><br \/>\n<em> Et maintenant c&rsquo;est\u00a0ma nourrice qui veut de\u00a0l&rsquo;argent<\/em><br \/>\n<em>Elle me torture et elle m&rsquo;\u00e9corche (me tond)<\/em><br \/>\n<em>Pour nourrir l&rsquo;enfant<\/em><br \/>\n<em>Sans quoi il reviendra hurler dans\u00a0la maison<\/em><br \/>\n<em>Si le seigneur Dieu qui le fit na\u00eetre<\/em><br \/>\n<em>Peut le prendre en charit\u00e9<\/em><br \/>\n<em> Et lui envoyer son soutien<\/em><br \/>\n<em> Et s&rsquo;il se sent encore un peu oblig\u00e9 envers moi<\/em><br \/>\n<em>Qu&rsquo;il puisse l&rsquo;aider<\/em><br \/>\n<em>Et qu&rsquo;il lui trouve mieux sa pitance<\/em><br \/>\n<em>Et qu&rsquo;il conduise mieux ma maison<\/em><br \/>\n<em>Que je ne le fais.<\/em><\/p>\n<p style=\"text-align: center;\"><span style=\"color: #008000;\"><strong><em> Ce je m&rsquo;esmai, je n&rsquo;en puis mais,<\/em><\/strong><\/span><br \/>\n<span style=\"color: #008000;\"> <strong><em> Car je n&rsquo;ai douzainne ne fais,<\/em><\/strong><\/span><br \/>\n<span style=\"color: #008000;\"> <strong><em> En ma maison,<\/em><\/strong><\/span><br \/>\n<span style=\"color: #008000;\"> <strong><em> De buche por ceste saison.<\/em><\/strong><\/span><br \/>\n<span style=\"color: #008000;\"> <strong><em> Si esbahiz ne fu nunz hom<\/em><\/strong><\/span><br \/>\n<span style=\"color: #008000;\"> <strong><em> Com je sui voir,<\/em><\/strong><\/span><br \/>\n<span style=\"color: #008000;\"> <strong><em> C&rsquo;onques ne fui a mainz d&rsquo;avoir.<\/em><\/strong><\/span><br \/>\n<span style=\"color: #008000;\"> <strong><em> Mes hostes wet l&rsquo;argent avoir<\/em><\/strong><\/span><br \/>\n<span style=\"color: #008000;\"> <strong><em> De son hosteil,<\/em><\/strong><\/span><br \/>\n<span style=\"color: #008000;\"> <strong><em> Et j&rsquo;en ai presque tout ostei,<\/em><\/strong><\/span><br \/>\n<span style=\"color: #008000;\"> <strong><em> Et si me sunt nu li costei<\/em><\/strong><\/span><br \/>\n<span style=\"color: #008000;\"> <strong><em> Contre l&rsquo;iver,<\/em><\/strong><\/span><br \/>\n<span style=\"color: #008000;\"> <strong><em> Dont mout me sunt changi\u00e9 li ver<\/em><\/strong><\/span><br \/>\n<span style=\"color: #008000;\"> <strong><em> (Cist mot me sunt dur et diver)<\/em><\/strong><\/span><br \/>\n<span style=\"color: #008000;\"> <strong><em> Envers antan.<\/em><\/strong><\/span><\/p>\n<p style=\"text-align: center;\"><em>Je m&rsquo;\u00e9meus de tout cela\u00a0mais\u00a0je n&rsquo;y peux rien<\/em><br \/>\n<em>Car je n&rsquo;ai ni douzaine ni fagot<\/em><br \/>\n<em>Dans ma maison<\/em><br \/>\n<em>De b\u00fbches pour cette saison<\/em><br \/>\n<em>Aussi perdu ne fut nul homme<\/em><br \/>\n<em>Comme je le suis vraiment<\/em><br \/>\n<em>Car jamais je ne fus tant d\u00e9muni<\/em><br \/>\n<em>Mon propri\u00e9taire r\u00e9clame l&rsquo;argent<\/em><br \/>\n<em>De son loyer<\/em><br \/>\n<em>Et j&rsquo;ai d\u00e9j\u00e0 presque tout d\u00e9pens\u00e9<\/em><br \/>\n<em>Et mes c\u00f4tes se trouvent \u00e0 nu<\/em><br \/>\n<em>Contre l&rsquo;hiver<\/em><br \/>\n<em>D&rsquo;o\u00f9 mes rimes ont beaucoup chang\u00e9<\/em><br \/>\n<em>(ces mots me sont durs et cruels)<\/em><br \/>\n<em>Compar\u00e9s \u00e0 l&rsquo;an dernier.<\/em><\/p>\n<p style=\"text-align: center;\"><span style=\"color: #008000;\"><strong><em> Par poi n&rsquo;afoul quant g&rsquo;i enten.<\/em><\/strong><\/span><br \/>\n<span style=\"color: #008000;\"> <strong><em> Ne m&rsquo;estuet pas tenneir en ten;<\/em><\/strong><\/span><br \/>\n<span style=\"color: #008000;\"> <strong><em> Car le resvuoil<\/em><\/strong><\/span><br \/>\n<span style=\"color: #008000;\"> <strong><em> Me tenne asseiz quant je m&rsquo;esvuoil;<\/em><\/strong><\/span><br \/>\n<span style=\"color: #008000;\"> <strong><em> Si ne sai, se je dor ou voil<\/em><\/strong><\/span><br \/>\n<span style=\"color: #008000;\"> <strong><em> Ou se je pens,<\/em><\/strong><\/span><br \/>\n<span style=\"color: #008000;\"> <strong><em> Queil part je panrrai mon despens<\/em><\/strong><\/span><br \/>\n<span style=\"color: #008000;\"> <strong><em> De quoi passeir puisse cest tens:<\/em><\/strong><\/span><br \/>\n<span style=\"color: #008000;\"> <strong><em> Teil siecle ai gi\u00e9.<\/em><\/strong><\/span><br \/>\n<span style=\"color: #008000;\"> <strong><em> Mei gage sunt tuit engaigi\u00e9<\/em><\/strong><\/span><br \/>\n<span style=\"color: #008000;\"> <strong><em> Et d&rsquo;enchiez moi desmenagiei,<\/em><\/strong><\/span><br \/>\n<span style=\"color: #008000;\"> <strong><em> Car g&rsquo;ai ge\u00fc<\/em><\/strong><\/span><br \/>\n<span style=\"color: #008000;\"> <strong><em> Trois mois, que nelui n&rsquo;ai ve\u00fc.<br \/>\n<\/em><\/strong><\/span><br \/>\n<em>C&rsquo;est \u00e0 devenir fou quand j&rsquo;y r\u00e9fl\u00e9chis<\/em><br \/>\n<em> Pas besoin de tanin pour me tanner (tanner : fatigu\u00e9, jeux de mots)<\/em><br \/>\n<em> Car le r\u00e9veil<\/em><br \/>\n<em> Me tanne assez quand je m&rsquo;\u00e9veille<\/em><br \/>\n<em>Ne sais plus si je dors ou veille<\/em><br \/>\n<em> Ou si je pense<\/em><br \/>\n<em>De quel c\u00f4t\u00e9 \u00a0trouverais-je de quoi<\/em><br \/>\n<em>Passer ces temps difficiles<\/em><br \/>\n<em>Voila mon sort.<\/em><br \/>\n<em>Mes gages sont tous engag\u00e9s<\/em><br \/>\n<em>Et d\u00e9m\u00e9nag\u00e9s de chez moi<\/em><br \/>\n<em>Car je suis rest\u00e9 alit\u00e9<\/em><br \/>\n<em>trois mois sans voir personne.<\/em><\/p>\n<p style=\"text-align: center;\"><span style=\"color: #008000;\"><strong><em>Ma fame ra enfant e\u00fc,<\/em><\/strong><\/span><br \/>\n<span style=\"color: #008000;\"> <strong><em> C&rsquo;un mois entier<\/em><\/strong><\/span><br \/>\n<span style=\"color: #008000;\"> <strong><em> Me ra ge\u00fc sor le chantier.<\/em><\/strong><\/span><br \/>\n<span style=\"color: #008000;\"> <strong><em> Ge [me] gisoie endementier<\/em><\/strong><\/span><br \/>\n<span style=\"color: #008000;\"> <strong><em> En l&rsquo;autre lit,<\/em><\/strong><\/span><br \/>\n<span style=\"color: #008000;\"> <strong><em> Ou j&rsquo;avoie pou de delit.<\/em><\/strong><\/span><br \/>\n<span style=\"color: #008000;\"> <strong><em> Onques mais moins ne m&rsquo;abelit<\/em><\/strong><\/span><br \/>\n<span style=\"color: #008000;\"> <strong><em> Gesirs que lors,<\/em><\/strong><\/span><br \/>\n<span style=\"color: #008000;\"> <strong><em> Car j&rsquo;en sui de mon avoir fors<\/em><\/strong><\/span><br \/>\n<span style=\"color: #008000;\"> <strong><em> Et s&rsquo;en sui mehaigniez dou cors<\/em><\/strong><\/span><br \/>\n<span style=\"color: #000000;\"><strong><em><span style=\"color: #008000;\"> Jusqu&rsquo;au fenir.<\/span><\/em><\/strong><\/span><\/p>\n<p style=\"text-align: center;\"><em>Ma Femme ayant eu un enfant<\/em><em><br \/>\nUn mois entier<br \/>\nEtait, elle aussi, \u00a0alit\u00e9e dans la chambr\u00e9e<br \/>\nJe gisais moi pendant ce temps<br \/>\nDans l&rsquo;autre lit<br \/>\nO\u00f9 j&rsquo;avais bien peu de loisirs<br \/>\nJamais je n&rsquo;eus moins de plaisir<br \/>\nDe me trouver au lit qu&rsquo;alors<br \/>\nCar cela me co\u00fbta beaucoup<br \/>\nEt j&rsquo;en resterai infirme<br \/>\n<\/em><em>jusqu&rsquo;\u00e0 la fin (de mes jours)<\/em><\/p>\n<p style=\"text-align: center;\"><span style=\"color: #008000;\"><strong><em>Li mal ne seivent seul venir;<\/em><\/strong><\/span><br \/>\n<span style=\"color: #008000;\"> <strong><em> Tout ce m&rsquo;estoit a avenir,<\/em><\/strong><\/span><br \/>\n<span style=\"color: #008000;\"> <strong><em> C&rsquo;est avenu.<\/em><\/strong><\/span><br \/>\n<span style=\"color: #008000;\"> <strong><em> Que sunt mi ami devenu<\/em><\/strong><\/span><br \/>\n<span style=\"color: #008000;\"> <strong><em> Que j&rsquo;avoie si pres tenu<\/em><\/strong><\/span><br \/>\n<span style=\"color: #008000;\"> <strong><em> Et tant amei?<\/em><\/strong><\/span><br \/>\n<span style=\"color: #008000;\"> <strong><em> Je cuit qu&rsquo;il sunt trop cleir semei;<\/em><\/strong><\/span><br \/>\n<span style=\"color: #008000;\"> <strong><em> Il ne furent pas bien femei,<\/em><\/strong><\/span><br \/>\n<span style=\"color: #008000;\"> <strong><em> Si sunt failli.<\/em><\/strong><\/span><br \/>\n<span style=\"color: #008000;\"> <strong><em> Iteil ami m&rsquo;ont mal bailli,<\/em><\/strong><\/span><br \/>\n<span style=\"color: #008000;\"> <strong><em> C&rsquo;onques, tant com Diex m&rsquo;assailli<br \/>\n<\/em><\/strong><\/span><strong><em><span style=\"color: #008000;\">E[n] maint costei,<\/span><br \/>\n<\/em><\/strong><br \/>\n<em>Le malheur ne sait seul venir<\/em><br \/>\n<em> Et tout ce qui devait m&rsquo;advenir<\/em><br \/>\n<em>Est advenu.<\/em><br \/>\n<em> Que sont mes amis devenus<\/em><br \/>\n<em> Que j&rsquo;avais de si pr\u00e8s tenu<\/em><br \/>\n<em> et tant aim\u00e9?<\/em><br \/>\n<em> Je crois qu&rsquo;ils sont trop clairsem\u00e9s<\/em><br \/>\n<em> Il ne furent pas si bien sem\u00e9s<\/em><br \/>\n<em> Et m&rsquo;ont failli<\/em><br \/>\n<em> Ces amis l\u00e0 me m&rsquo;ont pas soutenu<\/em><br \/>\n<em> Jamais, tant que Dieu m&rsquo;assaillait<\/em><br \/>\n<em> de toute part.<\/em><\/p>\n<p style=\"text-align: center;\"><span style=\"color: #008000;\"><strong><em>N&rsquo;en vi .I. soul en mon ostei.<\/em><\/strong><\/span><br \/>\n<span style=\"color: #008000;\"> <strong><em> Je cui li vens les m&rsquo;at ostei,<\/em><\/strong><\/span><br \/>\n<span style=\"color: #008000;\"> <strong><em> L&rsquo;amours est morte:<\/em><\/strong><\/span><br \/>\n<span style=\"color: #008000;\"> <strong><em> Se sont ami que vens enporte,<\/em><\/strong><\/span><br \/>\n<span style=\"color: #008000;\"> <strong><em> Et il ventoit devant ma porte,<\/em><\/strong><\/span><br \/>\n<span style=\"color: #008000;\"> <strong><em> Ces enporta,<\/em><\/strong><\/span><br \/>\n<span style=\"color: #008000;\"> <strong><em> C&rsquo;onques nuns ne m&rsquo;en conforta<\/em><\/strong><\/span><br \/>\n<span style=\"color: #008000;\"> <strong><em> Ne tiens dou sien ne m&rsquo;aporta.<\/em><\/strong><\/span><br \/>\n<span style=\"color: #008000;\"> <strong><em> Ice m&rsquo;aprent<\/em><\/strong><\/span><br \/>\n<span style=\"color: #008000;\"> <strong><em> Qui auques at, privei le prent;<\/em><\/strong><\/span><br \/>\n<span style=\"color: #008000;\"> <strong><em> Et cil trop a tart ce repent<\/em><\/strong><\/span><br \/>\n<span style=\"color: #008000;\"> <strong><em> Qui trop a mis<\/em><\/strong><\/span><br \/>\n<span style=\"color: #008000;\"> <strong><em> De son avoir a faire amis,<\/em><\/strong><\/span><br \/>\n<span style=\"color: #008000;\"> <strong><em> Qu&rsquo;il nes trueve entiers ne demis<\/em><\/strong><\/span><br \/>\n<span style=\"color: #008000;\"> <strong><em> A lui secorre.<\/em><\/strong><\/span><\/p>\n<p style=\"text-align: center;\"><em>Je n&rsquo;en vis pas un seul chez moi<\/em><br \/>\n<em>Je crois le vent les a \u00f4t\u00e9s<\/em><br \/>\n<em>L&rsquo;amour est morte<\/em><br \/>\n<em>Ce sont amis que vent emporte<\/em><br \/>\n<em>Et il ventait devant ma porte<\/em><br \/>\n<em>Les emporta.<\/em><br \/>\n<em>Jamais aucun \u00a0me conforta<\/em><br \/>\n<em>Ni\u00a0du sien ne m&rsquo;apporta<\/em><br \/>\n<em>Ce qui m&rsquo;apprend<\/em><br \/>\n<em>Que le peu qu&rsquo;on a, un ami le prend<\/em><br \/>\n<em>Et celui l\u00e0 se repent trop tard<\/em><br \/>\n<em>Qui a trop donn\u00e9<\/em><br \/>\n<em>De ce qu&rsquo;il avait pour se faire des amis<\/em><br \/>\n<em>Quand il ne les trouve ni entiers ni \u00e0 demi ( pas la moiti\u00e9 d&rsquo;un)<\/em><br \/>\n<em>Pour lui porter secours.<\/em><\/p>\n<p style=\"text-align: center;\"><span style=\"color: #008000;\"><strong><em>Or lairai donc Fortune corre,<\/em><\/strong><\/span><br \/>\n<span style=\"color: #008000;\"> <strong><em> Si atendrai a moi rescorre,<\/em><\/strong><\/span><br \/>\n<span style=\"color: #008000;\"> <strong><em> Se jou puis faire.<\/em><\/strong><\/span><br \/>\n<span style=\"color: #008000;\"> <strong><em> Vers les bone gent m&rsquo;estuet traire<\/em><\/strong><\/span><br \/>\n<span style=\"color: #008000;\"> <strong><em> Qui sunt preudome et debonaire<\/em><\/strong><\/span><br \/>\n<span style=\"color: #008000;\"> <strong><em> Et m&rsquo;on norri.<\/em><\/strong><\/span><br \/>\n<span style=\"color: #008000;\"> <strong><em> Mi autre ami sunt tuit porri:<\/em><\/strong><\/span><br \/>\n<span style=\"color: #008000;\"> <strong><em> Je les envoi a maitre Horri<\/em><\/strong><\/span><br \/>\n<span style=\"color: #008000;\"> <strong><em> Et cest li lais,<\/em><\/strong><\/span><br \/>\n<span style=\"color: #008000;\"> <strong><em> C&rsquo;on en doit bien faire son lais<\/em><\/strong><\/span><br \/>\n<span style=\"color: #008000;\"> <strong><em> Et teil gent laissier en relais<\/em><\/strong><\/span><br \/>\n<span style=\"color: #008000;\"> <strong><em> Sens reclameir,<\/em><\/strong><\/span><br \/>\n<span style=\"color: #008000;\"> <strong><em> Qu&rsquo;il n&rsquo;a en eux riens a ameir<\/em><\/strong><\/span><br \/>\n<span style=\"color: #008000;\"> <strong><em> Que l&rsquo;en doie a amor clameir.<\/em><\/strong><\/span><\/p>\n<p style=\"text-align: center;\"><em>Aussi, d\u00e9sormais, je laisserai courir la\u00a0chance<\/em><br \/>\n<em> Et je t\u00e2cherai de m&rsquo;aider moi-m\u00eame<\/em><br \/>\n<em> Si je le puis<\/em><br \/>\n<em> Je me tournerai vers les gens de bien<\/em><br \/>\n<em> qui sont g\u00e9n\u00e9reux et bons<\/em><br \/>\n<em> Et m&rsquo;ont nourri.<\/em><br \/>\n<em> Mes autres amis sont tous pourris<\/em><br \/>\n<em> Je les envois \u00e0 Ma\u00eetre Horri (Poubelle)<\/em><br \/>\n<em> Et les y laissent.<\/em><br \/>\n<em> Car il faut bien en faire son deuil<\/em><br \/>\n<em> Et laisser de telles personnes derri\u00e8re soi<\/em><br \/>\n<em> Sans implorer<\/em><br \/>\n<em> En eux, il n&rsquo;y a rien \u00e0 aimer<\/em><br \/>\n<em> Que l&rsquo;on puisse nommer amiti\u00e9 (amour)<\/em><\/p>\n<p style=\"text-align: center;\"><span style=\"color: #008000;\"><strong><em>[Or prie Celui<\/em><\/strong><\/span><br \/>\n<span style=\"color: #008000;\"> <strong><em> Qui trois parties fist de lui,<\/em><\/strong><\/span><br \/>\n<span style=\"color: #008000;\"> <strong><em> Qui refuser ne set nului<\/em><\/strong><\/span><br \/>\n<span style=\"color: #008000;\"> <strong><em> Qui le reclaime,<\/em><\/strong><\/span><br \/>\n<span style=\"color: #008000;\"> <strong><em> Qui l&rsquo;aeure et seignor le claime,<\/em><\/strong><\/span><br \/>\n<span style=\"color: #008000;\"> <strong><em> Et qui cels tempte que il aime,<\/em><\/strong><\/span><br \/>\n<span style=\"color: #008000;\"> <strong><em> Qu&rsquo;il m&rsquo;a tempt\u00e9,<\/em><\/strong><\/span><br \/>\n<span style=\"color: #008000;\"> <strong><em> Que il me doint bone sant\u00e9,<\/em><\/strong><\/span><br \/>\n<span style=\"color: #008000;\"> <strong><em> Que je face sa volent\u00e9]<\/em><\/strong><\/span><br \/>\n<span style=\"color: #008000;\"> <strong><em> Mais cens desroi.<\/em><\/strong><\/span><\/p>\n<p style=\"text-align: center;\"><em>[Alors je prie celui\u00a0<\/em><br \/>\n<em>Qui fit de lui trois parties,\u00a0<\/em><br \/>\n<em>Qui ne sait jamais refuser<\/em><br \/>\n<em>A qui l&rsquo;implore,<\/em><br \/>\n<em>l&rsquo;adore et l&rsquo;appelle Seigneur<\/em><br \/>\n<em>Et qui est celui qui met \u00e0 l&rsquo;\u00e9preuve ceux qu&rsquo;il aime<\/em><br \/>\n<em>Comme il m&rsquo;a mis \u00e0 l&rsquo;\u00e9preuve,<\/em><br \/>\n<em>Qu&rsquo;il me donne une bonne sant\u00e9,<\/em><br \/>\n<em>Pour que je fasse sa volont\u00e9,<\/em><br \/>\n<em>Sans plus faillir.<\/em><\/p>\n<p style=\"text-align: center;\"><span style=\"color: #008000;\"><strong><em>Monseigneur qui est fiz de roi<\/em><\/strong><\/span><br \/>\n<span style=\"color: #008000;\"> <strong><em> Mon dit et ma complainte envoi,<\/em><\/strong><\/span><br \/>\n<span style=\"color: #008000;\"> <strong><em> Qu&rsquo;il m&rsquo;est mestiers,<\/em><\/strong><\/span><br \/>\n<span style=\"color: #008000;\"> <strong><em> Qu&rsquo;il m&rsquo;a aid\u00e9 mout volentiers:<\/em><\/strong><\/span><br \/>\n<span style=\"color: #008000;\"> <strong><em> C&rsquo;est li boens cuens de Poitiers<\/em><\/strong><\/span><br \/>\n<span style=\"color: #008000;\"> <strong><em> Et de Toulouze.<\/em><\/strong><\/span><br \/>\n<span style=\"color: #008000;\"> <strong><em> Il saurat bien que cil golouze<\/em><\/strong><\/span><br \/>\n<span style=\"color: #008000;\"> <strong><em> Qui si faitement se dolouze.<\/em><\/strong><\/span><br \/>\n<span style=\"color: #008000;\"> <strong><em> Explicit.<\/em><\/strong><\/span><\/p>\n<p style=\"text-align: center;\"><em>A Monseigneur qui est fils de Roi<\/em><br \/>\n<em>Ce dit et\u00a0cette complainte,\u00a0envoie,\u00a0<\/em><br \/>\n<em>Car j&rsquo;ai besoin de lui,<\/em><br \/>\n<em>Qui m&rsquo;a aid\u00e9 toujours volontiers<\/em><br \/>\n<em>C&rsquo;est le bon conte de Poitiers<\/em><br \/>\n<em>Et de Toulouse.<\/em><br \/>\n<em>Il saura bien ce que d\u00e9sire<\/em><br \/>\n<em>Celui qui se plaint de la sorte.<\/em><\/p>\n<p>En vous souhaitant une belle journ\u00e9e<br \/>\nFred<br \/>\nPour moyenagepassion.com<br \/>\n<em><strong>A la d\u00e9couverte du monde m\u00e9di\u00e9val sous toutes ses formes.<\/strong><\/em><\/p>\n","protected":false},"excerpt":{"rendered":"<p>Sujet : po\u00e9sie m\u00e9di\u00e9vale, po\u00e9sie r\u00e9aliste, trouv\u00e8re, hommage L\u00e9o Ferr\u00e9, Vieux fran\u00e7ais, langue d&rsquo;o\u00efl, adaptation, traduction fran\u00e7ais moderne, Rutebeuf P\u00e9riode : Moyen \u00c2ge central, XIIIe si\u00e8cle Auteur\u00a0; Rutebeuf (1230-1285?) Titre : le dit de l&rsquo;\u0153il, la complainte de l&rsquo;\u0153il. Bonjour \u00e0 tous, ujourd&rsquo;hui nous publions un autre des textes originaux du po\u00e8te m\u00e9di\u00e9val Rutebeuf qui &hellip; <a href=\"https:\/\/www.moyenagepassion.com\/index.php\/2016\/10\/12\/le-dit-de-loeil-aux-sources-du-pauvre-rutebeuf-de-leo-ferre-et-un-beau-bouquet-de-violettes\/\" class=\"more-link\">Continuer la lecture de <span class=\"screen-reader-text\">Le dit de l&rsquo;\u0153il, aux sources de la chanson \u00ab\u00a0Pauvre Rutebeuf\u00a0\u00bb de L\u00e9o Ferr\u00e9<\/span>  <span class=\"meta-nav\">&rarr;<\/span><\/a><\/p>\n","protected":false},"author":2,"featured_media":0,"comment_status":"open","ping_status":"open","sticky":false,"template":"","format":"standard","meta":{"_monsterinsights_skip_tracking":false,"_monsterinsights_sitenote_active":false,"_monsterinsights_sitenote_note":"","_monsterinsights_sitenote_category":0,"footnotes":""},"categories":[9,1490],"tags":[1405,1767,1769,728,618,300,182,18,85,177,1768,615,622,1071,295,1766,707,139,617],"class_list":["post-7053","post","type-post","status-publish","format-standard","hentry","category-musique-medieval-historique-fantaisie-celtique","category-rutebeuf","tag-adaptation","tag-alchimie-poetique","tag-art-poetique","tag-auteur-medieval","tag-langue-doil","tag-leo-ferre","tag-monde-medieval","tag-moyen-age","tag-moyen-age-central","tag-oil","tag-pauvre-rutebeuf-complainte","tag-poesie-medievale","tag-poete-medieval","tag-portrait","tag-rutebeuf","tag-rutebues","tag-traduction","tag-trouvere","tag-vieux-francais"],"aioseo_notices":[],"_links":{"self":[{"href":"https:\/\/www.moyenagepassion.com\/index.php\/wp-json\/wp\/v2\/posts\/7053"}],"collection":[{"href":"https:\/\/www.moyenagepassion.com\/index.php\/wp-json\/wp\/v2\/posts"}],"about":[{"href":"https:\/\/www.moyenagepassion.com\/index.php\/wp-json\/wp\/v2\/types\/post"}],"author":[{"embeddable":true,"href":"https:\/\/www.moyenagepassion.com\/index.php\/wp-json\/wp\/v2\/users\/2"}],"replies":[{"embeddable":true,"href":"https:\/\/www.moyenagepassion.com\/index.php\/wp-json\/wp\/v2\/comments?post=7053"}],"version-history":[{"count":3,"href":"https:\/\/www.moyenagepassion.com\/index.php\/wp-json\/wp\/v2\/posts\/7053\/revisions"}],"predecessor-version":[{"id":49470,"href":"https:\/\/www.moyenagepassion.com\/index.php\/wp-json\/wp\/v2\/posts\/7053\/revisions\/49470"}],"wp:attachment":[{"href":"https:\/\/www.moyenagepassion.com\/index.php\/wp-json\/wp\/v2\/media?parent=7053"}],"wp:term":[{"taxonomy":"category","embeddable":true,"href":"https:\/\/www.moyenagepassion.com\/index.php\/wp-json\/wp\/v2\/categories?post=7053"},{"taxonomy":"post_tag","embeddable":true,"href":"https:\/\/www.moyenagepassion.com\/index.php\/wp-json\/wp\/v2\/tags?post=7053"}],"curies":[{"name":"wp","href":"https:\/\/api.w.org\/{rel}","templated":true}]}}