{"id":7060,"date":"2017-04-23T23:00:04","date_gmt":"2017-04-23T22:00:04","guid":{"rendered":"http:\/\/www.moyenagepassion.com\/?p=7060"},"modified":"2024-10-20T18:34:22","modified_gmt":"2024-10-20T17:34:22","slug":"pauvre-rutebeuf-en-catalan-et-quelques-mots-sur-la-langue-catalane","status":"publish","type":"post","link":"https:\/\/www.moyenagepassion.com\/index.php\/2017\/04\/23\/pauvre-rutebeuf-en-catalan-et-quelques-mots-sur-la-langue-catalane\/","title":{"rendered":"Eric Fraj, Pauvre Rutebeuf en Catalan &amp; un mot sur le Catalan"},"content":{"rendered":"<div id=\"moyen-3248178386\" class=\"moyen-before-content moyen-entity-placement\"><script async src=\"\/\/pagead2.googlesyndication.com\/pagead\/js\/adsbygoogle.js?client=ca-pub-3035390706780632\" crossorigin=\"anonymous\"><\/script><ins class=\"adsbygoogle\" style=\"display:block;\" data-ad-client=\"ca-pub-3035390706780632\" \ndata-ad-slot=\"\" \ndata-ad-format=\"auto\"><\/ins>\n<script> \n(adsbygoogle = window.adsbygoogle || []).push({}); \n<\/script>\n<\/div><p><strong><a href=\"https:\/\/www.moyenagepassion.com\/wp-content\/uploads\/2015\/12\/rutebeuf_troubadour_medieval_musique_moyen_age_passion.jpg\"><img decoding=\"async\" class=\"alignleft wp-image-609\" src=\"https:\/\/www.moyenagepassion.com\/wp-content\/uploads\/2015\/12\/rutebeuf_troubadour_medieval_musique_moyen_age_passion-230x300.jpg\" alt=\"rutebeuf_troubadour_medieval_musique_moyen_age_passion\" width=\"119\" height=\"155\" srcset=\"https:\/\/www.moyenagepassion.com\/wp-content\/uploads\/2015\/12\/rutebeuf_troubadour_medieval_musique_moyen_age_passion-230x300.jpg 230w, https:\/\/www.moyenagepassion.com\/wp-content\/uploads\/2015\/12\/rutebeuf_troubadour_medieval_musique_moyen_age_passion.jpg 720w\" sizes=\"(max-width: 119px) 100vw, 119px\" \/><\/a>Sujet<\/strong> : po\u00e9sie m\u00e9di\u00e9vale, chanson, complainte, catalan, langue catalane<br \/>\n<strong>P\u00e9riode :<\/strong> ^Moyen \u00c2ge central, XIIIe si\u00e8cle<strong><br \/>\nTitre<\/strong> : Pauvre Rutebeuf, \u00a0Complainte<br \/>\n<strong>Auteur<\/strong> : Rutebeuf \u00a0(1230-1285), L\u00e9o Ferr\u00e9.<br \/>\n<strong>Interpr\u00e8te<\/strong>\u00a0: \u00c9ric Fraj<br \/>\n<strong>Album<\/strong> : Arranca-me (2014)<\/p>\n<p>Bonjour \u00e0 tous,<\/p>\n<p style=\"text-align: justify;\"><img decoding=\"async\" class=\"alignleft size-full wp-image-50\" src=\"https:\/\/www.moyenagepassion.com\/wp-content\/uploads\/2015\/12\/D_lettrine_moyen_age_passion.jpg\" alt=\"D_lettrine_moyen_age_passion\" width=\"84\" height=\"103\" \/>ans les \u00a0diverses versions que nous avons d\u00e9j\u00e0 post\u00e9es ici de la complainte de <em><strong>Rutebeuf<\/strong><\/em> de <em><strong>L\u00e9o Ferr\u00e9<\/strong><\/em> en voici une qui nous donne l&rsquo;occasion d&rsquo;\u00e9couter un peu de po\u00e9sie d&rsquo;inspiration m\u00e9di\u00e9vale en catalan. Nous en profitons aussi pour toucher un mot de cette langue qui s&rsquo;enorgueillit d&rsquo;une histoire de plus de 1000 ans et qui continue de conna\u00eetre un destin particulier que bien des catalans ont \u00e0 coeur de continuer de faire vivre.<\/p>\n<p style=\"text-align: justify;\"><strong>Pauvre Rutebeuf de L\u00e9o Ferr\u00e9 en catalan<br \/>\n<\/strong><iframe src=\"https:\/\/www.youtube.com\/embed\/w_zkcNWzh0s\" width=\"560\" height=\"315\" frameborder=\"0\" allowfullscreen=\"allowfullscreen\"><\/iframe><\/p>\n<h2 style=\"text-align: justify;\">Eric Fraj, auteur compositeur interpr\u00e8te<\/h2>\n<p><a href=\"https:\/\/www.moyenagepassion.com\/wp-content\/uploads\/2017\/04\/Eric-Fraj-chanteur-catalan.jpg\"><img decoding=\"async\" class=\"size-full wp-image-50720 alignright\" src=\"https:\/\/www.moyenagepassion.com\/wp-content\/uploads\/2017\/04\/Eric-Fraj-chanteur-catalan.jpg\" alt=\"\" width=\"150\" height=\"123\" \/><\/a><\/p>\n<p style=\"text-align: justify;\">Nous devons cette tr\u00e8s belle interpr\u00e9tation \u00a0\u00e0 <em><strong>Eric Fraj<\/strong><\/em>, un artiste qui chante en Occitan, en fran\u00e7ais, en Castillan, mais aussi en Catalan, comme ici. Actif dans le domaine de la diffusion de la langue occitane, qui est une de ses langues de coeur, il a mont\u00e9 de nombreux spectacles originaux, mixtes au niveau des langues et il a m\u00eame, au d\u00e9but des ann\u00e9es 2000, incarn\u00e9 le troubadour occitan Jaufre Rudel dans un spectacle vivant qui retra\u00e7ait des \u00e9pisodes de la vie de l&rsquo;artiste m\u00e9di\u00e9val. Pour le reste,\u00a0quand Eric Fraj ne chante pas l&rsquo;occitan, il l&rsquo;enseigne, comme la philosophie,\u00a0dans un lyc\u00e9e de la r\u00e9gion de Toulouse.<\/p>\n<p style=\"text-align: justify;\">Voici une belle vid\u00e9o qui permet d&rsquo;en savoir un peu mieux sur l&rsquo;univers de cet artiste \u00e0 la trajectoire unique entre catalan, occitan et fran\u00e7ais.<\/p>\n<p><code><iframe src=\"https:\/\/www.youtube.com\/embed\/-McVNJOa_mA\" width=\"600\" height=\"333\" frameborder=\"0\" allowfullscreen=\"allowfullscreen\"><\/iframe><\/code><\/p>\n<p style=\"text-align: justify;\">Cette belle interpr\u00e9tation de la complainte de <em><strong>Rutebeuf<\/strong> <\/em>de <em><strong>L\u00e9o Ferr\u00e9<\/strong><\/em> est tir\u00e9 de son album <a href=\"http:\/\/musique.fnac.com\/a1327324\/Eric-Fraj-Arranca-me-CD-album\" target=\"_blank\" rel=\"noopener\">Arranca-Me<\/a>, sorti en 2014 et dont il nous parle dans cette vid\u00e9o.<\/p>\n<hr \/>\n<h2 style=\"text-align: center;\">Pauvre Rutebeuf, paroles et<br \/>\nadaptation en catalan\u00a0de Eric Fraj<\/h2>\n<p style=\"text-align: center;\"><span style=\"color: #008000;\"><strong><em>Els meus amics on han passat, <\/em><\/strong><\/span><br \/>\n<span style=\"color: #008000;\"><strong><em>Els que tenia al meu costat <\/em><\/strong><\/span><br \/>\n<span style=\"color: #008000;\"><strong><em>I que estimava ? <\/em><\/strong><\/span><br \/>\n<span style=\"color: #008000;\"><strong><em>I tot d\u2019un cop s\u2019han escampat ; <\/em><\/strong><\/span><br \/>\n<span style=\"color: #008000;\"><strong><em>Amb un sol buf de tramuntana, <\/em><\/strong><\/span><br \/>\n<span style=\"color: #008000;\"><strong><em>l\u2019amor \u00e9s morta\u2026 <\/em><\/strong><\/span><\/p>\n<p style=\"text-align: center;\"><span style=\"color: #008000;\"><strong><em>S\u00f3n amistats que el vent emporta, <\/em><\/strong><\/span><br \/>\n<span style=\"color: #008000;\"><strong><em>I en feia molt davant ma porta ; <\/em><\/strong><\/span><br \/>\n<span style=\"color: #008000;\"><strong><em>Se\u2019ls va emportar\u2026 <\/em><\/strong><\/span><\/p>\n<p style=\"text-align: center;\"><span style=\"color: #008000;\"><strong><em>Un vent dolent qu\u2019arbres despulla, <\/em><\/strong><\/span><br \/>\n<span style=\"color: #008000;\"><strong><em>Les branques ja no tenen fulla <\/em><\/strong><\/span><br \/>\n<span style=\"color: #008000;\"><strong><em>Sense anar a terra. <\/em><\/strong><\/span><br \/>\n<span style=\"color: #008000;\"><strong><em>Una mis\u00e8ria que em desferra, <\/em><\/strong><\/span><br \/>\n<span style=\"color: #008000;\"><strong><em>De tot costat me fa la guerra, <\/em><\/strong><\/span><br \/>\n<span style=\"color: #008000;\"><strong><em>L\u2019hivern m\u2019aterra\u2026 <\/em><\/strong><\/span><\/p>\n<p style=\"text-align: center;\"><span style=\"color: #008000;\"><strong><em>No val la pena que faci esment <\/em><\/strong><\/span><br \/>\n<span style=\"color: #008000;\"><strong><em>De ma vergonya i mon torment, <\/em><\/strong><\/span><br \/>\n<span style=\"color: #008000;\"><strong><em>De cap manera\u2026 <\/em><\/strong><\/span><br \/>\n<span style=\"color: #008000;\"><strong><em>Els meus amics on han passat, <\/em><\/strong><\/span><br \/>\n<span style=\"color: #008000;\"><strong><em>Els que tenia al meu costat <\/em><\/strong><\/span><br \/>\n<span style=\"color: #008000;\"><strong><em>I que estimava ? <\/em><\/strong><\/span><\/p>\n<p style=\"text-align: center;\"><span style=\"color: #008000;\"><strong><em>I tot d\u2019un cop s\u2019han escampat ; <\/em><\/strong><\/span><br \/>\n<span style=\"color: #008000;\"><strong><em>Amb un sol buf de tramuntana, <\/em><\/strong><\/span><br \/>\n<span style=\"color: #008000;\"><strong><em>L\u2019amor \u00e9s morta\u2026 <\/em><\/strong><\/span><br \/>\n<span style=\"color: #008000;\"><strong><em>Un mal ja no v\u00e9 mai tot sol <\/em><\/strong><\/span><br \/>\n<span style=\"color: #008000;\"><strong><em>I tot el que porta el seu dol <\/em><\/strong><\/span><br \/>\n<span style=\"color: #008000;\"><strong><em>M\u2019ha ben desfet\u2026 <\/em><\/strong><\/span><\/p>\n<p style=\"text-align: center;\"><span style=\"color: #008000;\"><strong><em>Pobres sentits, pobre mem\u00f2ria, <\/em><\/strong><\/span><br \/>\n<span style=\"color: #008000;\"><strong><em>M\u2019ha donat D\u00e9u el rei de gl\u00f2ria <\/em><\/strong><\/span><br \/>\n<span style=\"color: #008000;\"><strong><em>I pobre renda\u2026 <\/em><\/strong><\/span><br \/>\n<span style=\"color: #008000;\"><strong><em>I dret al cul quan bufa el vent <\/em><\/strong><\/span><br \/>\n<span style=\"color: #008000;\"><strong><em>M\u2019agafa el vent i el seu torment, <\/em><\/strong><\/span><br \/>\n<span style=\"color: #008000;\"><strong><em>L\u2019amor \u00e9s morta\u2026 <\/em><\/strong><\/span><\/p>\n<p style=\"text-align: center;\"><span style=\"color: #008000;\"><strong><em>S\u00f3n amistats que el vent emporta <\/em><\/strong><\/span><br \/>\n<span style=\"color: #008000;\"><strong><em>I en feia molt davant ma porta, <\/em><\/strong><\/span><br \/>\n<span style=\"color: #008000;\"><strong><em>Se\u2019ls va emportar.<\/em><\/strong><\/span><\/p>\n<hr \/>\n<p style=\"text-align: justify;\">Concernant cette <a href=\"https:\/\/www.moyenagepassion.com\/index.php\/tag\/pauvre-rutebeuf\/\" target=\"_blank\" rel=\"noopener\">complainte de Rutebeuf<\/a>, revisit\u00e9 par <em><strong>L\u00e9o Ferr\u00e9<\/strong><\/em>, nous lui avons d\u00e9j\u00e0 d\u00e9di\u00e9 plusieurs articles que vous pouvez valablement consulter. Aussi, descendons sans attendre vers le sud des terres de France et \u00a0longeons la c\u00f4te de Perpignan et du Languedoc jusqu&rsquo;\u00e0 Barcelone, aux Bal\u00e9ares ou \u00e0 Valencia pour partir \u00e0 la rencontre de la langue catalane.<\/p>\n<h2 style=\"text-align: left;\">Le catalan, une langue \u00e0 part enti\u00e8re parl\u00e9e et form\u00e9e depuis le Moyen \u00c2ge central<\/h2>\n<p><a href=\"https:\/\/www.moyenagepassion.com\/wp-content\/uploads\/2017\/04\/poesie_medievale_leo_ferre_eric_fraj_catalan_langue_catalane_moyen-age_central.jpg\"><img decoding=\"async\" class=\"wp-image-12170 alignleft\" src=\"https:\/\/www.moyenagepassion.com\/wp-content\/uploads\/2017\/04\/poesie_medievale_leo_ferre_eric_fraj_catalan_langue_catalane_moyen-age_central.jpg\" alt=\"poesie_medievale_leo_ferre_eric_fraj_catalan_langue_catalane_moyen-age_central\" width=\"187\" height=\"160\" \/><\/a>Pour ceux qui ne sont pas familiaris\u00e9s \u00a0avec la langue catalane, vous y trouverez, en tendant l&rsquo;oreille, une proximit\u00e9 ind\u00e9niable avec le fran\u00e7ais, le proven\u00e7al, le latin et m\u00eame certains mots d&rsquo;italien. \u00a0Comme toutes les langues romanes, elle est n\u00e9e du latin qu&rsquo;on parlait sur les terres romanis\u00e9es durant le haut Moyen \u00c2ge. \u00a0En l&rsquo;\u00e9coutant, nos oreilles profanes pourraient \u00eatre tent\u00e9es quelquefois de la consid\u00e9rer \u00a0comme un patois tant ses accents peuvent nous faire penser \u00e0 certaines dialectes \u00a0proven\u00e7aux de nos terroirs, mais cela est une erreur qui n&rsquo;en finit pas de d\u00e9plaire aux catalans et \u00e0 juste raison. \u00a0Le catalan est, en effet, une langue \u00e0 part enti\u00e8re et pas une forme dialectale d\u00e9riv\u00e9e du fran\u00e7ais ou de l&rsquo;espagnol. Elle existait d\u00e9j\u00e0 dans sa forme \u00e9tablie au Xe si\u00e8cle quand, de son c\u00f4t\u00e9, l&rsquo;O\u00efl balbutiait encore et \u00a0continuait de muer en ce qui allait devenir le fran\u00e7ais.<\/p>\n<p style=\"text-align: justify;\"><a href=\"https:\/\/www.moyenagepassion.com\/wp-content\/uploads\/2017\/04\/catalan_langue_rutebeuf_moyen-age_central.jpg\"><img decoding=\"async\" class=\"alignnone wp-image-12159 size-full\" src=\"https:\/\/www.moyenagepassion.com\/wp-content\/uploads\/2017\/04\/catalan_langue_rutebeuf_moyen-age_central.jpg\" alt=\"catalan_langue_rutebeuf_moyen-age_central\" width=\"650\" height=\"397\" srcset=\"https:\/\/www.moyenagepassion.com\/wp-content\/uploads\/2017\/04\/catalan_langue_rutebeuf_moyen-age_central.jpg 650w, https:\/\/www.moyenagepassion.com\/wp-content\/uploads\/2017\/04\/catalan_langue_rutebeuf_moyen-age_central-300x183.jpg 300w\" sizes=\"(max-width: 650px) 100vw, 650px\" \/><\/a><\/p>\n<h2 style=\"text-align: left;\">Les origines: ib\u00e9ro-romanes ou gallo-romanes ?<\/h2>\n<p style=\"text-align: justify;\">Concernant l&rsquo;origine du Catalan, un d\u00e9bat existe entre les linguistes, qui est, tout de m\u00eame, relativement tranch\u00e9. Le Catalan faisait-il partie du berceau occitan et de la famille des langues en provenance de l&rsquo;h\u00e9ritage gallo-romain, duquel il se serait diff\u00e9renci\u00e9 ou \u00e9tait-il d\u00e9j\u00e0 une langue d&rsquo;origine diff\u00e9rente ? \u00a0Les linguistes catalans ont d\u00e9finitivement opt\u00e9 pour cette derni\u00e8re option, en rattachant la langue catalane au berceau Ib\u00e9rico-roman septentrional, ce qui la diff\u00e9rencierait ind\u00e9niablement de l&rsquo;Occitan qui lui est issu du berceau dialectal gallo-roman m\u00e9ridional. Cette th\u00e9orie, a semble-t-il ralli\u00e9 la plupart des linguistes, m\u00eame si certains continuent d&rsquo;attribuer au catalan, une origine gallo-romane qui en <a href=\"https:\/\/www.moyenagepassion.com\/wp-content\/uploads\/2017\/04\/langue_catalane_pauvre_rutebeuf_leo_ferre_eric_fraj_version_catalane.jpg\"><img decoding=\"async\" class=\"alignright size-medium wp-image-12149\" src=\"https:\/\/www.moyenagepassion.com\/wp-content\/uploads\/2017\/04\/langue_catalane_pauvre_rutebeuf_leo_ferre_eric_fraj_version_catalane-207x300.jpg\" alt=\"langue_catalane_pauvre_rutebeuf_leo_ferre_eric_fraj_version_catalane\" width=\"207\" height=\"300\" srcset=\"https:\/\/www.moyenagepassion.com\/wp-content\/uploads\/2017\/04\/langue_catalane_pauvre_rutebeuf_leo_ferre_eric_fraj_version_catalane-207x300.jpg 207w, https:\/\/www.moyenagepassion.com\/wp-content\/uploads\/2017\/04\/langue_catalane_pauvre_rutebeuf_leo_ferre_eric_fraj_version_catalane.jpg 356w\" sizes=\"(max-width: 207px) 100vw, 207px\" \/><\/a>ferait une forme de la langue occitane. Au niveau \u00e9crit, elle ressemble en bien des points au fran\u00e7ais, mais au niveau de sa prononciation elle se rapproche bien plus de l&rsquo;espagnol.<\/p>\n<p style=\"text-align: justify;\">Au niveau historique, les proximit\u00e9s politiques et linguistiques du Languedoc et de la Catalogne ne suffirent pas \u00e0 r\u00e9sister \u00e0 l&#8217;emprise des rois et \u00e0 constituer ce qui aurait peut-\u00eatre pu devenir, dans le courant du Moyen \u00c2ge central, un \u00e9tat \u00e0 part enti\u00e8re. Les deux provinces se retrouv\u00e8rent, en effet, bient\u00f4t rattach\u00e9es \u00e0 des blocs diff\u00e9rents, France d&rsquo;un c\u00f4t\u00e9 et Espagne de l&rsquo;autre, au moment o\u00f9 les couronnes d&rsquo;Europe exer\u00e7aient de fortes pressions militaires et politiques et cherchaient \u00e0 renforcer leur pouvoir en \u00e9tendant leur h\u00e9g\u00e9monie territoriale. Elles finirent donc par se diff\u00e9rencier et une partie de la Catalogne se retrouva m\u00eame du c\u00f4t\u00e9 de la fronti\u00e8re fran\u00e7aise. ( voir <a href=\"https:\/\/www.moyenagepassion.com\/index.php\/2016\/10\/14\/agenda-sorties-medievales-une-fin-de-semaine-pour-celebrer-les-troubadours-a-perpignan-la-catalane\/\" target=\"_blank\" rel=\"noopener\">article sur Perpignan la Catalane<\/a>)<\/p>\n<p class=\"alignnone\" style=\"text-align: justify;\"><a href=\"https:\/\/www.moyenagepassion.com\/wp-content\/uploads\/2017\/04\/catalogne_catalan_langue_catalane_moyen-age_central_origine.jpg\"><img decoding=\"async\" class=\"alignnone size-full wp-image-12163\" src=\"https:\/\/www.moyenagepassion.com\/wp-content\/uploads\/2017\/04\/catalogne_catalan_langue_catalane_moyen-age_central_origine.jpg\" alt=\"catalogne_catalan_langue_catalane_moyen-age_central_origine\" width=\"1000\" height=\"998\" srcset=\"https:\/\/www.moyenagepassion.com\/wp-content\/uploads\/2017\/04\/catalogne_catalan_langue_catalane_moyen-age_central_origine.jpg 1000w, https:\/\/www.moyenagepassion.com\/wp-content\/uploads\/2017\/04\/catalogne_catalan_langue_catalane_moyen-age_central_origine-150x150.jpg 150w, https:\/\/www.moyenagepassion.com\/wp-content\/uploads\/2017\/04\/catalogne_catalan_langue_catalane_moyen-age_central_origine-300x300.jpg 300w\" sizes=\"(max-width: 1000px) 100vw, 1000px\" \/><\/a><\/p>\n<p style=\"text-align: justify;\">A ce jour, toutes provinces confondues, le catalan est parl\u00e9 par plusieurs millions de personnes entre la France, la p\u00e9ninsule ib\u00e9rique et la Sardaigne. Certaines sources indiquent \u00a0des chiffres d\u00e9passant les 10 millions. Province autonome espagnole, la Catalogne offre un large soutien au catalan qui est reconnu langue officielle de la province. Ses habitants le parlent depuis des si\u00e8cles et se le transmettent comme une langue maternelle depuis des g\u00e9n\u00e9rations. La langue est aussi la langue officielle de la province d&rsquo;Andorre. A travers leur langue, les catalans d\u00e9fendent \u00e0 la fois une identit\u00e9, une culture et une Histoire, et m\u00eame si, officiellement, vous vous trouvez en Espagne, vous \u00eates d&rsquo;abord en Catalogne.<\/p>\n<p style=\"text-align: justify;\"><strong>\u00a0<\/strong>En vous souhaitant une belle \u00e9coute et une tr\u00e8s belle journ\u00e9e.<\/p>\n<p style=\"text-align: justify;\">Fred<br \/>\nPour moyenagepassion.com<br \/>\n<em><strong>A la d\u00e9couverte du Moyen \u00c2ge sous toutes ses formes.<\/strong><\/em><\/p>\n","protected":false},"excerpt":{"rendered":"<p>Sujet : po\u00e9sie m\u00e9di\u00e9vale, chanson, complainte, catalan, langue catalane P\u00e9riode : ^Moyen \u00c2ge central, XIIIe si\u00e8cle Titre : Pauvre Rutebeuf, \u00a0Complainte Auteur : Rutebeuf \u00a0(1230-1285), L\u00e9o Ferr\u00e9. Interpr\u00e8te\u00a0: \u00c9ric Fraj Album : Arranca-me (2014) Bonjour \u00e0 tous, ans les \u00a0diverses versions que nous avons d\u00e9j\u00e0 post\u00e9es ici de la complainte de Rutebeuf de L\u00e9o Ferr\u00e9 &hellip; <a href=\"https:\/\/www.moyenagepassion.com\/index.php\/2017\/04\/23\/pauvre-rutebeuf-en-catalan-et-quelques-mots-sur-la-langue-catalane\/\" class=\"more-link\">Continuer la lecture de <span class=\"screen-reader-text\">Eric Fraj, Pauvre Rutebeuf en Catalan &amp; un mot sur le Catalan<\/span>  <span class=\"meta-nav\">&rarr;<\/span><\/a><\/p>\n","protected":false},"author":2,"featured_media":0,"comment_status":"open","ping_status":"open","sticky":false,"template":"","format":"standard","meta":{"_monsterinsights_skip_tracking":false,"_monsterinsights_sitenote_active":false,"_monsterinsights_sitenote_note":"","_monsterinsights_sitenote_category":0,"footnotes":""},"categories":[9,1490,16],"tags":[2580,492,169,302,2579,2578,2389,300,18,5587,85,1076,303,615,294,295,139,595],"class_list":["post-7060","post","type-post","status-publish","format-standard","hentry","category-musique-medieval-historique-fantaisie-celtique","category-rutebeuf","category-sources-et-articles-moyen-age-periode-medievale","tag-amis-devenus","tag-catalan","tag-chanson","tag-complainte","tag-eric-fraj","tag-langue-catalane","tag-langue-occitane","tag-leo-ferre","tag-moyen-age","tag-moyen-age-2","tag-moyen-age-central","tag-occitan","tag-pauvre-rutebeuf","tag-poesie-medievale","tag-poete","tag-rutebeuf","tag-trouvere","tag-xiiie-siecle"],"aioseo_notices":[],"_links":{"self":[{"href":"https:\/\/www.moyenagepassion.com\/index.php\/wp-json\/wp\/v2\/posts\/7060"}],"collection":[{"href":"https:\/\/www.moyenagepassion.com\/index.php\/wp-json\/wp\/v2\/posts"}],"about":[{"href":"https:\/\/www.moyenagepassion.com\/index.php\/wp-json\/wp\/v2\/types\/post"}],"author":[{"embeddable":true,"href":"https:\/\/www.moyenagepassion.com\/index.php\/wp-json\/wp\/v2\/users\/2"}],"replies":[{"embeddable":true,"href":"https:\/\/www.moyenagepassion.com\/index.php\/wp-json\/wp\/v2\/comments?post=7060"}],"version-history":[{"count":5,"href":"https:\/\/www.moyenagepassion.com\/index.php\/wp-json\/wp\/v2\/posts\/7060\/revisions"}],"predecessor-version":[{"id":50723,"href":"https:\/\/www.moyenagepassion.com\/index.php\/wp-json\/wp\/v2\/posts\/7060\/revisions\/50723"}],"wp:attachment":[{"href":"https:\/\/www.moyenagepassion.com\/index.php\/wp-json\/wp\/v2\/media?parent=7060"}],"wp:term":[{"taxonomy":"category","embeddable":true,"href":"https:\/\/www.moyenagepassion.com\/index.php\/wp-json\/wp\/v2\/categories?post=7060"},{"taxonomy":"post_tag","embeddable":true,"href":"https:\/\/www.moyenagepassion.com\/index.php\/wp-json\/wp\/v2\/tags?post=7060"}],"curies":[{"name":"wp","href":"https:\/\/api.w.org\/{rel}","templated":true}]}}